{"id":581,"date":"2008-07-11T05:11:42","date_gmt":"2008-07-11T05:11:42","guid":{"rendered":"http:\/\/blogs.thesocialmedia.com\/leblogmoto\/2008\/07\/11\/album-du-vend-1-9\/"},"modified":"2012-07-11T16:06:52","modified_gmt":"2012-07-11T16:06:52","slug":"album-du-vend-1-9","status":"publish","type":"post","link":"https:\/\/blogs.thesocialmedia.com\/leblogmoto\/2008\/07\/11\/album-du-vend-1-9\/","title":{"rendered":"Album du vendredi, Quand la mode \u00e9tait aux Mods"},"content":{"rendered":"<p><a href=\"http:\/\/blogs.thesocialmedia.com\/leblogmoto\/files\/2012\/07\/logo1.jpg\"><img loading=\"lazy\" decoding=\"async\" width=\"200\" height=\"200\"  src=\"http:\/\/www.leblogmoto.com\/images\/2008\/07\/10\/logo.jpg\" alt=\"Logo\" style=\"margin: 0px 5px 5px 0px;float: left\" \/><\/a> Apr\u00e8s les Rockers et leurs <a href=\"http:\/\/blogs.thesocialmedia.com\/leblogmoto\/files\/2012\/07\/album-du-vendre.html_.png\">Caf\u00e9 Racers<\/a>, il \u00e9tait normal d\u2019en venir \u00e0 cet autre groupe qui partagea l\u2019imaginaire collectif britannique du d\u00e9but des ann\u00e9es 60.<br \/>Les <a href=\"http:\/\/www.modculture.co.uk\/\">Mods<\/a> furent, pendant les br\u00e8ves ann\u00e9es o\u00f9 le mouvement occupera le devant de la sc\u00e8ne, de 1958 \u00e0 1965 environs, la toute premi\u00e8re g\u00e9n\u00e9ration de l\u2019apr\u00e8s-guerre qui exprimera avec panache les aspirations et exasp\u00e9rations d\u2019une jeunesse enfin libre du carcan social.<\/p>\n<p>Issus de la classe ouvri\u00e8re et de sa petite bourgeoisie, les Mods avaient leur triumvirat de pr\u00e9dilection, soit la mode, la musique et les amph\u00e9tamines, pour passer \u00e0 travers le week-end. Comme pour les Rockers qui passaient d\u2019un caf\u00e9 \u00e0 l\u2019autre en moto, les Mods eurent rapidement besoin d\u2019un moyen de locomotion, pour passer d\u2019une bo\u00eete de nuit \u00e0 l\u2019autre et pour courir les boutiques de disques et de v\u00eatements. Le scooter s\u2019av\u00e9ra donc la machine de choix, y retrouvant dans ses lignes sobres et \u00e9l\u00e9gantes, l\u2019allure moderne si pris\u00e9e, sans parler de son pedigree italien.<\/p>\n<p>D\u00e9velopp\u00e9 par l\u2019ing\u00e9nieur <a href=\"http:\/\/www.aboutitaliandesign.info\/corradino-d-ascanio.html\">Corradino D\u2019Ascanio<\/a>, le scooter tel qu\u2019il est devenu chez Piaggo, fut d\u2019abord pens\u00e9 pour le Lambretta, mais un d\u00e9saccord sur la nature du cadre qu\u2019Innocenti voulait en tube d\u2019acier pour utiliser les exc\u00e9dents de ses autres activit\u00e9s, verra les id\u00e9es D\u2019Ascanio profiter \u00e0 la Vespa.<br \/>Trouvant les motos conventionnelles inconfortables, salissantes et difficiles \u00e0 entretenir, D\u2019Ascanio d\u00e9veloppera des solutions pour venir \u00e0 bout de ces irritants. Pour \u00e9liminer la cha\u00eene, il installera le moteur directement sur la roue arri\u00e8re, les changements de vitesse directement au guidon, et la position de conduite se verra d\u00e9mocratis\u00e9e pour permettre \u00e0 quiconque, m\u00eame les filles en jupes, d\u2019enfourcher l\u2019engin sans compromettre sa dignit\u00e9 en cr\u00e9ant un vide entre le tablier avant et le si\u00e8ge.<\/p>\n<p><a href=\"http:\/\/clabedan.typepad.com\/.shared\/image.html?\/photos\/uncategorized\/2008\/07\/10\/mod1.jpg\"><img loading=\"lazy\" decoding=\"async\" width=\"470\" height=\"390\"  alt=\"Mod1\" src=\"http:\/\/www.leblogmoto.com\/images\/2008\/07\/10\/mod1.jpg\" \/><\/a> <\/p>\n<p>Les Mods adopteront donc le scooter, avec une pr\u00e9dilection pour le Lambretta. Plus qu\u2019un v\u00e9hicule, il sera un accessoire de mode au m\u00eame titre que leurs v\u00eatements. Surtout reconnu pour l\u2019abondance de r\u00e9troviseurs et de phares, la l\u00e9gende veut que ce soit \u00e0 la suite de l\u2019adoption d\u2019une nouvelle r\u00e9glementation obligeant toutes motos \u00e0 avoir au moins un r\u00e9troviseur. Il me pla\u00eet de croire que c\u2019est le \u00abau moins un\u00bb qui d\u00e9clencha cette d\u00e9bauche visuelle, un sain r\u00e9flexe ironique envers l\u2019autorit\u00e9 prise \u00e0 d\u00e9faut sur son revers. Cette jeunesse tout \u00e0 coup voyante et parfois bruyante prenant la rue \u00e9tait une curiosit\u00e9 \u00e0 cette \u00e9poque, et les m\u00e9dias avides de nouveaut\u00e9s y verront un beau sujet de scandale. La rivalit\u00e9 entre bandes et groupes rivaux, bien que monnaie courante, semble plut\u00f4t banale par nos standards actuels. Et les accrochages entre Rockers et Mods d\u00e9crits \u00e0 grand renfort d\u2019onomatop\u00e9es par les commentateurs \u00e9taient exag\u00e9r\u00e9s. N\u2019emp\u00eache, ce n\u2019\u00e9tait pas l\u2019amour fou entre les deux groupes aux aspirations oppos\u00e9es. Et les \u00e9pith\u00e8tes utilis\u00e9es de part et d&rsquo;autre pour se d\u00e9signer sont tellement savoureuses, qu\u2019il faut conserver l\u2019anglais pour en appr\u00e9cier toute la juteuse acidit\u00e9. Pour les Rockers, les Mods n\u2019\u00e9taient que des \u00abeffeminate nancies\u00bb, \u00abcissified\u00bb, \u00abstuckup\u00bb, \u00abdressed up\u00bb, \u00abweedy\u00bb. Et pour les Mods le groupe d\u2019en face n\u2019\u00e9tait que \u00abgreasy\u00bb, \u00abscruffy\u00bb, \u00abuncouth\u00bb, \u00about of date louts\u00bb, \u00ablayabouts\u00bb.<\/p>\n<p><a href=\"http:\/\/blogs.thesocialmedia.com\/leblogmoto\/files\/2012\/07\/mod7.jpg\"><img loading=\"lazy\" decoding=\"async\" width=\"470\" height=\"636\"  alt=\"Mod7\" src=\"http:\/\/www.leblogmoto.com\/images\/2008\/07\/10\/mod7.jpg\" \/><\/a> <\/p>\n<p>Mais si les Rockers ont invent\u00e9 un type de machine in\u00e9dit, le caf\u00e9 Racer, l\u2019influence des Mods sur les deux roues sera plus discr\u00e8te, si je peux me permettre. Seuls les amoureux du style Mod\u2019s se permettent aujourd\u2019hui de faire de leurs scooters d\u2019\u00e9poques, un arbre de No\u00ebl. Cela tient plus de la citation que de l\u2019innovation.<br \/>C\u2019est plut\u00f4t musicalement que leur influence sera marquante, influence encore palpable aujourd\u2019hui avec l\u2019\u00e9mergence des Amy Whinehouse, Adele, Duffy et The Last Shadow Puppets.<br \/>Au cin\u00e9ma, on ne peut passer \u00e0 c\u00f4t\u00e9 du <a href=\"http:\/\/en.wikipedia.org\/wiki\/Quadrophenia_(film)\">Quadrophenia<\/a> des Who, des deux films de Francis Ford Coppola adapt\u00e9 des romans de <a href=\"http:\/\/www.sehinton.com\/\">S. E. Hinton<\/a>, \u00abOutsiders\u00bb et \u00abRumble Fish\u00bb, et \u00abAbsolute Beginners\u00bb, autre adaptation \u00e0 l\u2019\u00e9cran d\u2019un roman, celui de <a href=\"http:\/\/en.wikipedia.org\/wiki\/Colin_MacInnes\">Colin MacInnes<\/a>.<\/p>\n<p><a href=\"http:\/\/clabedan.typepad.com\/.shared\/image.html?\/photos\/uncategorized\/2008\/07\/10\/quadro.jpg\"><img loading=\"lazy\" decoding=\"async\" width=\"470\" height=\"311\"  alt=\"Quadro\" src=\"http:\/\/www.leblogmoto.com\/images\/2008\/07\/10\/quadro.jpg\" \/><\/a> <\/p>\n<p><a href=\"http:\/\/blogs.thesocialmedia.com\/leblogmoto\/files\/2012\/07\/outsiders.jpg\"><img loading=\"lazy\" decoding=\"async\" width=\"470\" height=\"312\"  alt=\"Outsiders\" src=\"http:\/\/www.leblogmoto.com\/images\/2008\/07\/10\/outsiders.jpg\" \/><\/a> <\/p>\n<p><a href=\"http:\/\/blogs.thesocialmedia.com\/leblogmoto\/files\/2012\/07\/rumble.jpg\"><img loading=\"lazy\" decoding=\"async\" width=\"470\" height=\"300\"  alt=\"Rumble\" src=\"http:\/\/www.leblogmoto.com\/images\/2008\/07\/10\/rumble.jpg\" \/><\/a> <\/p>\n<p><a href=\"http:\/\/blogs.thesocialmedia.com\/leblogmoto\/files\/2012\/07\/mod2.jpg\"><img loading=\"lazy\" decoding=\"async\" width=\"470\" height=\"445\"  alt=\"Mod2\" src=\"http:\/\/www.leblogmoto.com\/images\/2008\/07\/10\/mod2.jpg\" \/><\/a> <\/p>\n<p><a href=\"http:\/\/blogs.thesocialmedia.com\/leblogmoto\/files\/2012\/07\/mod3.jpg\"><img loading=\"lazy\" decoding=\"async\" width=\"470\" height=\"626\"  alt=\"Mod3\" src=\"http:\/\/www.leblogmoto.com\/images\/2008\/07\/10\/mod3.jpg\" \/><\/a> <\/p>\n<p><a href=\"http:\/\/blogs.thesocialmedia.com\/leblogmoto\/files\/2012\/07\/mod4.jpg\"><img loading=\"lazy\" decoding=\"async\" width=\"470\" height=\"626\"  alt=\"Mod4\" src=\"http:\/\/www.leblogmoto.com\/images\/2008\/07\/10\/mod4.jpg\" \/><\/a> <\/p>\n<p><a href=\"http:\/\/blogs.thesocialmedia.com\/leblogmoto\/files\/2012\/07\/mod5.jpg\"><img loading=\"lazy\" decoding=\"async\" width=\"470\" height=\"387\"  alt=\"Mod5\" src=\"http:\/\/www.leblogmoto.com\/images\/2008\/07\/10\/mod5.jpg\" \/><\/a> <\/p>\n<p><a href=\"http:\/\/blogs.thesocialmedia.com\/leblogmoto\/files\/2012\/07\/mod6.jpg\"><img loading=\"lazy\" decoding=\"async\" width=\"470\" height=\"355\"  alt=\"Mod6\" src=\"http:\/\/www.leblogmoto.com\/images\/2008\/07\/10\/mod6.jpg\" \/><\/a> <\/p>\n<p><a href=\"http:\/\/blogs.thesocialmedia.com\/leblogmoto\/files\/2012\/07\/mod8.jpg\"><img loading=\"lazy\" decoding=\"async\" width=\"470\" height=\"619\"  alt=\"Mod8\" src=\"http:\/\/www.leblogmoto.com\/images\/2008\/07\/10\/mod8.jpg\" \/><\/a> <\/p>\n<p><a href=\"http:\/\/blogs.thesocialmedia.com\/leblogmoto\/files\/2012\/07\/mod9.jpg\"><img loading=\"lazy\" decoding=\"async\" width=\"470\" height=\"626\"  alt=\"Mod9\" src=\"http:\/\/www.leblogmoto.com\/images\/2008\/07\/10\/mod9.jpg\" \/><\/a> <\/p>\n<p><object width=\"425\" height=\"349\"><param name=\"movie\" value=\"http:\/\/www.youtube.com\/v\/zn5vYOwCTak&amp;hl=en&amp;fs=1&amp;rel=0&amp;border=1\" \/><param name=\"allowFullScreen\" value=\"true\" \/><embed width=\"425\" height=\"349\" src=\"http:\/\/www.youtube.com\/v\/zn5vYOwCTak&amp;hl=en&amp;fs=1&amp;rel=0&amp;border=1\" type=\"application\/x-shockwave-flash\"><\/embed><\/object><\/p>\n","protected":false},"excerpt":{"rendered":"<p>Apr\u00e8s les Rockers et leurs Caf\u00e9 Racers, il \u00e9tait normal d\u2019en venir \u00e0 cet autre groupe qui partagea l\u2019imaginaire collectif britannique du d\u00e9but des ann\u00e9es 60.Les Mods furent, pendant les br\u00e8ves ann\u00e9es o\u00f9 le mouvement occupera le devant de la sc\u00e8ne, de 1958 \u00e0 1965 environs, la toute premi\u00e8re g\u00e9n\u00e9ration de l\u2019apr\u00e8s-guerre qui exprimera avec [&hellip;]<\/p>\n","protected":false},"author":325,"featured_media":0,"comment_status":"open","ping_status":"open","sticky":false,"template":"","format":"standard","meta":{"footnotes":""},"categories":[9,85,18,19,20,12],"tags":[],"class_list":["post-581","post","type-post","status-publish","format-standard","hentry","category-historique","category-lambretta","category-piaggio","category-scooter","category-vespa","category-videos"],"yoast_head":"<!-- This site is optimized with the Yoast SEO plugin v26.0 - https:\/\/yoast.com\/wordpress\/plugins\/seo\/ -->\n<title>Album du vendredi, Quand la mode \u00e9tait aux Mods - leblogmoto.com<\/title>\n<meta name=\"robots\" content=\"index, follow, max-snippet:-1, max-image-preview:large, max-video-preview:-1\" \/>\n<link rel=\"canonical\" href=\"https:\/\/blogs.thesocialmedia.com\/leblogmoto\/2008\/07\/11\/album-du-vend-1-9\/\" \/>\n<meta name=\"twitter:card\" content=\"summary_large_image\" \/>\n<meta name=\"twitter:title\" content=\"Album du vendredi, Quand la mode \u00e9tait aux Mods - leblogmoto.com\" \/>\n<meta name=\"twitter:description\" content=\"Apr\u00e8s les Rockers et leurs Caf\u00e9 Racers, il \u00e9tait normal d\u2019en venir \u00e0 cet autre groupe qui partagea l\u2019imaginaire collectif britannique du d\u00e9but des ann\u00e9es 60.Les Mods furent, pendant les br\u00e8ves ann\u00e9es o\u00f9 le mouvement occupera le devant de la sc\u00e8ne, de 1958 \u00e0 1965 environs, la toute premi\u00e8re g\u00e9n\u00e9ration de l\u2019apr\u00e8s-guerre qui exprimera avec [&hellip;]\" \/>\n<meta name=\"twitter:image\" content=\"http:\/\/www.leblogmoto.com\/images\/2008\/07\/10\/logo.jpg\" \/>\n<meta name=\"twitter:label1\" content=\"\u00c9crit par\" \/>\n\t<meta name=\"twitter:data1\" content=\"jacques lesage\" \/>\n\t<meta name=\"twitter:label2\" content=\"Dur\u00e9e de lecture estim\u00e9e\" \/>\n\t<meta name=\"twitter:data2\" content=\"4 minutes\" \/>\n<script type=\"application\/ld+json\" class=\"yoast-schema-graph\">{\"@context\":\"https:\/\/schema.org\",\"@graph\":[{\"@type\":\"WebPage\",\"@id\":\"https:\/\/blogs.thesocialmedia.com\/leblogmoto\/2008\/07\/11\/album-du-vend-1-9\/\",\"url\":\"https:\/\/blogs.thesocialmedia.com\/leblogmoto\/2008\/07\/11\/album-du-vend-1-9\/\",\"name\":\"Album du vendredi, Quand la mode \u00e9tait aux Mods - leblogmoto.com\",\"isPartOf\":{\"@id\":\"https:\/\/blogs.thesocialmedia.com\/leblogmoto\/#website\"},\"primaryImageOfPage\":{\"@id\":\"https:\/\/blogs.thesocialmedia.com\/leblogmoto\/2008\/07\/11\/album-du-vend-1-9\/#primaryimage\"},\"image\":{\"@id\":\"https:\/\/blogs.thesocialmedia.com\/leblogmoto\/2008\/07\/11\/album-du-vend-1-9\/#primaryimage\"},\"thumbnailUrl\":\"http:\/\/www.leblogmoto.com\/images\/2008\/07\/10\/logo.jpg\",\"datePublished\":\"2008-07-11T05:11:42+00:00\",\"dateModified\":\"2012-07-11T16:06:52+00:00\",\"author\":{\"@id\":\"https:\/\/blogs.thesocialmedia.com\/leblogmoto\/#\/schema\/person\/e82a0ca8a9a63d031586097a3ed58526\"},\"breadcrumb\":{\"@id\":\"https:\/\/blogs.thesocialmedia.com\/leblogmoto\/2008\/07\/11\/album-du-vend-1-9\/#breadcrumb\"},\"inLanguage\":\"fr-FR\",\"potentialAction\":[{\"@type\":\"ReadAction\",\"target\":[\"https:\/\/blogs.thesocialmedia.com\/leblogmoto\/2008\/07\/11\/album-du-vend-1-9\/\"]}]},{\"@type\":\"ImageObject\",\"inLanguage\":\"fr-FR\",\"@id\":\"https:\/\/blogs.thesocialmedia.com\/leblogmoto\/2008\/07\/11\/album-du-vend-1-9\/#primaryimage\",\"url\":\"http:\/\/www.leblogmoto.com\/images\/2008\/07\/10\/logo.jpg\",\"contentUrl\":\"http:\/\/www.leblogmoto.com\/images\/2008\/07\/10\/logo.jpg\"},{\"@type\":\"BreadcrumbList\",\"@id\":\"https:\/\/blogs.thesocialmedia.com\/leblogmoto\/2008\/07\/11\/album-du-vend-1-9\/#breadcrumb\",\"itemListElement\":[{\"@type\":\"ListItem\",\"position\":1,\"name\":\"Accueil\",\"item\":\"https:\/\/blogs.thesocialmedia.com\/leblogmoto\/\"},{\"@type\":\"ListItem\",\"position\":2,\"name\":\"Album du vendredi, Quand la mode \u00e9tait aux Mods\"}]},{\"@type\":\"WebSite\",\"@id\":\"https:\/\/blogs.thesocialmedia.com\/leblogmoto\/#website\",\"url\":\"https:\/\/blogs.thesocialmedia.com\/leblogmoto\/\",\"name\":\"leblogmoto\",\"description\":\"Toute l&#039;actualit\u00e9 des 2 roues\",\"potentialAction\":[{\"@type\":\"SearchAction\",\"target\":{\"@type\":\"EntryPoint\",\"urlTemplate\":\"https:\/\/blogs.thesocialmedia.com\/leblogmoto\/?s={search_term_string}\"},\"query-input\":{\"@type\":\"PropertyValueSpecification\",\"valueRequired\":true,\"valueName\":\"search_term_string\"}}],\"inLanguage\":\"fr-FR\"},{\"@type\":\"Person\",\"@id\":\"https:\/\/blogs.thesocialmedia.com\/leblogmoto\/#\/schema\/person\/e82a0ca8a9a63d031586097a3ed58526\",\"name\":\"jacques lesage\",\"image\":{\"@type\":\"ImageObject\",\"inLanguage\":\"fr-FR\",\"@id\":\"https:\/\/blogs.thesocialmedia.com\/leblogmoto\/#\/schema\/person\/image\/\",\"url\":\"https:\/\/secure.gravatar.com\/avatar\/?s=96&d=mm&r=g\",\"contentUrl\":\"https:\/\/secure.gravatar.com\/avatar\/?s=96&d=mm&r=g\",\"caption\":\"jacques lesage\"},\"url\":\"https:\/\/blogs.thesocialmedia.com\/leblogmoto\/author\/jacques-lesage\/\"}]}<\/script>\n<!-- \/ Yoast SEO plugin. -->","yoast_head_json":{"title":"Album du vendredi, Quand la mode \u00e9tait aux Mods - leblogmoto.com","robots":{"index":"index","follow":"follow","max-snippet":"max-snippet:-1","max-image-preview":"max-image-preview:large","max-video-preview":"max-video-preview:-1"},"canonical":"https:\/\/blogs.thesocialmedia.com\/leblogmoto\/2008\/07\/11\/album-du-vend-1-9\/","twitter_card":"summary_large_image","twitter_title":"Album du vendredi, Quand la mode \u00e9tait aux Mods - leblogmoto.com","twitter_description":"Apr\u00e8s les Rockers et leurs Caf\u00e9 Racers, il \u00e9tait normal d\u2019en venir \u00e0 cet autre groupe qui partagea l\u2019imaginaire collectif britannique du d\u00e9but des ann\u00e9es 60.Les Mods furent, pendant les br\u00e8ves ann\u00e9es o\u00f9 le mouvement occupera le devant de la sc\u00e8ne, de 1958 \u00e0 1965 environs, la toute premi\u00e8re g\u00e9n\u00e9ration de l\u2019apr\u00e8s-guerre qui exprimera avec [&hellip;]","twitter_image":"http:\/\/www.leblogmoto.com\/images\/2008\/07\/10\/logo.jpg","twitter_misc":{"\u00c9crit par":"jacques lesage","Dur\u00e9e de lecture estim\u00e9e":"4 minutes"},"schema":{"@context":"https:\/\/schema.org","@graph":[{"@type":"WebPage","@id":"https:\/\/blogs.thesocialmedia.com\/leblogmoto\/2008\/07\/11\/album-du-vend-1-9\/","url":"https:\/\/blogs.thesocialmedia.com\/leblogmoto\/2008\/07\/11\/album-du-vend-1-9\/","name":"Album du vendredi, Quand la mode \u00e9tait aux Mods - leblogmoto.com","isPartOf":{"@id":"https:\/\/blogs.thesocialmedia.com\/leblogmoto\/#website"},"primaryImageOfPage":{"@id":"https:\/\/blogs.thesocialmedia.com\/leblogmoto\/2008\/07\/11\/album-du-vend-1-9\/#primaryimage"},"image":{"@id":"https:\/\/blogs.thesocialmedia.com\/leblogmoto\/2008\/07\/11\/album-du-vend-1-9\/#primaryimage"},"thumbnailUrl":"http:\/\/www.leblogmoto.com\/images\/2008\/07\/10\/logo.jpg","datePublished":"2008-07-11T05:11:42+00:00","dateModified":"2012-07-11T16:06:52+00:00","author":{"@id":"https:\/\/blogs.thesocialmedia.com\/leblogmoto\/#\/schema\/person\/e82a0ca8a9a63d031586097a3ed58526"},"breadcrumb":{"@id":"https:\/\/blogs.thesocialmedia.com\/leblogmoto\/2008\/07\/11\/album-du-vend-1-9\/#breadcrumb"},"inLanguage":"fr-FR","potentialAction":[{"@type":"ReadAction","target":["https:\/\/blogs.thesocialmedia.com\/leblogmoto\/2008\/07\/11\/album-du-vend-1-9\/"]}]},{"@type":"ImageObject","inLanguage":"fr-FR","@id":"https:\/\/blogs.thesocialmedia.com\/leblogmoto\/2008\/07\/11\/album-du-vend-1-9\/#primaryimage","url":"http:\/\/www.leblogmoto.com\/images\/2008\/07\/10\/logo.jpg","contentUrl":"http:\/\/www.leblogmoto.com\/images\/2008\/07\/10\/logo.jpg"},{"@type":"BreadcrumbList","@id":"https:\/\/blogs.thesocialmedia.com\/leblogmoto\/2008\/07\/11\/album-du-vend-1-9\/#breadcrumb","itemListElement":[{"@type":"ListItem","position":1,"name":"Accueil","item":"https:\/\/blogs.thesocialmedia.com\/leblogmoto\/"},{"@type":"ListItem","position":2,"name":"Album du vendredi, Quand la mode \u00e9tait aux Mods"}]},{"@type":"WebSite","@id":"https:\/\/blogs.thesocialmedia.com\/leblogmoto\/#website","url":"https:\/\/blogs.thesocialmedia.com\/leblogmoto\/","name":"leblogmoto","description":"Toute l&#039;actualit\u00e9 des 2 roues","potentialAction":[{"@type":"SearchAction","target":{"@type":"EntryPoint","urlTemplate":"https:\/\/blogs.thesocialmedia.com\/leblogmoto\/?s={search_term_string}"},"query-input":{"@type":"PropertyValueSpecification","valueRequired":true,"valueName":"search_term_string"}}],"inLanguage":"fr-FR"},{"@type":"Person","@id":"https:\/\/blogs.thesocialmedia.com\/leblogmoto\/#\/schema\/person\/e82a0ca8a9a63d031586097a3ed58526","name":"jacques lesage","image":{"@type":"ImageObject","inLanguage":"fr-FR","@id":"https:\/\/blogs.thesocialmedia.com\/leblogmoto\/#\/schema\/person\/image\/","url":"https:\/\/secure.gravatar.com\/avatar\/?s=96&d=mm&r=g","contentUrl":"https:\/\/secure.gravatar.com\/avatar\/?s=96&d=mm&r=g","caption":"jacques lesage"},"url":"https:\/\/blogs.thesocialmedia.com\/leblogmoto\/author\/jacques-lesage\/"}]}},"_links":{"self":[{"href":"https:\/\/blogs.thesocialmedia.com\/leblogmoto\/wp-json\/wp\/v2\/posts\/581","targetHints":{"allow":["GET"]}}],"collection":[{"href":"https:\/\/blogs.thesocialmedia.com\/leblogmoto\/wp-json\/wp\/v2\/posts"}],"about":[{"href":"https:\/\/blogs.thesocialmedia.com\/leblogmoto\/wp-json\/wp\/v2\/types\/post"}],"author":[{"embeddable":true,"href":"https:\/\/blogs.thesocialmedia.com\/leblogmoto\/wp-json\/wp\/v2\/users\/325"}],"replies":[{"embeddable":true,"href":"https:\/\/blogs.thesocialmedia.com\/leblogmoto\/wp-json\/wp\/v2\/comments?post=581"}],"version-history":[{"count":2,"href":"https:\/\/blogs.thesocialmedia.com\/leblogmoto\/wp-json\/wp\/v2\/posts\/581\/revisions"}],"predecessor-version":[{"id":11263,"href":"https:\/\/blogs.thesocialmedia.com\/leblogmoto\/wp-json\/wp\/v2\/posts\/581\/revisions\/11263"}],"wp:attachment":[{"href":"https:\/\/blogs.thesocialmedia.com\/leblogmoto\/wp-json\/wp\/v2\/media?parent=581"}],"wp:term":[{"taxonomy":"category","embeddable":true,"href":"https:\/\/blogs.thesocialmedia.com\/leblogmoto\/wp-json\/wp\/v2\/categories?post=581"},{"taxonomy":"post_tag","embeddable":true,"href":"https:\/\/blogs.thesocialmedia.com\/leblogmoto\/wp-json\/wp\/v2\/tags?post=581"}],"curies":[{"name":"wp","href":"https:\/\/api.w.org\/{rel}","templated":true}]}}