{"id":582,"date":"2008-07-10T18:19:15","date_gmt":"2008-07-10T18:19:15","guid":{"rendered":"http:\/\/blogs.thesocialmedia.com\/leblogmoto\/2008\/07\/10\/comme-la-corde\/"},"modified":"2012-07-11T16:06:01","modified_gmt":"2012-07-11T16:06:01","slug":"comme-la-corde","status":"publish","type":"post","link":"https:\/\/blogs.thesocialmedia.com\/leblogmoto\/2008\/07\/10\/comme-la-corde\/","title":{"rendered":"Comme la corde soutient le pendu, dit la sagesse populaire."},"content":{"rendered":"<p><a href=\"http:\/\/blogs.thesocialmedia.com\/leblogmoto\/files\/2012\/07\/moto_insolite_tshirt_alphanumeric_g.jpg\"><img loading=\"lazy\" decoding=\"async\" width=\"470\" height=\"470\"  src=\"http:\/\/www.leblogmoto.com\/images\/2008\/07\/10\/moto_insolite_tshirt_alphanumeric_g.jpg\" alt=\"Moto_insolite_tshirt_alphanumeric_g\" \/><\/a><\/p>\n<p>Les compagnies p\u00e9troli\u00e8res <a href=\"http:\/\/blogs.thesocialmedia.com\/leblogmoto\/files\/2012\/07\/une-initiative.html_.png\">vous soutiennent<\/a> comme la corde soutient le pendu: c&rsquo;est peut \u00eatre la sensation, \u00e0 tort ou \u00e0 raison, que vous avez en ce moment. Si c&rsquo;est effectivement votre cas, pourquoi ne pas vous offrir ce Tshirt que nos voisins de <a href=\"http:\/\/www.w3sh.com\/2008\/07\/09\/t-shirt-alphanumeric-gassed\/#comments\">w3sh<\/a> pr\u00e9sentent sur leur blog, des voisins de la blogosph\u00e8re chez qui nous (mais pas seulement) avons eu une <a href=\"http:\/\/www.leblogmoto.com\/2008\/06\/moto-enzyme-des.html\">discussion tr\u00e8s anim\u00e9e<\/a> r\u00e9cemment. Ce <em>tee<\/em> est vendu \u00e0 26 dollars le baril&#8230; non je plaisante, je reprends: il est vendu \u00e0 26 $ l&rsquo;unit\u00e9 sur le site de <a href=\"http:\/\/www.robustflavor.com\/product_p\/aln067.htm\">Robust Flavor<\/a>. Il est \u00e9galement disponible en noir, couleur de cet or qui se rar\u00e9fie, et sur lequel aussi on sp\u00e9cule. Ce n\u0153ud coulant est une fa\u00e7on comme une autre de montrer \u00e0 vos ami(e)s et proches que contrairement \u00e0 une croyance tenace, la hausse des prix du carburant touche durement le motard. Aussi. <\/p>\n<p><a href=\"http:\/\/clabedan.typepad.com\/.shared\/image.html?\/photos\/uncategorized\/2008\/07\/10\/moto_insolite_tshirt_alphanumeric_2.jpg\"><img loading=\"lazy\" decoding=\"async\" width=\"470\" height=\"470\"  src=\"http:\/\/www.leblogmoto.com\/images\/2008\/07\/10\/moto_insolite_tshirt_alphanumeric_2.jpg\" alt=\"Moto_insolite_tshirt_alphanumeric_2\" \/><\/a> <\/p>\n","protected":false},"excerpt":{"rendered":"<p>Les compagnies p\u00e9troli\u00e8res vous soutiennent comme la corde soutient le pendu: c&rsquo;est peut \u00eatre la sensation, \u00e0 tort ou \u00e0 raison, que vous avez en ce moment. Si c&rsquo;est effectivement votre cas, pourquoi ne pas vous offrir ce Tshirt que nos voisins de w3sh pr\u00e9sentent sur leur blog, des voisins de la blogosph\u00e8re chez qui [&hellip;]<\/p>\n","protected":false},"author":324,"featured_media":0,"comment_status":"open","ping_status":"open","sticky":false,"template":"","format":"standard","meta":{"footnotes":""},"categories":[3,30,8],"tags":[],"class_list":["post-582","post","type-post","status-publish","format-standard","hentry","category-actualite","category-bio-carburantsvehicules-propres","category-chaines-et-cuirs"],"yoast_head":"<!-- This site is optimized with the Yoast SEO plugin v26.0 - https:\/\/yoast.com\/wordpress\/plugins\/seo\/ -->\n<title>Comme la corde soutient le pendu, dit la sagesse populaire. - leblogmoto.com<\/title>\n<meta name=\"robots\" content=\"index, follow, max-snippet:-1, max-image-preview:large, max-video-preview:-1\" \/>\n<link rel=\"canonical\" href=\"https:\/\/blogs.thesocialmedia.com\/leblogmoto\/2008\/07\/10\/comme-la-corde\/\" \/>\n<meta name=\"twitter:card\" content=\"summary_large_image\" \/>\n<meta name=\"twitter:title\" content=\"Comme la corde soutient le pendu, dit la sagesse populaire. - leblogmoto.com\" \/>\n<meta name=\"twitter:description\" content=\"Les compagnies p\u00e9troli\u00e8res vous soutiennent comme la corde soutient le pendu: c&rsquo;est peut \u00eatre la sensation, \u00e0 tort ou \u00e0 raison, que vous avez en ce moment. Si c&rsquo;est effectivement votre cas, pourquoi ne pas vous offrir ce Tshirt que nos voisins de w3sh pr\u00e9sentent sur leur blog, des voisins de la blogosph\u00e8re chez qui [&hellip;]\" \/>\n<meta name=\"twitter:image\" content=\"http:\/\/www.leblogmoto.com\/images\/2008\/07\/10\/moto_insolite_tshirt_alphanumeric_g.jpg\" \/>\n<meta name=\"twitter:label1\" content=\"\u00c9crit par\" \/>\n\t<meta name=\"twitter:data1\" content=\"benoit rieu\" \/>\n\t<meta name=\"twitter:label2\" content=\"Dur\u00e9e de lecture estim\u00e9e\" \/>\n\t<meta name=\"twitter:data2\" content=\"1 minute\" \/>\n<script type=\"application\/ld+json\" class=\"yoast-schema-graph\">{\"@context\":\"https:\/\/schema.org\",\"@graph\":[{\"@type\":\"WebPage\",\"@id\":\"https:\/\/blogs.thesocialmedia.com\/leblogmoto\/2008\/07\/10\/comme-la-corde\/\",\"url\":\"https:\/\/blogs.thesocialmedia.com\/leblogmoto\/2008\/07\/10\/comme-la-corde\/\",\"name\":\"Comme la corde soutient le pendu, dit la sagesse populaire. - leblogmoto.com\",\"isPartOf\":{\"@id\":\"https:\/\/blogs.thesocialmedia.com\/leblogmoto\/#website\"},\"primaryImageOfPage\":{\"@id\":\"https:\/\/blogs.thesocialmedia.com\/leblogmoto\/2008\/07\/10\/comme-la-corde\/#primaryimage\"},\"image\":{\"@id\":\"https:\/\/blogs.thesocialmedia.com\/leblogmoto\/2008\/07\/10\/comme-la-corde\/#primaryimage\"},\"thumbnailUrl\":\"http:\/\/www.leblogmoto.com\/images\/2008\/07\/10\/moto_insolite_tshirt_alphanumeric_g.jpg\",\"datePublished\":\"2008-07-10T18:19:15+00:00\",\"dateModified\":\"2012-07-11T16:06:01+00:00\",\"author\":{\"@id\":\"https:\/\/blogs.thesocialmedia.com\/leblogmoto\/#\/schema\/person\/18bfe773e5725ed6d24f743da805362a\"},\"breadcrumb\":{\"@id\":\"https:\/\/blogs.thesocialmedia.com\/leblogmoto\/2008\/07\/10\/comme-la-corde\/#breadcrumb\"},\"inLanguage\":\"fr-FR\",\"potentialAction\":[{\"@type\":\"ReadAction\",\"target\":[\"https:\/\/blogs.thesocialmedia.com\/leblogmoto\/2008\/07\/10\/comme-la-corde\/\"]}]},{\"@type\":\"ImageObject\",\"inLanguage\":\"fr-FR\",\"@id\":\"https:\/\/blogs.thesocialmedia.com\/leblogmoto\/2008\/07\/10\/comme-la-corde\/#primaryimage\",\"url\":\"http:\/\/www.leblogmoto.com\/images\/2008\/07\/10\/moto_insolite_tshirt_alphanumeric_g.jpg\",\"contentUrl\":\"http:\/\/www.leblogmoto.com\/images\/2008\/07\/10\/moto_insolite_tshirt_alphanumeric_g.jpg\"},{\"@type\":\"BreadcrumbList\",\"@id\":\"https:\/\/blogs.thesocialmedia.com\/leblogmoto\/2008\/07\/10\/comme-la-corde\/#breadcrumb\",\"itemListElement\":[{\"@type\":\"ListItem\",\"position\":1,\"name\":\"Accueil\",\"item\":\"https:\/\/blogs.thesocialmedia.com\/leblogmoto\/\"},{\"@type\":\"ListItem\",\"position\":2,\"name\":\"Comme la corde soutient le pendu, dit la sagesse populaire.\"}]},{\"@type\":\"WebSite\",\"@id\":\"https:\/\/blogs.thesocialmedia.com\/leblogmoto\/#website\",\"url\":\"https:\/\/blogs.thesocialmedia.com\/leblogmoto\/\",\"name\":\"leblogmoto\",\"description\":\"Toute l&#039;actualit\u00e9 des 2 roues\",\"potentialAction\":[{\"@type\":\"SearchAction\",\"target\":{\"@type\":\"EntryPoint\",\"urlTemplate\":\"https:\/\/blogs.thesocialmedia.com\/leblogmoto\/?s={search_term_string}\"},\"query-input\":{\"@type\":\"PropertyValueSpecification\",\"valueRequired\":true,\"valueName\":\"search_term_string\"}}],\"inLanguage\":\"fr-FR\"},{\"@type\":\"Person\",\"@id\":\"https:\/\/blogs.thesocialmedia.com\/leblogmoto\/#\/schema\/person\/18bfe773e5725ed6d24f743da805362a\",\"name\":\"benoit rieu\",\"image\":{\"@type\":\"ImageObject\",\"inLanguage\":\"fr-FR\",\"@id\":\"https:\/\/blogs.thesocialmedia.com\/leblogmoto\/#\/schema\/person\/image\/\",\"url\":\"https:\/\/secure.gravatar.com\/avatar\/?s=96&d=mm&r=g\",\"contentUrl\":\"https:\/\/secure.gravatar.com\/avatar\/?s=96&d=mm&r=g\",\"caption\":\"benoit rieu\"},\"url\":\"https:\/\/blogs.thesocialmedia.com\/leblogmoto\/author\/benoit-rieu\/\"}]}<\/script>\n<!-- \/ Yoast SEO plugin. -->","yoast_head_json":{"title":"Comme la corde soutient le pendu, dit la sagesse populaire. - leblogmoto.com","robots":{"index":"index","follow":"follow","max-snippet":"max-snippet:-1","max-image-preview":"max-image-preview:large","max-video-preview":"max-video-preview:-1"},"canonical":"https:\/\/blogs.thesocialmedia.com\/leblogmoto\/2008\/07\/10\/comme-la-corde\/","twitter_card":"summary_large_image","twitter_title":"Comme la corde soutient le pendu, dit la sagesse populaire. - leblogmoto.com","twitter_description":"Les compagnies p\u00e9troli\u00e8res vous soutiennent comme la corde soutient le pendu: c&rsquo;est peut \u00eatre la sensation, \u00e0 tort ou \u00e0 raison, que vous avez en ce moment. Si c&rsquo;est effectivement votre cas, pourquoi ne pas vous offrir ce Tshirt que nos voisins de w3sh pr\u00e9sentent sur leur blog, des voisins de la blogosph\u00e8re chez qui [&hellip;]","twitter_image":"http:\/\/www.leblogmoto.com\/images\/2008\/07\/10\/moto_insolite_tshirt_alphanumeric_g.jpg","twitter_misc":{"\u00c9crit par":"benoit rieu","Dur\u00e9e de lecture estim\u00e9e":"1 minute"},"schema":{"@context":"https:\/\/schema.org","@graph":[{"@type":"WebPage","@id":"https:\/\/blogs.thesocialmedia.com\/leblogmoto\/2008\/07\/10\/comme-la-corde\/","url":"https:\/\/blogs.thesocialmedia.com\/leblogmoto\/2008\/07\/10\/comme-la-corde\/","name":"Comme la corde soutient le pendu, dit la sagesse populaire. - leblogmoto.com","isPartOf":{"@id":"https:\/\/blogs.thesocialmedia.com\/leblogmoto\/#website"},"primaryImageOfPage":{"@id":"https:\/\/blogs.thesocialmedia.com\/leblogmoto\/2008\/07\/10\/comme-la-corde\/#primaryimage"},"image":{"@id":"https:\/\/blogs.thesocialmedia.com\/leblogmoto\/2008\/07\/10\/comme-la-corde\/#primaryimage"},"thumbnailUrl":"http:\/\/www.leblogmoto.com\/images\/2008\/07\/10\/moto_insolite_tshirt_alphanumeric_g.jpg","datePublished":"2008-07-10T18:19:15+00:00","dateModified":"2012-07-11T16:06:01+00:00","author":{"@id":"https:\/\/blogs.thesocialmedia.com\/leblogmoto\/#\/schema\/person\/18bfe773e5725ed6d24f743da805362a"},"breadcrumb":{"@id":"https:\/\/blogs.thesocialmedia.com\/leblogmoto\/2008\/07\/10\/comme-la-corde\/#breadcrumb"},"inLanguage":"fr-FR","potentialAction":[{"@type":"ReadAction","target":["https:\/\/blogs.thesocialmedia.com\/leblogmoto\/2008\/07\/10\/comme-la-corde\/"]}]},{"@type":"ImageObject","inLanguage":"fr-FR","@id":"https:\/\/blogs.thesocialmedia.com\/leblogmoto\/2008\/07\/10\/comme-la-corde\/#primaryimage","url":"http:\/\/www.leblogmoto.com\/images\/2008\/07\/10\/moto_insolite_tshirt_alphanumeric_g.jpg","contentUrl":"http:\/\/www.leblogmoto.com\/images\/2008\/07\/10\/moto_insolite_tshirt_alphanumeric_g.jpg"},{"@type":"BreadcrumbList","@id":"https:\/\/blogs.thesocialmedia.com\/leblogmoto\/2008\/07\/10\/comme-la-corde\/#breadcrumb","itemListElement":[{"@type":"ListItem","position":1,"name":"Accueil","item":"https:\/\/blogs.thesocialmedia.com\/leblogmoto\/"},{"@type":"ListItem","position":2,"name":"Comme la corde soutient le pendu, dit la sagesse populaire."}]},{"@type":"WebSite","@id":"https:\/\/blogs.thesocialmedia.com\/leblogmoto\/#website","url":"https:\/\/blogs.thesocialmedia.com\/leblogmoto\/","name":"leblogmoto","description":"Toute l&#039;actualit\u00e9 des 2 roues","potentialAction":[{"@type":"SearchAction","target":{"@type":"EntryPoint","urlTemplate":"https:\/\/blogs.thesocialmedia.com\/leblogmoto\/?s={search_term_string}"},"query-input":{"@type":"PropertyValueSpecification","valueRequired":true,"valueName":"search_term_string"}}],"inLanguage":"fr-FR"},{"@type":"Person","@id":"https:\/\/blogs.thesocialmedia.com\/leblogmoto\/#\/schema\/person\/18bfe773e5725ed6d24f743da805362a","name":"benoit rieu","image":{"@type":"ImageObject","inLanguage":"fr-FR","@id":"https:\/\/blogs.thesocialmedia.com\/leblogmoto\/#\/schema\/person\/image\/","url":"https:\/\/secure.gravatar.com\/avatar\/?s=96&d=mm&r=g","contentUrl":"https:\/\/secure.gravatar.com\/avatar\/?s=96&d=mm&r=g","caption":"benoit rieu"},"url":"https:\/\/blogs.thesocialmedia.com\/leblogmoto\/author\/benoit-rieu\/"}]}},"_links":{"self":[{"href":"https:\/\/blogs.thesocialmedia.com\/leblogmoto\/wp-json\/wp\/v2\/posts\/582","targetHints":{"allow":["GET"]}}],"collection":[{"href":"https:\/\/blogs.thesocialmedia.com\/leblogmoto\/wp-json\/wp\/v2\/posts"}],"about":[{"href":"https:\/\/blogs.thesocialmedia.com\/leblogmoto\/wp-json\/wp\/v2\/types\/post"}],"author":[{"embeddable":true,"href":"https:\/\/blogs.thesocialmedia.com\/leblogmoto\/wp-json\/wp\/v2\/users\/324"}],"replies":[{"embeddable":true,"href":"https:\/\/blogs.thesocialmedia.com\/leblogmoto\/wp-json\/wp\/v2\/comments?post=582"}],"version-history":[{"count":2,"href":"https:\/\/blogs.thesocialmedia.com\/leblogmoto\/wp-json\/wp\/v2\/posts\/582\/revisions"}],"predecessor-version":[{"id":11251,"href":"https:\/\/blogs.thesocialmedia.com\/leblogmoto\/wp-json\/wp\/v2\/posts\/582\/revisions\/11251"}],"wp:attachment":[{"href":"https:\/\/blogs.thesocialmedia.com\/leblogmoto\/wp-json\/wp\/v2\/media?parent=582"}],"wp:term":[{"taxonomy":"category","embeddable":true,"href":"https:\/\/blogs.thesocialmedia.com\/leblogmoto\/wp-json\/wp\/v2\/categories?post=582"},{"taxonomy":"post_tag","embeddable":true,"href":"https:\/\/blogs.thesocialmedia.com\/leblogmoto\/wp-json\/wp\/v2\/tags?post=582"}],"curies":[{"name":"wp","href":"https:\/\/api.w.org\/{rel}","templated":true}]}}