{"id":586,"date":"2008-07-10T04:04:14","date_gmt":"2008-07-10T04:04:14","guid":{"rendered":"http:\/\/blogs.thesocialmedia.com\/leblogmoto\/2008\/07\/10\/les-vietnamiens\/"},"modified":"2012-07-11T16:05:59","modified_gmt":"2012-07-11T16:05:59","slug":"les-vietnamiens","status":"publish","type":"post","link":"https:\/\/blogs.thesocialmedia.com\/leblogmoto\/2008\/07\/10\/les-vietnamiens\/","title":{"rendered":"Les Vietnamiens et le casque moto"},"content":{"rendered":"<p><em><a href=\"http:\/\/blogs.thesocialmedia.com\/leblogmoto\/files\/2012\/07\/casquev1.jpg\"><img loading=\"lazy\" decoding=\"async\" width=\"470\" height=\"215\"  src=\"http:\/\/www.leblogmoto.com\/images\/2008\/07\/09\/casquev1.jpg\" alt=\"Casquev1\" \/><\/a> <br \/>Photos <a href=\"http:\/\/vietnamesegod.blogspot.com\/\">Nha Trang<\/a> <\/em><\/p>\n<p>Depuis plus de six mois maintenant, le Vietnam est une nation qui porte le casque.<\/p>\n<p>Avec le d\u00e9veloppement de son \u00e9conomie, le <a href=\"http:\/\/fr.wikipedia.org\/wiki\/Vi%C3%AAt_Nam\">Vietnam<\/a> a vu des g\u00e9n\u00e9rations de cyclistes devenir des motards. En 1990, le pays comptait environ un demi-million de 2 roues, mais maintenant, ils sont plus de 22 millions \u00e0 engorger les art\u00e8res des grandes villes et \u00e0 sillonner les petits chemins de campagne.<br \/>Avec un taux de croissance de 22% par an, les images o\u00f9 l&rsquo;on voit une famille compl\u00e8te sur la m\u00eame machine deviendront-elles aussi du folklore, chacune et chacun ayant le sien.<\/p>\n<p>Mais avant le 15 d\u00e9cembre dernier, le port du casque n&rsquo;\u00e9tait pas obligatoire, et le prix \u00e0 payer \u00e9tait \u00e9lev\u00e9 en vie humaine. Dans les principales grandes villes du pays, c&rsquo;\u00e9tait parfois jusqu&rsquo;\u00e0 30 morts par jour des suites d&rsquo;un accident de motos.<br \/>Les campagnes de sensibilisations et les incitatifs n&rsquo;ayant rien donn\u00e9, une loi muscl\u00e9e s&rsquo;imposait. Avant la mise en application de la loi, les observateurs estimaient que seulement le quart des motocyclistes portaient le casque, mais d\u00e8s l&rsquo;entr\u00e9e en vigueur de la loi, les rares qui s&rsquo;aventuraient sur les routes sans casques, risquaient de se faire intercepter, avec \u00e0 la cl\u00e9, une amende d&rsquo;environ 6 euros, ce qui est le prix moyen d&rsquo;un casque.<\/p>\n<p><a href=\"http:\/\/clabedan.typepad.com\/.shared\/image.html?\/photos\/uncategorized\/2008\/07\/09\/casquev2.jpg\"><img loading=\"lazy\" decoding=\"async\" width=\"470\" height=\"313\"  alt=\"Casquev2\" src=\"http:\/\/www.leblogmoto.com\/images\/2008\/07\/09\/casquev2.jpg\" \/><\/a> <\/p>\n<p>Le principal obstacle au port du casque \u00e9tait la peur du ridicule. Il \u00e9tait mal vu de le porter, et c&rsquo;\u00e9tait surtout catastrophique pour la chevelure. Compte tenu des p\u00e9rils de leur circulation, on peut parler de \u00abFashion Victim\u00bb dans tous les sens du terme. Mais ce que la mode interdisait, la mode r\u00e9v\u00e8le. Devenu un accessoire obligatoire, il se pare maintenant de tous les attributs possibles. L&rsquo;imagination d\u00e9bordante des revendeurs, qui \u00e9coulaient jusqu&rsquo;\u00e0 2000 casques par jour en d\u00e9cembre dernier, semble sans limites.<br \/>Toutes les couleurs du spectre sont bienvenues, et les ajouts presque une n\u00e9cessit\u00e9es. Frange en dentelle pour les coquettes, style Shelock Holmes pour les t\u00e9n\u00e9breux ou polo pour les sportifs, tous les go\u00fbts sont dans la nature, et sur la t\u00eate des Vietnamiens.<\/p>\n<p><a href=\"http:\/\/blogs.thesocialmedia.com\/leblogmoto\/files\/2012\/07\/casquev3.jpg\"><img loading=\"lazy\" decoding=\"async\" width=\"470\" height=\"313\"  alt=\"Casquev3\" src=\"http:\/\/www.leblogmoto.com\/images\/2008\/07\/09\/casquev3.jpg\" \/><\/a> <\/p>\n<p>Maintenant que les autorit\u00e9s ont vaincu la peur du ridicule, une autre s&rsquo;est install\u00e9e. La loi n&rsquo;obligeant pas les enfants de moins de 14 ans \u00e0 porter le casque, plusieurs parents qui n&rsquo;en ont pas les moyens, laissent leur petit sans casque, coinc\u00e9 entre le p\u00e8re et la m\u00e8re casqu\u00e9s. De plus, la croyance populaire, relay\u00e9e par certains m\u00e9dias, voulant que le port du casque soit dommageable pour les enfants, a fait na\u00eetre des doutes chez plusieurs, enlevant le casque sur la t\u00eate de ceux qui en l&rsquo;avait d\u00e9j\u00e0.<\/p>\n<p><a href=\"http:\/\/blogs.thesocialmedia.com\/leblogmoto\/files\/2012\/07\/casquev4.jpg\"><img loading=\"lazy\" decoding=\"async\" width=\"470\" height=\"326\"  alt=\"Casquev4\" src=\"http:\/\/www.leblogmoto.com\/images\/2008\/07\/09\/casquev4.jpg\" \/><\/a> <\/p>\n<p>Et pourtant, les casques sur le march\u00e9 ont \u00e9t\u00e9 cr\u00e9\u00e9s pour tenir compte des conditions climatiques parfois extr\u00eames. L\u00e9ger et tr\u00e8s a\u00e9r\u00e9, il tient plus du casque de v\u00e9lo occidental que du casque de motos satisfaisant \u00e0 nos normes.<\/p>\n<p><a href=\"http:\/\/blogs.thesocialmedia.com\/leblogmoto\/files\/2012\/07\/casquev5.jpg\"><img loading=\"lazy\" decoding=\"async\" width=\"470\" height=\"313\"  alt=\"Casquev5\" src=\"http:\/\/www.leblogmoto.com\/images\/2008\/07\/09\/casquev5.jpg\" \/><\/a> <\/p>\n<p><a href=\"http:\/\/blogs.thesocialmedia.com\/leblogmoto\/files\/2012\/07\/casquev6.jpg\"><img loading=\"lazy\" decoding=\"async\" width=\"470\" height=\"313\"  alt=\"Casquev6\" src=\"http:\/\/www.leblogmoto.com\/images\/2008\/07\/09\/casquev6.jpg\" \/><\/a> <\/p>\n<p>Ne reste plus maintenant qu&rsquo;\u00e0 mettre un peu d&rsquo;ordre dans l&rsquo;apparent chaos qu&rsquo;est le spectacle de ces milliers de motocyclistes dans les rues des d&rsquo;Hano\u00ef et H\u00f4-Chi-Minh-Ville. Il faudra peut-\u00eatre plus qu&rsquo;une loi pour venir \u00e0 bout de cette autre couleur locale.<\/p>\n<p><object width=\"425\" height=\"349\"><param value=\"http:\/\/www.youtube.com\/v\/8wS_0RVBw4o&amp;hl=en&amp;fs=1&amp;rel=0&amp;border=1\" name=\"movie\" \/><param value=\"true\" name=\"allowFullScreen\" \/><embed width=\"425\" height=\"349\" type=\"application\/x-shockwave-flash\" src=\"http:\/\/www.youtube.com\/v\/8wS_0RVBw4o&amp;hl=en&amp;fs=1&amp;rel=0&amp;border=1\"><\/embed><\/object><\/p>\n","protected":false},"excerpt":{"rendered":"<p>Photos Nha Trang Depuis plus de six mois maintenant, le Vietnam est une nation qui porte le casque. Avec le d\u00e9veloppement de son \u00e9conomie, le Vietnam a vu des g\u00e9n\u00e9rations de cyclistes devenir des motards. En 1990, le pays comptait environ un demi-million de 2 roues, mais maintenant, ils sont plus de 22 millions \u00e0 [&hellip;]<\/p>\n","protected":false},"author":325,"featured_media":0,"comment_status":"open","ping_status":"open","sticky":false,"template":"","format":"standard","meta":{"footnotes":""},"categories":[3,58,19,27,12],"tags":[],"class_list":["post-586","post","type-post","status-publish","format-standard","hentry","category-actualite","category-insolite","category-scooter","category-securite","category-videos"],"yoast_head":"<!-- This site is optimized with the Yoast SEO plugin v26.0 - https:\/\/yoast.com\/wordpress\/plugins\/seo\/ -->\n<title>Les Vietnamiens et le casque moto - leblogmoto.com<\/title>\n<meta name=\"robots\" content=\"index, follow, max-snippet:-1, max-image-preview:large, max-video-preview:-1\" \/>\n<link rel=\"canonical\" href=\"https:\/\/blogs.thesocialmedia.com\/leblogmoto\/2008\/07\/10\/les-vietnamiens\/\" \/>\n<meta name=\"twitter:card\" content=\"summary_large_image\" \/>\n<meta name=\"twitter:title\" content=\"Les Vietnamiens et le casque moto - leblogmoto.com\" \/>\n<meta name=\"twitter:description\" content=\"Photos Nha Trang Depuis plus de six mois maintenant, le Vietnam est une nation qui porte le casque. Avec le d\u00e9veloppement de son \u00e9conomie, le Vietnam a vu des g\u00e9n\u00e9rations de cyclistes devenir des motards. En 1990, le pays comptait environ un demi-million de 2 roues, mais maintenant, ils sont plus de 22 millions \u00e0 [&hellip;]\" \/>\n<meta name=\"twitter:image\" content=\"http:\/\/www.leblogmoto.com\/images\/2008\/07\/09\/casquev1.jpg\" \/>\n<meta name=\"twitter:label1\" content=\"\u00c9crit par\" \/>\n\t<meta name=\"twitter:data1\" content=\"jacques lesage\" \/>\n\t<meta name=\"twitter:label2\" content=\"Dur\u00e9e de lecture estim\u00e9e\" \/>\n\t<meta name=\"twitter:data2\" content=\"3 minutes\" \/>\n<script type=\"application\/ld+json\" class=\"yoast-schema-graph\">{\"@context\":\"https:\/\/schema.org\",\"@graph\":[{\"@type\":\"WebPage\",\"@id\":\"https:\/\/blogs.thesocialmedia.com\/leblogmoto\/2008\/07\/10\/les-vietnamiens\/\",\"url\":\"https:\/\/blogs.thesocialmedia.com\/leblogmoto\/2008\/07\/10\/les-vietnamiens\/\",\"name\":\"Les Vietnamiens et le casque moto - leblogmoto.com\",\"isPartOf\":{\"@id\":\"https:\/\/blogs.thesocialmedia.com\/leblogmoto\/#website\"},\"primaryImageOfPage\":{\"@id\":\"https:\/\/blogs.thesocialmedia.com\/leblogmoto\/2008\/07\/10\/les-vietnamiens\/#primaryimage\"},\"image\":{\"@id\":\"https:\/\/blogs.thesocialmedia.com\/leblogmoto\/2008\/07\/10\/les-vietnamiens\/#primaryimage\"},\"thumbnailUrl\":\"http:\/\/www.leblogmoto.com\/images\/2008\/07\/09\/casquev1.jpg\",\"datePublished\":\"2008-07-10T04:04:14+00:00\",\"dateModified\":\"2012-07-11T16:05:59+00:00\",\"author\":{\"@id\":\"https:\/\/blogs.thesocialmedia.com\/leblogmoto\/#\/schema\/person\/e82a0ca8a9a63d031586097a3ed58526\"},\"breadcrumb\":{\"@id\":\"https:\/\/blogs.thesocialmedia.com\/leblogmoto\/2008\/07\/10\/les-vietnamiens\/#breadcrumb\"},\"inLanguage\":\"fr-FR\",\"potentialAction\":[{\"@type\":\"ReadAction\",\"target\":[\"https:\/\/blogs.thesocialmedia.com\/leblogmoto\/2008\/07\/10\/les-vietnamiens\/\"]}]},{\"@type\":\"ImageObject\",\"inLanguage\":\"fr-FR\",\"@id\":\"https:\/\/blogs.thesocialmedia.com\/leblogmoto\/2008\/07\/10\/les-vietnamiens\/#primaryimage\",\"url\":\"http:\/\/www.leblogmoto.com\/images\/2008\/07\/09\/casquev1.jpg\",\"contentUrl\":\"http:\/\/www.leblogmoto.com\/images\/2008\/07\/09\/casquev1.jpg\"},{\"@type\":\"BreadcrumbList\",\"@id\":\"https:\/\/blogs.thesocialmedia.com\/leblogmoto\/2008\/07\/10\/les-vietnamiens\/#breadcrumb\",\"itemListElement\":[{\"@type\":\"ListItem\",\"position\":1,\"name\":\"Accueil\",\"item\":\"https:\/\/blogs.thesocialmedia.com\/leblogmoto\/\"},{\"@type\":\"ListItem\",\"position\":2,\"name\":\"Les Vietnamiens et le casque moto\"}]},{\"@type\":\"WebSite\",\"@id\":\"https:\/\/blogs.thesocialmedia.com\/leblogmoto\/#website\",\"url\":\"https:\/\/blogs.thesocialmedia.com\/leblogmoto\/\",\"name\":\"leblogmoto\",\"description\":\"Toute l&#039;actualit\u00e9 des 2 roues\",\"potentialAction\":[{\"@type\":\"SearchAction\",\"target\":{\"@type\":\"EntryPoint\",\"urlTemplate\":\"https:\/\/blogs.thesocialmedia.com\/leblogmoto\/?s={search_term_string}\"},\"query-input\":{\"@type\":\"PropertyValueSpecification\",\"valueRequired\":true,\"valueName\":\"search_term_string\"}}],\"inLanguage\":\"fr-FR\"},{\"@type\":\"Person\",\"@id\":\"https:\/\/blogs.thesocialmedia.com\/leblogmoto\/#\/schema\/person\/e82a0ca8a9a63d031586097a3ed58526\",\"name\":\"jacques lesage\",\"image\":{\"@type\":\"ImageObject\",\"inLanguage\":\"fr-FR\",\"@id\":\"https:\/\/blogs.thesocialmedia.com\/leblogmoto\/#\/schema\/person\/image\/\",\"url\":\"https:\/\/secure.gravatar.com\/avatar\/?s=96&d=mm&r=g\",\"contentUrl\":\"https:\/\/secure.gravatar.com\/avatar\/?s=96&d=mm&r=g\",\"caption\":\"jacques lesage\"},\"url\":\"https:\/\/blogs.thesocialmedia.com\/leblogmoto\/author\/jacques-lesage\/\"}]}<\/script>\n<!-- \/ Yoast SEO plugin. -->","yoast_head_json":{"title":"Les Vietnamiens et le casque moto - leblogmoto.com","robots":{"index":"index","follow":"follow","max-snippet":"max-snippet:-1","max-image-preview":"max-image-preview:large","max-video-preview":"max-video-preview:-1"},"canonical":"https:\/\/blogs.thesocialmedia.com\/leblogmoto\/2008\/07\/10\/les-vietnamiens\/","twitter_card":"summary_large_image","twitter_title":"Les Vietnamiens et le casque moto - leblogmoto.com","twitter_description":"Photos Nha Trang Depuis plus de six mois maintenant, le Vietnam est une nation qui porte le casque. Avec le d\u00e9veloppement de son \u00e9conomie, le Vietnam a vu des g\u00e9n\u00e9rations de cyclistes devenir des motards. En 1990, le pays comptait environ un demi-million de 2 roues, mais maintenant, ils sont plus de 22 millions \u00e0 [&hellip;]","twitter_image":"http:\/\/www.leblogmoto.com\/images\/2008\/07\/09\/casquev1.jpg","twitter_misc":{"\u00c9crit par":"jacques lesage","Dur\u00e9e de lecture estim\u00e9e":"3 minutes"},"schema":{"@context":"https:\/\/schema.org","@graph":[{"@type":"WebPage","@id":"https:\/\/blogs.thesocialmedia.com\/leblogmoto\/2008\/07\/10\/les-vietnamiens\/","url":"https:\/\/blogs.thesocialmedia.com\/leblogmoto\/2008\/07\/10\/les-vietnamiens\/","name":"Les Vietnamiens et le casque moto - leblogmoto.com","isPartOf":{"@id":"https:\/\/blogs.thesocialmedia.com\/leblogmoto\/#website"},"primaryImageOfPage":{"@id":"https:\/\/blogs.thesocialmedia.com\/leblogmoto\/2008\/07\/10\/les-vietnamiens\/#primaryimage"},"image":{"@id":"https:\/\/blogs.thesocialmedia.com\/leblogmoto\/2008\/07\/10\/les-vietnamiens\/#primaryimage"},"thumbnailUrl":"http:\/\/www.leblogmoto.com\/images\/2008\/07\/09\/casquev1.jpg","datePublished":"2008-07-10T04:04:14+00:00","dateModified":"2012-07-11T16:05:59+00:00","author":{"@id":"https:\/\/blogs.thesocialmedia.com\/leblogmoto\/#\/schema\/person\/e82a0ca8a9a63d031586097a3ed58526"},"breadcrumb":{"@id":"https:\/\/blogs.thesocialmedia.com\/leblogmoto\/2008\/07\/10\/les-vietnamiens\/#breadcrumb"},"inLanguage":"fr-FR","potentialAction":[{"@type":"ReadAction","target":["https:\/\/blogs.thesocialmedia.com\/leblogmoto\/2008\/07\/10\/les-vietnamiens\/"]}]},{"@type":"ImageObject","inLanguage":"fr-FR","@id":"https:\/\/blogs.thesocialmedia.com\/leblogmoto\/2008\/07\/10\/les-vietnamiens\/#primaryimage","url":"http:\/\/www.leblogmoto.com\/images\/2008\/07\/09\/casquev1.jpg","contentUrl":"http:\/\/www.leblogmoto.com\/images\/2008\/07\/09\/casquev1.jpg"},{"@type":"BreadcrumbList","@id":"https:\/\/blogs.thesocialmedia.com\/leblogmoto\/2008\/07\/10\/les-vietnamiens\/#breadcrumb","itemListElement":[{"@type":"ListItem","position":1,"name":"Accueil","item":"https:\/\/blogs.thesocialmedia.com\/leblogmoto\/"},{"@type":"ListItem","position":2,"name":"Les Vietnamiens et le casque moto"}]},{"@type":"WebSite","@id":"https:\/\/blogs.thesocialmedia.com\/leblogmoto\/#website","url":"https:\/\/blogs.thesocialmedia.com\/leblogmoto\/","name":"leblogmoto","description":"Toute l&#039;actualit\u00e9 des 2 roues","potentialAction":[{"@type":"SearchAction","target":{"@type":"EntryPoint","urlTemplate":"https:\/\/blogs.thesocialmedia.com\/leblogmoto\/?s={search_term_string}"},"query-input":{"@type":"PropertyValueSpecification","valueRequired":true,"valueName":"search_term_string"}}],"inLanguage":"fr-FR"},{"@type":"Person","@id":"https:\/\/blogs.thesocialmedia.com\/leblogmoto\/#\/schema\/person\/e82a0ca8a9a63d031586097a3ed58526","name":"jacques lesage","image":{"@type":"ImageObject","inLanguage":"fr-FR","@id":"https:\/\/blogs.thesocialmedia.com\/leblogmoto\/#\/schema\/person\/image\/","url":"https:\/\/secure.gravatar.com\/avatar\/?s=96&d=mm&r=g","contentUrl":"https:\/\/secure.gravatar.com\/avatar\/?s=96&d=mm&r=g","caption":"jacques lesage"},"url":"https:\/\/blogs.thesocialmedia.com\/leblogmoto\/author\/jacques-lesage\/"}]}},"_links":{"self":[{"href":"https:\/\/blogs.thesocialmedia.com\/leblogmoto\/wp-json\/wp\/v2\/posts\/586","targetHints":{"allow":["GET"]}}],"collection":[{"href":"https:\/\/blogs.thesocialmedia.com\/leblogmoto\/wp-json\/wp\/v2\/posts"}],"about":[{"href":"https:\/\/blogs.thesocialmedia.com\/leblogmoto\/wp-json\/wp\/v2\/types\/post"}],"author":[{"embeddable":true,"href":"https:\/\/blogs.thesocialmedia.com\/leblogmoto\/wp-json\/wp\/v2\/users\/325"}],"replies":[{"embeddable":true,"href":"https:\/\/blogs.thesocialmedia.com\/leblogmoto\/wp-json\/wp\/v2\/comments?post=586"}],"version-history":[{"count":2,"href":"https:\/\/blogs.thesocialmedia.com\/leblogmoto\/wp-json\/wp\/v2\/posts\/586\/revisions"}],"predecessor-version":[{"id":11249,"href":"https:\/\/blogs.thesocialmedia.com\/leblogmoto\/wp-json\/wp\/v2\/posts\/586\/revisions\/11249"}],"wp:attachment":[{"href":"https:\/\/blogs.thesocialmedia.com\/leblogmoto\/wp-json\/wp\/v2\/media?parent=586"}],"wp:term":[{"taxonomy":"category","embeddable":true,"href":"https:\/\/blogs.thesocialmedia.com\/leblogmoto\/wp-json\/wp\/v2\/categories?post=586"},{"taxonomy":"post_tag","embeddable":true,"href":"https:\/\/blogs.thesocialmedia.com\/leblogmoto\/wp-json\/wp\/v2\/tags?post=586"}],"curies":[{"name":"wp","href":"https:\/\/api.w.org\/{rel}","templated":true}]}}