{"id":589,"date":"2008-07-09T04:18:39","date_gmt":"2008-07-09T04:18:39","guid":{"rendered":"http:\/\/blogs.thesocialmedia.com\/leblogmoto\/2008\/07\/09\/une-bmw-du-kent\/"},"modified":"2012-07-11T16:05:49","modified_gmt":"2012-07-11T16:05:49","slug":"une-bmw-du-kent","status":"publish","type":"post","link":"https:\/\/blogs.thesocialmedia.com\/leblogmoto\/2008\/07\/09\/une-bmw-du-kent\/","title":{"rendered":"Une BMW du Kentucky se fait un tour d&rsquo;Europe"},"content":{"rendered":"<p><a href=\"http:\/\/blogs.thesocialmedia.com\/leblogmoto\/files\/2012\/07\/jaxqui.jpg\"><img loading=\"lazy\" decoding=\"async\" width=\"470\" height=\"199\"  src=\"http:\/\/www.leblogmoto.com\/images\/2008\/07\/08\/jaxqui.jpg\" alt=\"Jaxqui\" \/><\/a> <\/p>\n<p>On peut se demander parfois ce qui nous pousse \u00e0 nous d\u00e9passer. De l\u2019insouciance, une douce folie, le d\u00e9r\u00e8glement temporaire de la chimie de notre cerveau, toutes ces r\u00e9ponses sont bonnes.<\/p>\n<p>J\u2019ignore celle qui a pouss\u00e9 Jacqui Van Ham \u00e0 entreprendre son p\u00e9riple europ\u00e9en au guidon de sa <a href=\"http:\/\/en.wikipedia.org\/wiki\/BMW_R75\/5\">BMW R75\/5<\/a> de 1972, mais un surplus de t\u00e9nacit\u00e9 ne sera tr\u00e8s certainement pas de trop. Cette fille de 32 ans du Kentucky qui s\u2019est embarqu\u00e9 avec sa moto pour l\u2019Allemagne il y a quelques semaines, a bien l\u2019intention de sillonner le vieux continent de long en large, et en fan de Moto GP en g\u00e9n\u00e9ral et du bon Doctor en particulier, non ce n\u2019est pas elle sur les <a href=\"http:\/\/www.motoblog.it\/galleria\/la-sexy-crociera-in-barca-di-rossi-foto-del-settimanale-oggi\/1\">photos du Yatch<\/a>, assister \u00e0 quelques Grand Prix.<\/p>\n<p><a href=\"http:\/\/clabedan.typepad.com\/.shared\/image.html?\/photos\/uncategorized\/2008\/07\/08\/bmw_r75.jpg\"><img loading=\"lazy\" decoding=\"async\" width=\"470\" height=\"284\"  src=\"http:\/\/www.leblogmoto.com\/images\/2008\/07\/08\/bmw_r75.jpg\" alt=\"Bmw_r75\" \/><\/a> <\/p>\n<p>Un mot sur sa BMW, qui lors de sa pr\u00e9sentation au d\u00e9but des ann\u00e9es 70, marquait l\u2019entr\u00e9e du constructeur allemand dans la modernit\u00e9. La s\u00e9rie \/5 introduite \u00e0 ce moment-l\u00e0 comptait 3 mod\u00e8les, un 500cm3 (R50\/5), un 600cm3 (R60\/5) et le roi de la famille, son 750cm3 (R75\/5). Apr\u00e8s les forts vents de 1968 et les bourrasques du mois de mai de la m\u00eame ann\u00e9e, les habitudes et les go\u00fbts chang\u00e8rent, la vitesse redevenant \u00e0 la mode, se d\u00e9mocratisant par l\u2019arriv\u00e9e sur le march\u00e9 de nouvelles motos sport. BMW y alla donc d\u2019une moto plus l\u00e9g\u00e8re avec l\u2019utilisation du plastique, d\u2019une meilleure tenue de route avec un d\u00e9veloppement sans arri\u00e8re pens\u00e9e de side-car et d\u2019une v\u00e9locit\u00e9 remarquable, faisant de la R75\/5 l\u2019une des plus rapides de son \u00e9poque, pouvant atteindre les 175km\/h. Et ce sont aussi des d\u00e9voreuses de kilom\u00e8tres, \u00e9tant d\u2019une fiabilit\u00e9 exemplaire, ce qui devrait ravir et rassurer notre amie am\u00e9ricaine.<\/p>\n<p><a href=\"http:\/\/blogs.thesocialmedia.com\/leblogmoto\/files\/2012\/07\/eutrip19.jpg\"><img loading=\"lazy\" decoding=\"async\" width=\"470\" height=\"626\"  src=\"http:\/\/www.leblogmoto.com\/images\/2008\/07\/08\/eutrip19.jpg\" alt=\"Eutrip19\" \/><\/a> <\/p>\n<p><a href=\"http:\/\/blogs.thesocialmedia.com\/leblogmoto\/files\/2012\/07\/eutrip10.jpg\"><img loading=\"lazy\" decoding=\"async\" width=\"470\" height=\"626\"  src=\"http:\/\/www.leblogmoto.com\/images\/2008\/07\/08\/eutrip10.jpg\" alt=\"Eutrip10\" \/><\/a> <\/p>\n<p>On peut suivre ses aventures sur son blog, \u00ab<a href=\"http:\/\/thevintageadvantage.com\/\">The Vintage Advantage<\/a>\u00bb.<\/p>\n<p>Et par <a href=\"http:\/\/www.bmwmc.dk\/wallpapers.htm\">ici<\/a>, des fonds d&rsquo;\u00e9cran BMW.<\/p>\n","protected":false},"excerpt":{"rendered":"<p>On peut se demander parfois ce qui nous pousse \u00e0 nous d\u00e9passer. De l\u2019insouciance, une douce folie, le d\u00e9r\u00e8glement temporaire de la chimie de notre cerveau, toutes ces r\u00e9ponses sont bonnes. J\u2019ignore celle qui a pouss\u00e9 Jacqui Van Ham \u00e0 entreprendre son p\u00e9riple europ\u00e9en au guidon de sa BMW R75\/5 de 1972, mais un surplus [&hellip;]<\/p>\n","protected":false},"author":325,"featured_media":0,"comment_status":"open","ping_status":"open","sticky":false,"template":"","format":"standard","meta":{"footnotes":""},"categories":[13,7],"tags":[],"class_list":["post-589","post","type-post","status-publish","format-standard","hentry","category-aventure","category-bmw"],"yoast_head":"<!-- This site is optimized with the Yoast SEO plugin v26.0 - https:\/\/yoast.com\/wordpress\/plugins\/seo\/ -->\n<title>Une BMW du Kentucky se fait un tour d&#039;Europe - leblogmoto.com<\/title>\n<meta name=\"robots\" content=\"index, follow, max-snippet:-1, max-image-preview:large, max-video-preview:-1\" \/>\n<link rel=\"canonical\" href=\"https:\/\/blogs.thesocialmedia.com\/leblogmoto\/2008\/07\/09\/une-bmw-du-kent\/\" \/>\n<meta name=\"twitter:card\" content=\"summary_large_image\" \/>\n<meta name=\"twitter:title\" content=\"Une BMW du Kentucky se fait un tour d&#039;Europe - leblogmoto.com\" \/>\n<meta name=\"twitter:description\" content=\"On peut se demander parfois ce qui nous pousse \u00e0 nous d\u00e9passer. De l\u2019insouciance, une douce folie, le d\u00e9r\u00e8glement temporaire de la chimie de notre cerveau, toutes ces r\u00e9ponses sont bonnes. J\u2019ignore celle qui a pouss\u00e9 Jacqui Van Ham \u00e0 entreprendre son p\u00e9riple europ\u00e9en au guidon de sa BMW R75\/5 de 1972, mais un surplus [&hellip;]\" \/>\n<meta name=\"twitter:image\" content=\"http:\/\/www.leblogmoto.com\/images\/2008\/07\/08\/jaxqui.jpg\" \/>\n<meta name=\"twitter:label1\" content=\"\u00c9crit par\" \/>\n\t<meta name=\"twitter:data1\" content=\"jacques lesage\" \/>\n\t<meta name=\"twitter:label2\" content=\"Dur\u00e9e de lecture estim\u00e9e\" \/>\n\t<meta name=\"twitter:data2\" content=\"2 minutes\" \/>\n<script type=\"application\/ld+json\" class=\"yoast-schema-graph\">{\"@context\":\"https:\/\/schema.org\",\"@graph\":[{\"@type\":\"WebPage\",\"@id\":\"https:\/\/blogs.thesocialmedia.com\/leblogmoto\/2008\/07\/09\/une-bmw-du-kent\/\",\"url\":\"https:\/\/blogs.thesocialmedia.com\/leblogmoto\/2008\/07\/09\/une-bmw-du-kent\/\",\"name\":\"Une BMW du Kentucky se fait un tour d'Europe - leblogmoto.com\",\"isPartOf\":{\"@id\":\"https:\/\/blogs.thesocialmedia.com\/leblogmoto\/#website\"},\"primaryImageOfPage\":{\"@id\":\"https:\/\/blogs.thesocialmedia.com\/leblogmoto\/2008\/07\/09\/une-bmw-du-kent\/#primaryimage\"},\"image\":{\"@id\":\"https:\/\/blogs.thesocialmedia.com\/leblogmoto\/2008\/07\/09\/une-bmw-du-kent\/#primaryimage\"},\"thumbnailUrl\":\"http:\/\/www.leblogmoto.com\/images\/2008\/07\/08\/jaxqui.jpg\",\"datePublished\":\"2008-07-09T04:18:39+00:00\",\"dateModified\":\"2012-07-11T16:05:49+00:00\",\"author\":{\"@id\":\"https:\/\/blogs.thesocialmedia.com\/leblogmoto\/#\/schema\/person\/e82a0ca8a9a63d031586097a3ed58526\"},\"breadcrumb\":{\"@id\":\"https:\/\/blogs.thesocialmedia.com\/leblogmoto\/2008\/07\/09\/une-bmw-du-kent\/#breadcrumb\"},\"inLanguage\":\"fr-FR\",\"potentialAction\":[{\"@type\":\"ReadAction\",\"target\":[\"https:\/\/blogs.thesocialmedia.com\/leblogmoto\/2008\/07\/09\/une-bmw-du-kent\/\"]}]},{\"@type\":\"ImageObject\",\"inLanguage\":\"fr-FR\",\"@id\":\"https:\/\/blogs.thesocialmedia.com\/leblogmoto\/2008\/07\/09\/une-bmw-du-kent\/#primaryimage\",\"url\":\"http:\/\/www.leblogmoto.com\/images\/2008\/07\/08\/jaxqui.jpg\",\"contentUrl\":\"http:\/\/www.leblogmoto.com\/images\/2008\/07\/08\/jaxqui.jpg\"},{\"@type\":\"BreadcrumbList\",\"@id\":\"https:\/\/blogs.thesocialmedia.com\/leblogmoto\/2008\/07\/09\/une-bmw-du-kent\/#breadcrumb\",\"itemListElement\":[{\"@type\":\"ListItem\",\"position\":1,\"name\":\"Accueil\",\"item\":\"https:\/\/blogs.thesocialmedia.com\/leblogmoto\/\"},{\"@type\":\"ListItem\",\"position\":2,\"name\":\"Une BMW du Kentucky se fait un tour d&rsquo;Europe\"}]},{\"@type\":\"WebSite\",\"@id\":\"https:\/\/blogs.thesocialmedia.com\/leblogmoto\/#website\",\"url\":\"https:\/\/blogs.thesocialmedia.com\/leblogmoto\/\",\"name\":\"leblogmoto\",\"description\":\"Toute l&#039;actualit\u00e9 des 2 roues\",\"potentialAction\":[{\"@type\":\"SearchAction\",\"target\":{\"@type\":\"EntryPoint\",\"urlTemplate\":\"https:\/\/blogs.thesocialmedia.com\/leblogmoto\/?s={search_term_string}\"},\"query-input\":{\"@type\":\"PropertyValueSpecification\",\"valueRequired\":true,\"valueName\":\"search_term_string\"}}],\"inLanguage\":\"fr-FR\"},{\"@type\":\"Person\",\"@id\":\"https:\/\/blogs.thesocialmedia.com\/leblogmoto\/#\/schema\/person\/e82a0ca8a9a63d031586097a3ed58526\",\"name\":\"jacques lesage\",\"image\":{\"@type\":\"ImageObject\",\"inLanguage\":\"fr-FR\",\"@id\":\"https:\/\/blogs.thesocialmedia.com\/leblogmoto\/#\/schema\/person\/image\/\",\"url\":\"https:\/\/secure.gravatar.com\/avatar\/?s=96&d=mm&r=g\",\"contentUrl\":\"https:\/\/secure.gravatar.com\/avatar\/?s=96&d=mm&r=g\",\"caption\":\"jacques lesage\"},\"url\":\"https:\/\/blogs.thesocialmedia.com\/leblogmoto\/author\/jacques-lesage\/\"}]}<\/script>\n<!-- \/ Yoast SEO plugin. -->","yoast_head_json":{"title":"Une BMW du Kentucky se fait un tour d'Europe - leblogmoto.com","robots":{"index":"index","follow":"follow","max-snippet":"max-snippet:-1","max-image-preview":"max-image-preview:large","max-video-preview":"max-video-preview:-1"},"canonical":"https:\/\/blogs.thesocialmedia.com\/leblogmoto\/2008\/07\/09\/une-bmw-du-kent\/","twitter_card":"summary_large_image","twitter_title":"Une BMW du Kentucky se fait un tour d'Europe - leblogmoto.com","twitter_description":"On peut se demander parfois ce qui nous pousse \u00e0 nous d\u00e9passer. De l\u2019insouciance, une douce folie, le d\u00e9r\u00e8glement temporaire de la chimie de notre cerveau, toutes ces r\u00e9ponses sont bonnes. J\u2019ignore celle qui a pouss\u00e9 Jacqui Van Ham \u00e0 entreprendre son p\u00e9riple europ\u00e9en au guidon de sa BMW R75\/5 de 1972, mais un surplus [&hellip;]","twitter_image":"http:\/\/www.leblogmoto.com\/images\/2008\/07\/08\/jaxqui.jpg","twitter_misc":{"\u00c9crit par":"jacques lesage","Dur\u00e9e de lecture estim\u00e9e":"2 minutes"},"schema":{"@context":"https:\/\/schema.org","@graph":[{"@type":"WebPage","@id":"https:\/\/blogs.thesocialmedia.com\/leblogmoto\/2008\/07\/09\/une-bmw-du-kent\/","url":"https:\/\/blogs.thesocialmedia.com\/leblogmoto\/2008\/07\/09\/une-bmw-du-kent\/","name":"Une BMW du Kentucky se fait un tour d'Europe - leblogmoto.com","isPartOf":{"@id":"https:\/\/blogs.thesocialmedia.com\/leblogmoto\/#website"},"primaryImageOfPage":{"@id":"https:\/\/blogs.thesocialmedia.com\/leblogmoto\/2008\/07\/09\/une-bmw-du-kent\/#primaryimage"},"image":{"@id":"https:\/\/blogs.thesocialmedia.com\/leblogmoto\/2008\/07\/09\/une-bmw-du-kent\/#primaryimage"},"thumbnailUrl":"http:\/\/www.leblogmoto.com\/images\/2008\/07\/08\/jaxqui.jpg","datePublished":"2008-07-09T04:18:39+00:00","dateModified":"2012-07-11T16:05:49+00:00","author":{"@id":"https:\/\/blogs.thesocialmedia.com\/leblogmoto\/#\/schema\/person\/e82a0ca8a9a63d031586097a3ed58526"},"breadcrumb":{"@id":"https:\/\/blogs.thesocialmedia.com\/leblogmoto\/2008\/07\/09\/une-bmw-du-kent\/#breadcrumb"},"inLanguage":"fr-FR","potentialAction":[{"@type":"ReadAction","target":["https:\/\/blogs.thesocialmedia.com\/leblogmoto\/2008\/07\/09\/une-bmw-du-kent\/"]}]},{"@type":"ImageObject","inLanguage":"fr-FR","@id":"https:\/\/blogs.thesocialmedia.com\/leblogmoto\/2008\/07\/09\/une-bmw-du-kent\/#primaryimage","url":"http:\/\/www.leblogmoto.com\/images\/2008\/07\/08\/jaxqui.jpg","contentUrl":"http:\/\/www.leblogmoto.com\/images\/2008\/07\/08\/jaxqui.jpg"},{"@type":"BreadcrumbList","@id":"https:\/\/blogs.thesocialmedia.com\/leblogmoto\/2008\/07\/09\/une-bmw-du-kent\/#breadcrumb","itemListElement":[{"@type":"ListItem","position":1,"name":"Accueil","item":"https:\/\/blogs.thesocialmedia.com\/leblogmoto\/"},{"@type":"ListItem","position":2,"name":"Une BMW du Kentucky se fait un tour d&rsquo;Europe"}]},{"@type":"WebSite","@id":"https:\/\/blogs.thesocialmedia.com\/leblogmoto\/#website","url":"https:\/\/blogs.thesocialmedia.com\/leblogmoto\/","name":"leblogmoto","description":"Toute l&#039;actualit\u00e9 des 2 roues","potentialAction":[{"@type":"SearchAction","target":{"@type":"EntryPoint","urlTemplate":"https:\/\/blogs.thesocialmedia.com\/leblogmoto\/?s={search_term_string}"},"query-input":{"@type":"PropertyValueSpecification","valueRequired":true,"valueName":"search_term_string"}}],"inLanguage":"fr-FR"},{"@type":"Person","@id":"https:\/\/blogs.thesocialmedia.com\/leblogmoto\/#\/schema\/person\/e82a0ca8a9a63d031586097a3ed58526","name":"jacques lesage","image":{"@type":"ImageObject","inLanguage":"fr-FR","@id":"https:\/\/blogs.thesocialmedia.com\/leblogmoto\/#\/schema\/person\/image\/","url":"https:\/\/secure.gravatar.com\/avatar\/?s=96&d=mm&r=g","contentUrl":"https:\/\/secure.gravatar.com\/avatar\/?s=96&d=mm&r=g","caption":"jacques lesage"},"url":"https:\/\/blogs.thesocialmedia.com\/leblogmoto\/author\/jacques-lesage\/"}]}},"_links":{"self":[{"href":"https:\/\/blogs.thesocialmedia.com\/leblogmoto\/wp-json\/wp\/v2\/posts\/589","targetHints":{"allow":["GET"]}}],"collection":[{"href":"https:\/\/blogs.thesocialmedia.com\/leblogmoto\/wp-json\/wp\/v2\/posts"}],"about":[{"href":"https:\/\/blogs.thesocialmedia.com\/leblogmoto\/wp-json\/wp\/v2\/types\/post"}],"author":[{"embeddable":true,"href":"https:\/\/blogs.thesocialmedia.com\/leblogmoto\/wp-json\/wp\/v2\/users\/325"}],"replies":[{"embeddable":true,"href":"https:\/\/blogs.thesocialmedia.com\/leblogmoto\/wp-json\/wp\/v2\/comments?post=589"}],"version-history":[{"count":2,"href":"https:\/\/blogs.thesocialmedia.com\/leblogmoto\/wp-json\/wp\/v2\/posts\/589\/revisions"}],"predecessor-version":[{"id":11241,"href":"https:\/\/blogs.thesocialmedia.com\/leblogmoto\/wp-json\/wp\/v2\/posts\/589\/revisions\/11241"}],"wp:attachment":[{"href":"https:\/\/blogs.thesocialmedia.com\/leblogmoto\/wp-json\/wp\/v2\/media?parent=589"}],"wp:term":[{"taxonomy":"category","embeddable":true,"href":"https:\/\/blogs.thesocialmedia.com\/leblogmoto\/wp-json\/wp\/v2\/categories?post=589"},{"taxonomy":"post_tag","embeddable":true,"href":"https:\/\/blogs.thesocialmedia.com\/leblogmoto\/wp-json\/wp\/v2\/tags?post=589"}],"curies":[{"name":"wp","href":"https:\/\/api.w.org\/{rel}","templated":true}]}}