{"id":591,"date":"2008-07-09T00:49:47","date_gmt":"2008-07-09T00:49:47","guid":{"rendered":"http:\/\/blogs.thesocialmedia.com\/leblogmoto\/2008\/07\/09\/a-un-mois-jour\/"},"modified":"2012-07-11T16:05:39","modified_gmt":"2012-07-11T16:05:39","slug":"a-un-mois-jour","status":"publish","type":"post","link":"https:\/\/blogs.thesocialmedia.com\/leblogmoto\/2008\/07\/09\/a-un-mois-jour\/","title":{"rendered":"A un mois des J.O, les forces chinoises s&rsquo;affichent sur des Segway."},"content":{"rendered":"<p><a href=\"http:\/\/blogs.thesocialmedia.com\/leblogmoto\/files\/2012\/07\/les_paramilitaires_chinois_sentrane.jpg\"><img loading=\"lazy\" decoding=\"async\" width=\"470\" height=\"287\"  src=\"http:\/\/www.leblogmoto.com\/images\/2008\/07\/08\/les_paramilitaires_chinois_sentrane.jpg\" alt=\"Les_paramilitaires_chinois_sentrane\" \/><\/a><\/p>\n<p><a href=\"http:\/\/blogs.thesocialmedia.com\/leblogmoto\/files\/2012\/07\/moto_scurit_chine_jo_segway.jpg\"><img loading=\"lazy\" decoding=\"async\" width=\"470\" height=\"297\"  src=\"http:\/\/www.leblogmoto.com\/images\/2008\/07\/10\/moto_scurit_chine_jo_segway.jpg\" alt=\"Moto_scurit_chine_jo_segway\" \/><\/a> <\/p>\n<p>Le Segway qui vous avait d\u00e9j\u00e0 \u00e9t\u00e9 <a href=\"http:\/\/www.leblogmoto.com\/2006\/04\/la_patrouille_v.html\">pr\u00e9sent\u00e9<\/a> dans une version forces de l&rsquo;ordre, en des temps imm\u00e9moriaux par nos pr\u00e9d\u00e9cesseurs (ainsi que ses improbables <a href=\"http:\/\/www.leblogmoto.com\/2005\/08\/embrio_moto_col.html\">successeurs<\/a> et <a href=\"http:\/\/www.leblogmoto.com\/2008\/04\/uno-prise-deux.html\">d\u00e9riv\u00e9s<\/a>) semble pleinement satisfaire ces groupes paramilitaires* chinois qui s&rsquo;entra\u00eenent de fa\u00e7on assez complaisante devant les media occidentaux, ici un photographe de l&rsquo;agence Reuters. M&rsquo;est avis que l&rsquo;on a affaire au mod\u00e8le <a href=\"http:\/\/www.segway.fr\/transporteur-personnel\/model_i2_police.htm\">i2 Police<\/a> qui affiche 20 km\/h de vitesse de pointe, pour une autonomie &#8211; revendiqu\u00e9e &#8211; de 25 \u00e0 38 kilom\u00e8tres. Chers lecteurs, serez vous assez cyniques (ou observateurs) pour vous demander si ces <em>specs<\/em> suffisent pour courser le Tib\u00e9tain autonomiste ou s\u00e9paratiste, ainsi que l&rsquo;\u00e9tudiant place Tien An men ?<\/p>\n<p><em>*Reuters indique &quot;groupe paramilitaire&quot;, et l&rsquo;agence officielle chinoise parle de &quot;police&quot;. D&rsquo;o\u00f9 le titre un peu bateau.<\/em><\/p>\n<p><em>Via Liberation.fr<br \/><\/em><\/p>\n","protected":false},"excerpt":{"rendered":"<p>Le Segway qui vous avait d\u00e9j\u00e0 \u00e9t\u00e9 pr\u00e9sent\u00e9 dans une version forces de l&rsquo;ordre, en des temps imm\u00e9moriaux par nos pr\u00e9d\u00e9cesseurs (ainsi que ses improbables successeurs et d\u00e9riv\u00e9s) semble pleinement satisfaire ces groupes paramilitaires* chinois qui s&rsquo;entra\u00eenent de fa\u00e7on assez complaisante devant les media occidentaux, ici un photographe de l&rsquo;agence Reuters. M&rsquo;est avis que l&rsquo;on [&hellip;]<\/p>\n","protected":false},"author":324,"featured_media":0,"comment_status":"open","ping_status":"open","sticky":false,"template":"","format":"standard","meta":{"footnotes":""},"categories":[3,30,17,27],"tags":[],"class_list":["post-591","post","type-post","status-publish","format-standard","hentry","category-actualite","category-bio-carburantsvehicules-propres","category-divers","category-securite"],"yoast_head":"<!-- This site is optimized with the Yoast SEO plugin v26.0 - https:\/\/yoast.com\/wordpress\/plugins\/seo\/ -->\n<title>A un mois des J.O, les forces chinoises s&#039;affichent sur des Segway. - leblogmoto.com<\/title>\n<meta name=\"robots\" content=\"index, follow, max-snippet:-1, max-image-preview:large, max-video-preview:-1\" \/>\n<link rel=\"canonical\" href=\"https:\/\/blogs.thesocialmedia.com\/leblogmoto\/2008\/07\/09\/a-un-mois-jour\/\" \/>\n<meta name=\"twitter:card\" content=\"summary_large_image\" \/>\n<meta name=\"twitter:title\" content=\"A un mois des J.O, les forces chinoises s&#039;affichent sur des Segway. - leblogmoto.com\" \/>\n<meta name=\"twitter:description\" content=\"Le Segway qui vous avait d\u00e9j\u00e0 \u00e9t\u00e9 pr\u00e9sent\u00e9 dans une version forces de l&rsquo;ordre, en des temps imm\u00e9moriaux par nos pr\u00e9d\u00e9cesseurs (ainsi que ses improbables successeurs et d\u00e9riv\u00e9s) semble pleinement satisfaire ces groupes paramilitaires* chinois qui s&rsquo;entra\u00eenent de fa\u00e7on assez complaisante devant les media occidentaux, ici un photographe de l&rsquo;agence Reuters. M&rsquo;est avis que l&rsquo;on [&hellip;]\" \/>\n<meta name=\"twitter:image\" content=\"http:\/\/www.leblogmoto.com\/images\/2008\/07\/08\/les_paramilitaires_chinois_sentrane.jpg\" \/>\n<meta name=\"twitter:label1\" content=\"\u00c9crit par\" \/>\n\t<meta name=\"twitter:data1\" content=\"benoit rieu\" \/>\n\t<meta name=\"twitter:label2\" content=\"Dur\u00e9e de lecture estim\u00e9e\" \/>\n\t<meta name=\"twitter:data2\" content=\"1 minute\" \/>\n<script type=\"application\/ld+json\" class=\"yoast-schema-graph\">{\"@context\":\"https:\/\/schema.org\",\"@graph\":[{\"@type\":\"WebPage\",\"@id\":\"https:\/\/blogs.thesocialmedia.com\/leblogmoto\/2008\/07\/09\/a-un-mois-jour\/\",\"url\":\"https:\/\/blogs.thesocialmedia.com\/leblogmoto\/2008\/07\/09\/a-un-mois-jour\/\",\"name\":\"A un mois des J.O, les forces chinoises s'affichent sur des Segway. - leblogmoto.com\",\"isPartOf\":{\"@id\":\"https:\/\/blogs.thesocialmedia.com\/leblogmoto\/#website\"},\"primaryImageOfPage\":{\"@id\":\"https:\/\/blogs.thesocialmedia.com\/leblogmoto\/2008\/07\/09\/a-un-mois-jour\/#primaryimage\"},\"image\":{\"@id\":\"https:\/\/blogs.thesocialmedia.com\/leblogmoto\/2008\/07\/09\/a-un-mois-jour\/#primaryimage\"},\"thumbnailUrl\":\"http:\/\/www.leblogmoto.com\/images\/2008\/07\/08\/les_paramilitaires_chinois_sentrane.jpg\",\"datePublished\":\"2008-07-09T00:49:47+00:00\",\"dateModified\":\"2012-07-11T16:05:39+00:00\",\"author\":{\"@id\":\"https:\/\/blogs.thesocialmedia.com\/leblogmoto\/#\/schema\/person\/18bfe773e5725ed6d24f743da805362a\"},\"breadcrumb\":{\"@id\":\"https:\/\/blogs.thesocialmedia.com\/leblogmoto\/2008\/07\/09\/a-un-mois-jour\/#breadcrumb\"},\"inLanguage\":\"fr-FR\",\"potentialAction\":[{\"@type\":\"ReadAction\",\"target\":[\"https:\/\/blogs.thesocialmedia.com\/leblogmoto\/2008\/07\/09\/a-un-mois-jour\/\"]}]},{\"@type\":\"ImageObject\",\"inLanguage\":\"fr-FR\",\"@id\":\"https:\/\/blogs.thesocialmedia.com\/leblogmoto\/2008\/07\/09\/a-un-mois-jour\/#primaryimage\",\"url\":\"http:\/\/www.leblogmoto.com\/images\/2008\/07\/08\/les_paramilitaires_chinois_sentrane.jpg\",\"contentUrl\":\"http:\/\/www.leblogmoto.com\/images\/2008\/07\/08\/les_paramilitaires_chinois_sentrane.jpg\"},{\"@type\":\"BreadcrumbList\",\"@id\":\"https:\/\/blogs.thesocialmedia.com\/leblogmoto\/2008\/07\/09\/a-un-mois-jour\/#breadcrumb\",\"itemListElement\":[{\"@type\":\"ListItem\",\"position\":1,\"name\":\"Accueil\",\"item\":\"https:\/\/blogs.thesocialmedia.com\/leblogmoto\/\"},{\"@type\":\"ListItem\",\"position\":2,\"name\":\"A un mois des J.O, les forces chinoises s&rsquo;affichent sur des Segway.\"}]},{\"@type\":\"WebSite\",\"@id\":\"https:\/\/blogs.thesocialmedia.com\/leblogmoto\/#website\",\"url\":\"https:\/\/blogs.thesocialmedia.com\/leblogmoto\/\",\"name\":\"leblogmoto\",\"description\":\"Toute l&#039;actualit\u00e9 des 2 roues\",\"potentialAction\":[{\"@type\":\"SearchAction\",\"target\":{\"@type\":\"EntryPoint\",\"urlTemplate\":\"https:\/\/blogs.thesocialmedia.com\/leblogmoto\/?s={search_term_string}\"},\"query-input\":{\"@type\":\"PropertyValueSpecification\",\"valueRequired\":true,\"valueName\":\"search_term_string\"}}],\"inLanguage\":\"fr-FR\"},{\"@type\":\"Person\",\"@id\":\"https:\/\/blogs.thesocialmedia.com\/leblogmoto\/#\/schema\/person\/18bfe773e5725ed6d24f743da805362a\",\"name\":\"benoit rieu\",\"image\":{\"@type\":\"ImageObject\",\"inLanguage\":\"fr-FR\",\"@id\":\"https:\/\/blogs.thesocialmedia.com\/leblogmoto\/#\/schema\/person\/image\/\",\"url\":\"https:\/\/secure.gravatar.com\/avatar\/?s=96&d=mm&r=g\",\"contentUrl\":\"https:\/\/secure.gravatar.com\/avatar\/?s=96&d=mm&r=g\",\"caption\":\"benoit rieu\"},\"url\":\"https:\/\/blogs.thesocialmedia.com\/leblogmoto\/author\/benoit-rieu\/\"}]}<\/script>\n<!-- \/ Yoast SEO plugin. -->","yoast_head_json":{"title":"A un mois des J.O, les forces chinoises s'affichent sur des Segway. - leblogmoto.com","robots":{"index":"index","follow":"follow","max-snippet":"max-snippet:-1","max-image-preview":"max-image-preview:large","max-video-preview":"max-video-preview:-1"},"canonical":"https:\/\/blogs.thesocialmedia.com\/leblogmoto\/2008\/07\/09\/a-un-mois-jour\/","twitter_card":"summary_large_image","twitter_title":"A un mois des J.O, les forces chinoises s'affichent sur des Segway. - leblogmoto.com","twitter_description":"Le Segway qui vous avait d\u00e9j\u00e0 \u00e9t\u00e9 pr\u00e9sent\u00e9 dans une version forces de l&rsquo;ordre, en des temps imm\u00e9moriaux par nos pr\u00e9d\u00e9cesseurs (ainsi que ses improbables successeurs et d\u00e9riv\u00e9s) semble pleinement satisfaire ces groupes paramilitaires* chinois qui s&rsquo;entra\u00eenent de fa\u00e7on assez complaisante devant les media occidentaux, ici un photographe de l&rsquo;agence Reuters. M&rsquo;est avis que l&rsquo;on [&hellip;]","twitter_image":"http:\/\/www.leblogmoto.com\/images\/2008\/07\/08\/les_paramilitaires_chinois_sentrane.jpg","twitter_misc":{"\u00c9crit par":"benoit rieu","Dur\u00e9e de lecture estim\u00e9e":"1 minute"},"schema":{"@context":"https:\/\/schema.org","@graph":[{"@type":"WebPage","@id":"https:\/\/blogs.thesocialmedia.com\/leblogmoto\/2008\/07\/09\/a-un-mois-jour\/","url":"https:\/\/blogs.thesocialmedia.com\/leblogmoto\/2008\/07\/09\/a-un-mois-jour\/","name":"A un mois des J.O, les forces chinoises s'affichent sur des Segway. - leblogmoto.com","isPartOf":{"@id":"https:\/\/blogs.thesocialmedia.com\/leblogmoto\/#website"},"primaryImageOfPage":{"@id":"https:\/\/blogs.thesocialmedia.com\/leblogmoto\/2008\/07\/09\/a-un-mois-jour\/#primaryimage"},"image":{"@id":"https:\/\/blogs.thesocialmedia.com\/leblogmoto\/2008\/07\/09\/a-un-mois-jour\/#primaryimage"},"thumbnailUrl":"http:\/\/www.leblogmoto.com\/images\/2008\/07\/08\/les_paramilitaires_chinois_sentrane.jpg","datePublished":"2008-07-09T00:49:47+00:00","dateModified":"2012-07-11T16:05:39+00:00","author":{"@id":"https:\/\/blogs.thesocialmedia.com\/leblogmoto\/#\/schema\/person\/18bfe773e5725ed6d24f743da805362a"},"breadcrumb":{"@id":"https:\/\/blogs.thesocialmedia.com\/leblogmoto\/2008\/07\/09\/a-un-mois-jour\/#breadcrumb"},"inLanguage":"fr-FR","potentialAction":[{"@type":"ReadAction","target":["https:\/\/blogs.thesocialmedia.com\/leblogmoto\/2008\/07\/09\/a-un-mois-jour\/"]}]},{"@type":"ImageObject","inLanguage":"fr-FR","@id":"https:\/\/blogs.thesocialmedia.com\/leblogmoto\/2008\/07\/09\/a-un-mois-jour\/#primaryimage","url":"http:\/\/www.leblogmoto.com\/images\/2008\/07\/08\/les_paramilitaires_chinois_sentrane.jpg","contentUrl":"http:\/\/www.leblogmoto.com\/images\/2008\/07\/08\/les_paramilitaires_chinois_sentrane.jpg"},{"@type":"BreadcrumbList","@id":"https:\/\/blogs.thesocialmedia.com\/leblogmoto\/2008\/07\/09\/a-un-mois-jour\/#breadcrumb","itemListElement":[{"@type":"ListItem","position":1,"name":"Accueil","item":"https:\/\/blogs.thesocialmedia.com\/leblogmoto\/"},{"@type":"ListItem","position":2,"name":"A un mois des J.O, les forces chinoises s&rsquo;affichent sur des Segway."}]},{"@type":"WebSite","@id":"https:\/\/blogs.thesocialmedia.com\/leblogmoto\/#website","url":"https:\/\/blogs.thesocialmedia.com\/leblogmoto\/","name":"leblogmoto","description":"Toute l&#039;actualit\u00e9 des 2 roues","potentialAction":[{"@type":"SearchAction","target":{"@type":"EntryPoint","urlTemplate":"https:\/\/blogs.thesocialmedia.com\/leblogmoto\/?s={search_term_string}"},"query-input":{"@type":"PropertyValueSpecification","valueRequired":true,"valueName":"search_term_string"}}],"inLanguage":"fr-FR"},{"@type":"Person","@id":"https:\/\/blogs.thesocialmedia.com\/leblogmoto\/#\/schema\/person\/18bfe773e5725ed6d24f743da805362a","name":"benoit rieu","image":{"@type":"ImageObject","inLanguage":"fr-FR","@id":"https:\/\/blogs.thesocialmedia.com\/leblogmoto\/#\/schema\/person\/image\/","url":"https:\/\/secure.gravatar.com\/avatar\/?s=96&d=mm&r=g","contentUrl":"https:\/\/secure.gravatar.com\/avatar\/?s=96&d=mm&r=g","caption":"benoit rieu"},"url":"https:\/\/blogs.thesocialmedia.com\/leblogmoto\/author\/benoit-rieu\/"}]}},"_links":{"self":[{"href":"https:\/\/blogs.thesocialmedia.com\/leblogmoto\/wp-json\/wp\/v2\/posts\/591","targetHints":{"allow":["GET"]}}],"collection":[{"href":"https:\/\/blogs.thesocialmedia.com\/leblogmoto\/wp-json\/wp\/v2\/posts"}],"about":[{"href":"https:\/\/blogs.thesocialmedia.com\/leblogmoto\/wp-json\/wp\/v2\/types\/post"}],"author":[{"embeddable":true,"href":"https:\/\/blogs.thesocialmedia.com\/leblogmoto\/wp-json\/wp\/v2\/users\/324"}],"replies":[{"embeddable":true,"href":"https:\/\/blogs.thesocialmedia.com\/leblogmoto\/wp-json\/wp\/v2\/comments?post=591"}],"version-history":[{"count":2,"href":"https:\/\/blogs.thesocialmedia.com\/leblogmoto\/wp-json\/wp\/v2\/posts\/591\/revisions"}],"predecessor-version":[{"id":11237,"href":"https:\/\/blogs.thesocialmedia.com\/leblogmoto\/wp-json\/wp\/v2\/posts\/591\/revisions\/11237"}],"wp:attachment":[{"href":"https:\/\/blogs.thesocialmedia.com\/leblogmoto\/wp-json\/wp\/v2\/media?parent=591"}],"wp:term":[{"taxonomy":"category","embeddable":true,"href":"https:\/\/blogs.thesocialmedia.com\/leblogmoto\/wp-json\/wp\/v2\/categories?post=591"},{"taxonomy":"post_tag","embeddable":true,"href":"https:\/\/blogs.thesocialmedia.com\/leblogmoto\/wp-json\/wp\/v2\/tags?post=591"}],"curies":[{"name":"wp","href":"https:\/\/api.w.org\/{rel}","templated":true}]}}