{"id":595,"date":"2008-07-04T05:48:13","date_gmt":"2008-07-04T05:48:13","guid":{"rendered":"http:\/\/blogs.thesocialmedia.com\/leblogmoto\/2008\/07\/04\/album-du-vendre-9\/"},"modified":"2012-07-11T16:05:24","modified_gmt":"2012-07-11T16:05:24","slug":"album-du-vendre-9","status":"publish","type":"post","link":"https:\/\/blogs.thesocialmedia.com\/leblogmoto\/2008\/07\/04\/album-du-vendre-9\/","title":{"rendered":"Album du vendredi, Caf\u00e9 Racer"},"content":{"rendered":"<p><a href=\"http:\/\/blogs.thesocialmedia.com\/leblogmoto\/files\/2012\/07\/cafe01.jpg\"><img loading=\"lazy\" decoding=\"async\" width=\"470\" height=\"351\"  src=\"http:\/\/www.leblogmoto.com\/images\/2008\/07\/03\/cafe01.jpg\" alt=\"Cafe01\" \/><\/a> <\/p>\n<p>Hunter S. Thompson avec ses histoires m\u2019a mis le go\u00fbt du Caf\u00e9 Racer dans la bouche, L\u2019histoire de ce mouvement est riche, mais nous y reviendrons, le style est en vogue et de nouvelles machines devraient \u00eatre commercialis\u00e9es.<br \/>Mais j\u2019aime bien cette histoire voulant que les Rockers anglais, ceux qui ont propuls\u00e9 ce style en faisant la tourn\u00e9e des caf\u00e9s, aient ajout\u00e9 le Racer en parcourant un circuit pr\u00e9d\u00e9termin\u00e9, non pas le temps de le dire, mais le temps d\u2019une chanson jouant au Juke-box du caf\u00e9; et on les faisait courtes \u00e0 l\u2019\u00e9poque, les chansons.<\/p>\n<p>Le style des motos a donc \u00e9volu\u00e9 en cons\u00e9quence, on les voulait l\u00e9g\u00e8re, maniable et rapide, tr\u00e8s rapide, les 100km\/h \u00e9tant une condition sine qua non. J\u2019imagine que les paris qui s\u2019y gagnaient et s\u2019y perdaient \u00e9taient un stimulant suffisamment puissant pour que ce style fasse \u00e9cole.<\/p>\n<p>Les images sont un peu p\u00eale-m\u00eale, mais j&rsquo;ai quand m\u00eame fait un effort pour les regrouper par nationalit\u00e9. Je termine avec le \u00ab<a href=\"http:\/\/londonbikers.com\/articles\/8722\/the-new-ace-caf%C3%A9-racer%20class=\">Ace Cafe Racer<\/a>\u00bb, une moto hommage au <a href=\"http:\/\/www.ace-cafe-london.com\/\">c\u00e9l\u00e8bre caf\u00e9<\/a> o\u00f9 tout, ou presque, a commenc\u00e9.<\/p>\n<p><a href=\"http:\/\/clabedan.typepad.com\/.shared\/image.html?\/photos\/uncategorized\/2008\/07\/03\/cafe02.jpg\"><img loading=\"lazy\" decoding=\"async\" width=\"470\" height=\"352\"  alt=\"Cafe02\" src=\"http:\/\/www.leblogmoto.com\/images\/2008\/07\/03\/cafe02.jpg\" \/><\/a> <\/p>\n<p><a href=\"http:\/\/blogs.thesocialmedia.com\/leblogmoto\/files\/2012\/07\/cafe03.jpg\"><img loading=\"lazy\" decoding=\"async\" width=\"470\" height=\"291\"  alt=\"Cafe03\" src=\"http:\/\/www.leblogmoto.com\/images\/2008\/07\/03\/cafe03.jpg\" \/><\/a> <\/p>\n<p><a href=\"http:\/\/blogs.thesocialmedia.com\/leblogmoto\/files\/2012\/07\/cafe04.jpg\"><img loading=\"lazy\" decoding=\"async\" width=\"469\" height=\"352\"  alt=\"Cafe04\" src=\"http:\/\/www.leblogmoto.com\/images\/2008\/07\/03\/cafe04.jpg\" \/><\/a> <\/p>\n<p><a href=\"http:\/\/blogs.thesocialmedia.com\/leblogmoto\/files\/2012\/07\/cafe05.jpg\"><img loading=\"lazy\" decoding=\"async\" width=\"470\" height=\"292\"  alt=\"Cafe05\" src=\"http:\/\/www.leblogmoto.com\/images\/2008\/07\/03\/cafe05.jpg\" \/><\/a> <\/p>\n<p><a href=\"http:\/\/blogs.thesocialmedia.com\/leblogmoto\/files\/2012\/07\/cafe06.jpg\"><img loading=\"lazy\" decoding=\"async\" width=\"470\" height=\"317\"  alt=\"Cafe06\" src=\"http:\/\/www.leblogmoto.com\/images\/2008\/07\/03\/cafe06.jpg\" \/><\/a> <\/p>\n<p><a href=\"http:\/\/blogs.thesocialmedia.com\/leblogmoto\/files\/2012\/07\/cafe07.jpg\"><img loading=\"lazy\" decoding=\"async\" width=\"470\" height=\"310\"  alt=\"Cafe07\" src=\"http:\/\/www.leblogmoto.com\/images\/2008\/07\/03\/cafe07.jpg\" \/><\/a> <\/p>\n<p><a href=\"http:\/\/blogs.thesocialmedia.com\/leblogmoto\/files\/2012\/07\/cafe08.jpg\"><img loading=\"lazy\" decoding=\"async\" width=\"470\" height=\"332\"  alt=\"Cafe08\" src=\"http:\/\/www.leblogmoto.com\/images\/2008\/07\/03\/cafe08.jpg\" \/><\/a> <\/p>\n<p><a href=\"http:\/\/blogs.thesocialmedia.com\/leblogmoto\/files\/2012\/07\/cafe09.jpg\"><img loading=\"lazy\" decoding=\"async\" width=\"470\" height=\"285\"  alt=\"Cafe09\" src=\"http:\/\/www.leblogmoto.com\/images\/2008\/07\/03\/cafe09.jpg\" \/><\/a> <\/p>\n<p><a href=\"http:\/\/blogs.thesocialmedia.com\/leblogmoto\/files\/2012\/07\/cafe10.jpg\"><img loading=\"lazy\" decoding=\"async\" width=\"470\" height=\"302\"  alt=\"Cafe10\" src=\"http:\/\/www.leblogmoto.com\/images\/2008\/07\/03\/cafe10.jpg\" \/><\/a> <\/p>\n<p><a href=\"http:\/\/blogs.thesocialmedia.com\/leblogmoto\/files\/2012\/07\/cafe12.jpg\"><img loading=\"lazy\" decoding=\"async\" width=\"470\" height=\"312\"  alt=\"Cafe12\" src=\"http:\/\/www.leblogmoto.com\/images\/2008\/07\/03\/cafe12.jpg\" \/><\/a> <\/p>\n<p><a href=\"http:\/\/blogs.thesocialmedia.com\/leblogmoto\/files\/2012\/07\/cafe13.jpg\"><img loading=\"lazy\" decoding=\"async\" width=\"470\" height=\"357\"  alt=\"Cafe13\" src=\"http:\/\/www.leblogmoto.com\/images\/2008\/07\/03\/cafe13.jpg\" \/><\/a> <\/p>\n<p><a href=\"http:\/\/blogs.thesocialmedia.com\/leblogmoto\/files\/2012\/07\/cafe14.jpg\"><img loading=\"lazy\" decoding=\"async\" width=\"470\" height=\"292\"  alt=\"Cafe14\" src=\"http:\/\/www.leblogmoto.com\/images\/2008\/07\/03\/cafe14.jpg\" \/><\/a> <\/p>\n<p><a href=\"http:\/\/blogs.thesocialmedia.com\/leblogmoto\/files\/2012\/07\/cafe15.jpg\"><img loading=\"lazy\" decoding=\"async\" width=\"470\" height=\"278\"  alt=\"Cafe15\" src=\"http:\/\/www.leblogmoto.com\/images\/2008\/07\/03\/cafe15.jpg\" \/><\/a> <\/p>\n<p><object width=\"425\" height=\"349\"><param value=\"http:\/\/www.youtube.com\/v\/1nrb_5umtMU&amp;hl=en&amp;fs=1&amp;rel=0&amp;border=1\" name=\"movie\" \/><param value=\"true\" name=\"allowFullScreen\" \/><embed width=\"425\" height=\"349\" type=\"application\/x-shockwave-flash\" src=\"http:\/\/www.youtube.com\/v\/1nrb_5umtMU&amp;hl=en&amp;fs=1&amp;rel=0&amp;border=1\"><\/embed><\/object><\/p>\n","protected":false},"excerpt":{"rendered":"<p>Hunter S. Thompson avec ses histoires m\u2019a mis le go\u00fbt du Caf\u00e9 Racer dans la bouche, L\u2019histoire de ce mouvement est riche, mais nous y reviendrons, le style est en vogue et de nouvelles machines devraient \u00eatre commercialis\u00e9es.Mais j\u2019aime bien cette histoire voulant que les Rockers anglais, ceux qui ont propuls\u00e9 ce style en faisant [&hellip;]<\/p>\n","protected":false},"author":325,"featured_media":0,"comment_status":"open","ping_status":"open","sticky":false,"template":"","format":"standard","meta":{"footnotes":""},"categories":[8,9,12],"tags":[],"class_list":["post-595","post","type-post","status-publish","format-standard","hentry","category-chaines-et-cuirs","category-historique","category-videos"],"yoast_head":"<!-- This site is optimized with the Yoast SEO plugin v26.0 - https:\/\/yoast.com\/wordpress\/plugins\/seo\/ -->\n<title>Album du vendredi, Caf\u00e9 Racer - leblogmoto.com<\/title>\n<meta name=\"robots\" content=\"index, follow, max-snippet:-1, max-image-preview:large, max-video-preview:-1\" \/>\n<link rel=\"canonical\" href=\"https:\/\/blogs.thesocialmedia.com\/leblogmoto\/2008\/07\/04\/album-du-vendre-9\/\" \/>\n<meta name=\"twitter:card\" content=\"summary_large_image\" \/>\n<meta name=\"twitter:title\" content=\"Album du vendredi, Caf\u00e9 Racer - leblogmoto.com\" \/>\n<meta name=\"twitter:description\" content=\"Hunter S. Thompson avec ses histoires m\u2019a mis le go\u00fbt du Caf\u00e9 Racer dans la bouche, L\u2019histoire de ce mouvement est riche, mais nous y reviendrons, le style est en vogue et de nouvelles machines devraient \u00eatre commercialis\u00e9es.Mais j\u2019aime bien cette histoire voulant que les Rockers anglais, ceux qui ont propuls\u00e9 ce style en faisant [&hellip;]\" \/>\n<meta name=\"twitter:image\" content=\"http:\/\/www.leblogmoto.com\/images\/2008\/07\/03\/cafe01.jpg\" \/>\n<meta name=\"twitter:label1\" content=\"\u00c9crit par\" \/>\n\t<meta name=\"twitter:data1\" content=\"jacques lesage\" \/>\n\t<meta name=\"twitter:label2\" content=\"Dur\u00e9e de lecture estim\u00e9e\" \/>\n\t<meta name=\"twitter:data2\" content=\"1 minute\" \/>\n<script type=\"application\/ld+json\" class=\"yoast-schema-graph\">{\"@context\":\"https:\/\/schema.org\",\"@graph\":[{\"@type\":\"WebPage\",\"@id\":\"https:\/\/blogs.thesocialmedia.com\/leblogmoto\/2008\/07\/04\/album-du-vendre-9\/\",\"url\":\"https:\/\/blogs.thesocialmedia.com\/leblogmoto\/2008\/07\/04\/album-du-vendre-9\/\",\"name\":\"Album du vendredi, Caf\u00e9 Racer - leblogmoto.com\",\"isPartOf\":{\"@id\":\"https:\/\/blogs.thesocialmedia.com\/leblogmoto\/#website\"},\"primaryImageOfPage\":{\"@id\":\"https:\/\/blogs.thesocialmedia.com\/leblogmoto\/2008\/07\/04\/album-du-vendre-9\/#primaryimage\"},\"image\":{\"@id\":\"https:\/\/blogs.thesocialmedia.com\/leblogmoto\/2008\/07\/04\/album-du-vendre-9\/#primaryimage\"},\"thumbnailUrl\":\"http:\/\/www.leblogmoto.com\/images\/2008\/07\/03\/cafe01.jpg\",\"datePublished\":\"2008-07-04T05:48:13+00:00\",\"dateModified\":\"2012-07-11T16:05:24+00:00\",\"author\":{\"@id\":\"https:\/\/blogs.thesocialmedia.com\/leblogmoto\/#\/schema\/person\/e82a0ca8a9a63d031586097a3ed58526\"},\"breadcrumb\":{\"@id\":\"https:\/\/blogs.thesocialmedia.com\/leblogmoto\/2008\/07\/04\/album-du-vendre-9\/#breadcrumb\"},\"inLanguage\":\"fr-FR\",\"potentialAction\":[{\"@type\":\"ReadAction\",\"target\":[\"https:\/\/blogs.thesocialmedia.com\/leblogmoto\/2008\/07\/04\/album-du-vendre-9\/\"]}]},{\"@type\":\"ImageObject\",\"inLanguage\":\"fr-FR\",\"@id\":\"https:\/\/blogs.thesocialmedia.com\/leblogmoto\/2008\/07\/04\/album-du-vendre-9\/#primaryimage\",\"url\":\"http:\/\/www.leblogmoto.com\/images\/2008\/07\/03\/cafe01.jpg\",\"contentUrl\":\"http:\/\/www.leblogmoto.com\/images\/2008\/07\/03\/cafe01.jpg\"},{\"@type\":\"BreadcrumbList\",\"@id\":\"https:\/\/blogs.thesocialmedia.com\/leblogmoto\/2008\/07\/04\/album-du-vendre-9\/#breadcrumb\",\"itemListElement\":[{\"@type\":\"ListItem\",\"position\":1,\"name\":\"Accueil\",\"item\":\"https:\/\/blogs.thesocialmedia.com\/leblogmoto\/\"},{\"@type\":\"ListItem\",\"position\":2,\"name\":\"Album du vendredi, Caf\u00e9 Racer\"}]},{\"@type\":\"WebSite\",\"@id\":\"https:\/\/blogs.thesocialmedia.com\/leblogmoto\/#website\",\"url\":\"https:\/\/blogs.thesocialmedia.com\/leblogmoto\/\",\"name\":\"leblogmoto\",\"description\":\"Toute l&#039;actualit\u00e9 des 2 roues\",\"potentialAction\":[{\"@type\":\"SearchAction\",\"target\":{\"@type\":\"EntryPoint\",\"urlTemplate\":\"https:\/\/blogs.thesocialmedia.com\/leblogmoto\/?s={search_term_string}\"},\"query-input\":{\"@type\":\"PropertyValueSpecification\",\"valueRequired\":true,\"valueName\":\"search_term_string\"}}],\"inLanguage\":\"fr-FR\"},{\"@type\":\"Person\",\"@id\":\"https:\/\/blogs.thesocialmedia.com\/leblogmoto\/#\/schema\/person\/e82a0ca8a9a63d031586097a3ed58526\",\"name\":\"jacques lesage\",\"image\":{\"@type\":\"ImageObject\",\"inLanguage\":\"fr-FR\",\"@id\":\"https:\/\/blogs.thesocialmedia.com\/leblogmoto\/#\/schema\/person\/image\/\",\"url\":\"https:\/\/secure.gravatar.com\/avatar\/?s=96&d=mm&r=g\",\"contentUrl\":\"https:\/\/secure.gravatar.com\/avatar\/?s=96&d=mm&r=g\",\"caption\":\"jacques lesage\"},\"url\":\"https:\/\/blogs.thesocialmedia.com\/leblogmoto\/author\/jacques-lesage\/\"}]}<\/script>\n<!-- \/ Yoast SEO plugin. -->","yoast_head_json":{"title":"Album du vendredi, Caf\u00e9 Racer - leblogmoto.com","robots":{"index":"index","follow":"follow","max-snippet":"max-snippet:-1","max-image-preview":"max-image-preview:large","max-video-preview":"max-video-preview:-1"},"canonical":"https:\/\/blogs.thesocialmedia.com\/leblogmoto\/2008\/07\/04\/album-du-vendre-9\/","twitter_card":"summary_large_image","twitter_title":"Album du vendredi, Caf\u00e9 Racer - leblogmoto.com","twitter_description":"Hunter S. Thompson avec ses histoires m\u2019a mis le go\u00fbt du Caf\u00e9 Racer dans la bouche, L\u2019histoire de ce mouvement est riche, mais nous y reviendrons, le style est en vogue et de nouvelles machines devraient \u00eatre commercialis\u00e9es.Mais j\u2019aime bien cette histoire voulant que les Rockers anglais, ceux qui ont propuls\u00e9 ce style en faisant [&hellip;]","twitter_image":"http:\/\/www.leblogmoto.com\/images\/2008\/07\/03\/cafe01.jpg","twitter_misc":{"\u00c9crit par":"jacques lesage","Dur\u00e9e de lecture estim\u00e9e":"1 minute"},"schema":{"@context":"https:\/\/schema.org","@graph":[{"@type":"WebPage","@id":"https:\/\/blogs.thesocialmedia.com\/leblogmoto\/2008\/07\/04\/album-du-vendre-9\/","url":"https:\/\/blogs.thesocialmedia.com\/leblogmoto\/2008\/07\/04\/album-du-vendre-9\/","name":"Album du vendredi, Caf\u00e9 Racer - leblogmoto.com","isPartOf":{"@id":"https:\/\/blogs.thesocialmedia.com\/leblogmoto\/#website"},"primaryImageOfPage":{"@id":"https:\/\/blogs.thesocialmedia.com\/leblogmoto\/2008\/07\/04\/album-du-vendre-9\/#primaryimage"},"image":{"@id":"https:\/\/blogs.thesocialmedia.com\/leblogmoto\/2008\/07\/04\/album-du-vendre-9\/#primaryimage"},"thumbnailUrl":"http:\/\/www.leblogmoto.com\/images\/2008\/07\/03\/cafe01.jpg","datePublished":"2008-07-04T05:48:13+00:00","dateModified":"2012-07-11T16:05:24+00:00","author":{"@id":"https:\/\/blogs.thesocialmedia.com\/leblogmoto\/#\/schema\/person\/e82a0ca8a9a63d031586097a3ed58526"},"breadcrumb":{"@id":"https:\/\/blogs.thesocialmedia.com\/leblogmoto\/2008\/07\/04\/album-du-vendre-9\/#breadcrumb"},"inLanguage":"fr-FR","potentialAction":[{"@type":"ReadAction","target":["https:\/\/blogs.thesocialmedia.com\/leblogmoto\/2008\/07\/04\/album-du-vendre-9\/"]}]},{"@type":"ImageObject","inLanguage":"fr-FR","@id":"https:\/\/blogs.thesocialmedia.com\/leblogmoto\/2008\/07\/04\/album-du-vendre-9\/#primaryimage","url":"http:\/\/www.leblogmoto.com\/images\/2008\/07\/03\/cafe01.jpg","contentUrl":"http:\/\/www.leblogmoto.com\/images\/2008\/07\/03\/cafe01.jpg"},{"@type":"BreadcrumbList","@id":"https:\/\/blogs.thesocialmedia.com\/leblogmoto\/2008\/07\/04\/album-du-vendre-9\/#breadcrumb","itemListElement":[{"@type":"ListItem","position":1,"name":"Accueil","item":"https:\/\/blogs.thesocialmedia.com\/leblogmoto\/"},{"@type":"ListItem","position":2,"name":"Album du vendredi, Caf\u00e9 Racer"}]},{"@type":"WebSite","@id":"https:\/\/blogs.thesocialmedia.com\/leblogmoto\/#website","url":"https:\/\/blogs.thesocialmedia.com\/leblogmoto\/","name":"leblogmoto","description":"Toute l&#039;actualit\u00e9 des 2 roues","potentialAction":[{"@type":"SearchAction","target":{"@type":"EntryPoint","urlTemplate":"https:\/\/blogs.thesocialmedia.com\/leblogmoto\/?s={search_term_string}"},"query-input":{"@type":"PropertyValueSpecification","valueRequired":true,"valueName":"search_term_string"}}],"inLanguage":"fr-FR"},{"@type":"Person","@id":"https:\/\/blogs.thesocialmedia.com\/leblogmoto\/#\/schema\/person\/e82a0ca8a9a63d031586097a3ed58526","name":"jacques lesage","image":{"@type":"ImageObject","inLanguage":"fr-FR","@id":"https:\/\/blogs.thesocialmedia.com\/leblogmoto\/#\/schema\/person\/image\/","url":"https:\/\/secure.gravatar.com\/avatar\/?s=96&d=mm&r=g","contentUrl":"https:\/\/secure.gravatar.com\/avatar\/?s=96&d=mm&r=g","caption":"jacques lesage"},"url":"https:\/\/blogs.thesocialmedia.com\/leblogmoto\/author\/jacques-lesage\/"}]}},"_links":{"self":[{"href":"https:\/\/blogs.thesocialmedia.com\/leblogmoto\/wp-json\/wp\/v2\/posts\/595","targetHints":{"allow":["GET"]}}],"collection":[{"href":"https:\/\/blogs.thesocialmedia.com\/leblogmoto\/wp-json\/wp\/v2\/posts"}],"about":[{"href":"https:\/\/blogs.thesocialmedia.com\/leblogmoto\/wp-json\/wp\/v2\/types\/post"}],"author":[{"embeddable":true,"href":"https:\/\/blogs.thesocialmedia.com\/leblogmoto\/wp-json\/wp\/v2\/users\/325"}],"replies":[{"embeddable":true,"href":"https:\/\/blogs.thesocialmedia.com\/leblogmoto\/wp-json\/wp\/v2\/comments?post=595"}],"version-history":[{"count":2,"href":"https:\/\/blogs.thesocialmedia.com\/leblogmoto\/wp-json\/wp\/v2\/posts\/595\/revisions"}],"predecessor-version":[{"id":11226,"href":"https:\/\/blogs.thesocialmedia.com\/leblogmoto\/wp-json\/wp\/v2\/posts\/595\/revisions\/11226"}],"wp:attachment":[{"href":"https:\/\/blogs.thesocialmedia.com\/leblogmoto\/wp-json\/wp\/v2\/media?parent=595"}],"wp:term":[{"taxonomy":"category","embeddable":true,"href":"https:\/\/blogs.thesocialmedia.com\/leblogmoto\/wp-json\/wp\/v2\/categories?post=595"},{"taxonomy":"post_tag","embeddable":true,"href":"https:\/\/blogs.thesocialmedia.com\/leblogmoto\/wp-json\/wp\/v2\/tags?post=595"}],"curies":[{"name":"wp","href":"https:\/\/api.w.org\/{rel}","templated":true}]}}