{"id":600,"date":"2008-06-30T23:58:00","date_gmt":"2008-06-30T23:58:00","guid":{"rendered":"http:\/\/blogs.thesocialmedia.com\/leblogmoto\/2008\/06\/30\/a-ct-de-moi-val\/"},"modified":"2012-07-11T16:04:27","modified_gmt":"2012-07-11T16:04:27","slug":"a-ct-de-moi-val","status":"publish","type":"post","link":"https:\/\/blogs.thesocialmedia.com\/leblogmoto\/2008\/06\/30\/a-ct-de-moi-val\/","title":{"rendered":"A c\u00f4t\u00e9 de moi, Valentino est une enclume et la route est mon circuit: ce qu&rsquo;en dit la loi."},"content":{"rendered":"<p><a href=\"http:\/\/blogs.thesocialmedia.com\/leblogmoto\/files\/2012\/07\/motor0009.jpg\"><img loading=\"lazy\" decoding=\"async\" width=\"470\" height=\"345\"  src=\"http:\/\/www.leblogmoto.com\/images\/2008\/06\/25\/motor0009.jpg\" alt=\"Motor0009\" \/><\/a><\/p>\n<p>Un petit rappel n\u00e9cessaire apr\u00e8s le d\u00e9bat lanc\u00e9 la derni\u00e8re fois par <a href=\"http:\/\/blogs.thesocialmedia.com\/leblogmoto\/files\/2012\/07\/dans-ce-pays-dj.html_.png\">la d\u00e9p\u00eache AFP<\/a> sur notre blog. De l&rsquo;explosage du compteur au flirt avec la vitesse maxi autoris\u00e9e, voil\u00e0 ce que vous encourez. Tout d&rsquo;abord la base de la base: la <u>classification tripartite des infractions<\/u>. Celles-ci sont r\u00e9parties dans une sorte de gradation en contravention, d\u00e9lit et crime (article L.111-1 du Code p\u00e9nal). Concr\u00e8tement pour l&rsquo;usager de la route, envisageons d&rsquo;abord <u>le grand exc\u00e8s de vitesse<\/u>. Sup\u00e9rieur de 50 km\/h par rapport \u00e0 la vitesse limit\u00e9e, il n&rsquo;est pas un d\u00e9lit mais une contravention de la cinqui\u00e8me classe, et sanctionn\u00e9 comme tel par une amende d&rsquo;un montant maximum de 1500 \u20ac et trois ans de suspension de permis.<\/p>\n<p class=\"MsoNormal\">Le <u>d\u00e9lit de grande vitesse<\/u> selon l&rsquo;<span style=\"color: #333333\">article L. 413-1 du Code de la route, celui-ci n&rsquo;est constitu\u00e9 que si apr\u00e8s avoir commis une contravention de la cinqui\u00e8me classe devenue d\u00e9finitive le contrevenant commettait une nouvelle infraction de cette classe 5, donc identique \u00e0 la premi\u00e8re, dans le d\u00e9lai de 3 ans.<\/span><\/p>\n<p class=\"MsoNormal\">Comme nous l&rsquo;avions expliqu\u00e9 dans les commentaires de la d\u00e9p\u00eache AFP, le <u>d\u00e9lit de grande vitesse<\/u> vient frapper le <u>r\u00e9cidiviste<\/u> et non le primo contrevenant.<\/p>\n<p class=\"MsoNormal\"><span style=\"color: #333333\">Dans une fourchette exag\u00e9r\u00e9ment large et absurde, l&rsquo;<\/span><span style=\"color: #333333\">article R. 413-14 vient sanctionner <u>les exc\u00e8s de vitesse entre<\/u> 1 km\/h (en th\u00e9orie) et 49 km\/h: ce sont des contraventions de la classe 4. A l&rsquo;exception notable des exc\u00e8s de moins de 20 km\/h commis sur des voies limit\u00e9es \u00e0 plus de 50 km\/h qui eux sont qualifi\u00e9s de contravention de troisi\u00e8me classe.<\/span><\/p>\n<p class=\"MsoNormal\"><span style=\"color: #333333\"><a href=\"http:\/\/clabedan.typepad.com\/.shared\/image.html?\/photos\/uncategorized\/2008\/06\/30\/motor0011_2.jpg\"><img loading=\"lazy\" decoding=\"async\" width=\"470\" height=\"353\"  alt=\"Motor0011_2\" src=\"http:\/\/www.leblogmoto.com\/images\/2008\/06\/30\/motor0011_2.jpg\" \/><\/a> <\/span><\/p>\n<p><strong>Pour celles et ceux qui veulent aller plus loin que cet expos\u00e9 succinct<\/strong>: <\/p>\n<p>Je sais bien que pour nombre d&rsquo;entre-vous le droit est une mati\u00e8re aride, donc voici pr\u00e9sent\u00e9es \u00e0 part, les peines compl\u00e9mentaires qui viennent s&rsquo;ajouter \u00e0 la sanction principale, et les r\u00e9ductions du nombre de points aff\u00e9rentes pour <u>les simples exc\u00e8s de vitesse<\/u> telles que pr\u00e9vues et \u00e9dict\u00e9es \u00e0 l&rsquo;article R 413-14 du Code de la Route:<\/p>\n<p class=\"MsoNormal\"><span class=\"codetexte\">&nbsp; &nbsp; I &#8211; Le fait, pour tout conducteur d&rsquo;un v\u00e9hicule \u00e0 moteur, de <\/span><span class=\"t3br\">d\u00e9passer de moins de 50 km\/h<\/span><span class=\"codetexte\"> la vitesse maximale autoris\u00e9e fix\u00e9e par le pr\u00e9sent code ou \u00e9dict\u00e9e par l&rsquo;autorit\u00e9 investie du pouvoir de police est puni de l&rsquo;amende pr\u00e9vue pour les contraventions de la <\/span><span class=\"t3br\">quatri\u00e8me classe<\/span><span class=\"codetexte\">.<\/span><br \/> <span class=\"codetexte\">&nbsp;<\/span><span class=\"t3b\">Toutefois, lorsque le d\u00e9passement est inf\u00e9rieur \u00e0 20 km\/h et que la vitesse maximale autoris\u00e9e est sup\u00e9rieure \u00e0 50 km\/h, l&rsquo;amende encourue est celle pr\u00e9vue pour les contraventions de la<\/span> <span class=\"t3br\">troisi\u00e8me classe<\/span><span class=\"codetexte\">.<\/span><\/p>\n<p class=\"MsoNormal\">&nbsp; &nbsp; <span class=\"codetexte\">II &#8211; Toute personne coupable de l&rsquo;infraction de d\u00e9passement de la vitesse maximale autoris\u00e9e de 30 km\/h ou plus encourt \u00e9galement <u>les peines compl\u00e9mentaires suivantes<\/u> :<\/span><br \/> <span class=\"codetexte\">&nbsp; &nbsp; 1\u00b0 La suspension, pour une dur\u00e9e de trois ans au plus, du permis de conduire, cette suspension pouvant \u00eatre limit\u00e9e \u00e0 la conduite en dehors de l&rsquo;activit\u00e9 professionnelle ;<\/span><br \/> <span class=\"codetexte\">&nbsp; &nbsp; 2\u00b0 L&rsquo;interdiction de conduire certains v\u00e9hicules terrestres \u00e0 moteur, y compris ceux pour la conduite desquels le permis de conduire n&rsquo;est pas exig\u00e9, pour une dur\u00e9e de trois ans au plus ;<\/span><br \/> <span class=\"codetexte\">&nbsp; &nbsp; 3\u00b0 L&rsquo;obligation d&rsquo;accomplir, \u00e0 ses frais, un stage de sensibilisation \u00e0 la s\u00e9curit\u00e9 routi\u00e8re.<\/span><\/p>\n<p class=\"MsoNormal\"> <span class=\"codetexte\">&nbsp; &nbsp;III &#8211; Toute contravention pr\u00e9vue au pr\u00e9sent article donne lieu de plein droit \u00e0 une <u>r\u00e9duction du nombre de points du permis de conduire<\/u> dans les conditions suivantes :<\/span><br \/> <span class=\"codetexte\">&nbsp; 1\u00b0 En cas de d\u00e9passement de la vitesse maximale autoris\u00e9e compris entre 40 km\/h et moins de 50 km\/h, r\u00e9duction de quatre points ;<\/span><br \/> <span class=\"codetexte\">&nbsp; 2\u00b0 En cas de d\u00e9passement de la vitesse maximale autoris\u00e9e compris entre 30 km\/h et moins de 40 km\/h, r\u00e9duction de trois points ;<\/span><br \/> <span class=\"codetexte\">&nbsp; 3\u00b0 En cas de d\u00e9passement de la vitesse maximale autoris\u00e9e compris entre 20 km\/h et moins de 30 km\/h, r\u00e9duction de deux points ;<\/span><br \/> <span class=\"codetexte\">&nbsp; 4\u00b0 En cas de d\u00e9passement de la vitesse maximale autoris\u00e9e de moins de 20 km\/h, r\u00e9duction d&rsquo;un point.<\/span><\/p>\n<p class=\"MsoNormal\"><span class=\"codetexte\"><a href=\"http:\/\/blogs.thesocialmedia.com\/leblogmoto\/files\/2012\/07\/motor0001.jpg\"><img loading=\"lazy\" decoding=\"async\" width=\"470\" height=\"342\"  src=\"http:\/\/www.leblogmoto.com\/images\/2008\/06\/30\/motor0001.jpg\" alt=\"Motor0001\" \/><\/a> <\/span><\/p>\n<p>Et enfin, les peines compl\u00e9mentaires qui viennent s&rsquo;ajouter \u00e0 la sanction principale, et les r\u00e9ductions du nombre de points aff\u00e9rentes pour <u>le grand exc\u00e8s de vitesse<\/u> telles que mentionn\u00e9es \u00e0 l&rsquo;article R 413-14-1 dudit code:<\/p>\n<p>&nbsp; &nbsp; I &#8211; Le fait, pour tout conducteur d&rsquo;un v\u00e9hicule \u00e0 moteur, de d\u00e9passer de 50 km\/h ou plus la vitesse maximale autoris\u00e9e fix\u00e9e par le pr\u00e9sent code ou \u00e9dict\u00e9e par l&rsquo;autorit\u00e9 investie du pouvoir de police est puni de l&rsquo;amende pr\u00e9vue pour les contraventions de la cinqui\u00e8me classe. <\/p>\n<p> &nbsp; &nbsp;II &#8211; Toute personne&nbsp; coupable de cette infraction encourt \u00e9galement les peines compl\u00e9mentaires&nbsp; suivantes : <br \/> &nbsp; &nbsp; 1\u00ba La suspension du permis de conduire pour une dur\u00e9e de trois ans au plus, cette suspension ne pouvant pas \u00eatre limit\u00e9e \u00e0 la conduite en dehors de l&rsquo;activit\u00e9 professionnelle, ni \u00eatre assortie du sursis, m\u00eame partiellement ; <br \/> &nbsp; &nbsp; 2\u00ba L&rsquo;interdiction de conduire certains v\u00e9hicules terrestres \u00e0 moteur, y compris ceux pour la conduite desquels le permis de conduire n&rsquo;est pas exig\u00e9, pour une dur\u00e9e de trois ans au plus ; <br \/> &nbsp; &nbsp; 3\u00ba L&rsquo;obligation d&rsquo;accomplir, \u00e0 ses frais, un stage de sensibilisation \u00e0 la&nbsp; s\u00e9curit\u00e9 routi\u00e8re ; <br \/> &nbsp; &nbsp; 4\u00ba La <u>confiscation du v\u00e9hicule<\/u> dont le pr\u00e9venu s&rsquo;est servi pour commettre l&rsquo;infraction, s&rsquo;il en est <u>propri\u00e9taire<\/u>. <\/p>\n<p> &nbsp; &nbsp;III &#8211; Cette contravention donne lieu de plein droit \u00e0 la <u>r\u00e9duction de six&nbsp; points <\/u>du permis de conduire.<\/p>\n<p><a href=\"http:\/\/blogs.thesocialmedia.com\/leblogmoto\/files\/2012\/07\/motor0006.jpg\"><img loading=\"lazy\" decoding=\"async\" width=\"470\" height=\"271\"  alt=\"Motor0006\" src=\"http:\/\/www.leblogmoto.com\/images\/2008\/07\/07\/motor0006.jpg\" \/><\/a> <\/p>\n<p>Pour clore d\u00e9finitivement le sujet, voici \u00e0 la demande de certains d&rsquo;entre-vous en commentaire, l&rsquo;Article L 413-1 du Code de la route r\u00e9gissant le <u>d\u00e9lit de grande vitesse<\/u>:<\/p>\n<p>Est puni de trois mois d&#8217;emprisonnement et de 3 750 euros d&rsquo;amende tout conducteur d&rsquo;un v\u00e9hicule \u00e0 moteur qui, <u>d\u00e9j\u00e0 condamn\u00e9 d\u00e9finitivement pour un d\u00e9passement de la vitesse maximale autoris\u00e9e<\/u> \u00e9gal ou sup\u00e9rieur \u00e0 50 km\/h, commet la m\u00eame infraction en \u00e9tat de r\u00e9cidive dans les conditions pr\u00e9vues par le deuxi\u00e8me alin\u00e9a de l&rsquo;article 132-11 du code p\u00e9nal.<\/p>\n<p>Tout conducteur coupable de ce d\u00e9lit encourt \u00e9galement la peine compl\u00e9mentaire de suspension, pour une dur\u00e9e de trois ans au plus, du permis de conduire, cette suspension ne pouvant pas \u00eatre limit\u00e9e \u00e0 la conduite en dehors de l&rsquo;activit\u00e9 professionnelle. Il encourt \u00e9galement la peine d&rsquo;interdiction de conduire certains v\u00e9hicules terrestres \u00e0 moteur, pour une dur\u00e9e de cinq ans au plus, la peine d&rsquo;obligation d&rsquo;accomplir, \u00e0 ses frais, un stage de sensibilisation \u00e0 la s\u00e9curit\u00e9 routi\u00e8re ainsi que la peine de confiscation du v\u00e9hicule dont il s&rsquo;est servi pour commettre l&rsquo;infraction, s&rsquo;il en est le propri\u00e9taire.<\/p>\n<p>Ce d\u00e9lit donne lieu de plein droit \u00e0 la r\u00e9duction de la moiti\u00e9 du nombre maximal de points du permis de conduire.<\/p>\n<p class=\"MsoNormal\">\n<p class=\"MsoNormal\">\n","protected":false},"excerpt":{"rendered":"<p>Un petit rappel n\u00e9cessaire apr\u00e8s le d\u00e9bat lanc\u00e9 la derni\u00e8re fois par la d\u00e9p\u00eache AFP sur notre blog. De l&rsquo;explosage du compteur au flirt avec la vitesse maxi autoris\u00e9e, voil\u00e0 ce que vous encourez. Tout d&rsquo;abord la base de la base: la classification tripartite des infractions. Celles-ci sont r\u00e9parties dans une sorte de gradation en [&hellip;]<\/p>\n","protected":false},"author":324,"featured_media":0,"comment_status":"open","ping_status":"open","sticky":false,"template":"","format":"standard","meta":{"footnotes":""},"categories":[27,78],"tags":[],"class_list":["post-600","post","type-post","status-publish","format-standard","hentry","category-securite","category-tuyaux-et-astuces"],"yoast_head":"<!-- This site is optimized with the Yoast SEO plugin v26.0 - https:\/\/yoast.com\/wordpress\/plugins\/seo\/ -->\n<title>A c\u00f4t\u00e9 de moi, Valentino est une enclume et la route est mon circuit: ce qu&#039;en dit la loi. - leblogmoto.com<\/title>\n<meta name=\"robots\" content=\"index, follow, max-snippet:-1, max-image-preview:large, max-video-preview:-1\" \/>\n<link rel=\"canonical\" href=\"https:\/\/blogs.thesocialmedia.com\/leblogmoto\/2008\/06\/30\/a-ct-de-moi-val\/\" \/>\n<meta name=\"twitter:card\" content=\"summary_large_image\" \/>\n<meta name=\"twitter:title\" content=\"A c\u00f4t\u00e9 de moi, Valentino est une enclume et la route est mon circuit: ce qu&#039;en dit la loi. - leblogmoto.com\" \/>\n<meta name=\"twitter:description\" content=\"Un petit rappel n\u00e9cessaire apr\u00e8s le d\u00e9bat lanc\u00e9 la derni\u00e8re fois par la d\u00e9p\u00eache AFP sur notre blog. De l&rsquo;explosage du compteur au flirt avec la vitesse maxi autoris\u00e9e, voil\u00e0 ce que vous encourez. Tout d&rsquo;abord la base de la base: la classification tripartite des infractions. Celles-ci sont r\u00e9parties dans une sorte de gradation en [&hellip;]\" \/>\n<meta name=\"twitter:image\" content=\"http:\/\/www.leblogmoto.com\/images\/2008\/06\/25\/motor0009.jpg\" \/>\n<meta name=\"twitter:label1\" content=\"\u00c9crit par\" \/>\n\t<meta name=\"twitter:data1\" content=\"benoit rieu\" \/>\n\t<meta name=\"twitter:label2\" content=\"Dur\u00e9e de lecture estim\u00e9e\" \/>\n\t<meta name=\"twitter:data2\" content=\"6 minutes\" \/>\n<script type=\"application\/ld+json\" class=\"yoast-schema-graph\">{\"@context\":\"https:\/\/schema.org\",\"@graph\":[{\"@type\":\"WebPage\",\"@id\":\"https:\/\/blogs.thesocialmedia.com\/leblogmoto\/2008\/06\/30\/a-ct-de-moi-val\/\",\"url\":\"https:\/\/blogs.thesocialmedia.com\/leblogmoto\/2008\/06\/30\/a-ct-de-moi-val\/\",\"name\":\"A c\u00f4t\u00e9 de moi, Valentino est une enclume et la route est mon circuit: ce qu'en dit la loi. - leblogmoto.com\",\"isPartOf\":{\"@id\":\"https:\/\/blogs.thesocialmedia.com\/leblogmoto\/#website\"},\"primaryImageOfPage\":{\"@id\":\"https:\/\/blogs.thesocialmedia.com\/leblogmoto\/2008\/06\/30\/a-ct-de-moi-val\/#primaryimage\"},\"image\":{\"@id\":\"https:\/\/blogs.thesocialmedia.com\/leblogmoto\/2008\/06\/30\/a-ct-de-moi-val\/#primaryimage\"},\"thumbnailUrl\":\"http:\/\/www.leblogmoto.com\/images\/2008\/06\/25\/motor0009.jpg\",\"datePublished\":\"2008-06-30T23:58:00+00:00\",\"dateModified\":\"2012-07-11T16:04:27+00:00\",\"author\":{\"@id\":\"https:\/\/blogs.thesocialmedia.com\/leblogmoto\/#\/schema\/person\/18bfe773e5725ed6d24f743da805362a\"},\"breadcrumb\":{\"@id\":\"https:\/\/blogs.thesocialmedia.com\/leblogmoto\/2008\/06\/30\/a-ct-de-moi-val\/#breadcrumb\"},\"inLanguage\":\"fr-FR\",\"potentialAction\":[{\"@type\":\"ReadAction\",\"target\":[\"https:\/\/blogs.thesocialmedia.com\/leblogmoto\/2008\/06\/30\/a-ct-de-moi-val\/\"]}]},{\"@type\":\"ImageObject\",\"inLanguage\":\"fr-FR\",\"@id\":\"https:\/\/blogs.thesocialmedia.com\/leblogmoto\/2008\/06\/30\/a-ct-de-moi-val\/#primaryimage\",\"url\":\"http:\/\/www.leblogmoto.com\/images\/2008\/06\/25\/motor0009.jpg\",\"contentUrl\":\"http:\/\/www.leblogmoto.com\/images\/2008\/06\/25\/motor0009.jpg\"},{\"@type\":\"BreadcrumbList\",\"@id\":\"https:\/\/blogs.thesocialmedia.com\/leblogmoto\/2008\/06\/30\/a-ct-de-moi-val\/#breadcrumb\",\"itemListElement\":[{\"@type\":\"ListItem\",\"position\":1,\"name\":\"Accueil\",\"item\":\"https:\/\/blogs.thesocialmedia.com\/leblogmoto\/\"},{\"@type\":\"ListItem\",\"position\":2,\"name\":\"A c\u00f4t\u00e9 de moi, Valentino est une enclume et la route est mon circuit: ce qu&rsquo;en dit la loi.\"}]},{\"@type\":\"WebSite\",\"@id\":\"https:\/\/blogs.thesocialmedia.com\/leblogmoto\/#website\",\"url\":\"https:\/\/blogs.thesocialmedia.com\/leblogmoto\/\",\"name\":\"leblogmoto\",\"description\":\"Toute l&#039;actualit\u00e9 des 2 roues\",\"potentialAction\":[{\"@type\":\"SearchAction\",\"target\":{\"@type\":\"EntryPoint\",\"urlTemplate\":\"https:\/\/blogs.thesocialmedia.com\/leblogmoto\/?s={search_term_string}\"},\"query-input\":{\"@type\":\"PropertyValueSpecification\",\"valueRequired\":true,\"valueName\":\"search_term_string\"}}],\"inLanguage\":\"fr-FR\"},{\"@type\":\"Person\",\"@id\":\"https:\/\/blogs.thesocialmedia.com\/leblogmoto\/#\/schema\/person\/18bfe773e5725ed6d24f743da805362a\",\"name\":\"benoit rieu\",\"image\":{\"@type\":\"ImageObject\",\"inLanguage\":\"fr-FR\",\"@id\":\"https:\/\/blogs.thesocialmedia.com\/leblogmoto\/#\/schema\/person\/image\/\",\"url\":\"https:\/\/secure.gravatar.com\/avatar\/?s=96&d=mm&r=g\",\"contentUrl\":\"https:\/\/secure.gravatar.com\/avatar\/?s=96&d=mm&r=g\",\"caption\":\"benoit rieu\"},\"url\":\"https:\/\/blogs.thesocialmedia.com\/leblogmoto\/author\/benoit-rieu\/\"}]}<\/script>\n<!-- \/ Yoast SEO plugin. -->","yoast_head_json":{"title":"A c\u00f4t\u00e9 de moi, Valentino est une enclume et la route est mon circuit: ce qu'en dit la loi. - leblogmoto.com","robots":{"index":"index","follow":"follow","max-snippet":"max-snippet:-1","max-image-preview":"max-image-preview:large","max-video-preview":"max-video-preview:-1"},"canonical":"https:\/\/blogs.thesocialmedia.com\/leblogmoto\/2008\/06\/30\/a-ct-de-moi-val\/","twitter_card":"summary_large_image","twitter_title":"A c\u00f4t\u00e9 de moi, Valentino est une enclume et la route est mon circuit: ce qu'en dit la loi. - leblogmoto.com","twitter_description":"Un petit rappel n\u00e9cessaire apr\u00e8s le d\u00e9bat lanc\u00e9 la derni\u00e8re fois par la d\u00e9p\u00eache AFP sur notre blog. De l&rsquo;explosage du compteur au flirt avec la vitesse maxi autoris\u00e9e, voil\u00e0 ce que vous encourez. Tout d&rsquo;abord la base de la base: la classification tripartite des infractions. Celles-ci sont r\u00e9parties dans une sorte de gradation en [&hellip;]","twitter_image":"http:\/\/www.leblogmoto.com\/images\/2008\/06\/25\/motor0009.jpg","twitter_misc":{"\u00c9crit par":"benoit rieu","Dur\u00e9e de lecture estim\u00e9e":"6 minutes"},"schema":{"@context":"https:\/\/schema.org","@graph":[{"@type":"WebPage","@id":"https:\/\/blogs.thesocialmedia.com\/leblogmoto\/2008\/06\/30\/a-ct-de-moi-val\/","url":"https:\/\/blogs.thesocialmedia.com\/leblogmoto\/2008\/06\/30\/a-ct-de-moi-val\/","name":"A c\u00f4t\u00e9 de moi, Valentino est une enclume et la route est mon circuit: ce qu'en dit la loi. - leblogmoto.com","isPartOf":{"@id":"https:\/\/blogs.thesocialmedia.com\/leblogmoto\/#website"},"primaryImageOfPage":{"@id":"https:\/\/blogs.thesocialmedia.com\/leblogmoto\/2008\/06\/30\/a-ct-de-moi-val\/#primaryimage"},"image":{"@id":"https:\/\/blogs.thesocialmedia.com\/leblogmoto\/2008\/06\/30\/a-ct-de-moi-val\/#primaryimage"},"thumbnailUrl":"http:\/\/www.leblogmoto.com\/images\/2008\/06\/25\/motor0009.jpg","datePublished":"2008-06-30T23:58:00+00:00","dateModified":"2012-07-11T16:04:27+00:00","author":{"@id":"https:\/\/blogs.thesocialmedia.com\/leblogmoto\/#\/schema\/person\/18bfe773e5725ed6d24f743da805362a"},"breadcrumb":{"@id":"https:\/\/blogs.thesocialmedia.com\/leblogmoto\/2008\/06\/30\/a-ct-de-moi-val\/#breadcrumb"},"inLanguage":"fr-FR","potentialAction":[{"@type":"ReadAction","target":["https:\/\/blogs.thesocialmedia.com\/leblogmoto\/2008\/06\/30\/a-ct-de-moi-val\/"]}]},{"@type":"ImageObject","inLanguage":"fr-FR","@id":"https:\/\/blogs.thesocialmedia.com\/leblogmoto\/2008\/06\/30\/a-ct-de-moi-val\/#primaryimage","url":"http:\/\/www.leblogmoto.com\/images\/2008\/06\/25\/motor0009.jpg","contentUrl":"http:\/\/www.leblogmoto.com\/images\/2008\/06\/25\/motor0009.jpg"},{"@type":"BreadcrumbList","@id":"https:\/\/blogs.thesocialmedia.com\/leblogmoto\/2008\/06\/30\/a-ct-de-moi-val\/#breadcrumb","itemListElement":[{"@type":"ListItem","position":1,"name":"Accueil","item":"https:\/\/blogs.thesocialmedia.com\/leblogmoto\/"},{"@type":"ListItem","position":2,"name":"A c\u00f4t\u00e9 de moi, Valentino est une enclume et la route est mon circuit: ce qu&rsquo;en dit la loi."}]},{"@type":"WebSite","@id":"https:\/\/blogs.thesocialmedia.com\/leblogmoto\/#website","url":"https:\/\/blogs.thesocialmedia.com\/leblogmoto\/","name":"leblogmoto","description":"Toute l&#039;actualit\u00e9 des 2 roues","potentialAction":[{"@type":"SearchAction","target":{"@type":"EntryPoint","urlTemplate":"https:\/\/blogs.thesocialmedia.com\/leblogmoto\/?s={search_term_string}"},"query-input":{"@type":"PropertyValueSpecification","valueRequired":true,"valueName":"search_term_string"}}],"inLanguage":"fr-FR"},{"@type":"Person","@id":"https:\/\/blogs.thesocialmedia.com\/leblogmoto\/#\/schema\/person\/18bfe773e5725ed6d24f743da805362a","name":"benoit rieu","image":{"@type":"ImageObject","inLanguage":"fr-FR","@id":"https:\/\/blogs.thesocialmedia.com\/leblogmoto\/#\/schema\/person\/image\/","url":"https:\/\/secure.gravatar.com\/avatar\/?s=96&d=mm&r=g","contentUrl":"https:\/\/secure.gravatar.com\/avatar\/?s=96&d=mm&r=g","caption":"benoit rieu"},"url":"https:\/\/blogs.thesocialmedia.com\/leblogmoto\/author\/benoit-rieu\/"}]}},"_links":{"self":[{"href":"https:\/\/blogs.thesocialmedia.com\/leblogmoto\/wp-json\/wp\/v2\/posts\/600","targetHints":{"allow":["GET"]}}],"collection":[{"href":"https:\/\/blogs.thesocialmedia.com\/leblogmoto\/wp-json\/wp\/v2\/posts"}],"about":[{"href":"https:\/\/blogs.thesocialmedia.com\/leblogmoto\/wp-json\/wp\/v2\/types\/post"}],"author":[{"embeddable":true,"href":"https:\/\/blogs.thesocialmedia.com\/leblogmoto\/wp-json\/wp\/v2\/users\/324"}],"replies":[{"embeddable":true,"href":"https:\/\/blogs.thesocialmedia.com\/leblogmoto\/wp-json\/wp\/v2\/comments?post=600"}],"version-history":[{"count":2,"href":"https:\/\/blogs.thesocialmedia.com\/leblogmoto\/wp-json\/wp\/v2\/posts\/600\/revisions"}],"predecessor-version":[{"id":11198,"href":"https:\/\/blogs.thesocialmedia.com\/leblogmoto\/wp-json\/wp\/v2\/posts\/600\/revisions\/11198"}],"wp:attachment":[{"href":"https:\/\/blogs.thesocialmedia.com\/leblogmoto\/wp-json\/wp\/v2\/media?parent=600"}],"wp:term":[{"taxonomy":"category","embeddable":true,"href":"https:\/\/blogs.thesocialmedia.com\/leblogmoto\/wp-json\/wp\/v2\/categories?post=600"},{"taxonomy":"post_tag","embeddable":true,"href":"https:\/\/blogs.thesocialmedia.com\/leblogmoto\/wp-json\/wp\/v2\/tags?post=600"}],"curies":[{"name":"wp","href":"https:\/\/api.w.org\/{rel}","templated":true}]}}