{"id":603,"date":"2008-06-27T03:35:12","date_gmt":"2008-06-27T03:35:12","guid":{"rendered":"http:\/\/blogs.thesocialmedia.com\/leblogmoto\/2008\/06\/27\/album-du-vend-2-9\/"},"modified":"2012-07-11T16:03:36","modified_gmt":"2012-07-11T16:03:36","slug":"album-du-vend-2-9","status":"publish","type":"post","link":"https:\/\/blogs.thesocialmedia.com\/leblogmoto\/2008\/06\/27\/album-du-vend-2-9\/","title":{"rendered":"Album du vendredi, Scooter mania"},"content":{"rendered":"<p><a href=\"http:\/\/blogs.thesocialmedia.com\/leblogmoto\/files\/2012\/07\/scoot1.jpg\"><img loading=\"lazy\" decoding=\"async\" width=\"470\" height=\"312\"  src=\"http:\/\/www.leblogmoto.com\/images\/2008\/06\/26\/scoot1.jpg\" alt=\"Scoot1\" \/><\/a> <\/p>\n<p>Avec les m\u00e9saventures judiciaires des fils <a href=\"http:\/\/www.lefigaro.fr\/actualite-france\/2008\/06\/26\/01016-20080626ARTFIG00016-jean-sarkozy-juge-pourun-accident-de-scooter.php\">Sarkozy<\/a> et <a href=\"http:\/\/moncinema.cyberpresse.ca\/nouvelles-et-critiques\/nouvelles\/nouvelle-cinema\/4788-Guillaume-Depardieu-condamne-a-deux-mois-de-prison.html\">Depardieu<\/a>, qui au guidon de scooters d\u00e9fient la loi et l&rsquo;ordre, pourquoi ne pas explorer, avec cet Album, le c\u00f4t\u00e9 d\u00e9cal\u00e9 de ce v\u00e9hicule d\u00e9mocratique.<br \/>Leurs p\u00e8res sont de la g\u00e9n\u00e9ration de l&rsquo;imagination au pouvoir, et je vais garder pour moi mes r\u00e9flexions sur le pouvoir et l&rsquo;imagination, mais ces scooters, \u00e0 d\u00e9faut de pouvoir (lire puissance n&rsquo;est-ce pas), ont de l&rsquo;imagination \u00e0 revendre.<\/p>\n<p><a href=\"http:\/\/clabedan.typepad.com\/.shared\/image.html?\/photos\/uncategorized\/2008\/06\/26\/scoot2.jpg\"><img loading=\"lazy\" decoding=\"async\" width=\"470\" height=\"273\"  src=\"http:\/\/www.leblogmoto.com\/images\/2008\/06\/26\/scoot2.jpg\" alt=\"Scoot2\" \/><\/a> <\/p>\n<p><a href=\"http:\/\/blogs.thesocialmedia.com\/leblogmoto\/files\/2012\/07\/scoot3.jpg\"><img loading=\"lazy\" decoding=\"async\" width=\"470\" height=\"342\"  src=\"http:\/\/www.leblogmoto.com\/images\/2008\/06\/26\/scoot3.jpg\" alt=\"Scoot3\" \/><\/a> <\/p>\n<p><a href=\"http:\/\/blogs.thesocialmedia.com\/leblogmoto\/files\/2012\/07\/scoot4.jpg\"><img loading=\"lazy\" decoding=\"async\" width=\"470\" height=\"335\"  src=\"http:\/\/www.leblogmoto.com\/images\/2008\/06\/26\/scoot4.jpg\" alt=\"Scoot4\" \/><\/a> <\/p>\n<p><a href=\"http:\/\/blogs.thesocialmedia.com\/leblogmoto\/files\/2012\/07\/scoot5.jpg\"><img loading=\"lazy\" decoding=\"async\" width=\"470\" height=\"626\"  src=\"http:\/\/www.leblogmoto.com\/images\/2008\/06\/26\/scoot5.jpg\" alt=\"Scoot5\" \/><\/a> <\/p>\n<p><a href=\"http:\/\/blogs.thesocialmedia.com\/leblogmoto\/files\/2012\/07\/scoot6.jpg\"><img loading=\"lazy\" decoding=\"async\" width=\"470\" height=\"352\"  src=\"http:\/\/www.leblogmoto.com\/images\/2008\/06\/26\/scoot6.jpg\" alt=\"Scoot6\" \/><\/a> <\/p>\n<p><a href=\"http:\/\/blogs.thesocialmedia.com\/leblogmoto\/files\/2012\/07\/scoot7.jpg\"><img loading=\"lazy\" decoding=\"async\" width=\"470\" height=\"351\"  src=\"http:\/\/www.leblogmoto.com\/images\/2008\/06\/26\/scoot7.jpg\" alt=\"Scoot7\" \/><\/a> <\/p>\n<p><a href=\"http:\/\/blogs.thesocialmedia.com\/leblogmoto\/files\/2012\/07\/scoot8.jpg\"><img loading=\"lazy\" decoding=\"async\" width=\"470\" height=\"344\"  src=\"http:\/\/www.leblogmoto.com\/images\/2008\/06\/26\/scoot8.jpg\" alt=\"Scoot8\" \/><\/a> <\/p>\n<p><a href=\"http:\/\/blogs.thesocialmedia.com\/leblogmoto\/files\/2012\/07\/scoot9.jpg\"><img loading=\"lazy\" decoding=\"async\" width=\"470\" height=\"352\"  src=\"http:\/\/www.leblogmoto.com\/images\/2008\/06\/26\/scoot9.jpg\" alt=\"Scoot9\" \/><\/a> <\/p>\n<p><a href=\"http:\/\/blogs.thesocialmedia.com\/leblogmoto\/files\/2012\/07\/scoot10.jpg\"><img loading=\"lazy\" decoding=\"async\" width=\"470\" height=\"458\"  src=\"http:\/\/www.leblogmoto.com\/images\/2008\/06\/26\/scoot10.jpg\" alt=\"Scoot10\" \/><\/a> <\/p>\n<p><a href=\"http:\/\/blogs.thesocialmedia.com\/leblogmoto\/files\/2012\/07\/scoot11.jpg\"><img loading=\"lazy\" decoding=\"async\" width=\"470\" height=\"377\"  src=\"http:\/\/www.leblogmoto.com\/images\/2008\/06\/26\/scoot11.jpg\" alt=\"Scoot11\" \/><\/a> <\/p>\n<p><a href=\"http:\/\/blogs.thesocialmedia.com\/leblogmoto\/files\/2012\/07\/scoot12.jpg\"><img loading=\"lazy\" decoding=\"async\" width=\"470\" height=\"319\"  src=\"http:\/\/www.leblogmoto.com\/images\/2008\/06\/26\/scoot12.jpg\" alt=\"Scoot12\" \/><\/a> <\/p>\n<p>Et avec tous ces chats nomm\u00e9s Scooter, je ne pouvais y \u00e9chapper.<\/p>\n<p><a href=\"http:\/\/blogs.thesocialmedia.com\/leblogmoto\/files\/2012\/07\/scoot13.jpg\"><img loading=\"lazy\" decoding=\"async\" width=\"470\" height=\"356\"  src=\"http:\/\/www.leblogmoto.com\/images\/2008\/06\/26\/scoot13.jpg\" alt=\"Scoot13\" \/><\/a> <\/p>\n","protected":false},"excerpt":{"rendered":"<p>Avec les m\u00e9saventures judiciaires des fils Sarkozy et Depardieu, qui au guidon de scooters d\u00e9fient la loi et l&rsquo;ordre, pourquoi ne pas explorer, avec cet Album, le c\u00f4t\u00e9 d\u00e9cal\u00e9 de ce v\u00e9hicule d\u00e9mocratique.Leurs p\u00e8res sont de la g\u00e9n\u00e9ration de l&rsquo;imagination au pouvoir, et je vais garder pour moi mes r\u00e9flexions sur le pouvoir et l&rsquo;imagination, [&hellip;]<\/p>\n","protected":false},"author":325,"featured_media":0,"comment_status":"open","ping_status":"open","sticky":false,"template":"","format":"standard","meta":{"footnotes":""},"categories":[19],"tags":[],"class_list":["post-603","post","type-post","status-publish","format-standard","hentry","category-scooter"],"yoast_head":"<!-- This site is optimized with the Yoast SEO plugin v26.0 - https:\/\/yoast.com\/wordpress\/plugins\/seo\/ -->\n<title>Album du vendredi, Scooter mania - leblogmoto.com<\/title>\n<meta name=\"robots\" content=\"index, follow, max-snippet:-1, max-image-preview:large, max-video-preview:-1\" \/>\n<link rel=\"canonical\" href=\"https:\/\/blogs.thesocialmedia.com\/leblogmoto\/2008\/06\/27\/album-du-vend-2-9\/\" \/>\n<meta name=\"twitter:card\" content=\"summary_large_image\" \/>\n<meta name=\"twitter:title\" content=\"Album du vendredi, Scooter mania - leblogmoto.com\" \/>\n<meta name=\"twitter:description\" content=\"Avec les m\u00e9saventures judiciaires des fils Sarkozy et Depardieu, qui au guidon de scooters d\u00e9fient la loi et l&rsquo;ordre, pourquoi ne pas explorer, avec cet Album, le c\u00f4t\u00e9 d\u00e9cal\u00e9 de ce v\u00e9hicule d\u00e9mocratique.Leurs p\u00e8res sont de la g\u00e9n\u00e9ration de l&rsquo;imagination au pouvoir, et je vais garder pour moi mes r\u00e9flexions sur le pouvoir et l&rsquo;imagination, [&hellip;]\" \/>\n<meta name=\"twitter:image\" content=\"http:\/\/www.leblogmoto.com\/images\/2008\/06\/26\/scoot1.jpg\" \/>\n<meta name=\"twitter:label1\" content=\"\u00c9crit par\" \/>\n\t<meta name=\"twitter:data1\" content=\"jacques lesage\" \/>\n<script type=\"application\/ld+json\" class=\"yoast-schema-graph\">{\"@context\":\"https:\/\/schema.org\",\"@graph\":[{\"@type\":\"WebPage\",\"@id\":\"https:\/\/blogs.thesocialmedia.com\/leblogmoto\/2008\/06\/27\/album-du-vend-2-9\/\",\"url\":\"https:\/\/blogs.thesocialmedia.com\/leblogmoto\/2008\/06\/27\/album-du-vend-2-9\/\",\"name\":\"Album du vendredi, Scooter mania - leblogmoto.com\",\"isPartOf\":{\"@id\":\"https:\/\/blogs.thesocialmedia.com\/leblogmoto\/#website\"},\"primaryImageOfPage\":{\"@id\":\"https:\/\/blogs.thesocialmedia.com\/leblogmoto\/2008\/06\/27\/album-du-vend-2-9\/#primaryimage\"},\"image\":{\"@id\":\"https:\/\/blogs.thesocialmedia.com\/leblogmoto\/2008\/06\/27\/album-du-vend-2-9\/#primaryimage\"},\"thumbnailUrl\":\"http:\/\/www.leblogmoto.com\/images\/2008\/06\/26\/scoot1.jpg\",\"datePublished\":\"2008-06-27T03:35:12+00:00\",\"dateModified\":\"2012-07-11T16:03:36+00:00\",\"author\":{\"@id\":\"https:\/\/blogs.thesocialmedia.com\/leblogmoto\/#\/schema\/person\/e82a0ca8a9a63d031586097a3ed58526\"},\"breadcrumb\":{\"@id\":\"https:\/\/blogs.thesocialmedia.com\/leblogmoto\/2008\/06\/27\/album-du-vend-2-9\/#breadcrumb\"},\"inLanguage\":\"fr-FR\",\"potentialAction\":[{\"@type\":\"ReadAction\",\"target\":[\"https:\/\/blogs.thesocialmedia.com\/leblogmoto\/2008\/06\/27\/album-du-vend-2-9\/\"]}]},{\"@type\":\"ImageObject\",\"inLanguage\":\"fr-FR\",\"@id\":\"https:\/\/blogs.thesocialmedia.com\/leblogmoto\/2008\/06\/27\/album-du-vend-2-9\/#primaryimage\",\"url\":\"http:\/\/www.leblogmoto.com\/images\/2008\/06\/26\/scoot1.jpg\",\"contentUrl\":\"http:\/\/www.leblogmoto.com\/images\/2008\/06\/26\/scoot1.jpg\"},{\"@type\":\"BreadcrumbList\",\"@id\":\"https:\/\/blogs.thesocialmedia.com\/leblogmoto\/2008\/06\/27\/album-du-vend-2-9\/#breadcrumb\",\"itemListElement\":[{\"@type\":\"ListItem\",\"position\":1,\"name\":\"Accueil\",\"item\":\"https:\/\/blogs.thesocialmedia.com\/leblogmoto\/\"},{\"@type\":\"ListItem\",\"position\":2,\"name\":\"Album du vendredi, Scooter mania\"}]},{\"@type\":\"WebSite\",\"@id\":\"https:\/\/blogs.thesocialmedia.com\/leblogmoto\/#website\",\"url\":\"https:\/\/blogs.thesocialmedia.com\/leblogmoto\/\",\"name\":\"leblogmoto\",\"description\":\"Toute l&#039;actualit\u00e9 des 2 roues\",\"potentialAction\":[{\"@type\":\"SearchAction\",\"target\":{\"@type\":\"EntryPoint\",\"urlTemplate\":\"https:\/\/blogs.thesocialmedia.com\/leblogmoto\/?s={search_term_string}\"},\"query-input\":{\"@type\":\"PropertyValueSpecification\",\"valueRequired\":true,\"valueName\":\"search_term_string\"}}],\"inLanguage\":\"fr-FR\"},{\"@type\":\"Person\",\"@id\":\"https:\/\/blogs.thesocialmedia.com\/leblogmoto\/#\/schema\/person\/e82a0ca8a9a63d031586097a3ed58526\",\"name\":\"jacques lesage\",\"image\":{\"@type\":\"ImageObject\",\"inLanguage\":\"fr-FR\",\"@id\":\"https:\/\/blogs.thesocialmedia.com\/leblogmoto\/#\/schema\/person\/image\/\",\"url\":\"https:\/\/secure.gravatar.com\/avatar\/?s=96&d=mm&r=g\",\"contentUrl\":\"https:\/\/secure.gravatar.com\/avatar\/?s=96&d=mm&r=g\",\"caption\":\"jacques lesage\"},\"url\":\"https:\/\/blogs.thesocialmedia.com\/leblogmoto\/author\/jacques-lesage\/\"}]}<\/script>\n<!-- \/ Yoast SEO plugin. -->","yoast_head_json":{"title":"Album du vendredi, Scooter mania - leblogmoto.com","robots":{"index":"index","follow":"follow","max-snippet":"max-snippet:-1","max-image-preview":"max-image-preview:large","max-video-preview":"max-video-preview:-1"},"canonical":"https:\/\/blogs.thesocialmedia.com\/leblogmoto\/2008\/06\/27\/album-du-vend-2-9\/","twitter_card":"summary_large_image","twitter_title":"Album du vendredi, Scooter mania - leblogmoto.com","twitter_description":"Avec les m\u00e9saventures judiciaires des fils Sarkozy et Depardieu, qui au guidon de scooters d\u00e9fient la loi et l&rsquo;ordre, pourquoi ne pas explorer, avec cet Album, le c\u00f4t\u00e9 d\u00e9cal\u00e9 de ce v\u00e9hicule d\u00e9mocratique.Leurs p\u00e8res sont de la g\u00e9n\u00e9ration de l&rsquo;imagination au pouvoir, et je vais garder pour moi mes r\u00e9flexions sur le pouvoir et l&rsquo;imagination, [&hellip;]","twitter_image":"http:\/\/www.leblogmoto.com\/images\/2008\/06\/26\/scoot1.jpg","twitter_misc":{"\u00c9crit par":"jacques lesage"},"schema":{"@context":"https:\/\/schema.org","@graph":[{"@type":"WebPage","@id":"https:\/\/blogs.thesocialmedia.com\/leblogmoto\/2008\/06\/27\/album-du-vend-2-9\/","url":"https:\/\/blogs.thesocialmedia.com\/leblogmoto\/2008\/06\/27\/album-du-vend-2-9\/","name":"Album du vendredi, Scooter mania - leblogmoto.com","isPartOf":{"@id":"https:\/\/blogs.thesocialmedia.com\/leblogmoto\/#website"},"primaryImageOfPage":{"@id":"https:\/\/blogs.thesocialmedia.com\/leblogmoto\/2008\/06\/27\/album-du-vend-2-9\/#primaryimage"},"image":{"@id":"https:\/\/blogs.thesocialmedia.com\/leblogmoto\/2008\/06\/27\/album-du-vend-2-9\/#primaryimage"},"thumbnailUrl":"http:\/\/www.leblogmoto.com\/images\/2008\/06\/26\/scoot1.jpg","datePublished":"2008-06-27T03:35:12+00:00","dateModified":"2012-07-11T16:03:36+00:00","author":{"@id":"https:\/\/blogs.thesocialmedia.com\/leblogmoto\/#\/schema\/person\/e82a0ca8a9a63d031586097a3ed58526"},"breadcrumb":{"@id":"https:\/\/blogs.thesocialmedia.com\/leblogmoto\/2008\/06\/27\/album-du-vend-2-9\/#breadcrumb"},"inLanguage":"fr-FR","potentialAction":[{"@type":"ReadAction","target":["https:\/\/blogs.thesocialmedia.com\/leblogmoto\/2008\/06\/27\/album-du-vend-2-9\/"]}]},{"@type":"ImageObject","inLanguage":"fr-FR","@id":"https:\/\/blogs.thesocialmedia.com\/leblogmoto\/2008\/06\/27\/album-du-vend-2-9\/#primaryimage","url":"http:\/\/www.leblogmoto.com\/images\/2008\/06\/26\/scoot1.jpg","contentUrl":"http:\/\/www.leblogmoto.com\/images\/2008\/06\/26\/scoot1.jpg"},{"@type":"BreadcrumbList","@id":"https:\/\/blogs.thesocialmedia.com\/leblogmoto\/2008\/06\/27\/album-du-vend-2-9\/#breadcrumb","itemListElement":[{"@type":"ListItem","position":1,"name":"Accueil","item":"https:\/\/blogs.thesocialmedia.com\/leblogmoto\/"},{"@type":"ListItem","position":2,"name":"Album du vendredi, Scooter mania"}]},{"@type":"WebSite","@id":"https:\/\/blogs.thesocialmedia.com\/leblogmoto\/#website","url":"https:\/\/blogs.thesocialmedia.com\/leblogmoto\/","name":"leblogmoto","description":"Toute l&#039;actualit\u00e9 des 2 roues","potentialAction":[{"@type":"SearchAction","target":{"@type":"EntryPoint","urlTemplate":"https:\/\/blogs.thesocialmedia.com\/leblogmoto\/?s={search_term_string}"},"query-input":{"@type":"PropertyValueSpecification","valueRequired":true,"valueName":"search_term_string"}}],"inLanguage":"fr-FR"},{"@type":"Person","@id":"https:\/\/blogs.thesocialmedia.com\/leblogmoto\/#\/schema\/person\/e82a0ca8a9a63d031586097a3ed58526","name":"jacques lesage","image":{"@type":"ImageObject","inLanguage":"fr-FR","@id":"https:\/\/blogs.thesocialmedia.com\/leblogmoto\/#\/schema\/person\/image\/","url":"https:\/\/secure.gravatar.com\/avatar\/?s=96&d=mm&r=g","contentUrl":"https:\/\/secure.gravatar.com\/avatar\/?s=96&d=mm&r=g","caption":"jacques lesage"},"url":"https:\/\/blogs.thesocialmedia.com\/leblogmoto\/author\/jacques-lesage\/"}]}},"_links":{"self":[{"href":"https:\/\/blogs.thesocialmedia.com\/leblogmoto\/wp-json\/wp\/v2\/posts\/603","targetHints":{"allow":["GET"]}}],"collection":[{"href":"https:\/\/blogs.thesocialmedia.com\/leblogmoto\/wp-json\/wp\/v2\/posts"}],"about":[{"href":"https:\/\/blogs.thesocialmedia.com\/leblogmoto\/wp-json\/wp\/v2\/types\/post"}],"author":[{"embeddable":true,"href":"https:\/\/blogs.thesocialmedia.com\/leblogmoto\/wp-json\/wp\/v2\/users\/325"}],"replies":[{"embeddable":true,"href":"https:\/\/blogs.thesocialmedia.com\/leblogmoto\/wp-json\/wp\/v2\/comments?post=603"}],"version-history":[{"count":2,"href":"https:\/\/blogs.thesocialmedia.com\/leblogmoto\/wp-json\/wp\/v2\/posts\/603\/revisions"}],"predecessor-version":[{"id":11176,"href":"https:\/\/blogs.thesocialmedia.com\/leblogmoto\/wp-json\/wp\/v2\/posts\/603\/revisions\/11176"}],"wp:attachment":[{"href":"https:\/\/blogs.thesocialmedia.com\/leblogmoto\/wp-json\/wp\/v2\/media?parent=603"}],"wp:term":[{"taxonomy":"category","embeddable":true,"href":"https:\/\/blogs.thesocialmedia.com\/leblogmoto\/wp-json\/wp\/v2\/categories?post=603"},{"taxonomy":"post_tag","embeddable":true,"href":"https:\/\/blogs.thesocialmedia.com\/leblogmoto\/wp-json\/wp\/v2\/tags?post=603"}],"curies":[{"name":"wp","href":"https:\/\/api.w.org\/{rel}","templated":true}]}}