{"id":608,"date":"2008-06-23T23:49:44","date_gmt":"2008-06-23T23:49:44","guid":{"rendered":"http:\/\/blogs.thesocialmedia.com\/leblogmoto\/2008\/06\/23\/une-initiative\/"},"modified":"2012-07-11T16:02:33","modified_gmt":"2012-07-11T16:02:33","slug":"une-initiative","status":"publish","type":"post","link":"https:\/\/blogs.thesocialmedia.com\/leblogmoto\/2008\/06\/23\/une-initiative\/","title":{"rendered":"Une bonne initiative de celui chez qui on ne \u00ab\u00a0viendra plus par hasard\u00a0\u00bb."},"content":{"rendered":"<p><a href=\"http:\/\/blogs.thesocialmedia.com\/leblogmoto\/files\/2012\/07\/pompes.jpg\"><img loading=\"lazy\" decoding=\"async\" width=\"470\" height=\"353\"  src=\"http:\/\/www.leblogmoto.com\/images\/2008\/06\/23\/pompes.jpg\" alt=\"Pompes\" \/><\/a><\/p>\n<p>Cela vous dit quelque chose cette r\u00e9f\u00e9rence \u00e0 l&rsquo;ancien slogan publicitaire ? Notre ami et visiteur du matin Mike Werner se fait l&rsquo;\u00e9cho <a href=\"http:\/\/news.motorbiker.org\/blogs.nsf\/dx\/first-motorcycle-friendly-petrol-station-opens.htm\">sur son blog<\/a> <em>Bike in the fast lane<\/em>, de l&rsquo;heureuse initiative de la compagnie p\u00e9troli\u00e8re Total qui depuis fin avril et pour une dur\u00e9e de 6 mois, met en place, dans la station service de l&rsquo;Isle Adam dans le 95, sise 44 Avenue de Paris, un espace d\u00e9di\u00e9 aux deux roues. Avant de le g\u00e9n\u00e9raliser, si le concept est couronn\u00e9 de succ\u00e8s; comprenez: si les sesterces des riders et bikers rentrent dans leurs poches. Voyons d&rsquo;un peu plus pr\u00e8s ce que le groupe met en avant pour nous s\u00e9duire, et tenter de d\u00e9gager les mesures gadgets et cosm\u00e9tiques, de l&rsquo;essentiel. <\/p>\n<p>Remarquons d&rsquo;entr\u00e9e que la firme n&rsquo;est pas ferm\u00e9e \u00e0 toute am\u00e9lioration puisqu&rsquo;elle parle de &quot;station prototype deux roues&quot;, et que le motard pourra apporter ses remarques afin d&rsquo;am\u00e9liorer l&rsquo;offre de l&rsquo;entreprise. En principe tout au moins.<\/p>\n<p>Cette pompe, con\u00e7ue pour les deux roues, est \u00e9quip\u00e9e d&rsquo;un pistolet adapt\u00e9. Le bec plus court assure une meilleure maniabilit\u00e9 et limite les risques de d\u00e9gradation pour la carrosserie (!?). La visibilit\u00e9 pendant le plein et la r\u00e9cup\u00e9ration des vapeurs d&rsquo;essence sont renforc\u00e9es. <\/p>\n<p>La seule bonne nouvelle \u00e0 mon avis est l&rsquo;accrochage situ\u00e9 au milieu de la pompe et qui permet au motard de se servir tout en restant assis (diminuant pour nous, et pour eux, le temps de service).<\/p>\n<p>Toujours <a href=\"http:\/\/www.total.fr\/fr\/total.nsf\/VS_SWIPSA\/32642CB5C762D563C125742E0059D75E?OpenDocument&amp;UNI=4A70090BBE2A2B95C125701900597A4B&amp;LG=FR&amp;\">selon Total<\/a>, &quot;Vous trouverez dans cette pompe du SP95, le carburant le mieux adapt\u00e9 aux deux roues. Les constructeurs pr\u00e9conisent l&rsquo;utilisation de ce carburant pour la grande majorit\u00e9 des v\u00e9hicules immatricul\u00e9s en France. Ce volucompteur est associ\u00e9 \u00e0 un paiement par carte, pr\u00e9f\u00e9r\u00e9 par la majorit\u00e9 des motards.&quot; <\/p>\n<p>Pour un meilleur confort, Total met aussi \u00e0 notre disposition un porte casque afin de pouvoir poser celui-ci en toute s\u00e9curit\u00e9, sans risque de chute et ainsi avoir les mains libres lors du ravitaillement. Sympa.<\/p>\n<p>S&rsquo;ajoute \u00e0 cela un espace lavage adapt\u00e9 aux deux roues: Une pression de lavage adapt\u00e9e (mouaif, \u00e7a se r\u00e8gle souvent chez les nettoyeurs haute pression), une lance de lavage plus courte et plus l\u00e9g\u00e8re (l\u00e0, \u00e0 part une lance coud\u00e9e, ou recourb\u00e9e, je ne vois pas l&rsquo;int\u00e9r\u00eat), des cabines \u00e9tanches pour les casques, gants, sacs \u00e0 dos (efficace).&nbsp; Si vous \u00eates dans le coin, c&rsquo;est \u00e0 votre tour d&rsquo;essayer mesdames, mesdemoiselles, messieurs.<\/p>\n<p>Au-del\u00e0 de la mesure purement commerciale (les deux-roues sont une population en constante augmentation en France, et pas seulement), cela fait plaisir de voir que l&rsquo;on s&rsquo;int\u00e9resse \u00e0 nous.<\/p>\n<p> <\/p>\n","protected":false},"excerpt":{"rendered":"<p>Cela vous dit quelque chose cette r\u00e9f\u00e9rence \u00e0 l&rsquo;ancien slogan publicitaire ? Notre ami et visiteur du matin Mike Werner se fait l&rsquo;\u00e9cho sur son blog Bike in the fast lane, de l&rsquo;heureuse initiative de la compagnie p\u00e9troli\u00e8re Total qui depuis fin avril et pour une dur\u00e9e de 6 mois, met en place, dans la [&hellip;]<\/p>\n","protected":false},"author":324,"featured_media":0,"comment_status":"open","ping_status":"open","sticky":false,"template":"","format":"standard","meta":{"footnotes":""},"categories":[49,17,78],"tags":[],"class_list":["post-608","post","type-post","status-publish","format-standard","hentry","category-actualites-entreprise","category-divers","category-tuyaux-et-astuces"],"yoast_head":"<!-- This site is optimized with the Yoast SEO plugin v26.0 - https:\/\/yoast.com\/wordpress\/plugins\/seo\/ -->\n<title>Une bonne initiative de celui chez qui on ne &quot;viendra plus par hasard&quot;. - leblogmoto.com<\/title>\n<meta name=\"robots\" content=\"index, follow, max-snippet:-1, max-image-preview:large, max-video-preview:-1\" \/>\n<link rel=\"canonical\" href=\"https:\/\/blogs.thesocialmedia.com\/leblogmoto\/2008\/06\/23\/une-initiative\/\" \/>\n<meta name=\"twitter:card\" content=\"summary_large_image\" \/>\n<meta name=\"twitter:title\" content=\"Une bonne initiative de celui chez qui on ne &quot;viendra plus par hasard&quot;. - leblogmoto.com\" \/>\n<meta name=\"twitter:description\" content=\"Cela vous dit quelque chose cette r\u00e9f\u00e9rence \u00e0 l&rsquo;ancien slogan publicitaire ? Notre ami et visiteur du matin Mike Werner se fait l&rsquo;\u00e9cho sur son blog Bike in the fast lane, de l&rsquo;heureuse initiative de la compagnie p\u00e9troli\u00e8re Total qui depuis fin avril et pour une dur\u00e9e de 6 mois, met en place, dans la [&hellip;]\" \/>\n<meta name=\"twitter:image\" content=\"http:\/\/www.leblogmoto.com\/images\/2008\/06\/23\/pompes.jpg\" \/>\n<meta name=\"twitter:label1\" content=\"\u00c9crit par\" \/>\n\t<meta name=\"twitter:data1\" content=\"benoit rieu\" \/>\n\t<meta name=\"twitter:label2\" content=\"Dur\u00e9e de lecture estim\u00e9e\" \/>\n\t<meta name=\"twitter:data2\" content=\"2 minutes\" \/>\n<script type=\"application\/ld+json\" class=\"yoast-schema-graph\">{\"@context\":\"https:\/\/schema.org\",\"@graph\":[{\"@type\":\"WebPage\",\"@id\":\"https:\/\/blogs.thesocialmedia.com\/leblogmoto\/2008\/06\/23\/une-initiative\/\",\"url\":\"https:\/\/blogs.thesocialmedia.com\/leblogmoto\/2008\/06\/23\/une-initiative\/\",\"name\":\"Une bonne initiative de celui chez qui on ne \\\"viendra plus par hasard\\\". - leblogmoto.com\",\"isPartOf\":{\"@id\":\"https:\/\/blogs.thesocialmedia.com\/leblogmoto\/#website\"},\"primaryImageOfPage\":{\"@id\":\"https:\/\/blogs.thesocialmedia.com\/leblogmoto\/2008\/06\/23\/une-initiative\/#primaryimage\"},\"image\":{\"@id\":\"https:\/\/blogs.thesocialmedia.com\/leblogmoto\/2008\/06\/23\/une-initiative\/#primaryimage\"},\"thumbnailUrl\":\"http:\/\/www.leblogmoto.com\/images\/2008\/06\/23\/pompes.jpg\",\"datePublished\":\"2008-06-23T23:49:44+00:00\",\"dateModified\":\"2012-07-11T16:02:33+00:00\",\"author\":{\"@id\":\"https:\/\/blogs.thesocialmedia.com\/leblogmoto\/#\/schema\/person\/18bfe773e5725ed6d24f743da805362a\"},\"breadcrumb\":{\"@id\":\"https:\/\/blogs.thesocialmedia.com\/leblogmoto\/2008\/06\/23\/une-initiative\/#breadcrumb\"},\"inLanguage\":\"fr-FR\",\"potentialAction\":[{\"@type\":\"ReadAction\",\"target\":[\"https:\/\/blogs.thesocialmedia.com\/leblogmoto\/2008\/06\/23\/une-initiative\/\"]}]},{\"@type\":\"ImageObject\",\"inLanguage\":\"fr-FR\",\"@id\":\"https:\/\/blogs.thesocialmedia.com\/leblogmoto\/2008\/06\/23\/une-initiative\/#primaryimage\",\"url\":\"http:\/\/www.leblogmoto.com\/images\/2008\/06\/23\/pompes.jpg\",\"contentUrl\":\"http:\/\/www.leblogmoto.com\/images\/2008\/06\/23\/pompes.jpg\"},{\"@type\":\"BreadcrumbList\",\"@id\":\"https:\/\/blogs.thesocialmedia.com\/leblogmoto\/2008\/06\/23\/une-initiative\/#breadcrumb\",\"itemListElement\":[{\"@type\":\"ListItem\",\"position\":1,\"name\":\"Accueil\",\"item\":\"https:\/\/blogs.thesocialmedia.com\/leblogmoto\/\"},{\"@type\":\"ListItem\",\"position\":2,\"name\":\"Une bonne initiative de celui chez qui on ne \u00ab\u00a0viendra plus par hasard\u00a0\u00bb.\"}]},{\"@type\":\"WebSite\",\"@id\":\"https:\/\/blogs.thesocialmedia.com\/leblogmoto\/#website\",\"url\":\"https:\/\/blogs.thesocialmedia.com\/leblogmoto\/\",\"name\":\"leblogmoto\",\"description\":\"Toute l&#039;actualit\u00e9 des 2 roues\",\"potentialAction\":[{\"@type\":\"SearchAction\",\"target\":{\"@type\":\"EntryPoint\",\"urlTemplate\":\"https:\/\/blogs.thesocialmedia.com\/leblogmoto\/?s={search_term_string}\"},\"query-input\":{\"@type\":\"PropertyValueSpecification\",\"valueRequired\":true,\"valueName\":\"search_term_string\"}}],\"inLanguage\":\"fr-FR\"},{\"@type\":\"Person\",\"@id\":\"https:\/\/blogs.thesocialmedia.com\/leblogmoto\/#\/schema\/person\/18bfe773e5725ed6d24f743da805362a\",\"name\":\"benoit rieu\",\"image\":{\"@type\":\"ImageObject\",\"inLanguage\":\"fr-FR\",\"@id\":\"https:\/\/blogs.thesocialmedia.com\/leblogmoto\/#\/schema\/person\/image\/\",\"url\":\"https:\/\/secure.gravatar.com\/avatar\/?s=96&d=mm&r=g\",\"contentUrl\":\"https:\/\/secure.gravatar.com\/avatar\/?s=96&d=mm&r=g\",\"caption\":\"benoit rieu\"},\"url\":\"https:\/\/blogs.thesocialmedia.com\/leblogmoto\/author\/benoit-rieu\/\"}]}<\/script>\n<!-- \/ Yoast SEO plugin. -->","yoast_head_json":{"title":"Une bonne initiative de celui chez qui on ne \"viendra plus par hasard\". - leblogmoto.com","robots":{"index":"index","follow":"follow","max-snippet":"max-snippet:-1","max-image-preview":"max-image-preview:large","max-video-preview":"max-video-preview:-1"},"canonical":"https:\/\/blogs.thesocialmedia.com\/leblogmoto\/2008\/06\/23\/une-initiative\/","twitter_card":"summary_large_image","twitter_title":"Une bonne initiative de celui chez qui on ne \"viendra plus par hasard\". - leblogmoto.com","twitter_description":"Cela vous dit quelque chose cette r\u00e9f\u00e9rence \u00e0 l&rsquo;ancien slogan publicitaire ? Notre ami et visiteur du matin Mike Werner se fait l&rsquo;\u00e9cho sur son blog Bike in the fast lane, de l&rsquo;heureuse initiative de la compagnie p\u00e9troli\u00e8re Total qui depuis fin avril et pour une dur\u00e9e de 6 mois, met en place, dans la [&hellip;]","twitter_image":"http:\/\/www.leblogmoto.com\/images\/2008\/06\/23\/pompes.jpg","twitter_misc":{"\u00c9crit par":"benoit rieu","Dur\u00e9e de lecture estim\u00e9e":"2 minutes"},"schema":{"@context":"https:\/\/schema.org","@graph":[{"@type":"WebPage","@id":"https:\/\/blogs.thesocialmedia.com\/leblogmoto\/2008\/06\/23\/une-initiative\/","url":"https:\/\/blogs.thesocialmedia.com\/leblogmoto\/2008\/06\/23\/une-initiative\/","name":"Une bonne initiative de celui chez qui on ne \"viendra plus par hasard\". - leblogmoto.com","isPartOf":{"@id":"https:\/\/blogs.thesocialmedia.com\/leblogmoto\/#website"},"primaryImageOfPage":{"@id":"https:\/\/blogs.thesocialmedia.com\/leblogmoto\/2008\/06\/23\/une-initiative\/#primaryimage"},"image":{"@id":"https:\/\/blogs.thesocialmedia.com\/leblogmoto\/2008\/06\/23\/une-initiative\/#primaryimage"},"thumbnailUrl":"http:\/\/www.leblogmoto.com\/images\/2008\/06\/23\/pompes.jpg","datePublished":"2008-06-23T23:49:44+00:00","dateModified":"2012-07-11T16:02:33+00:00","author":{"@id":"https:\/\/blogs.thesocialmedia.com\/leblogmoto\/#\/schema\/person\/18bfe773e5725ed6d24f743da805362a"},"breadcrumb":{"@id":"https:\/\/blogs.thesocialmedia.com\/leblogmoto\/2008\/06\/23\/une-initiative\/#breadcrumb"},"inLanguage":"fr-FR","potentialAction":[{"@type":"ReadAction","target":["https:\/\/blogs.thesocialmedia.com\/leblogmoto\/2008\/06\/23\/une-initiative\/"]}]},{"@type":"ImageObject","inLanguage":"fr-FR","@id":"https:\/\/blogs.thesocialmedia.com\/leblogmoto\/2008\/06\/23\/une-initiative\/#primaryimage","url":"http:\/\/www.leblogmoto.com\/images\/2008\/06\/23\/pompes.jpg","contentUrl":"http:\/\/www.leblogmoto.com\/images\/2008\/06\/23\/pompes.jpg"},{"@type":"BreadcrumbList","@id":"https:\/\/blogs.thesocialmedia.com\/leblogmoto\/2008\/06\/23\/une-initiative\/#breadcrumb","itemListElement":[{"@type":"ListItem","position":1,"name":"Accueil","item":"https:\/\/blogs.thesocialmedia.com\/leblogmoto\/"},{"@type":"ListItem","position":2,"name":"Une bonne initiative de celui chez qui on ne \u00ab\u00a0viendra plus par hasard\u00a0\u00bb."}]},{"@type":"WebSite","@id":"https:\/\/blogs.thesocialmedia.com\/leblogmoto\/#website","url":"https:\/\/blogs.thesocialmedia.com\/leblogmoto\/","name":"leblogmoto","description":"Toute l&#039;actualit\u00e9 des 2 roues","potentialAction":[{"@type":"SearchAction","target":{"@type":"EntryPoint","urlTemplate":"https:\/\/blogs.thesocialmedia.com\/leblogmoto\/?s={search_term_string}"},"query-input":{"@type":"PropertyValueSpecification","valueRequired":true,"valueName":"search_term_string"}}],"inLanguage":"fr-FR"},{"@type":"Person","@id":"https:\/\/blogs.thesocialmedia.com\/leblogmoto\/#\/schema\/person\/18bfe773e5725ed6d24f743da805362a","name":"benoit rieu","image":{"@type":"ImageObject","inLanguage":"fr-FR","@id":"https:\/\/blogs.thesocialmedia.com\/leblogmoto\/#\/schema\/person\/image\/","url":"https:\/\/secure.gravatar.com\/avatar\/?s=96&d=mm&r=g","contentUrl":"https:\/\/secure.gravatar.com\/avatar\/?s=96&d=mm&r=g","caption":"benoit rieu"},"url":"https:\/\/blogs.thesocialmedia.com\/leblogmoto\/author\/benoit-rieu\/"}]}},"_links":{"self":[{"href":"https:\/\/blogs.thesocialmedia.com\/leblogmoto\/wp-json\/wp\/v2\/posts\/608","targetHints":{"allow":["GET"]}}],"collection":[{"href":"https:\/\/blogs.thesocialmedia.com\/leblogmoto\/wp-json\/wp\/v2\/posts"}],"about":[{"href":"https:\/\/blogs.thesocialmedia.com\/leblogmoto\/wp-json\/wp\/v2\/types\/post"}],"author":[{"embeddable":true,"href":"https:\/\/blogs.thesocialmedia.com\/leblogmoto\/wp-json\/wp\/v2\/users\/324"}],"replies":[{"embeddable":true,"href":"https:\/\/blogs.thesocialmedia.com\/leblogmoto\/wp-json\/wp\/v2\/comments?post=608"}],"version-history":[{"count":2,"href":"https:\/\/blogs.thesocialmedia.com\/leblogmoto\/wp-json\/wp\/v2\/posts\/608\/revisions"}],"predecessor-version":[{"id":11148,"href":"https:\/\/blogs.thesocialmedia.com\/leblogmoto\/wp-json\/wp\/v2\/posts\/608\/revisions\/11148"}],"wp:attachment":[{"href":"https:\/\/blogs.thesocialmedia.com\/leblogmoto\/wp-json\/wp\/v2\/media?parent=608"}],"wp:term":[{"taxonomy":"category","embeddable":true,"href":"https:\/\/blogs.thesocialmedia.com\/leblogmoto\/wp-json\/wp\/v2\/categories?post=608"},{"taxonomy":"post_tag","embeddable":true,"href":"https:\/\/blogs.thesocialmedia.com\/leblogmoto\/wp-json\/wp\/v2\/tags?post=608"}],"curies":[{"name":"wp","href":"https:\/\/api.w.org\/{rel}","templated":true}]}}