{"id":609,"date":"2008-06-23T23:47:41","date_gmt":"2008-06-23T23:47:41","guid":{"rendered":"http:\/\/blogs.thesocialmedia.com\/leblogmoto\/2008\/06\/23\/dans-ce-pays-dj\/"},"modified":"2012-07-11T16:02:30","modified_gmt":"2012-07-11T16:02:30","slug":"dans-ce-pays-dj","status":"publish","type":"post","link":"https:\/\/blogs.thesocialmedia.com\/leblogmoto\/2008\/06\/23\/dans-ce-pays-dj\/","title":{"rendered":"Dans un pays d\u00e9j\u00e0 motophobe, voila qui va asseoir un peu plus notre r\u00e9putation."},"content":{"rendered":"<p><a href=\"http:\/\/blogs.thesocialmedia.com\/leblogmoto\/files\/2012\/07\/moto_vitesse_kawasaki_zx_10r_2008.jpg\"><img loading=\"lazy\" decoding=\"async\" width=\"470\" height=\"705\"  alt=\"Moto_vitesse_kawasaki_zx_10r_2008\" src=\"http:\/\/www.leblogmoto.com\/images\/2008\/06\/23\/moto_vitesse_kawasaki_zx_10r_2008.jpg\" \/><\/a><\/p>\n<p>Une <a href=\"http:\/\/www.lefigaro.fr\/flash-actu\/2008\/06\/23\/01011-20080623FILWWW00489-motard-controle-a-au-lieu-de-kmh.php\">d\u00e9p\u00eache AFP<\/a> dat\u00e9e d&rsquo;aujourd&rsquo;hui nous informe qu&rsquo;un motard a \u00e9t\u00e9 &quot;flash\u00e9&quot; \u00e0 250 km\/h sur la rocade de Bordeaux, alors que la vitesse y est limit\u00e9e \u00e0 90, ce qui constituerait de fait selon les forces de l&rsquo;ordre un (triste) exploit sur cet axe routier. Il a \u00e9t\u00e9 contr\u00f4l\u00e9 par un appareil mobile, alors qu&rsquo;il circulait au guidon d&rsquo;une moto cubant du 1300, et empruntait la rocade int\u00e9rieure au niveau de la commune d&rsquo;Eysines, une des communes constituant la communaut\u00e9 urbaine de Bordeaux (sud ouest de la France), au nord-nord-ouest de la ville bordelaise proprement dite. Histoire de situer pour ceux qui connaissent&#8230; ou pas.<\/p>\n<p>Le commandant de la CRS autorouti\u00e8re Aquitaine pr\u00e9cise &quot;Nous avons r\u00e9guli\u00e8rement des vitesses avoisinant les 140 ou 160 km\/h, mais cette vitesse-l\u00e0 constitue, \u00e0 ma connaissance, un record sur la rocade&quot;.<\/p>\n<p>L&rsquo;agence ajoute que le motard est un Girondin de 36 ans et qu&rsquo;il s&rsquo;est vu retirer son permis de conduire sur place. Il devra compara\u00eetre devant le tribunal de police: outre une suspension provisoire de deux mois de permis, il encourt une amende minimale de 750 \u20ac. <\/p>\n","protected":false},"excerpt":{"rendered":"<p>Une d\u00e9p\u00eache AFP dat\u00e9e d&rsquo;aujourd&rsquo;hui nous informe qu&rsquo;un motard a \u00e9t\u00e9 &quot;flash\u00e9&quot; \u00e0 250 km\/h sur la rocade de Bordeaux, alors que la vitesse y est limit\u00e9e \u00e0 90, ce qui constituerait de fait selon les forces de l&rsquo;ordre un (triste) exploit sur cet axe routier. Il a \u00e9t\u00e9 contr\u00f4l\u00e9 par un appareil mobile, alors [&hellip;]<\/p>\n","protected":false},"author":324,"featured_media":0,"comment_status":"open","ping_status":"open","sticky":false,"template":"","format":"standard","meta":{"footnotes":""},"categories":[3,27],"tags":[],"class_list":["post-609","post","type-post","status-publish","format-standard","hentry","category-actualite","category-securite"],"yoast_head":"<!-- This site is optimized with the Yoast SEO plugin v26.0 - https:\/\/yoast.com\/wordpress\/plugins\/seo\/ -->\n<title>Dans un pays d\u00e9j\u00e0 motophobe, voila qui va asseoir un peu plus notre r\u00e9putation. - leblogmoto.com<\/title>\n<meta name=\"robots\" content=\"index, follow, max-snippet:-1, max-image-preview:large, max-video-preview:-1\" \/>\n<link rel=\"canonical\" href=\"https:\/\/blogs.thesocialmedia.com\/leblogmoto\/2008\/06\/23\/dans-ce-pays-dj\/\" \/>\n<meta name=\"twitter:card\" content=\"summary_large_image\" \/>\n<meta name=\"twitter:title\" content=\"Dans un pays d\u00e9j\u00e0 motophobe, voila qui va asseoir un peu plus notre r\u00e9putation. - leblogmoto.com\" \/>\n<meta name=\"twitter:description\" content=\"Une d\u00e9p\u00eache AFP dat\u00e9e d&rsquo;aujourd&rsquo;hui nous informe qu&rsquo;un motard a \u00e9t\u00e9 &quot;flash\u00e9&quot; \u00e0 250 km\/h sur la rocade de Bordeaux, alors que la vitesse y est limit\u00e9e \u00e0 90, ce qui constituerait de fait selon les forces de l&rsquo;ordre un (triste) exploit sur cet axe routier. Il a \u00e9t\u00e9 contr\u00f4l\u00e9 par un appareil mobile, alors [&hellip;]\" \/>\n<meta name=\"twitter:image\" content=\"http:\/\/www.leblogmoto.com\/images\/2008\/06\/23\/moto_vitesse_kawasaki_zx_10r_2008.jpg\" \/>\n<meta name=\"twitter:label1\" content=\"\u00c9crit par\" \/>\n\t<meta name=\"twitter:data1\" content=\"benoit rieu\" \/>\n\t<meta name=\"twitter:label2\" content=\"Dur\u00e9e de lecture estim\u00e9e\" \/>\n\t<meta name=\"twitter:data2\" content=\"1 minute\" \/>\n<script type=\"application\/ld+json\" class=\"yoast-schema-graph\">{\"@context\":\"https:\/\/schema.org\",\"@graph\":[{\"@type\":\"WebPage\",\"@id\":\"https:\/\/blogs.thesocialmedia.com\/leblogmoto\/2008\/06\/23\/dans-ce-pays-dj\/\",\"url\":\"https:\/\/blogs.thesocialmedia.com\/leblogmoto\/2008\/06\/23\/dans-ce-pays-dj\/\",\"name\":\"Dans un pays d\u00e9j\u00e0 motophobe, voila qui va asseoir un peu plus notre r\u00e9putation. - leblogmoto.com\",\"isPartOf\":{\"@id\":\"https:\/\/blogs.thesocialmedia.com\/leblogmoto\/#website\"},\"primaryImageOfPage\":{\"@id\":\"https:\/\/blogs.thesocialmedia.com\/leblogmoto\/2008\/06\/23\/dans-ce-pays-dj\/#primaryimage\"},\"image\":{\"@id\":\"https:\/\/blogs.thesocialmedia.com\/leblogmoto\/2008\/06\/23\/dans-ce-pays-dj\/#primaryimage\"},\"thumbnailUrl\":\"http:\/\/www.leblogmoto.com\/images\/2008\/06\/23\/moto_vitesse_kawasaki_zx_10r_2008.jpg\",\"datePublished\":\"2008-06-23T23:47:41+00:00\",\"dateModified\":\"2012-07-11T16:02:30+00:00\",\"author\":{\"@id\":\"https:\/\/blogs.thesocialmedia.com\/leblogmoto\/#\/schema\/person\/18bfe773e5725ed6d24f743da805362a\"},\"breadcrumb\":{\"@id\":\"https:\/\/blogs.thesocialmedia.com\/leblogmoto\/2008\/06\/23\/dans-ce-pays-dj\/#breadcrumb\"},\"inLanguage\":\"fr-FR\",\"potentialAction\":[{\"@type\":\"ReadAction\",\"target\":[\"https:\/\/blogs.thesocialmedia.com\/leblogmoto\/2008\/06\/23\/dans-ce-pays-dj\/\"]}]},{\"@type\":\"ImageObject\",\"inLanguage\":\"fr-FR\",\"@id\":\"https:\/\/blogs.thesocialmedia.com\/leblogmoto\/2008\/06\/23\/dans-ce-pays-dj\/#primaryimage\",\"url\":\"http:\/\/www.leblogmoto.com\/images\/2008\/06\/23\/moto_vitesse_kawasaki_zx_10r_2008.jpg\",\"contentUrl\":\"http:\/\/www.leblogmoto.com\/images\/2008\/06\/23\/moto_vitesse_kawasaki_zx_10r_2008.jpg\"},{\"@type\":\"BreadcrumbList\",\"@id\":\"https:\/\/blogs.thesocialmedia.com\/leblogmoto\/2008\/06\/23\/dans-ce-pays-dj\/#breadcrumb\",\"itemListElement\":[{\"@type\":\"ListItem\",\"position\":1,\"name\":\"Accueil\",\"item\":\"https:\/\/blogs.thesocialmedia.com\/leblogmoto\/\"},{\"@type\":\"ListItem\",\"position\":2,\"name\":\"Dans un pays d\u00e9j\u00e0 motophobe, voila qui va asseoir un peu plus notre r\u00e9putation.\"}]},{\"@type\":\"WebSite\",\"@id\":\"https:\/\/blogs.thesocialmedia.com\/leblogmoto\/#website\",\"url\":\"https:\/\/blogs.thesocialmedia.com\/leblogmoto\/\",\"name\":\"leblogmoto\",\"description\":\"Toute l&#039;actualit\u00e9 des 2 roues\",\"potentialAction\":[{\"@type\":\"SearchAction\",\"target\":{\"@type\":\"EntryPoint\",\"urlTemplate\":\"https:\/\/blogs.thesocialmedia.com\/leblogmoto\/?s={search_term_string}\"},\"query-input\":{\"@type\":\"PropertyValueSpecification\",\"valueRequired\":true,\"valueName\":\"search_term_string\"}}],\"inLanguage\":\"fr-FR\"},{\"@type\":\"Person\",\"@id\":\"https:\/\/blogs.thesocialmedia.com\/leblogmoto\/#\/schema\/person\/18bfe773e5725ed6d24f743da805362a\",\"name\":\"benoit rieu\",\"image\":{\"@type\":\"ImageObject\",\"inLanguage\":\"fr-FR\",\"@id\":\"https:\/\/blogs.thesocialmedia.com\/leblogmoto\/#\/schema\/person\/image\/\",\"url\":\"https:\/\/secure.gravatar.com\/avatar\/?s=96&d=mm&r=g\",\"contentUrl\":\"https:\/\/secure.gravatar.com\/avatar\/?s=96&d=mm&r=g\",\"caption\":\"benoit rieu\"},\"url\":\"https:\/\/blogs.thesocialmedia.com\/leblogmoto\/author\/benoit-rieu\/\"}]}<\/script>\n<!-- \/ Yoast SEO plugin. -->","yoast_head_json":{"title":"Dans un pays d\u00e9j\u00e0 motophobe, voila qui va asseoir un peu plus notre r\u00e9putation. - leblogmoto.com","robots":{"index":"index","follow":"follow","max-snippet":"max-snippet:-1","max-image-preview":"max-image-preview:large","max-video-preview":"max-video-preview:-1"},"canonical":"https:\/\/blogs.thesocialmedia.com\/leblogmoto\/2008\/06\/23\/dans-ce-pays-dj\/","twitter_card":"summary_large_image","twitter_title":"Dans un pays d\u00e9j\u00e0 motophobe, voila qui va asseoir un peu plus notre r\u00e9putation. - leblogmoto.com","twitter_description":"Une d\u00e9p\u00eache AFP dat\u00e9e d&rsquo;aujourd&rsquo;hui nous informe qu&rsquo;un motard a \u00e9t\u00e9 &quot;flash\u00e9&quot; \u00e0 250 km\/h sur la rocade de Bordeaux, alors que la vitesse y est limit\u00e9e \u00e0 90, ce qui constituerait de fait selon les forces de l&rsquo;ordre un (triste) exploit sur cet axe routier. Il a \u00e9t\u00e9 contr\u00f4l\u00e9 par un appareil mobile, alors [&hellip;]","twitter_image":"http:\/\/www.leblogmoto.com\/images\/2008\/06\/23\/moto_vitesse_kawasaki_zx_10r_2008.jpg","twitter_misc":{"\u00c9crit par":"benoit rieu","Dur\u00e9e de lecture estim\u00e9e":"1 minute"},"schema":{"@context":"https:\/\/schema.org","@graph":[{"@type":"WebPage","@id":"https:\/\/blogs.thesocialmedia.com\/leblogmoto\/2008\/06\/23\/dans-ce-pays-dj\/","url":"https:\/\/blogs.thesocialmedia.com\/leblogmoto\/2008\/06\/23\/dans-ce-pays-dj\/","name":"Dans un pays d\u00e9j\u00e0 motophobe, voila qui va asseoir un peu plus notre r\u00e9putation. - leblogmoto.com","isPartOf":{"@id":"https:\/\/blogs.thesocialmedia.com\/leblogmoto\/#website"},"primaryImageOfPage":{"@id":"https:\/\/blogs.thesocialmedia.com\/leblogmoto\/2008\/06\/23\/dans-ce-pays-dj\/#primaryimage"},"image":{"@id":"https:\/\/blogs.thesocialmedia.com\/leblogmoto\/2008\/06\/23\/dans-ce-pays-dj\/#primaryimage"},"thumbnailUrl":"http:\/\/www.leblogmoto.com\/images\/2008\/06\/23\/moto_vitesse_kawasaki_zx_10r_2008.jpg","datePublished":"2008-06-23T23:47:41+00:00","dateModified":"2012-07-11T16:02:30+00:00","author":{"@id":"https:\/\/blogs.thesocialmedia.com\/leblogmoto\/#\/schema\/person\/18bfe773e5725ed6d24f743da805362a"},"breadcrumb":{"@id":"https:\/\/blogs.thesocialmedia.com\/leblogmoto\/2008\/06\/23\/dans-ce-pays-dj\/#breadcrumb"},"inLanguage":"fr-FR","potentialAction":[{"@type":"ReadAction","target":["https:\/\/blogs.thesocialmedia.com\/leblogmoto\/2008\/06\/23\/dans-ce-pays-dj\/"]}]},{"@type":"ImageObject","inLanguage":"fr-FR","@id":"https:\/\/blogs.thesocialmedia.com\/leblogmoto\/2008\/06\/23\/dans-ce-pays-dj\/#primaryimage","url":"http:\/\/www.leblogmoto.com\/images\/2008\/06\/23\/moto_vitesse_kawasaki_zx_10r_2008.jpg","contentUrl":"http:\/\/www.leblogmoto.com\/images\/2008\/06\/23\/moto_vitesse_kawasaki_zx_10r_2008.jpg"},{"@type":"BreadcrumbList","@id":"https:\/\/blogs.thesocialmedia.com\/leblogmoto\/2008\/06\/23\/dans-ce-pays-dj\/#breadcrumb","itemListElement":[{"@type":"ListItem","position":1,"name":"Accueil","item":"https:\/\/blogs.thesocialmedia.com\/leblogmoto\/"},{"@type":"ListItem","position":2,"name":"Dans un pays d\u00e9j\u00e0 motophobe, voila qui va asseoir un peu plus notre r\u00e9putation."}]},{"@type":"WebSite","@id":"https:\/\/blogs.thesocialmedia.com\/leblogmoto\/#website","url":"https:\/\/blogs.thesocialmedia.com\/leblogmoto\/","name":"leblogmoto","description":"Toute l&#039;actualit\u00e9 des 2 roues","potentialAction":[{"@type":"SearchAction","target":{"@type":"EntryPoint","urlTemplate":"https:\/\/blogs.thesocialmedia.com\/leblogmoto\/?s={search_term_string}"},"query-input":{"@type":"PropertyValueSpecification","valueRequired":true,"valueName":"search_term_string"}}],"inLanguage":"fr-FR"},{"@type":"Person","@id":"https:\/\/blogs.thesocialmedia.com\/leblogmoto\/#\/schema\/person\/18bfe773e5725ed6d24f743da805362a","name":"benoit rieu","image":{"@type":"ImageObject","inLanguage":"fr-FR","@id":"https:\/\/blogs.thesocialmedia.com\/leblogmoto\/#\/schema\/person\/image\/","url":"https:\/\/secure.gravatar.com\/avatar\/?s=96&d=mm&r=g","contentUrl":"https:\/\/secure.gravatar.com\/avatar\/?s=96&d=mm&r=g","caption":"benoit rieu"},"url":"https:\/\/blogs.thesocialmedia.com\/leblogmoto\/author\/benoit-rieu\/"}]}},"_links":{"self":[{"href":"https:\/\/blogs.thesocialmedia.com\/leblogmoto\/wp-json\/wp\/v2\/posts\/609","targetHints":{"allow":["GET"]}}],"collection":[{"href":"https:\/\/blogs.thesocialmedia.com\/leblogmoto\/wp-json\/wp\/v2\/posts"}],"about":[{"href":"https:\/\/blogs.thesocialmedia.com\/leblogmoto\/wp-json\/wp\/v2\/types\/post"}],"author":[{"embeddable":true,"href":"https:\/\/blogs.thesocialmedia.com\/leblogmoto\/wp-json\/wp\/v2\/users\/324"}],"replies":[{"embeddable":true,"href":"https:\/\/blogs.thesocialmedia.com\/leblogmoto\/wp-json\/wp\/v2\/comments?post=609"}],"version-history":[{"count":2,"href":"https:\/\/blogs.thesocialmedia.com\/leblogmoto\/wp-json\/wp\/v2\/posts\/609\/revisions"}],"predecessor-version":[{"id":11146,"href":"https:\/\/blogs.thesocialmedia.com\/leblogmoto\/wp-json\/wp\/v2\/posts\/609\/revisions\/11146"}],"wp:attachment":[{"href":"https:\/\/blogs.thesocialmedia.com\/leblogmoto\/wp-json\/wp\/v2\/media?parent=609"}],"wp:term":[{"taxonomy":"category","embeddable":true,"href":"https:\/\/blogs.thesocialmedia.com\/leblogmoto\/wp-json\/wp\/v2\/categories?post=609"},{"taxonomy":"post_tag","embeddable":true,"href":"https:\/\/blogs.thesocialmedia.com\/leblogmoto\/wp-json\/wp\/v2\/tags?post=609"}],"curies":[{"name":"wp","href":"https:\/\/api.w.org\/{rel}","templated":true}]}}