{"id":61,"date":"2009-09-30T11:43:20","date_gmt":"2009-09-30T11:43:20","guid":{"rendered":"http:\/\/blogs.thesocialmedia.com\/leblogmoto\/2009\/09\/30\/591-kmh-sur-deux-roues\/"},"modified":"2012-07-11T17:39:13","modified_gmt":"2012-07-11T17:39:13","slug":"591-kmh-sur-deux-roues","status":"publish","type":"post","link":"https:\/\/blogs.thesocialmedia.com\/leblogmoto\/2009\/09\/30\/591-kmh-sur-deux-roues\/","title":{"rendered":"591 km\/h sur deux roues"},"content":{"rendered":"<p><P> <P class=\"asset asset-image\"><A href=\"http:\/\/blogs.thesocialmedia.com\/leblogmoto\/files\/2012\/07\/6a00d83451b18369e20120a5ac29fb970b-pi.jpg\"><img decoding=\"async\" class=\"at-xid-6a00d83451b18369e20120a5ac29fb970b \" alt=\"DUB 06\" src=\"http:\/\/blogs.thesocialmedia.com\/leblogmoto\/files\/2012\/07\/6a00d83451b18369e20120a5ac29fb970b-500wi.jpg\" \/><\/A> <\/P> <P><\/P> <P>Le 25 septembre dernier la \u00ab\u00a0BUB Seven Streamliner\u00a0\u00bb est devenue, gr\u00e2ce \u00e0 son pilote Chris Carr,&nbsp;la moto la plus rapide du monde avec une vitesse moyenne de plus de 591 km\/h&#8230; <\/P> <P><\/P> <P><\/P> <P><\/P> <P><\/P>   <P><A href=\"http:\/\/blogs.thesocialmedia.com\/leblogmoto\/files\/2012\/07\/6a00d83451b18369e20120a5ac3b3e970b-pi.jpg\"><img decoding=\"async\" class=\"at-xid-6a00d83451b18369e20120a5ac3b3e970b \" alt=\"DUB 05\" src=\"http:\/\/blogs.thesocialmedia.com\/leblogmoto\/files\/2012\/07\/6a00d83451b18369e20120a5ac3b3e970b-500wi.jpg\" \/><\/A><\/P> <P>Il aura fallu \u00e0 l&rsquo;\u00e9quipe de <A href=\"http:\/\/www.youtube.com\/user\/bubracing\">BUB Racing<\/A> plus d&rsquo;une ann\u00e9e de travail&nbsp;et notamment de nombreux&nbsp;essais en soufllerie l&rsquo;hiver dernier&nbsp;avant de&nbsp;pouvoir aligner la machine et la tester en grandeur nature. <\/P> <P> <OBJECT width=\"470\" height=\"344\"><PARAM NAME=\"movie\" VALUE=\"http:\/\/www.youtube.com\/v\/1hEV92gBsoM&amp;hl=fr&amp;fs=1&amp;\"><PARAM NAME=\"allowFullScreen\" VALUE=\"true\"><PARAM NAME=\"allowscriptaccess\" VALUE=\"always\"> <embed height=\"344\" src=\"http:\/\/www.youtube.com\/v\/1hEV92gBsoM&amp;hl=fr&amp;fs=1&amp;\" type=\"application\/x-shockwave-flash\" width=\"470\" \/><\/OBJECT><\/P> <P class=\"asset asset-image\"><A href=\"http:\/\/clabedan.typepad.com\/.a\/6a00d83451b18369e20120a5ac2b17970b-pi\"><img decoding=\"async\" class=\"at-xid-6a00d83451b18369e20120a5ac2b17970b \" alt=\"BUB 02\" src=\"http:\/\/blogs.thesocialmedia.com\/leblogmoto\/files\/2012\/07\/6a00d83451b18369e20120a5ac2b17970b-500wi.jpg\" \/><\/A> <\/P> <P>Le moteur est un V4 \u00e0 90\u00b0 fait maison, ultra compact,&nbsp;sa cylindr\u00e9e est d&rsquo;environ 3000 cm3.<\/P> <P class=\"asset asset-image\"><A href=\"http:\/\/blogs.thesocialmedia.com\/leblogmoto\/files\/2012\/07\/6a00d83451b18369e20120a5ac2c4a970b-pi.jpg\"><img decoding=\"async\" class=\"at-xid-6a00d83451b18369e20120a5ac2c4a970b \" alt=\"V4 DUB\" src=\"http:\/\/blogs.thesocialmedia.com\/leblogmoto\/files\/2012\/07\/6a00d83451b18369e20120a5ac2c4a970b-500wi.jpg\" \/><\/A> <\/P> <P>La puissance obtenue est de plus de 500 cv quand il est gav\u00e9 au m\u00e9thanol. <\/P> <P class=\"asset asset-image\"><A href=\"http:\/\/blogs.thesocialmedia.com\/leblogmoto\/files\/2012\/07\/6a00d83451b18369e20120a6030a44970c-pi.jpg\"><img decoding=\"async\" class=\"at-xid-6a00d83451b18369e20120a6030a44970c \" alt=\"DUB 02\" src=\"http:\/\/blogs.thesocialmedia.com\/leblogmoto\/files\/2012\/07\/6a00d83451b18369e20120a6030a44970c-500wi.jpg\" \/><\/A> <\/P> <P><A href=\"http:\/\/blogs.thesocialmedia.com\/leblogmoto\/files\/2012\/07\/6a00d83451b18369e20120a5ac3e42970b-pi.jpg\"><img decoding=\"async\" class=\"at-xid-6a00d83451b18369e20120a5ac3e42970b \" alt=\"DUB 04\" src=\"http:\/\/blogs.thesocialmedia.com\/leblogmoto\/files\/2012\/07\/6a00d83451b18369e20120a5ac3e42970b-500wi.jpg\" \/><\/A>&nbsp;<\/P> <P><A href=\"http:\/\/blogs.thesocialmedia.com\/leblogmoto\/files\/2012\/07\/6a00d83451b18369e20120a5ac3f1d970b-pi.jpg\"><img decoding=\"async\" class=\"at-xid-6a00d83451b18369e20120a5ac3f1d970b \" alt=\"BUB\" src=\"http:\/\/blogs.thesocialmedia.com\/leblogmoto\/files\/2012\/07\/6a00d83451b18369e20120a5ac3f1d970b-500wi.jpg\" \/><\/A> <P> <OBJECT width=\"470\" height=\"385\"><PARAM NAME=\"movie\" VALUE=\"http:\/\/www.youtube.com\/v\/OJA3umtiUDk&amp;hl=fr&amp;fs=1&amp;\"><PARAM NAME=\"allowFullScreen\" VALUE=\"true\"><PARAM NAME=\"allowscriptaccess\" VALUE=\"always\"> <embed height=\"385\" src=\"http:\/\/www.youtube.com\/v\/OJA3umtiUDk&amp;hl=fr&amp;fs=1&amp;\" type=\"application\/x-shockwave-flash\" width=\"470\" \/><\/OBJECT><\/P> <P>Retrouvez plus d&rsquo;infos et de photos sur le site <A href=\"http:\/\/seven-streamliner.com\/\" target=\"_blank\">BUB Seven Streamliner<\/A><\/p>\n<p> <P><\/P> <P><\/P> <P><\/P> <P><\/P> <P><\/P> <P><\/P> <P><\/P> <P><\/P> <P><\/P> <P><\/P> <P><\/P> <\/p>\n","protected":false},"excerpt":{"rendered":"<p>Le 25 septembre dernier la \u00ab\u00a0BUB Seven Streamliner\u00a0\u00bb est devenue, gr\u00e2ce \u00e0 son pilote Chris Carr,&nbsp;la moto la plus rapide du monde avec une vitesse moyenne de plus de 591 km\/h&#8230; Il aura fallu \u00e0 l&rsquo;\u00e9quipe de BUB Racing plus d&rsquo;une ann\u00e9e de travail&nbsp;et notamment de nombreux&nbsp;essais en soufllerie l&rsquo;hiver dernier&nbsp;avant de&nbsp;pouvoir aligner la machine [&hellip;]<\/p>\n","protected":false},"author":323,"featured_media":14176,"comment_status":"open","ping_status":"open","sticky":false,"template":"","format":"standard","meta":{"footnotes":""},"categories":[3,12],"tags":[],"class_list":["post-61","post","type-post","status-publish","format-standard","has-post-thumbnail","hentry","category-actualite","category-videos"],"yoast_head":"<!-- This site is optimized with the Yoast SEO plugin v26.0 - https:\/\/yoast.com\/wordpress\/plugins\/seo\/ -->\n<title>591 km\/h sur deux roues - leblogmoto.com<\/title>\n<meta name=\"robots\" content=\"index, follow, max-snippet:-1, max-image-preview:large, max-video-preview:-1\" \/>\n<link rel=\"canonical\" href=\"https:\/\/blogs.thesocialmedia.com\/leblogmoto\/2009\/09\/30\/591-kmh-sur-deux-roues\/\" \/>\n<meta name=\"twitter:card\" content=\"summary_large_image\" \/>\n<meta name=\"twitter:title\" content=\"591 km\/h sur deux roues - leblogmoto.com\" \/>\n<meta name=\"twitter:description\" content=\"Le 25 septembre dernier la \u00ab\u00a0BUB Seven Streamliner\u00a0\u00bb est devenue, gr\u00e2ce \u00e0 son pilote Chris Carr,&nbsp;la moto la plus rapide du monde avec une vitesse moyenne de plus de 591 km\/h&#8230; Il aura fallu \u00e0 l&rsquo;\u00e9quipe de BUB Racing plus d&rsquo;une ann\u00e9e de travail&nbsp;et notamment de nombreux&nbsp;essais en soufllerie l&rsquo;hiver dernier&nbsp;avant de&nbsp;pouvoir aligner la machine [&hellip;]\" \/>\n<meta name=\"twitter:image\" content=\"https:\/\/blogs.thesocialmedia.com\/leblogmoto\/files\/2012\/07\/6a00d83451b18369e20120a5ac29fb970b-500wi.jpg\" \/>\n<meta name=\"twitter:label1\" content=\"\u00c9crit par\" \/>\n\t<meta name=\"twitter:data1\" content=\"albin le guyader\" \/>\n\t<meta name=\"twitter:label2\" content=\"Dur\u00e9e de lecture estim\u00e9e\" \/>\n\t<meta name=\"twitter:data2\" content=\"1 minute\" \/>\n<script type=\"application\/ld+json\" class=\"yoast-schema-graph\">{\"@context\":\"https:\/\/schema.org\",\"@graph\":[{\"@type\":\"WebPage\",\"@id\":\"https:\/\/blogs.thesocialmedia.com\/leblogmoto\/2009\/09\/30\/591-kmh-sur-deux-roues\/\",\"url\":\"https:\/\/blogs.thesocialmedia.com\/leblogmoto\/2009\/09\/30\/591-kmh-sur-deux-roues\/\",\"name\":\"591 km\/h sur deux roues - leblogmoto.com\",\"isPartOf\":{\"@id\":\"https:\/\/blogs.thesocialmedia.com\/leblogmoto\/#website\"},\"primaryImageOfPage\":{\"@id\":\"https:\/\/blogs.thesocialmedia.com\/leblogmoto\/2009\/09\/30\/591-kmh-sur-deux-roues\/#primaryimage\"},\"image\":{\"@id\":\"https:\/\/blogs.thesocialmedia.com\/leblogmoto\/2009\/09\/30\/591-kmh-sur-deux-roues\/#primaryimage\"},\"thumbnailUrl\":\"https:\/\/blogs.thesocialmedia.com\/leblogmoto\/files\/2012\/07\/6a00d83451b18369e20120a5ac29fb970b-500wi.jpg\",\"datePublished\":\"2009-09-30T11:43:20+00:00\",\"dateModified\":\"2012-07-11T17:39:13+00:00\",\"author\":{\"@id\":\"https:\/\/blogs.thesocialmedia.com\/leblogmoto\/#\/schema\/person\/b496d27c898c29a39678e2425cafb9ae\"},\"breadcrumb\":{\"@id\":\"https:\/\/blogs.thesocialmedia.com\/leblogmoto\/2009\/09\/30\/591-kmh-sur-deux-roues\/#breadcrumb\"},\"inLanguage\":\"fr-FR\",\"potentialAction\":[{\"@type\":\"ReadAction\",\"target\":[\"https:\/\/blogs.thesocialmedia.com\/leblogmoto\/2009\/09\/30\/591-kmh-sur-deux-roues\/\"]}]},{\"@type\":\"ImageObject\",\"inLanguage\":\"fr-FR\",\"@id\":\"https:\/\/blogs.thesocialmedia.com\/leblogmoto\/2009\/09\/30\/591-kmh-sur-deux-roues\/#primaryimage\",\"url\":\"https:\/\/blogs.thesocialmedia.com\/leblogmoto\/files\/2012\/07\/6a00d83451b18369e20120a5ac29fb970b-500wi.jpg\",\"contentUrl\":\"https:\/\/blogs.thesocialmedia.com\/leblogmoto\/files\/2012\/07\/6a00d83451b18369e20120a5ac29fb970b-500wi.jpg\",\"width\":\"500\",\"height\":\"269\"},{\"@type\":\"BreadcrumbList\",\"@id\":\"https:\/\/blogs.thesocialmedia.com\/leblogmoto\/2009\/09\/30\/591-kmh-sur-deux-roues\/#breadcrumb\",\"itemListElement\":[{\"@type\":\"ListItem\",\"position\":1,\"name\":\"Accueil\",\"item\":\"https:\/\/blogs.thesocialmedia.com\/leblogmoto\/\"},{\"@type\":\"ListItem\",\"position\":2,\"name\":\"591 km\/h sur deux roues\"}]},{\"@type\":\"WebSite\",\"@id\":\"https:\/\/blogs.thesocialmedia.com\/leblogmoto\/#website\",\"url\":\"https:\/\/blogs.thesocialmedia.com\/leblogmoto\/\",\"name\":\"leblogmoto\",\"description\":\"Toute l&#039;actualit\u00e9 des 2 roues\",\"potentialAction\":[{\"@type\":\"SearchAction\",\"target\":{\"@type\":\"EntryPoint\",\"urlTemplate\":\"https:\/\/blogs.thesocialmedia.com\/leblogmoto\/?s={search_term_string}\"},\"query-input\":{\"@type\":\"PropertyValueSpecification\",\"valueRequired\":true,\"valueName\":\"search_term_string\"}}],\"inLanguage\":\"fr-FR\"},{\"@type\":\"Person\",\"@id\":\"https:\/\/blogs.thesocialmedia.com\/leblogmoto\/#\/schema\/person\/b496d27c898c29a39678e2425cafb9ae\",\"name\":\"albin le guyader\",\"image\":{\"@type\":\"ImageObject\",\"inLanguage\":\"fr-FR\",\"@id\":\"https:\/\/blogs.thesocialmedia.com\/leblogmoto\/#\/schema\/person\/image\/\",\"url\":\"https:\/\/secure.gravatar.com\/avatar\/?s=96&d=mm&r=g\",\"contentUrl\":\"https:\/\/secure.gravatar.com\/avatar\/?s=96&d=mm&r=g\",\"caption\":\"albin le guyader\"},\"url\":\"https:\/\/blogs.thesocialmedia.com\/leblogmoto\/author\/albin-le-guyader\/\"}]}<\/script>\n<!-- \/ Yoast SEO plugin. -->","yoast_head_json":{"title":"591 km\/h sur deux roues - leblogmoto.com","robots":{"index":"index","follow":"follow","max-snippet":"max-snippet:-1","max-image-preview":"max-image-preview:large","max-video-preview":"max-video-preview:-1"},"canonical":"https:\/\/blogs.thesocialmedia.com\/leblogmoto\/2009\/09\/30\/591-kmh-sur-deux-roues\/","twitter_card":"summary_large_image","twitter_title":"591 km\/h sur deux roues - leblogmoto.com","twitter_description":"Le 25 septembre dernier la \u00ab\u00a0BUB Seven Streamliner\u00a0\u00bb est devenue, gr\u00e2ce \u00e0 son pilote Chris Carr,&nbsp;la moto la plus rapide du monde avec une vitesse moyenne de plus de 591 km\/h&#8230; Il aura fallu \u00e0 l&rsquo;\u00e9quipe de BUB Racing plus d&rsquo;une ann\u00e9e de travail&nbsp;et notamment de nombreux&nbsp;essais en soufllerie l&rsquo;hiver dernier&nbsp;avant de&nbsp;pouvoir aligner la machine [&hellip;]","twitter_image":"https:\/\/blogs.thesocialmedia.com\/leblogmoto\/files\/2012\/07\/6a00d83451b18369e20120a5ac29fb970b-500wi.jpg","twitter_misc":{"\u00c9crit par":"albin le guyader","Dur\u00e9e de lecture estim\u00e9e":"1 minute"},"schema":{"@context":"https:\/\/schema.org","@graph":[{"@type":"WebPage","@id":"https:\/\/blogs.thesocialmedia.com\/leblogmoto\/2009\/09\/30\/591-kmh-sur-deux-roues\/","url":"https:\/\/blogs.thesocialmedia.com\/leblogmoto\/2009\/09\/30\/591-kmh-sur-deux-roues\/","name":"591 km\/h sur deux roues - leblogmoto.com","isPartOf":{"@id":"https:\/\/blogs.thesocialmedia.com\/leblogmoto\/#website"},"primaryImageOfPage":{"@id":"https:\/\/blogs.thesocialmedia.com\/leblogmoto\/2009\/09\/30\/591-kmh-sur-deux-roues\/#primaryimage"},"image":{"@id":"https:\/\/blogs.thesocialmedia.com\/leblogmoto\/2009\/09\/30\/591-kmh-sur-deux-roues\/#primaryimage"},"thumbnailUrl":"https:\/\/blogs.thesocialmedia.com\/leblogmoto\/files\/2012\/07\/6a00d83451b18369e20120a5ac29fb970b-500wi.jpg","datePublished":"2009-09-30T11:43:20+00:00","dateModified":"2012-07-11T17:39:13+00:00","author":{"@id":"https:\/\/blogs.thesocialmedia.com\/leblogmoto\/#\/schema\/person\/b496d27c898c29a39678e2425cafb9ae"},"breadcrumb":{"@id":"https:\/\/blogs.thesocialmedia.com\/leblogmoto\/2009\/09\/30\/591-kmh-sur-deux-roues\/#breadcrumb"},"inLanguage":"fr-FR","potentialAction":[{"@type":"ReadAction","target":["https:\/\/blogs.thesocialmedia.com\/leblogmoto\/2009\/09\/30\/591-kmh-sur-deux-roues\/"]}]},{"@type":"ImageObject","inLanguage":"fr-FR","@id":"https:\/\/blogs.thesocialmedia.com\/leblogmoto\/2009\/09\/30\/591-kmh-sur-deux-roues\/#primaryimage","url":"https:\/\/blogs.thesocialmedia.com\/leblogmoto\/files\/2012\/07\/6a00d83451b18369e20120a5ac29fb970b-500wi.jpg","contentUrl":"https:\/\/blogs.thesocialmedia.com\/leblogmoto\/files\/2012\/07\/6a00d83451b18369e20120a5ac29fb970b-500wi.jpg","width":"500","height":"269"},{"@type":"BreadcrumbList","@id":"https:\/\/blogs.thesocialmedia.com\/leblogmoto\/2009\/09\/30\/591-kmh-sur-deux-roues\/#breadcrumb","itemListElement":[{"@type":"ListItem","position":1,"name":"Accueil","item":"https:\/\/blogs.thesocialmedia.com\/leblogmoto\/"},{"@type":"ListItem","position":2,"name":"591 km\/h sur deux roues"}]},{"@type":"WebSite","@id":"https:\/\/blogs.thesocialmedia.com\/leblogmoto\/#website","url":"https:\/\/blogs.thesocialmedia.com\/leblogmoto\/","name":"leblogmoto","description":"Toute l&#039;actualit\u00e9 des 2 roues","potentialAction":[{"@type":"SearchAction","target":{"@type":"EntryPoint","urlTemplate":"https:\/\/blogs.thesocialmedia.com\/leblogmoto\/?s={search_term_string}"},"query-input":{"@type":"PropertyValueSpecification","valueRequired":true,"valueName":"search_term_string"}}],"inLanguage":"fr-FR"},{"@type":"Person","@id":"https:\/\/blogs.thesocialmedia.com\/leblogmoto\/#\/schema\/person\/b496d27c898c29a39678e2425cafb9ae","name":"albin le guyader","image":{"@type":"ImageObject","inLanguage":"fr-FR","@id":"https:\/\/blogs.thesocialmedia.com\/leblogmoto\/#\/schema\/person\/image\/","url":"https:\/\/secure.gravatar.com\/avatar\/?s=96&d=mm&r=g","contentUrl":"https:\/\/secure.gravatar.com\/avatar\/?s=96&d=mm&r=g","caption":"albin le guyader"},"url":"https:\/\/blogs.thesocialmedia.com\/leblogmoto\/author\/albin-le-guyader\/"}]}},"_links":{"self":[{"href":"https:\/\/blogs.thesocialmedia.com\/leblogmoto\/wp-json\/wp\/v2\/posts\/61","targetHints":{"allow":["GET"]}}],"collection":[{"href":"https:\/\/blogs.thesocialmedia.com\/leblogmoto\/wp-json\/wp\/v2\/posts"}],"about":[{"href":"https:\/\/blogs.thesocialmedia.com\/leblogmoto\/wp-json\/wp\/v2\/types\/post"}],"author":[{"embeddable":true,"href":"https:\/\/blogs.thesocialmedia.com\/leblogmoto\/wp-json\/wp\/v2\/users\/323"}],"replies":[{"embeddable":true,"href":"https:\/\/blogs.thesocialmedia.com\/leblogmoto\/wp-json\/wp\/v2\/comments?post=61"}],"version-history":[{"count":2,"href":"https:\/\/blogs.thesocialmedia.com\/leblogmoto\/wp-json\/wp\/v2\/posts\/61\/revisions"}],"predecessor-version":[{"id":14189,"href":"https:\/\/blogs.thesocialmedia.com\/leblogmoto\/wp-json\/wp\/v2\/posts\/61\/revisions\/14189"}],"wp:featuredmedia":[{"embeddable":true,"href":"https:\/\/blogs.thesocialmedia.com\/leblogmoto\/wp-json\/wp\/v2\/media\/14176"}],"wp:attachment":[{"href":"https:\/\/blogs.thesocialmedia.com\/leblogmoto\/wp-json\/wp\/v2\/media?parent=61"}],"wp:term":[{"taxonomy":"category","embeddable":true,"href":"https:\/\/blogs.thesocialmedia.com\/leblogmoto\/wp-json\/wp\/v2\/categories?post=61"},{"taxonomy":"post_tag","embeddable":true,"href":"https:\/\/blogs.thesocialmedia.com\/leblogmoto\/wp-json\/wp\/v2\/tags?post=61"}],"curies":[{"name":"wp","href":"https:\/\/api.w.org\/{rel}","templated":true}]}}