{"id":613,"date":"2008-06-22T23:44:13","date_gmt":"2008-06-22T23:44:13","guid":{"rendered":"http:\/\/blogs.thesocialmedia.com\/leblogmoto\/2008\/06\/22\/le-designer-dan\/"},"modified":"2012-07-11T16:02:05","modified_gmt":"2012-07-11T16:02:05","slug":"le-designer-dan","status":"publish","type":"post","link":"https:\/\/blogs.thesocialmedia.com\/leblogmoto\/2008\/06\/22\/le-designer-dan\/","title":{"rendered":"On reste dubitatif devant l&rsquo;Indian imagin\u00e9e par le designer Dan Bailey."},"content":{"rendered":"<p><a href=\"http:\/\/blogs.thesocialmedia.com\/leblogmoto\/files\/2012\/07\/moto1.jpg\"><img loading=\"lazy\" decoding=\"async\" width=\"470\" height=\"439\"  alt=\"Moto1\" src=\"http:\/\/www.leblogmoto.com\/images\/2008\/06\/22\/moto1.jpg\" \/><\/a><\/p>\n<p>Et c&rsquo;est reparti pour les traditionnelles <em>hubless wheels<\/em>, les roues orbitales ou sans moyeu (c&rsquo;est du pareil au m\u00eame), qui sont <em>la <\/em>marque de fabrique de toute hypoth\u00e9tique <em>concept bik<\/em>e qui se respecte. Pour le reste c&rsquo;est &quot;impilotable&quot;: si vous arrivez \u00e0 rester cal\u00e9 sur la selle, la moindre chute devrait transformer cet interminable saute-vent-car\u00e9nage en guillotine. Sans compter ces formes fusel\u00e9es, mod\u00e9lis\u00e9es au m\u00e9pris de la logique (c&rsquo;est quoi ce bras oscillant et ce point de pivot ?). Mais reconnaissons lui un certain style dans la ligne, le r\u00e9sultat \u00e9tant un hybride entre un alien et le logo de la l\u00e9gendaire marque am\u00e9ricaine, comme le fait remarquer le blog <a href=\"http:\/\/www.w3sh.com\/2008\/06\/19\/akira-prends-garde-a-toi\/\">w3sh<\/a> d&rsquo;o\u00f9 cette <em>news<\/em> est tir\u00e9e.<\/p>\n<p><a href=\"http:\/\/clabedan.typepad.com\/.shared\/image.html?\/photos\/uncategorized\/2008\/06\/22\/moto2.jpg\"><img loading=\"lazy\" decoding=\"async\" width=\"470\" height=\"351\"  alt=\"Moto2\" src=\"http:\/\/www.leblogmoto.com\/images\/2008\/06\/22\/moto2.jpg\" \/><\/a><\/p>\n<p><a href=\"http:\/\/blogs.thesocialmedia.com\/leblogmoto\/files\/2012\/07\/moto3.jpg\"><img loading=\"lazy\" decoding=\"async\" width=\"470\" height=\"485\"  alt=\"Moto3\" src=\"http:\/\/www.leblogmoto.com\/images\/2008\/06\/22\/moto3.jpg\" \/><\/a> <\/p>\n","protected":false},"excerpt":{"rendered":"<p>Et c&rsquo;est reparti pour les traditionnelles hubless wheels, les roues orbitales ou sans moyeu (c&rsquo;est du pareil au m\u00eame), qui sont la marque de fabrique de toute hypoth\u00e9tique concept bike qui se respecte. Pour le reste c&rsquo;est &quot;impilotable&quot;: si vous arrivez \u00e0 rester cal\u00e9 sur la selle, la moindre chute devrait transformer cet interminable saute-vent-car\u00e9nage [&hellip;]<\/p>\n","protected":false},"author":324,"featured_media":0,"comment_status":"open","ping_status":"open","sticky":false,"template":"","format":"standard","meta":{"footnotes":""},"categories":[3,33],"tags":[],"class_list":["post-613","post","type-post","status-publish","format-standard","hentry","category-actualite","category-concept-bike"],"yoast_head":"<!-- This site is optimized with the Yoast SEO plugin v26.0 - https:\/\/yoast.com\/wordpress\/plugins\/seo\/ -->\n<title>On reste dubitatif devant l&#039;Indian imagin\u00e9e par le designer Dan Bailey. - leblogmoto.com<\/title>\n<meta name=\"robots\" content=\"index, follow, max-snippet:-1, max-image-preview:large, max-video-preview:-1\" \/>\n<link rel=\"canonical\" href=\"https:\/\/blogs.thesocialmedia.com\/leblogmoto\/2008\/06\/22\/le-designer-dan\/\" \/>\n<meta name=\"twitter:card\" content=\"summary_large_image\" \/>\n<meta name=\"twitter:title\" content=\"On reste dubitatif devant l&#039;Indian imagin\u00e9e par le designer Dan Bailey. - leblogmoto.com\" \/>\n<meta name=\"twitter:description\" content=\"Et c&rsquo;est reparti pour les traditionnelles hubless wheels, les roues orbitales ou sans moyeu (c&rsquo;est du pareil au m\u00eame), qui sont la marque de fabrique de toute hypoth\u00e9tique concept bike qui se respecte. Pour le reste c&rsquo;est &quot;impilotable&quot;: si vous arrivez \u00e0 rester cal\u00e9 sur la selle, la moindre chute devrait transformer cet interminable saute-vent-car\u00e9nage [&hellip;]\" \/>\n<meta name=\"twitter:image\" content=\"http:\/\/www.leblogmoto.com\/images\/2008\/06\/22\/moto1.jpg\" \/>\n<meta name=\"twitter:label1\" content=\"\u00c9crit par\" \/>\n\t<meta name=\"twitter:data1\" content=\"benoit rieu\" \/>\n\t<meta name=\"twitter:label2\" content=\"Dur\u00e9e de lecture estim\u00e9e\" \/>\n\t<meta name=\"twitter:data2\" content=\"1 minute\" \/>\n<script type=\"application\/ld+json\" class=\"yoast-schema-graph\">{\"@context\":\"https:\/\/schema.org\",\"@graph\":[{\"@type\":\"WebPage\",\"@id\":\"https:\/\/blogs.thesocialmedia.com\/leblogmoto\/2008\/06\/22\/le-designer-dan\/\",\"url\":\"https:\/\/blogs.thesocialmedia.com\/leblogmoto\/2008\/06\/22\/le-designer-dan\/\",\"name\":\"On reste dubitatif devant l'Indian imagin\u00e9e par le designer Dan Bailey. - leblogmoto.com\",\"isPartOf\":{\"@id\":\"https:\/\/blogs.thesocialmedia.com\/leblogmoto\/#website\"},\"primaryImageOfPage\":{\"@id\":\"https:\/\/blogs.thesocialmedia.com\/leblogmoto\/2008\/06\/22\/le-designer-dan\/#primaryimage\"},\"image\":{\"@id\":\"https:\/\/blogs.thesocialmedia.com\/leblogmoto\/2008\/06\/22\/le-designer-dan\/#primaryimage\"},\"thumbnailUrl\":\"http:\/\/www.leblogmoto.com\/images\/2008\/06\/22\/moto1.jpg\",\"datePublished\":\"2008-06-22T23:44:13+00:00\",\"dateModified\":\"2012-07-11T16:02:05+00:00\",\"author\":{\"@id\":\"https:\/\/blogs.thesocialmedia.com\/leblogmoto\/#\/schema\/person\/18bfe773e5725ed6d24f743da805362a\"},\"breadcrumb\":{\"@id\":\"https:\/\/blogs.thesocialmedia.com\/leblogmoto\/2008\/06\/22\/le-designer-dan\/#breadcrumb\"},\"inLanguage\":\"fr-FR\",\"potentialAction\":[{\"@type\":\"ReadAction\",\"target\":[\"https:\/\/blogs.thesocialmedia.com\/leblogmoto\/2008\/06\/22\/le-designer-dan\/\"]}]},{\"@type\":\"ImageObject\",\"inLanguage\":\"fr-FR\",\"@id\":\"https:\/\/blogs.thesocialmedia.com\/leblogmoto\/2008\/06\/22\/le-designer-dan\/#primaryimage\",\"url\":\"http:\/\/www.leblogmoto.com\/images\/2008\/06\/22\/moto1.jpg\",\"contentUrl\":\"http:\/\/www.leblogmoto.com\/images\/2008\/06\/22\/moto1.jpg\"},{\"@type\":\"BreadcrumbList\",\"@id\":\"https:\/\/blogs.thesocialmedia.com\/leblogmoto\/2008\/06\/22\/le-designer-dan\/#breadcrumb\",\"itemListElement\":[{\"@type\":\"ListItem\",\"position\":1,\"name\":\"Accueil\",\"item\":\"https:\/\/blogs.thesocialmedia.com\/leblogmoto\/\"},{\"@type\":\"ListItem\",\"position\":2,\"name\":\"On reste dubitatif devant l&rsquo;Indian imagin\u00e9e par le designer Dan Bailey.\"}]},{\"@type\":\"WebSite\",\"@id\":\"https:\/\/blogs.thesocialmedia.com\/leblogmoto\/#website\",\"url\":\"https:\/\/blogs.thesocialmedia.com\/leblogmoto\/\",\"name\":\"leblogmoto\",\"description\":\"Toute l&#039;actualit\u00e9 des 2 roues\",\"potentialAction\":[{\"@type\":\"SearchAction\",\"target\":{\"@type\":\"EntryPoint\",\"urlTemplate\":\"https:\/\/blogs.thesocialmedia.com\/leblogmoto\/?s={search_term_string}\"},\"query-input\":{\"@type\":\"PropertyValueSpecification\",\"valueRequired\":true,\"valueName\":\"search_term_string\"}}],\"inLanguage\":\"fr-FR\"},{\"@type\":\"Person\",\"@id\":\"https:\/\/blogs.thesocialmedia.com\/leblogmoto\/#\/schema\/person\/18bfe773e5725ed6d24f743da805362a\",\"name\":\"benoit rieu\",\"image\":{\"@type\":\"ImageObject\",\"inLanguage\":\"fr-FR\",\"@id\":\"https:\/\/blogs.thesocialmedia.com\/leblogmoto\/#\/schema\/person\/image\/\",\"url\":\"https:\/\/secure.gravatar.com\/avatar\/?s=96&d=mm&r=g\",\"contentUrl\":\"https:\/\/secure.gravatar.com\/avatar\/?s=96&d=mm&r=g\",\"caption\":\"benoit rieu\"},\"url\":\"https:\/\/blogs.thesocialmedia.com\/leblogmoto\/author\/benoit-rieu\/\"}]}<\/script>\n<!-- \/ Yoast SEO plugin. -->","yoast_head_json":{"title":"On reste dubitatif devant l'Indian imagin\u00e9e par le designer Dan Bailey. - leblogmoto.com","robots":{"index":"index","follow":"follow","max-snippet":"max-snippet:-1","max-image-preview":"max-image-preview:large","max-video-preview":"max-video-preview:-1"},"canonical":"https:\/\/blogs.thesocialmedia.com\/leblogmoto\/2008\/06\/22\/le-designer-dan\/","twitter_card":"summary_large_image","twitter_title":"On reste dubitatif devant l'Indian imagin\u00e9e par le designer Dan Bailey. - leblogmoto.com","twitter_description":"Et c&rsquo;est reparti pour les traditionnelles hubless wheels, les roues orbitales ou sans moyeu (c&rsquo;est du pareil au m\u00eame), qui sont la marque de fabrique de toute hypoth\u00e9tique concept bike qui se respecte. Pour le reste c&rsquo;est &quot;impilotable&quot;: si vous arrivez \u00e0 rester cal\u00e9 sur la selle, la moindre chute devrait transformer cet interminable saute-vent-car\u00e9nage [&hellip;]","twitter_image":"http:\/\/www.leblogmoto.com\/images\/2008\/06\/22\/moto1.jpg","twitter_misc":{"\u00c9crit par":"benoit rieu","Dur\u00e9e de lecture estim\u00e9e":"1 minute"},"schema":{"@context":"https:\/\/schema.org","@graph":[{"@type":"WebPage","@id":"https:\/\/blogs.thesocialmedia.com\/leblogmoto\/2008\/06\/22\/le-designer-dan\/","url":"https:\/\/blogs.thesocialmedia.com\/leblogmoto\/2008\/06\/22\/le-designer-dan\/","name":"On reste dubitatif devant l'Indian imagin\u00e9e par le designer Dan Bailey. - leblogmoto.com","isPartOf":{"@id":"https:\/\/blogs.thesocialmedia.com\/leblogmoto\/#website"},"primaryImageOfPage":{"@id":"https:\/\/blogs.thesocialmedia.com\/leblogmoto\/2008\/06\/22\/le-designer-dan\/#primaryimage"},"image":{"@id":"https:\/\/blogs.thesocialmedia.com\/leblogmoto\/2008\/06\/22\/le-designer-dan\/#primaryimage"},"thumbnailUrl":"http:\/\/www.leblogmoto.com\/images\/2008\/06\/22\/moto1.jpg","datePublished":"2008-06-22T23:44:13+00:00","dateModified":"2012-07-11T16:02:05+00:00","author":{"@id":"https:\/\/blogs.thesocialmedia.com\/leblogmoto\/#\/schema\/person\/18bfe773e5725ed6d24f743da805362a"},"breadcrumb":{"@id":"https:\/\/blogs.thesocialmedia.com\/leblogmoto\/2008\/06\/22\/le-designer-dan\/#breadcrumb"},"inLanguage":"fr-FR","potentialAction":[{"@type":"ReadAction","target":["https:\/\/blogs.thesocialmedia.com\/leblogmoto\/2008\/06\/22\/le-designer-dan\/"]}]},{"@type":"ImageObject","inLanguage":"fr-FR","@id":"https:\/\/blogs.thesocialmedia.com\/leblogmoto\/2008\/06\/22\/le-designer-dan\/#primaryimage","url":"http:\/\/www.leblogmoto.com\/images\/2008\/06\/22\/moto1.jpg","contentUrl":"http:\/\/www.leblogmoto.com\/images\/2008\/06\/22\/moto1.jpg"},{"@type":"BreadcrumbList","@id":"https:\/\/blogs.thesocialmedia.com\/leblogmoto\/2008\/06\/22\/le-designer-dan\/#breadcrumb","itemListElement":[{"@type":"ListItem","position":1,"name":"Accueil","item":"https:\/\/blogs.thesocialmedia.com\/leblogmoto\/"},{"@type":"ListItem","position":2,"name":"On reste dubitatif devant l&rsquo;Indian imagin\u00e9e par le designer Dan Bailey."}]},{"@type":"WebSite","@id":"https:\/\/blogs.thesocialmedia.com\/leblogmoto\/#website","url":"https:\/\/blogs.thesocialmedia.com\/leblogmoto\/","name":"leblogmoto","description":"Toute l&#039;actualit\u00e9 des 2 roues","potentialAction":[{"@type":"SearchAction","target":{"@type":"EntryPoint","urlTemplate":"https:\/\/blogs.thesocialmedia.com\/leblogmoto\/?s={search_term_string}"},"query-input":{"@type":"PropertyValueSpecification","valueRequired":true,"valueName":"search_term_string"}}],"inLanguage":"fr-FR"},{"@type":"Person","@id":"https:\/\/blogs.thesocialmedia.com\/leblogmoto\/#\/schema\/person\/18bfe773e5725ed6d24f743da805362a","name":"benoit rieu","image":{"@type":"ImageObject","inLanguage":"fr-FR","@id":"https:\/\/blogs.thesocialmedia.com\/leblogmoto\/#\/schema\/person\/image\/","url":"https:\/\/secure.gravatar.com\/avatar\/?s=96&d=mm&r=g","contentUrl":"https:\/\/secure.gravatar.com\/avatar\/?s=96&d=mm&r=g","caption":"benoit rieu"},"url":"https:\/\/blogs.thesocialmedia.com\/leblogmoto\/author\/benoit-rieu\/"}]}},"_links":{"self":[{"href":"https:\/\/blogs.thesocialmedia.com\/leblogmoto\/wp-json\/wp\/v2\/posts\/613","targetHints":{"allow":["GET"]}}],"collection":[{"href":"https:\/\/blogs.thesocialmedia.com\/leblogmoto\/wp-json\/wp\/v2\/posts"}],"about":[{"href":"https:\/\/blogs.thesocialmedia.com\/leblogmoto\/wp-json\/wp\/v2\/types\/post"}],"author":[{"embeddable":true,"href":"https:\/\/blogs.thesocialmedia.com\/leblogmoto\/wp-json\/wp\/v2\/users\/324"}],"replies":[{"embeddable":true,"href":"https:\/\/blogs.thesocialmedia.com\/leblogmoto\/wp-json\/wp\/v2\/comments?post=613"}],"version-history":[{"count":2,"href":"https:\/\/blogs.thesocialmedia.com\/leblogmoto\/wp-json\/wp\/v2\/posts\/613\/revisions"}],"predecessor-version":[{"id":11135,"href":"https:\/\/blogs.thesocialmedia.com\/leblogmoto\/wp-json\/wp\/v2\/posts\/613\/revisions\/11135"}],"wp:attachment":[{"href":"https:\/\/blogs.thesocialmedia.com\/leblogmoto\/wp-json\/wp\/v2\/media?parent=613"}],"wp:term":[{"taxonomy":"category","embeddable":true,"href":"https:\/\/blogs.thesocialmedia.com\/leblogmoto\/wp-json\/wp\/v2\/categories?post=613"},{"taxonomy":"post_tag","embeddable":true,"href":"https:\/\/blogs.thesocialmedia.com\/leblogmoto\/wp-json\/wp\/v2\/tags?post=613"}],"curies":[{"name":"wp","href":"https:\/\/api.w.org\/{rel}","templated":true}]}}