{"id":617,"date":"2008-06-20T04:24:07","date_gmt":"2008-06-20T04:24:07","guid":{"rendered":"http:\/\/blogs.thesocialmedia.com\/leblogmoto\/2008\/06\/20\/album-du-vend-1-10\/"},"modified":"2012-07-11T16:00:53","modified_gmt":"2012-07-11T16:00:53","slug":"album-du-vend-1-10","status":"publish","type":"post","link":"https:\/\/blogs.thesocialmedia.com\/leblogmoto\/2008\/06\/20\/album-du-vend-1-10\/","title":{"rendered":"Album du vendredi, Le moment d\u00e9cisif"},"content":{"rendered":"<p><a href=\"http:\/\/blogs.thesocialmedia.com\/leblogmoto\/files\/2012\/07\/album10.jpg\"><img loading=\"lazy\" decoding=\"async\" width=\"470\" height=\"300\"  src=\"http:\/\/www.leblogmoto.com\/images\/2008\/06\/19\/album10.jpg\" alt=\"Album10\" \/><\/a> <\/p>\n<p>\u00abPhotographier, c&rsquo;est mettre sur la m\u00eame ligne de mire la t\u00eate, l&rsquo;oeil et le coeur. C&rsquo;est une fa\u00e7on de vivre.\u00bb<br \/><a href=\"http:\/\/www.henricartierbresson.org\/\"><em>Henri-Cartier Bresson<\/em><\/a><\/p>\n<p>Je n&rsquo;essaierai pas de pousser le bouchon trop loin, mais certains rapprochements peuvent \u00eatre faits entre l&rsquo;action de photographier, et celui de rouler en moto.<br \/>D&rsquo;abord, c&rsquo;est une question de sens, et pour l&rsquo;un comme pour l&rsquo;autre, on ne chipotera pas sur l&rsquo;importance de l&rsquo;acuit\u00e9 visuelle (oui, il y a des photographes non-voyants, mais on ne parlera pas alors de la m\u00eame chose).<br \/>Pas de pilotage automatique non plus, m\u00eame si les cons\u00e9quences pour le photographe peuvent \u00eatre un peu moins dramatique (encore ici, il y a des nuances, mais on a pas toute la journ\u00e9e). N&#8217;emp\u00eache, vaut mieux \u00eatre aux aguets et d\u00e9velopper un sens aigu de son environnement.<\/p>\n<p>Et pour ce qui est du coeur, je crois qu&rsquo;il vient avec le plaisir et le sentiment de bien-\u00eatre qu&rsquo;il procure. Ce ne sont pas toutes les occasions de rouler ou de photographier qui rendent heureux, mais l&rsquo;outil est l\u00e0.<\/p>\n<p>Alors, pour cet Album, des images o\u00f9 le photographe a saisi ce moment d\u00e9cisif, celui o\u00f9, l&rsquo;instant d&rsquo;avant ou celui d&rsquo;apr\u00e8s, le monde apparaissant dans le cadre ne serait pas tout \u00e0 fait du m\u00eame univers.<\/p>\n<p><a href=\"http:\/\/clabedan.typepad.com\/.shared\/image.html?\/photos\/uncategorized\/2008\/06\/19\/album13.jpg\"><img loading=\"lazy\" decoding=\"async\" width=\"470\" height=\"320\"  src=\"http:\/\/www.leblogmoto.com\/images\/2008\/06\/19\/album13.jpg\" alt=\"Album13\" \/><\/a> <\/p>\n<p><a href=\"http:\/\/blogs.thesocialmedia.com\/leblogmoto\/files\/2012\/07\/album12.jpg\"><img loading=\"lazy\" decoding=\"async\" width=\"470\" height=\"314\"  src=\"http:\/\/www.leblogmoto.com\/images\/2008\/06\/19\/album12.jpg\" alt=\"Album12\" \/><\/a> <\/p>\n<p><a href=\"http:\/\/blogs.thesocialmedia.com\/leblogmoto\/files\/2012\/07\/album11.jpg\"><img loading=\"lazy\" decoding=\"async\" width=\"470\" height=\"313\"  src=\"http:\/\/www.leblogmoto.com\/images\/2008\/06\/19\/album11.jpg\" alt=\"Album11\" \/><\/a> <\/p>\n<p><a href=\"http:\/\/blogs.thesocialmedia.com\/leblogmoto\/files\/2012\/07\/album9.jpg\"><img loading=\"lazy\" decoding=\"async\" width=\"470\" height=\"299\"  src=\"http:\/\/www.leblogmoto.com\/images\/2008\/06\/19\/album9.jpg\" alt=\"Album9\" \/><\/a> <\/p>\n<p><a href=\"http:\/\/blogs.thesocialmedia.com\/leblogmoto\/files\/2012\/07\/album8.jpg\"><img loading=\"lazy\" decoding=\"async\" width=\"470\" height=\"319\"  src=\"http:\/\/www.leblogmoto.com\/images\/2008\/06\/19\/album8.jpg\" alt=\"Album8\" \/><\/a> <\/p>\n<p><a href=\"http:\/\/blogs.thesocialmedia.com\/leblogmoto\/files\/2012\/07\/album7.jpg\"><img loading=\"lazy\" decoding=\"async\" width=\"470\" height=\"312\"  src=\"http:\/\/www.leblogmoto.com\/images\/2008\/06\/19\/album7.jpg\" alt=\"Album7\" \/><\/a> <\/p>\n<p><a href=\"http:\/\/blogs.thesocialmedia.com\/leblogmoto\/files\/2012\/07\/album6.jpg\"><img loading=\"lazy\" decoding=\"async\" width=\"470\" height=\"310\"  src=\"http:\/\/www.leblogmoto.com\/images\/2008\/06\/19\/album6.jpg\" alt=\"Album6\" \/><\/a> <\/p>\n<p><a href=\"http:\/\/blogs.thesocialmedia.com\/leblogmoto\/files\/2012\/07\/album5.jpg\"><img loading=\"lazy\" decoding=\"async\" width=\"470\" height=\"293\"  src=\"http:\/\/www.leblogmoto.com\/images\/2008\/06\/19\/album5.jpg\" alt=\"Album5\" \/><\/a> <\/p>\n<p><a href=\"http:\/\/blogs.thesocialmedia.com\/leblogmoto\/files\/2012\/07\/album4.jpg\"><img loading=\"lazy\" decoding=\"async\" width=\"470\" height=\"469\"  src=\"http:\/\/www.leblogmoto.com\/images\/2008\/06\/19\/album4.jpg\" alt=\"Album4\" \/><\/a> <\/p>\n<p><a href=\"http:\/\/blogs.thesocialmedia.com\/leblogmoto\/files\/2012\/07\/album3.jpg\"><img loading=\"lazy\" decoding=\"async\" width=\"470\" height=\"293\"  src=\"http:\/\/www.leblogmoto.com\/images\/2008\/06\/19\/album3.jpg\" alt=\"Album3\" \/><\/a> <\/p>\n<p><a href=\"http:\/\/blogs.thesocialmedia.com\/leblogmoto\/files\/2012\/07\/album2.jpg\"><img loading=\"lazy\" decoding=\"async\" width=\"470\" height=\"473\"  src=\"http:\/\/www.leblogmoto.com\/images\/2008\/06\/19\/album2.jpg\" alt=\"Album2\" \/><\/a> <\/p>\n<p><a href=\"http:\/\/blogs.thesocialmedia.com\/leblogmoto\/files\/2012\/07\/album13.jpg\"><img loading=\"lazy\" decoding=\"async\" width=\"470\" height=\"312\"  src=\"http:\/\/www.leblogmoto.com\/images\/2008\/06\/19\/album1.jpg\" alt=\"Album1\" \/><\/a> <\/p>\n","protected":false},"excerpt":{"rendered":"<p>\u00abPhotographier, c&rsquo;est mettre sur la m\u00eame ligne de mire la t\u00eate, l&rsquo;oeil et le coeur. C&rsquo;est une fa\u00e7on de vivre.\u00bbHenri-Cartier Bresson Je n&rsquo;essaierai pas de pousser le bouchon trop loin, mais certains rapprochements peuvent \u00eatre faits entre l&rsquo;action de photographier, et celui de rouler en moto.D&rsquo;abord, c&rsquo;est une question de sens, et pour l&rsquo;un comme [&hellip;]<\/p>\n","protected":false},"author":325,"featured_media":0,"comment_status":"open","ping_status":"open","sticky":false,"template":"","format":"standard","meta":{"footnotes":""},"categories":[16],"tags":[],"class_list":["post-617","post","type-post","status-publish","format-standard","hentry","category-art-moto"],"yoast_head":"<!-- This site is optimized with the Yoast SEO plugin v26.0 - https:\/\/yoast.com\/wordpress\/plugins\/seo\/ -->\n<title>Album du vendredi, Le moment d\u00e9cisif - leblogmoto.com<\/title>\n<meta name=\"robots\" content=\"index, follow, max-snippet:-1, max-image-preview:large, max-video-preview:-1\" \/>\n<link rel=\"canonical\" href=\"https:\/\/blogs.thesocialmedia.com\/leblogmoto\/2008\/06\/20\/album-du-vend-1-10\/\" \/>\n<meta name=\"twitter:card\" content=\"summary_large_image\" \/>\n<meta name=\"twitter:title\" content=\"Album du vendredi, Le moment d\u00e9cisif - leblogmoto.com\" \/>\n<meta name=\"twitter:description\" content=\"\u00abPhotographier, c&rsquo;est mettre sur la m\u00eame ligne de mire la t\u00eate, l&rsquo;oeil et le coeur. C&rsquo;est une fa\u00e7on de vivre.\u00bbHenri-Cartier Bresson Je n&rsquo;essaierai pas de pousser le bouchon trop loin, mais certains rapprochements peuvent \u00eatre faits entre l&rsquo;action de photographier, et celui de rouler en moto.D&rsquo;abord, c&rsquo;est une question de sens, et pour l&rsquo;un comme [&hellip;]\" \/>\n<meta name=\"twitter:image\" content=\"http:\/\/www.leblogmoto.com\/images\/2008\/06\/19\/album10.jpg\" \/>\n<meta name=\"twitter:label1\" content=\"\u00c9crit par\" \/>\n\t<meta name=\"twitter:data1\" content=\"jacques lesage\" \/>\n\t<meta name=\"twitter:label2\" content=\"Dur\u00e9e de lecture estim\u00e9e\" \/>\n\t<meta name=\"twitter:data2\" content=\"1 minute\" \/>\n<script type=\"application\/ld+json\" class=\"yoast-schema-graph\">{\"@context\":\"https:\/\/schema.org\",\"@graph\":[{\"@type\":\"WebPage\",\"@id\":\"https:\/\/blogs.thesocialmedia.com\/leblogmoto\/2008\/06\/20\/album-du-vend-1-10\/\",\"url\":\"https:\/\/blogs.thesocialmedia.com\/leblogmoto\/2008\/06\/20\/album-du-vend-1-10\/\",\"name\":\"Album du vendredi, Le moment d\u00e9cisif - leblogmoto.com\",\"isPartOf\":{\"@id\":\"https:\/\/blogs.thesocialmedia.com\/leblogmoto\/#website\"},\"primaryImageOfPage\":{\"@id\":\"https:\/\/blogs.thesocialmedia.com\/leblogmoto\/2008\/06\/20\/album-du-vend-1-10\/#primaryimage\"},\"image\":{\"@id\":\"https:\/\/blogs.thesocialmedia.com\/leblogmoto\/2008\/06\/20\/album-du-vend-1-10\/#primaryimage\"},\"thumbnailUrl\":\"http:\/\/www.leblogmoto.com\/images\/2008\/06\/19\/album10.jpg\",\"datePublished\":\"2008-06-20T04:24:07+00:00\",\"dateModified\":\"2012-07-11T16:00:53+00:00\",\"author\":{\"@id\":\"https:\/\/blogs.thesocialmedia.com\/leblogmoto\/#\/schema\/person\/e82a0ca8a9a63d031586097a3ed58526\"},\"breadcrumb\":{\"@id\":\"https:\/\/blogs.thesocialmedia.com\/leblogmoto\/2008\/06\/20\/album-du-vend-1-10\/#breadcrumb\"},\"inLanguage\":\"fr-FR\",\"potentialAction\":[{\"@type\":\"ReadAction\",\"target\":[\"https:\/\/blogs.thesocialmedia.com\/leblogmoto\/2008\/06\/20\/album-du-vend-1-10\/\"]}]},{\"@type\":\"ImageObject\",\"inLanguage\":\"fr-FR\",\"@id\":\"https:\/\/blogs.thesocialmedia.com\/leblogmoto\/2008\/06\/20\/album-du-vend-1-10\/#primaryimage\",\"url\":\"http:\/\/www.leblogmoto.com\/images\/2008\/06\/19\/album10.jpg\",\"contentUrl\":\"http:\/\/www.leblogmoto.com\/images\/2008\/06\/19\/album10.jpg\"},{\"@type\":\"BreadcrumbList\",\"@id\":\"https:\/\/blogs.thesocialmedia.com\/leblogmoto\/2008\/06\/20\/album-du-vend-1-10\/#breadcrumb\",\"itemListElement\":[{\"@type\":\"ListItem\",\"position\":1,\"name\":\"Accueil\",\"item\":\"https:\/\/blogs.thesocialmedia.com\/leblogmoto\/\"},{\"@type\":\"ListItem\",\"position\":2,\"name\":\"Album du vendredi, Le moment d\u00e9cisif\"}]},{\"@type\":\"WebSite\",\"@id\":\"https:\/\/blogs.thesocialmedia.com\/leblogmoto\/#website\",\"url\":\"https:\/\/blogs.thesocialmedia.com\/leblogmoto\/\",\"name\":\"leblogmoto\",\"description\":\"Toute l&#039;actualit\u00e9 des 2 roues\",\"potentialAction\":[{\"@type\":\"SearchAction\",\"target\":{\"@type\":\"EntryPoint\",\"urlTemplate\":\"https:\/\/blogs.thesocialmedia.com\/leblogmoto\/?s={search_term_string}\"},\"query-input\":{\"@type\":\"PropertyValueSpecification\",\"valueRequired\":true,\"valueName\":\"search_term_string\"}}],\"inLanguage\":\"fr-FR\"},{\"@type\":\"Person\",\"@id\":\"https:\/\/blogs.thesocialmedia.com\/leblogmoto\/#\/schema\/person\/e82a0ca8a9a63d031586097a3ed58526\",\"name\":\"jacques lesage\",\"image\":{\"@type\":\"ImageObject\",\"inLanguage\":\"fr-FR\",\"@id\":\"https:\/\/blogs.thesocialmedia.com\/leblogmoto\/#\/schema\/person\/image\/\",\"url\":\"https:\/\/secure.gravatar.com\/avatar\/?s=96&d=mm&r=g\",\"contentUrl\":\"https:\/\/secure.gravatar.com\/avatar\/?s=96&d=mm&r=g\",\"caption\":\"jacques lesage\"},\"url\":\"https:\/\/blogs.thesocialmedia.com\/leblogmoto\/author\/jacques-lesage\/\"}]}<\/script>\n<!-- \/ Yoast SEO plugin. -->","yoast_head_json":{"title":"Album du vendredi, Le moment d\u00e9cisif - leblogmoto.com","robots":{"index":"index","follow":"follow","max-snippet":"max-snippet:-1","max-image-preview":"max-image-preview:large","max-video-preview":"max-video-preview:-1"},"canonical":"https:\/\/blogs.thesocialmedia.com\/leblogmoto\/2008\/06\/20\/album-du-vend-1-10\/","twitter_card":"summary_large_image","twitter_title":"Album du vendredi, Le moment d\u00e9cisif - leblogmoto.com","twitter_description":"\u00abPhotographier, c&rsquo;est mettre sur la m\u00eame ligne de mire la t\u00eate, l&rsquo;oeil et le coeur. C&rsquo;est une fa\u00e7on de vivre.\u00bbHenri-Cartier Bresson Je n&rsquo;essaierai pas de pousser le bouchon trop loin, mais certains rapprochements peuvent \u00eatre faits entre l&rsquo;action de photographier, et celui de rouler en moto.D&rsquo;abord, c&rsquo;est une question de sens, et pour l&rsquo;un comme [&hellip;]","twitter_image":"http:\/\/www.leblogmoto.com\/images\/2008\/06\/19\/album10.jpg","twitter_misc":{"\u00c9crit par":"jacques lesage","Dur\u00e9e de lecture estim\u00e9e":"1 minute"},"schema":{"@context":"https:\/\/schema.org","@graph":[{"@type":"WebPage","@id":"https:\/\/blogs.thesocialmedia.com\/leblogmoto\/2008\/06\/20\/album-du-vend-1-10\/","url":"https:\/\/blogs.thesocialmedia.com\/leblogmoto\/2008\/06\/20\/album-du-vend-1-10\/","name":"Album du vendredi, Le moment d\u00e9cisif - leblogmoto.com","isPartOf":{"@id":"https:\/\/blogs.thesocialmedia.com\/leblogmoto\/#website"},"primaryImageOfPage":{"@id":"https:\/\/blogs.thesocialmedia.com\/leblogmoto\/2008\/06\/20\/album-du-vend-1-10\/#primaryimage"},"image":{"@id":"https:\/\/blogs.thesocialmedia.com\/leblogmoto\/2008\/06\/20\/album-du-vend-1-10\/#primaryimage"},"thumbnailUrl":"http:\/\/www.leblogmoto.com\/images\/2008\/06\/19\/album10.jpg","datePublished":"2008-06-20T04:24:07+00:00","dateModified":"2012-07-11T16:00:53+00:00","author":{"@id":"https:\/\/blogs.thesocialmedia.com\/leblogmoto\/#\/schema\/person\/e82a0ca8a9a63d031586097a3ed58526"},"breadcrumb":{"@id":"https:\/\/blogs.thesocialmedia.com\/leblogmoto\/2008\/06\/20\/album-du-vend-1-10\/#breadcrumb"},"inLanguage":"fr-FR","potentialAction":[{"@type":"ReadAction","target":["https:\/\/blogs.thesocialmedia.com\/leblogmoto\/2008\/06\/20\/album-du-vend-1-10\/"]}]},{"@type":"ImageObject","inLanguage":"fr-FR","@id":"https:\/\/blogs.thesocialmedia.com\/leblogmoto\/2008\/06\/20\/album-du-vend-1-10\/#primaryimage","url":"http:\/\/www.leblogmoto.com\/images\/2008\/06\/19\/album10.jpg","contentUrl":"http:\/\/www.leblogmoto.com\/images\/2008\/06\/19\/album10.jpg"},{"@type":"BreadcrumbList","@id":"https:\/\/blogs.thesocialmedia.com\/leblogmoto\/2008\/06\/20\/album-du-vend-1-10\/#breadcrumb","itemListElement":[{"@type":"ListItem","position":1,"name":"Accueil","item":"https:\/\/blogs.thesocialmedia.com\/leblogmoto\/"},{"@type":"ListItem","position":2,"name":"Album du vendredi, Le moment d\u00e9cisif"}]},{"@type":"WebSite","@id":"https:\/\/blogs.thesocialmedia.com\/leblogmoto\/#website","url":"https:\/\/blogs.thesocialmedia.com\/leblogmoto\/","name":"leblogmoto","description":"Toute l&#039;actualit\u00e9 des 2 roues","potentialAction":[{"@type":"SearchAction","target":{"@type":"EntryPoint","urlTemplate":"https:\/\/blogs.thesocialmedia.com\/leblogmoto\/?s={search_term_string}"},"query-input":{"@type":"PropertyValueSpecification","valueRequired":true,"valueName":"search_term_string"}}],"inLanguage":"fr-FR"},{"@type":"Person","@id":"https:\/\/blogs.thesocialmedia.com\/leblogmoto\/#\/schema\/person\/e82a0ca8a9a63d031586097a3ed58526","name":"jacques lesage","image":{"@type":"ImageObject","inLanguage":"fr-FR","@id":"https:\/\/blogs.thesocialmedia.com\/leblogmoto\/#\/schema\/person\/image\/","url":"https:\/\/secure.gravatar.com\/avatar\/?s=96&d=mm&r=g","contentUrl":"https:\/\/secure.gravatar.com\/avatar\/?s=96&d=mm&r=g","caption":"jacques lesage"},"url":"https:\/\/blogs.thesocialmedia.com\/leblogmoto\/author\/jacques-lesage\/"}]}},"_links":{"self":[{"href":"https:\/\/blogs.thesocialmedia.com\/leblogmoto\/wp-json\/wp\/v2\/posts\/617","targetHints":{"allow":["GET"]}}],"collection":[{"href":"https:\/\/blogs.thesocialmedia.com\/leblogmoto\/wp-json\/wp\/v2\/posts"}],"about":[{"href":"https:\/\/blogs.thesocialmedia.com\/leblogmoto\/wp-json\/wp\/v2\/types\/post"}],"author":[{"embeddable":true,"href":"https:\/\/blogs.thesocialmedia.com\/leblogmoto\/wp-json\/wp\/v2\/users\/325"}],"replies":[{"embeddable":true,"href":"https:\/\/blogs.thesocialmedia.com\/leblogmoto\/wp-json\/wp\/v2\/comments?post=617"}],"version-history":[{"count":2,"href":"https:\/\/blogs.thesocialmedia.com\/leblogmoto\/wp-json\/wp\/v2\/posts\/617\/revisions"}],"predecessor-version":[{"id":11123,"href":"https:\/\/blogs.thesocialmedia.com\/leblogmoto\/wp-json\/wp\/v2\/posts\/617\/revisions\/11123"}],"wp:attachment":[{"href":"https:\/\/blogs.thesocialmedia.com\/leblogmoto\/wp-json\/wp\/v2\/media?parent=617"}],"wp:term":[{"taxonomy":"category","embeddable":true,"href":"https:\/\/blogs.thesocialmedia.com\/leblogmoto\/wp-json\/wp\/v2\/categories?post=617"},{"taxonomy":"post_tag","embeddable":true,"href":"https:\/\/blogs.thesocialmedia.com\/leblogmoto\/wp-json\/wp\/v2\/tags?post=617"}],"curies":[{"name":"wp","href":"https:\/\/api.w.org\/{rel}","templated":true}]}}