{"id":618,"date":"2008-06-19T05:03:49","date_gmt":"2008-06-19T05:03:49","guid":{"rendered":"http:\/\/blogs.thesocialmedia.com\/leblogmoto\/2008\/06\/19\/triumph-bonnevi\/"},"modified":"2012-07-11T16:00:20","modified_gmt":"2012-07-11T16:00:20","slug":"triumph-bonnevi","status":"publish","type":"post","link":"https:\/\/blogs.thesocialmedia.com\/leblogmoto\/2008\/06\/19\/triumph-bonnevi\/","title":{"rendered":"Triumph Bonneville, 50 ans et le p\u00e9ril d&rsquo;\u00eatre toujours jeune"},"content":{"rendered":"<p><a href=\"http:\/\/blogs.thesocialmedia.com\/leblogmoto\/files\/2012\/07\/titre.jpg\"><img loading=\"lazy\" decoding=\"async\" width=\"470\" height=\"211\"  src=\"http:\/\/www.leblogmoto.com\/images\/2008\/06\/18\/titre.jpg\" alt=\"Titre\" \/><\/a> <\/p>\n<p>Il y en a des anniversaires en 2008, comme la Fort mod\u00e8le T qui a 100 ans, l&rsquo;armistice de la premi\u00e8re Grande Guerre, 90 ans, Che Guevara qui aurait eu 80 ans, Spirou qui ne fait pas ses 70 ans, l&rsquo;\u00c9tat d&rsquo;Isra\u00ebl, 60 ans, et la Bonneville, 50 ans.<br \/>Son nom lui vient de l&rsquo;exploit d&rsquo;un Johnny Allen qui, en 1950, atteignit 342 km\/h sur le lac sal\u00e9 de Bonneville avec une machine \u00e0 moteur Triumph.<\/p>\n<p>C\u00e9l\u00e9br\u00e9e par Hollywood gr\u00e2ce aux Marlon Brando, James Dean et m\u00eame un peu plus r\u00e9cemment Richard Gere, la Bonneville cependant c\u00e9da sous les assauts des mod\u00e8les japonais au milieu des ann\u00e9es 80. Mais la vague n\u00e9o-r\u00e9tro de ce d\u00e9but de si\u00e8cle redonna vie \u00e0 la Bonneville qui compte maintenant dans sa gamme de \u00abmodern classic\u00bb le T100, Thruxton, Scrambler, America et Speedmaster.<\/p>\n<p>Diff\u00e9rentes \u00e9ditions sp\u00e9ciales furent cr\u00e9\u00e9es depuis ses d\u00e9buts, comme la T140J en 1977 en comm\u00e9moration du Jubil\u00e9 d&rsquo;argent de la Reine, ou encore une T140LE pour c\u00e9l\u00e9brer le mariage de Charles et Diana.<br \/>Cette fois-ci, <a href=\"http:\/\/www.triumph.co.uk\/uk\/default.aspx\">Triumph<\/a> a demand\u00e9 \u00e0 l&rsquo;acteur <a href=\"http:\/\/www.ewanmcgregor.net\/\">Ewan McGregor<\/a> et \u00e0 la maison <a href=\"http:\/\/www.belstaff.net\/\">Belstaff<\/a>, reconnu pour ses cuirs, dont ceux d&rsquo;Indiana Jones, de personnaliser la Bonneville. McGregor rend hommage \u00e0 Steve McQueen par un r\u00e9servoir plaqu\u00e9 de cuivre et une selle en coton cir\u00e9 noir. Des exemplaires sign\u00e9s par l&rsquo;acteur seront vendus aux ench\u00e8res et les profits distribu\u00e9s \u00e0 l&rsquo;<a href=\"http:\/\/www.unicef.org.uk\/celebrity\/celebrity_biography.asp?celeb_id=26\">UNICEF<\/a>.<br \/>La maison Belstaff y est all\u00e9e pour le noir et or dans sa livr\u00e9e, et a produit un blouson de cuir pour l&rsquo;occasion. Curieusement, il est introuvable sur leur site, sans doute une \u00e9dition tr\u00e8s, tr\u00e8s limit\u00e9e.<\/p>\n<p><a href=\"http:\/\/clabedan.typepad.com\/.shared\/image.html?\/photos\/uncategorized\/2008\/06\/18\/copper_bonneville.jpg\"><img loading=\"lazy\" decoding=\"async\" width=\"470\" height=\"351\"  src=\"http:\/\/www.leblogmoto.com\/images\/2008\/06\/18\/copper_bonneville.jpg\" alt=\"Copper_bonneville\" \/><\/a> <\/p>\n<p>Jadis symbole de r\u00e9bellion et d&rsquo;individualit\u00e9, la Bonneville n&rsquo;est plus que nostalgie, mais tant qu&rsquo;elle le fera avec style, on s&rsquo;en accommodera.<\/p>\n<p><a href=\"http:\/\/blogs.thesocialmedia.com\/leblogmoto\/files\/2012\/07\/belstaff1.jpg\"><img loading=\"lazy\" decoding=\"async\" width=\"470\" height=\"270\"  src=\"http:\/\/www.leblogmoto.com\/images\/2008\/06\/18\/belstaff1.jpg\" alt=\"Belstaff1\" \/><\/a> <\/p>\n<p>Les plus perspicaces auront remarqu\u00e9 le manque de fra\u00eecheur de cette nouvelle qui date du mois dernier, mais je la sors apr\u00e8s avoir roul\u00e9 avec la Bonneville il y a \u00e0 peine 2 jours, et dont le contre-rendu de l&rsquo;essai vous sera offert sous peu, apr\u00e8s un second tour de piste et quelques kilom\u00e8tres de plus.<\/p>\n<p><a href=\"http:\/\/blogs.thesocialmedia.com\/leblogmoto\/files\/2012\/07\/triumph11.jpg\"><img loading=\"lazy\" decoding=\"async\" width=\"470\" height=\"213\"  src=\"http:\/\/www.leblogmoto.com\/images\/2008\/06\/18\/triumph1.jpg\" alt=\"Triumph1\" \/><\/a> <\/p>\n<p><a href=\"http:\/\/blogs.thesocialmedia.com\/leblogmoto\/files\/2012\/07\/triumph21.jpg\"><img loading=\"lazy\" decoding=\"async\" width=\"470\" height=\"211\"  src=\"http:\/\/www.leblogmoto.com\/images\/2008\/06\/18\/triumph2.jpg\" alt=\"Triumph2\" \/><\/a> <\/p>\n<p><a href=\"http:\/\/blogs.thesocialmedia.com\/leblogmoto\/files\/2012\/07\/triumph31.jpg\"><img loading=\"lazy\" decoding=\"async\" width=\"470\" height=\"213\"  src=\"http:\/\/www.leblogmoto.com\/images\/2008\/06\/18\/triumph3.jpg\" alt=\"Triumph3\" \/><\/a> <\/p>\n<p><a href=\"http:\/\/blogs.thesocialmedia.com\/leblogmoto\/files\/2012\/07\/triumph41.jpg\"><img loading=\"lazy\" decoding=\"async\" width=\"470\" height=\"210\"  src=\"http:\/\/www.leblogmoto.com\/images\/2008\/06\/18\/triumph4.jpg\" alt=\"Triumph4\" \/><\/a> <\/p>\n<p><a href=\"http:\/\/blogs.thesocialmedia.com\/leblogmoto\/files\/2012\/07\/jallen.jpg\"><img loading=\"lazy\" decoding=\"async\" width=\"470\" height=\"174\"  src=\"http:\/\/www.leblogmoto.com\/images\/2008\/06\/18\/jallen.jpg\" alt=\"Jallen\" \/><\/a> <br \/><em>Johnny Allen \u00e0 Bonneville<\/em><\/p>\n","protected":false},"excerpt":{"rendered":"<p>Il y en a des anniversaires en 2008, comme la Fort mod\u00e8le T qui a 100 ans, l&rsquo;armistice de la premi\u00e8re Grande Guerre, 90 ans, Che Guevara qui aurait eu 80 ans, Spirou qui ne fait pas ses 70 ans, l&rsquo;\u00c9tat d&rsquo;Isra\u00ebl, 60 ans, et la Bonneville, 50 ans.Son nom lui vient de l&rsquo;exploit d&rsquo;un [&hellip;]<\/p>\n","protected":false},"author":325,"featured_media":0,"comment_status":"open","ping_status":"open","sticky":false,"template":"","format":"standard","meta":{"footnotes":""},"categories":[8,54],"tags":[],"class_list":["post-618","post","type-post","status-publish","format-standard","hentry","category-chaines-et-cuirs","category-triumph"],"yoast_head":"<!-- This site is optimized with the Yoast SEO plugin v26.0 - https:\/\/yoast.com\/wordpress\/plugins\/seo\/ -->\n<title>Triumph Bonneville, 50 ans et le p\u00e9ril d&#039;\u00eatre toujours jeune - leblogmoto.com<\/title>\n<meta name=\"robots\" content=\"index, follow, max-snippet:-1, max-image-preview:large, max-video-preview:-1\" \/>\n<link rel=\"canonical\" href=\"https:\/\/blogs.thesocialmedia.com\/leblogmoto\/2008\/06\/19\/triumph-bonnevi\/\" \/>\n<meta name=\"twitter:card\" content=\"summary_large_image\" \/>\n<meta name=\"twitter:title\" content=\"Triumph Bonneville, 50 ans et le p\u00e9ril d&#039;\u00eatre toujours jeune - leblogmoto.com\" \/>\n<meta name=\"twitter:description\" content=\"Il y en a des anniversaires en 2008, comme la Fort mod\u00e8le T qui a 100 ans, l&rsquo;armistice de la premi\u00e8re Grande Guerre, 90 ans, Che Guevara qui aurait eu 80 ans, Spirou qui ne fait pas ses 70 ans, l&rsquo;\u00c9tat d&rsquo;Isra\u00ebl, 60 ans, et la Bonneville, 50 ans.Son nom lui vient de l&rsquo;exploit d&rsquo;un [&hellip;]\" \/>\n<meta name=\"twitter:image\" content=\"http:\/\/www.leblogmoto.com\/images\/2008\/06\/18\/titre.jpg\" \/>\n<meta name=\"twitter:label1\" content=\"\u00c9crit par\" \/>\n\t<meta name=\"twitter:data1\" content=\"jacques lesage\" \/>\n\t<meta name=\"twitter:label2\" content=\"Dur\u00e9e de lecture estim\u00e9e\" \/>\n\t<meta name=\"twitter:data2\" content=\"2 minutes\" \/>\n<script type=\"application\/ld+json\" class=\"yoast-schema-graph\">{\"@context\":\"https:\/\/schema.org\",\"@graph\":[{\"@type\":\"WebPage\",\"@id\":\"https:\/\/blogs.thesocialmedia.com\/leblogmoto\/2008\/06\/19\/triumph-bonnevi\/\",\"url\":\"https:\/\/blogs.thesocialmedia.com\/leblogmoto\/2008\/06\/19\/triumph-bonnevi\/\",\"name\":\"Triumph Bonneville, 50 ans et le p\u00e9ril d'\u00eatre toujours jeune - leblogmoto.com\",\"isPartOf\":{\"@id\":\"https:\/\/blogs.thesocialmedia.com\/leblogmoto\/#website\"},\"primaryImageOfPage\":{\"@id\":\"https:\/\/blogs.thesocialmedia.com\/leblogmoto\/2008\/06\/19\/triumph-bonnevi\/#primaryimage\"},\"image\":{\"@id\":\"https:\/\/blogs.thesocialmedia.com\/leblogmoto\/2008\/06\/19\/triumph-bonnevi\/#primaryimage\"},\"thumbnailUrl\":\"http:\/\/www.leblogmoto.com\/images\/2008\/06\/18\/titre.jpg\",\"datePublished\":\"2008-06-19T05:03:49+00:00\",\"dateModified\":\"2012-07-11T16:00:20+00:00\",\"author\":{\"@id\":\"https:\/\/blogs.thesocialmedia.com\/leblogmoto\/#\/schema\/person\/e82a0ca8a9a63d031586097a3ed58526\"},\"breadcrumb\":{\"@id\":\"https:\/\/blogs.thesocialmedia.com\/leblogmoto\/2008\/06\/19\/triumph-bonnevi\/#breadcrumb\"},\"inLanguage\":\"fr-FR\",\"potentialAction\":[{\"@type\":\"ReadAction\",\"target\":[\"https:\/\/blogs.thesocialmedia.com\/leblogmoto\/2008\/06\/19\/triumph-bonnevi\/\"]}]},{\"@type\":\"ImageObject\",\"inLanguage\":\"fr-FR\",\"@id\":\"https:\/\/blogs.thesocialmedia.com\/leblogmoto\/2008\/06\/19\/triumph-bonnevi\/#primaryimage\",\"url\":\"http:\/\/www.leblogmoto.com\/images\/2008\/06\/18\/titre.jpg\",\"contentUrl\":\"http:\/\/www.leblogmoto.com\/images\/2008\/06\/18\/titre.jpg\"},{\"@type\":\"BreadcrumbList\",\"@id\":\"https:\/\/blogs.thesocialmedia.com\/leblogmoto\/2008\/06\/19\/triumph-bonnevi\/#breadcrumb\",\"itemListElement\":[{\"@type\":\"ListItem\",\"position\":1,\"name\":\"Accueil\",\"item\":\"https:\/\/blogs.thesocialmedia.com\/leblogmoto\/\"},{\"@type\":\"ListItem\",\"position\":2,\"name\":\"Triumph Bonneville, 50 ans et le p\u00e9ril d&rsquo;\u00eatre toujours jeune\"}]},{\"@type\":\"WebSite\",\"@id\":\"https:\/\/blogs.thesocialmedia.com\/leblogmoto\/#website\",\"url\":\"https:\/\/blogs.thesocialmedia.com\/leblogmoto\/\",\"name\":\"leblogmoto\",\"description\":\"Toute l&#039;actualit\u00e9 des 2 roues\",\"potentialAction\":[{\"@type\":\"SearchAction\",\"target\":{\"@type\":\"EntryPoint\",\"urlTemplate\":\"https:\/\/blogs.thesocialmedia.com\/leblogmoto\/?s={search_term_string}\"},\"query-input\":{\"@type\":\"PropertyValueSpecification\",\"valueRequired\":true,\"valueName\":\"search_term_string\"}}],\"inLanguage\":\"fr-FR\"},{\"@type\":\"Person\",\"@id\":\"https:\/\/blogs.thesocialmedia.com\/leblogmoto\/#\/schema\/person\/e82a0ca8a9a63d031586097a3ed58526\",\"name\":\"jacques lesage\",\"image\":{\"@type\":\"ImageObject\",\"inLanguage\":\"fr-FR\",\"@id\":\"https:\/\/blogs.thesocialmedia.com\/leblogmoto\/#\/schema\/person\/image\/\",\"url\":\"https:\/\/secure.gravatar.com\/avatar\/?s=96&d=mm&r=g\",\"contentUrl\":\"https:\/\/secure.gravatar.com\/avatar\/?s=96&d=mm&r=g\",\"caption\":\"jacques lesage\"},\"url\":\"https:\/\/blogs.thesocialmedia.com\/leblogmoto\/author\/jacques-lesage\/\"}]}<\/script>\n<!-- \/ Yoast SEO plugin. -->","yoast_head_json":{"title":"Triumph Bonneville, 50 ans et le p\u00e9ril d'\u00eatre toujours jeune - leblogmoto.com","robots":{"index":"index","follow":"follow","max-snippet":"max-snippet:-1","max-image-preview":"max-image-preview:large","max-video-preview":"max-video-preview:-1"},"canonical":"https:\/\/blogs.thesocialmedia.com\/leblogmoto\/2008\/06\/19\/triumph-bonnevi\/","twitter_card":"summary_large_image","twitter_title":"Triumph Bonneville, 50 ans et le p\u00e9ril d'\u00eatre toujours jeune - leblogmoto.com","twitter_description":"Il y en a des anniversaires en 2008, comme la Fort mod\u00e8le T qui a 100 ans, l&rsquo;armistice de la premi\u00e8re Grande Guerre, 90 ans, Che Guevara qui aurait eu 80 ans, Spirou qui ne fait pas ses 70 ans, l&rsquo;\u00c9tat d&rsquo;Isra\u00ebl, 60 ans, et la Bonneville, 50 ans.Son nom lui vient de l&rsquo;exploit d&rsquo;un [&hellip;]","twitter_image":"http:\/\/www.leblogmoto.com\/images\/2008\/06\/18\/titre.jpg","twitter_misc":{"\u00c9crit par":"jacques lesage","Dur\u00e9e de lecture estim\u00e9e":"2 minutes"},"schema":{"@context":"https:\/\/schema.org","@graph":[{"@type":"WebPage","@id":"https:\/\/blogs.thesocialmedia.com\/leblogmoto\/2008\/06\/19\/triumph-bonnevi\/","url":"https:\/\/blogs.thesocialmedia.com\/leblogmoto\/2008\/06\/19\/triumph-bonnevi\/","name":"Triumph Bonneville, 50 ans et le p\u00e9ril d'\u00eatre toujours jeune - leblogmoto.com","isPartOf":{"@id":"https:\/\/blogs.thesocialmedia.com\/leblogmoto\/#website"},"primaryImageOfPage":{"@id":"https:\/\/blogs.thesocialmedia.com\/leblogmoto\/2008\/06\/19\/triumph-bonnevi\/#primaryimage"},"image":{"@id":"https:\/\/blogs.thesocialmedia.com\/leblogmoto\/2008\/06\/19\/triumph-bonnevi\/#primaryimage"},"thumbnailUrl":"http:\/\/www.leblogmoto.com\/images\/2008\/06\/18\/titre.jpg","datePublished":"2008-06-19T05:03:49+00:00","dateModified":"2012-07-11T16:00:20+00:00","author":{"@id":"https:\/\/blogs.thesocialmedia.com\/leblogmoto\/#\/schema\/person\/e82a0ca8a9a63d031586097a3ed58526"},"breadcrumb":{"@id":"https:\/\/blogs.thesocialmedia.com\/leblogmoto\/2008\/06\/19\/triumph-bonnevi\/#breadcrumb"},"inLanguage":"fr-FR","potentialAction":[{"@type":"ReadAction","target":["https:\/\/blogs.thesocialmedia.com\/leblogmoto\/2008\/06\/19\/triumph-bonnevi\/"]}]},{"@type":"ImageObject","inLanguage":"fr-FR","@id":"https:\/\/blogs.thesocialmedia.com\/leblogmoto\/2008\/06\/19\/triumph-bonnevi\/#primaryimage","url":"http:\/\/www.leblogmoto.com\/images\/2008\/06\/18\/titre.jpg","contentUrl":"http:\/\/www.leblogmoto.com\/images\/2008\/06\/18\/titre.jpg"},{"@type":"BreadcrumbList","@id":"https:\/\/blogs.thesocialmedia.com\/leblogmoto\/2008\/06\/19\/triumph-bonnevi\/#breadcrumb","itemListElement":[{"@type":"ListItem","position":1,"name":"Accueil","item":"https:\/\/blogs.thesocialmedia.com\/leblogmoto\/"},{"@type":"ListItem","position":2,"name":"Triumph Bonneville, 50 ans et le p\u00e9ril d&rsquo;\u00eatre toujours jeune"}]},{"@type":"WebSite","@id":"https:\/\/blogs.thesocialmedia.com\/leblogmoto\/#website","url":"https:\/\/blogs.thesocialmedia.com\/leblogmoto\/","name":"leblogmoto","description":"Toute l&#039;actualit\u00e9 des 2 roues","potentialAction":[{"@type":"SearchAction","target":{"@type":"EntryPoint","urlTemplate":"https:\/\/blogs.thesocialmedia.com\/leblogmoto\/?s={search_term_string}"},"query-input":{"@type":"PropertyValueSpecification","valueRequired":true,"valueName":"search_term_string"}}],"inLanguage":"fr-FR"},{"@type":"Person","@id":"https:\/\/blogs.thesocialmedia.com\/leblogmoto\/#\/schema\/person\/e82a0ca8a9a63d031586097a3ed58526","name":"jacques lesage","image":{"@type":"ImageObject","inLanguage":"fr-FR","@id":"https:\/\/blogs.thesocialmedia.com\/leblogmoto\/#\/schema\/person\/image\/","url":"https:\/\/secure.gravatar.com\/avatar\/?s=96&d=mm&r=g","contentUrl":"https:\/\/secure.gravatar.com\/avatar\/?s=96&d=mm&r=g","caption":"jacques lesage"},"url":"https:\/\/blogs.thesocialmedia.com\/leblogmoto\/author\/jacques-lesage\/"}]}},"_links":{"self":[{"href":"https:\/\/blogs.thesocialmedia.com\/leblogmoto\/wp-json\/wp\/v2\/posts\/618","targetHints":{"allow":["GET"]}}],"collection":[{"href":"https:\/\/blogs.thesocialmedia.com\/leblogmoto\/wp-json\/wp\/v2\/posts"}],"about":[{"href":"https:\/\/blogs.thesocialmedia.com\/leblogmoto\/wp-json\/wp\/v2\/types\/post"}],"author":[{"embeddable":true,"href":"https:\/\/blogs.thesocialmedia.com\/leblogmoto\/wp-json\/wp\/v2\/users\/325"}],"replies":[{"embeddable":true,"href":"https:\/\/blogs.thesocialmedia.com\/leblogmoto\/wp-json\/wp\/v2\/comments?post=618"}],"version-history":[{"count":2,"href":"https:\/\/blogs.thesocialmedia.com\/leblogmoto\/wp-json\/wp\/v2\/posts\/618\/revisions"}],"predecessor-version":[{"id":11110,"href":"https:\/\/blogs.thesocialmedia.com\/leblogmoto\/wp-json\/wp\/v2\/posts\/618\/revisions\/11110"}],"wp:attachment":[{"href":"https:\/\/blogs.thesocialmedia.com\/leblogmoto\/wp-json\/wp\/v2\/media?parent=618"}],"wp:term":[{"taxonomy":"category","embeddable":true,"href":"https:\/\/blogs.thesocialmedia.com\/leblogmoto\/wp-json\/wp\/v2\/categories?post=618"},{"taxonomy":"post_tag","embeddable":true,"href":"https:\/\/blogs.thesocialmedia.com\/leblogmoto\/wp-json\/wp\/v2\/tags?post=618"}],"curies":[{"name":"wp","href":"https:\/\/api.w.org\/{rel}","templated":true}]}}