{"id":620,"date":"2008-06-17T14:58:59","date_gmt":"2008-06-17T14:58:59","guid":{"rendered":"http:\/\/blogs.thesocialmedia.com\/leblogmoto\/2008\/06\/17\/honda-cration-d\/"},"modified":"2012-07-11T15:59:56","modified_gmt":"2012-07-11T15:59:56","slug":"honda-cration-d","status":"publish","type":"post","link":"https:\/\/blogs.thesocialmedia.com\/leblogmoto\/2008\/06\/17\/honda-cration-d\/","title":{"rendered":"Honda : Cr\u00e9ation du Troph\u00e9e MX"},"content":{"rendered":"<p><a href=\"http:\/\/blogs.thesocialmedia.com\/leblogmoto\/files\/2012\/07\/honda_mx.jpg\"><img loading=\"lazy\" decoding=\"async\" width=\"250\" height=\"187\"  src=\"http:\/\/www.leblogmoto.com\/images\/2008\/06\/17\/honda_mx.jpg\" alt=\"Honda_mx\" style=\"margin: 0px 5px 5px 0px;float: left\" \/><\/a>Pendant le GP de France de ce week-end, <a href=\"http:\/\/moto.honda.fr\/\">Honda<\/a> a annonc\u00e9 la cr\u00e9ation du Troph\u00e9e MX de la marque.<br \/>Tous les pilotes participants \u00e0 l&rsquo;un des Championnats de la ligue <a href=\"http:\/\/www.ffmoto.org\/\">FFM<\/a> 2009 pourront y participer. Chaque pilote devra \u00e9galement \u00eatre possesseur d&rsquo;une <a href=\"http:\/\/moto.honda.fr\/\">CRF250R<\/a> ou <a href=\"http:\/\/moto.honda.fr\/\">CRF450R<\/a> officiellement distribu\u00e9e par la filiale fran\u00e7aise de la marque et acquise neuve chez l&rsquo;un des concessionnaires officiels Honda fran\u00e7ais \u00e0 partir du 1er juillet 2008.<\/p>\n<p>Au programme des cadeaux, chaque participants recevra des dotations ou des remises. <br \/>Une Superfinale cl\u00f4turera le Troph\u00e9e Honda MX 2009. Le gagnant de chaque cat\u00e9gorie, celle des moins de 22 ans et celle des plus de 22 ans, recevra une CRF250R ou CRF450R selon son choix, ann\u00e9e mod\u00e8le 2010.<\/p>\n<p> Ouverture des inscriptions le 6 septembre 2008 \u00e0 l&rsquo;occasion du Kenny Festival \u00e0 Reygades. Pour tout renseignement s&rsquo;adresser \u00e0 DETOCOM par t\u00e9l\u00e9phone au 03 44 97 01 34 ou detocom@orange.fr<\/p>\n<p>Source : <a href=\"www.emoto.com\">eMoto<\/a><\/p>\n","protected":false},"excerpt":{"rendered":"<p>Pendant le GP de France de ce week-end, Honda a annonc\u00e9 la cr\u00e9ation du Troph\u00e9e MX de la marque.Tous les pilotes participants \u00e0 l&rsquo;un des Championnats de la ligue FFM 2009 pourront y participer. Chaque pilote devra \u00e9galement \u00eatre possesseur d&rsquo;une CRF250R ou CRF450R officiellement distribu\u00e9e par la filiale fran\u00e7aise de la marque et acquise [&hellip;]<\/p>\n","protected":false},"author":329,"featured_media":0,"comment_status":"open","ping_status":"open","sticky":false,"template":"","format":"standard","meta":{"footnotes":""},"categories":[3,66,32],"tags":[],"class_list":["post-620","post","type-post","status-publish","format-standard","hentry","category-actualite","category-moto-cross","category-sport-moto"],"yoast_head":"<!-- This site is optimized with the Yoast SEO plugin v26.0 - https:\/\/yoast.com\/wordpress\/plugins\/seo\/ -->\n<title>Honda : Cr\u00e9ation du Troph\u00e9e MX - leblogmoto.com<\/title>\n<meta name=\"robots\" content=\"index, follow, max-snippet:-1, max-image-preview:large, max-video-preview:-1\" \/>\n<link rel=\"canonical\" href=\"https:\/\/blogs.thesocialmedia.com\/leblogmoto\/2008\/06\/17\/honda-cration-d\/\" \/>\n<meta name=\"twitter:card\" content=\"summary_large_image\" \/>\n<meta name=\"twitter:title\" content=\"Honda : Cr\u00e9ation du Troph\u00e9e MX - leblogmoto.com\" \/>\n<meta name=\"twitter:description\" content=\"Pendant le GP de France de ce week-end, Honda a annonc\u00e9 la cr\u00e9ation du Troph\u00e9e MX de la marque.Tous les pilotes participants \u00e0 l&rsquo;un des Championnats de la ligue FFM 2009 pourront y participer. Chaque pilote devra \u00e9galement \u00eatre possesseur d&rsquo;une CRF250R ou CRF450R officiellement distribu\u00e9e par la filiale fran\u00e7aise de la marque et acquise [&hellip;]\" \/>\n<meta name=\"twitter:image\" content=\"http:\/\/www.leblogmoto.com\/images\/2008\/06\/17\/honda_mx.jpg\" \/>\n<meta name=\"twitter:label1\" content=\"\u00c9crit par\" \/>\n\t<meta name=\"twitter:data1\" content=\"gregory boucaud\" \/>\n\t<meta name=\"twitter:label2\" content=\"Dur\u00e9e de lecture estim\u00e9e\" \/>\n\t<meta name=\"twitter:data2\" content=\"1 minute\" \/>\n<script type=\"application\/ld+json\" class=\"yoast-schema-graph\">{\"@context\":\"https:\/\/schema.org\",\"@graph\":[{\"@type\":\"WebPage\",\"@id\":\"https:\/\/blogs.thesocialmedia.com\/leblogmoto\/2008\/06\/17\/honda-cration-d\/\",\"url\":\"https:\/\/blogs.thesocialmedia.com\/leblogmoto\/2008\/06\/17\/honda-cration-d\/\",\"name\":\"Honda : Cr\u00e9ation du Troph\u00e9e MX - leblogmoto.com\",\"isPartOf\":{\"@id\":\"https:\/\/blogs.thesocialmedia.com\/leblogmoto\/#website\"},\"primaryImageOfPage\":{\"@id\":\"https:\/\/blogs.thesocialmedia.com\/leblogmoto\/2008\/06\/17\/honda-cration-d\/#primaryimage\"},\"image\":{\"@id\":\"https:\/\/blogs.thesocialmedia.com\/leblogmoto\/2008\/06\/17\/honda-cration-d\/#primaryimage\"},\"thumbnailUrl\":\"http:\/\/www.leblogmoto.com\/images\/2008\/06\/17\/honda_mx.jpg\",\"datePublished\":\"2008-06-17T14:58:59+00:00\",\"dateModified\":\"2012-07-11T15:59:56+00:00\",\"author\":{\"@id\":\"https:\/\/blogs.thesocialmedia.com\/leblogmoto\/#\/schema\/person\/769623f89741cc3381675029a37764f8\"},\"breadcrumb\":{\"@id\":\"https:\/\/blogs.thesocialmedia.com\/leblogmoto\/2008\/06\/17\/honda-cration-d\/#breadcrumb\"},\"inLanguage\":\"fr-FR\",\"potentialAction\":[{\"@type\":\"ReadAction\",\"target\":[\"https:\/\/blogs.thesocialmedia.com\/leblogmoto\/2008\/06\/17\/honda-cration-d\/\"]}]},{\"@type\":\"ImageObject\",\"inLanguage\":\"fr-FR\",\"@id\":\"https:\/\/blogs.thesocialmedia.com\/leblogmoto\/2008\/06\/17\/honda-cration-d\/#primaryimage\",\"url\":\"http:\/\/www.leblogmoto.com\/images\/2008\/06\/17\/honda_mx.jpg\",\"contentUrl\":\"http:\/\/www.leblogmoto.com\/images\/2008\/06\/17\/honda_mx.jpg\"},{\"@type\":\"BreadcrumbList\",\"@id\":\"https:\/\/blogs.thesocialmedia.com\/leblogmoto\/2008\/06\/17\/honda-cration-d\/#breadcrumb\",\"itemListElement\":[{\"@type\":\"ListItem\",\"position\":1,\"name\":\"Accueil\",\"item\":\"https:\/\/blogs.thesocialmedia.com\/leblogmoto\/\"},{\"@type\":\"ListItem\",\"position\":2,\"name\":\"Honda : Cr\u00e9ation du Troph\u00e9e MX\"}]},{\"@type\":\"WebSite\",\"@id\":\"https:\/\/blogs.thesocialmedia.com\/leblogmoto\/#website\",\"url\":\"https:\/\/blogs.thesocialmedia.com\/leblogmoto\/\",\"name\":\"leblogmoto\",\"description\":\"Toute l&#039;actualit\u00e9 des 2 roues\",\"potentialAction\":[{\"@type\":\"SearchAction\",\"target\":{\"@type\":\"EntryPoint\",\"urlTemplate\":\"https:\/\/blogs.thesocialmedia.com\/leblogmoto\/?s={search_term_string}\"},\"query-input\":{\"@type\":\"PropertyValueSpecification\",\"valueRequired\":true,\"valueName\":\"search_term_string\"}}],\"inLanguage\":\"fr-FR\"},{\"@type\":\"Person\",\"@id\":\"https:\/\/blogs.thesocialmedia.com\/leblogmoto\/#\/schema\/person\/769623f89741cc3381675029a37764f8\",\"name\":\"gregory boucaud\",\"image\":{\"@type\":\"ImageObject\",\"inLanguage\":\"fr-FR\",\"@id\":\"https:\/\/blogs.thesocialmedia.com\/leblogmoto\/#\/schema\/person\/image\/\",\"url\":\"https:\/\/secure.gravatar.com\/avatar\/?s=96&d=mm&r=g\",\"contentUrl\":\"https:\/\/secure.gravatar.com\/avatar\/?s=96&d=mm&r=g\",\"caption\":\"gregory boucaud\"},\"url\":\"https:\/\/blogs.thesocialmedia.com\/leblogmoto\/author\/gregory-boucaud\/\"}]}<\/script>\n<!-- \/ Yoast SEO plugin. -->","yoast_head_json":{"title":"Honda : Cr\u00e9ation du Troph\u00e9e MX - leblogmoto.com","robots":{"index":"index","follow":"follow","max-snippet":"max-snippet:-1","max-image-preview":"max-image-preview:large","max-video-preview":"max-video-preview:-1"},"canonical":"https:\/\/blogs.thesocialmedia.com\/leblogmoto\/2008\/06\/17\/honda-cration-d\/","twitter_card":"summary_large_image","twitter_title":"Honda : Cr\u00e9ation du Troph\u00e9e MX - leblogmoto.com","twitter_description":"Pendant le GP de France de ce week-end, Honda a annonc\u00e9 la cr\u00e9ation du Troph\u00e9e MX de la marque.Tous les pilotes participants \u00e0 l&rsquo;un des Championnats de la ligue FFM 2009 pourront y participer. Chaque pilote devra \u00e9galement \u00eatre possesseur d&rsquo;une CRF250R ou CRF450R officiellement distribu\u00e9e par la filiale fran\u00e7aise de la marque et acquise [&hellip;]","twitter_image":"http:\/\/www.leblogmoto.com\/images\/2008\/06\/17\/honda_mx.jpg","twitter_misc":{"\u00c9crit par":"gregory boucaud","Dur\u00e9e de lecture estim\u00e9e":"1 minute"},"schema":{"@context":"https:\/\/schema.org","@graph":[{"@type":"WebPage","@id":"https:\/\/blogs.thesocialmedia.com\/leblogmoto\/2008\/06\/17\/honda-cration-d\/","url":"https:\/\/blogs.thesocialmedia.com\/leblogmoto\/2008\/06\/17\/honda-cration-d\/","name":"Honda : Cr\u00e9ation du Troph\u00e9e MX - leblogmoto.com","isPartOf":{"@id":"https:\/\/blogs.thesocialmedia.com\/leblogmoto\/#website"},"primaryImageOfPage":{"@id":"https:\/\/blogs.thesocialmedia.com\/leblogmoto\/2008\/06\/17\/honda-cration-d\/#primaryimage"},"image":{"@id":"https:\/\/blogs.thesocialmedia.com\/leblogmoto\/2008\/06\/17\/honda-cration-d\/#primaryimage"},"thumbnailUrl":"http:\/\/www.leblogmoto.com\/images\/2008\/06\/17\/honda_mx.jpg","datePublished":"2008-06-17T14:58:59+00:00","dateModified":"2012-07-11T15:59:56+00:00","author":{"@id":"https:\/\/blogs.thesocialmedia.com\/leblogmoto\/#\/schema\/person\/769623f89741cc3381675029a37764f8"},"breadcrumb":{"@id":"https:\/\/blogs.thesocialmedia.com\/leblogmoto\/2008\/06\/17\/honda-cration-d\/#breadcrumb"},"inLanguage":"fr-FR","potentialAction":[{"@type":"ReadAction","target":["https:\/\/blogs.thesocialmedia.com\/leblogmoto\/2008\/06\/17\/honda-cration-d\/"]}]},{"@type":"ImageObject","inLanguage":"fr-FR","@id":"https:\/\/blogs.thesocialmedia.com\/leblogmoto\/2008\/06\/17\/honda-cration-d\/#primaryimage","url":"http:\/\/www.leblogmoto.com\/images\/2008\/06\/17\/honda_mx.jpg","contentUrl":"http:\/\/www.leblogmoto.com\/images\/2008\/06\/17\/honda_mx.jpg"},{"@type":"BreadcrumbList","@id":"https:\/\/blogs.thesocialmedia.com\/leblogmoto\/2008\/06\/17\/honda-cration-d\/#breadcrumb","itemListElement":[{"@type":"ListItem","position":1,"name":"Accueil","item":"https:\/\/blogs.thesocialmedia.com\/leblogmoto\/"},{"@type":"ListItem","position":2,"name":"Honda : Cr\u00e9ation du Troph\u00e9e MX"}]},{"@type":"WebSite","@id":"https:\/\/blogs.thesocialmedia.com\/leblogmoto\/#website","url":"https:\/\/blogs.thesocialmedia.com\/leblogmoto\/","name":"leblogmoto","description":"Toute l&#039;actualit\u00e9 des 2 roues","potentialAction":[{"@type":"SearchAction","target":{"@type":"EntryPoint","urlTemplate":"https:\/\/blogs.thesocialmedia.com\/leblogmoto\/?s={search_term_string}"},"query-input":{"@type":"PropertyValueSpecification","valueRequired":true,"valueName":"search_term_string"}}],"inLanguage":"fr-FR"},{"@type":"Person","@id":"https:\/\/blogs.thesocialmedia.com\/leblogmoto\/#\/schema\/person\/769623f89741cc3381675029a37764f8","name":"gregory boucaud","image":{"@type":"ImageObject","inLanguage":"fr-FR","@id":"https:\/\/blogs.thesocialmedia.com\/leblogmoto\/#\/schema\/person\/image\/","url":"https:\/\/secure.gravatar.com\/avatar\/?s=96&d=mm&r=g","contentUrl":"https:\/\/secure.gravatar.com\/avatar\/?s=96&d=mm&r=g","caption":"gregory boucaud"},"url":"https:\/\/blogs.thesocialmedia.com\/leblogmoto\/author\/gregory-boucaud\/"}]}},"_links":{"self":[{"href":"https:\/\/blogs.thesocialmedia.com\/leblogmoto\/wp-json\/wp\/v2\/posts\/620","targetHints":{"allow":["GET"]}}],"collection":[{"href":"https:\/\/blogs.thesocialmedia.com\/leblogmoto\/wp-json\/wp\/v2\/posts"}],"about":[{"href":"https:\/\/blogs.thesocialmedia.com\/leblogmoto\/wp-json\/wp\/v2\/types\/post"}],"author":[{"embeddable":true,"href":"https:\/\/blogs.thesocialmedia.com\/leblogmoto\/wp-json\/wp\/v2\/users\/329"}],"replies":[{"embeddable":true,"href":"https:\/\/blogs.thesocialmedia.com\/leblogmoto\/wp-json\/wp\/v2\/comments?post=620"}],"version-history":[{"count":2,"href":"https:\/\/blogs.thesocialmedia.com\/leblogmoto\/wp-json\/wp\/v2\/posts\/620\/revisions"}],"predecessor-version":[{"id":11095,"href":"https:\/\/blogs.thesocialmedia.com\/leblogmoto\/wp-json\/wp\/v2\/posts\/620\/revisions\/11095"}],"wp:attachment":[{"href":"https:\/\/blogs.thesocialmedia.com\/leblogmoto\/wp-json\/wp\/v2\/media?parent=620"}],"wp:term":[{"taxonomy":"category","embeddable":true,"href":"https:\/\/blogs.thesocialmedia.com\/leblogmoto\/wp-json\/wp\/v2\/categories?post=620"},{"taxonomy":"post_tag","embeddable":true,"href":"https:\/\/blogs.thesocialmedia.com\/leblogmoto\/wp-json\/wp\/v2\/tags?post=620"}],"curies":[{"name":"wp","href":"https:\/\/api.w.org\/{rel}","templated":true}]}}