{"id":621,"date":"2008-06-17T14:20:54","date_gmt":"2008-06-17T14:20:54","guid":{"rendered":"http:\/\/blogs.thesocialmedia.com\/leblogmoto\/2008\/06\/17\/permis-de-condu\/"},"modified":"2012-07-11T15:59:54","modified_gmt":"2012-07-11T15:59:54","slug":"permis-de-condu","status":"publish","type":"post","link":"https:\/\/blogs.thesocialmedia.com\/leblogmoto\/2008\/06\/17\/permis-de-condu\/","title":{"rendered":"Permis de conduire : R\u00e9union de concertation"},"content":{"rendered":"<p><a href=\"http:\/\/blogs.thesocialmedia.com\/leblogmoto\/files\/2012\/07\/permis_de_conduire1.jpg\"><img loading=\"lazy\" decoding=\"async\" width=\"250\" height=\"344\"  src=\"http:\/\/www.leblogmoto.com\/images\/2008\/06\/17\/permis_de_conduire.jpg\" alt=\"Permis_de_conduire\" style=\"margin: 0px 5px 5px 0px;float: left\" \/><\/a>Le mercredi 11 juin dernier s&rsquo;est tenu une r\u00e9union de concertation avec la d\u00e9l\u00e9gu\u00e9e interminist\u00e9rielle de la <a href=\"http:\/\/www2.securiteroutiere.gouv.fr\">s\u00e9curit\u00e9 routi\u00e8re<\/a> (C\u00e9cile PETIT), les repr\u00e9sentants des enseignants de la conduite et les inspecteurs du permis de conduire afin d&rsquo;examiner le rapport d&rsquo;audit sur &quot;la formation \u00e0 la conduite et l&rsquo;examen du permis de conduire&quot;. Rapport r\u00e9alis\u00e9 par Dominique Lebrun, Inspecteur g\u00e9n\u00e9ral de l\u2019\u00e9quipement, et Michel Mathieu, Pr\u00e9fet.<br \/>Ces propositions sont organis\u00e9es autour de quatre axes : <br \/>&#8211; La formation des futurs conducteurs<br \/> &#8211; Les conditions de passage du permis<br \/>&#8211; La valorisation de la formation et du m\u00e9tier d\u2019enseignant<br \/>&#8211; Le fonctionnement du service du permis de conduire. <\/p>\n<p>Par la suite, des groupes de travail seront mis en place, qui associeront les diff\u00e9rents partenaires concern\u00e9s par la r\u00e9forme du permis de conduire, et notamment les assureurs, les associations de jeunes, d\u2019\u00e9lus locaux et des divers acteurs de la s\u00e9curit\u00e9 routi\u00e8re.<br \/>Tout cela toujours dans l&rsquo;objectif demand\u00e9 par le Pr\u00e9sident de la R\u00e9publique \u00e0 l\u2019issue du Conseil restreint de <a href=\"http:\/\/www2.securiteroutiere.gouv.fr\">s\u00e9curit\u00e9 routi\u00e8re<\/a> du 21 d\u00e9cembre 2007, qui \u00e9tait de diviser par trois le nombre de jeunes tu\u00e9s sur les routes d\u2019ici 2012. En 2006, les 15-24 ans repr\u00e9sentent 13 % de la population mais 27 % des tu\u00e9s sur la route.<\/p>\n<p>Source : <a href=\"http:\/\/www2.securiteroutiere.gouv.fr\/infos-ref\/observatoire\/index.html\">Observatoire national interminist\u00e9riel de la s\u00e9curit\u00e9 routi\u00e8re<\/a> <\/p>\n","protected":false},"excerpt":{"rendered":"<p>Le mercredi 11 juin dernier s&rsquo;est tenu une r\u00e9union de concertation avec la d\u00e9l\u00e9gu\u00e9e interminist\u00e9rielle de la s\u00e9curit\u00e9 routi\u00e8re (C\u00e9cile PETIT), les repr\u00e9sentants des enseignants de la conduite et les inspecteurs du permis de conduire afin d&rsquo;examiner le rapport d&rsquo;audit sur &quot;la formation \u00e0 la conduite et l&rsquo;examen du permis de conduire&quot;. Rapport r\u00e9alis\u00e9 par [&hellip;]<\/p>\n","protected":false},"author":329,"featured_media":0,"comment_status":"open","ping_status":"open","sticky":false,"template":"","format":"standard","meta":{"footnotes":""},"categories":[3,27],"tags":[],"class_list":["post-621","post","type-post","status-publish","format-standard","hentry","category-actualite","category-securite"],"yoast_head":"<!-- This site is optimized with the Yoast SEO plugin v26.0 - https:\/\/yoast.com\/wordpress\/plugins\/seo\/ -->\n<title>Permis de conduire : R\u00e9union de concertation - leblogmoto.com<\/title>\n<meta name=\"robots\" content=\"index, follow, max-snippet:-1, max-image-preview:large, max-video-preview:-1\" \/>\n<link rel=\"canonical\" href=\"https:\/\/blogs.thesocialmedia.com\/leblogmoto\/2008\/06\/17\/permis-de-condu\/\" \/>\n<meta name=\"twitter:card\" content=\"summary_large_image\" \/>\n<meta name=\"twitter:title\" content=\"Permis de conduire : R\u00e9union de concertation - leblogmoto.com\" \/>\n<meta name=\"twitter:description\" content=\"Le mercredi 11 juin dernier s&rsquo;est tenu une r\u00e9union de concertation avec la d\u00e9l\u00e9gu\u00e9e interminist\u00e9rielle de la s\u00e9curit\u00e9 routi\u00e8re (C\u00e9cile PETIT), les repr\u00e9sentants des enseignants de la conduite et les inspecteurs du permis de conduire afin d&rsquo;examiner le rapport d&rsquo;audit sur &quot;la formation \u00e0 la conduite et l&rsquo;examen du permis de conduire&quot;. Rapport r\u00e9alis\u00e9 par [&hellip;]\" \/>\n<meta name=\"twitter:image\" content=\"http:\/\/www.leblogmoto.com\/images\/2008\/06\/17\/permis_de_conduire.jpg\" \/>\n<meta name=\"twitter:label1\" content=\"\u00c9crit par\" \/>\n\t<meta name=\"twitter:data1\" content=\"gregory boucaud\" \/>\n\t<meta name=\"twitter:label2\" content=\"Dur\u00e9e de lecture estim\u00e9e\" \/>\n\t<meta name=\"twitter:data2\" content=\"1 minute\" \/>\n<script type=\"application\/ld+json\" class=\"yoast-schema-graph\">{\"@context\":\"https:\/\/schema.org\",\"@graph\":[{\"@type\":\"WebPage\",\"@id\":\"https:\/\/blogs.thesocialmedia.com\/leblogmoto\/2008\/06\/17\/permis-de-condu\/\",\"url\":\"https:\/\/blogs.thesocialmedia.com\/leblogmoto\/2008\/06\/17\/permis-de-condu\/\",\"name\":\"Permis de conduire : R\u00e9union de concertation - leblogmoto.com\",\"isPartOf\":{\"@id\":\"https:\/\/blogs.thesocialmedia.com\/leblogmoto\/#website\"},\"primaryImageOfPage\":{\"@id\":\"https:\/\/blogs.thesocialmedia.com\/leblogmoto\/2008\/06\/17\/permis-de-condu\/#primaryimage\"},\"image\":{\"@id\":\"https:\/\/blogs.thesocialmedia.com\/leblogmoto\/2008\/06\/17\/permis-de-condu\/#primaryimage\"},\"thumbnailUrl\":\"http:\/\/www.leblogmoto.com\/images\/2008\/06\/17\/permis_de_conduire.jpg\",\"datePublished\":\"2008-06-17T14:20:54+00:00\",\"dateModified\":\"2012-07-11T15:59:54+00:00\",\"author\":{\"@id\":\"https:\/\/blogs.thesocialmedia.com\/leblogmoto\/#\/schema\/person\/769623f89741cc3381675029a37764f8\"},\"breadcrumb\":{\"@id\":\"https:\/\/blogs.thesocialmedia.com\/leblogmoto\/2008\/06\/17\/permis-de-condu\/#breadcrumb\"},\"inLanguage\":\"fr-FR\",\"potentialAction\":[{\"@type\":\"ReadAction\",\"target\":[\"https:\/\/blogs.thesocialmedia.com\/leblogmoto\/2008\/06\/17\/permis-de-condu\/\"]}]},{\"@type\":\"ImageObject\",\"inLanguage\":\"fr-FR\",\"@id\":\"https:\/\/blogs.thesocialmedia.com\/leblogmoto\/2008\/06\/17\/permis-de-condu\/#primaryimage\",\"url\":\"http:\/\/www.leblogmoto.com\/images\/2008\/06\/17\/permis_de_conduire.jpg\",\"contentUrl\":\"http:\/\/www.leblogmoto.com\/images\/2008\/06\/17\/permis_de_conduire.jpg\"},{\"@type\":\"BreadcrumbList\",\"@id\":\"https:\/\/blogs.thesocialmedia.com\/leblogmoto\/2008\/06\/17\/permis-de-condu\/#breadcrumb\",\"itemListElement\":[{\"@type\":\"ListItem\",\"position\":1,\"name\":\"Accueil\",\"item\":\"https:\/\/blogs.thesocialmedia.com\/leblogmoto\/\"},{\"@type\":\"ListItem\",\"position\":2,\"name\":\"Permis de conduire : R\u00e9union de concertation\"}]},{\"@type\":\"WebSite\",\"@id\":\"https:\/\/blogs.thesocialmedia.com\/leblogmoto\/#website\",\"url\":\"https:\/\/blogs.thesocialmedia.com\/leblogmoto\/\",\"name\":\"leblogmoto\",\"description\":\"Toute l&#039;actualit\u00e9 des 2 roues\",\"potentialAction\":[{\"@type\":\"SearchAction\",\"target\":{\"@type\":\"EntryPoint\",\"urlTemplate\":\"https:\/\/blogs.thesocialmedia.com\/leblogmoto\/?s={search_term_string}\"},\"query-input\":{\"@type\":\"PropertyValueSpecification\",\"valueRequired\":true,\"valueName\":\"search_term_string\"}}],\"inLanguage\":\"fr-FR\"},{\"@type\":\"Person\",\"@id\":\"https:\/\/blogs.thesocialmedia.com\/leblogmoto\/#\/schema\/person\/769623f89741cc3381675029a37764f8\",\"name\":\"gregory boucaud\",\"image\":{\"@type\":\"ImageObject\",\"inLanguage\":\"fr-FR\",\"@id\":\"https:\/\/blogs.thesocialmedia.com\/leblogmoto\/#\/schema\/person\/image\/\",\"url\":\"https:\/\/secure.gravatar.com\/avatar\/?s=96&d=mm&r=g\",\"contentUrl\":\"https:\/\/secure.gravatar.com\/avatar\/?s=96&d=mm&r=g\",\"caption\":\"gregory boucaud\"},\"url\":\"https:\/\/blogs.thesocialmedia.com\/leblogmoto\/author\/gregory-boucaud\/\"}]}<\/script>\n<!-- \/ Yoast SEO plugin. -->","yoast_head_json":{"title":"Permis de conduire : R\u00e9union de concertation - leblogmoto.com","robots":{"index":"index","follow":"follow","max-snippet":"max-snippet:-1","max-image-preview":"max-image-preview:large","max-video-preview":"max-video-preview:-1"},"canonical":"https:\/\/blogs.thesocialmedia.com\/leblogmoto\/2008\/06\/17\/permis-de-condu\/","twitter_card":"summary_large_image","twitter_title":"Permis de conduire : R\u00e9union de concertation - leblogmoto.com","twitter_description":"Le mercredi 11 juin dernier s&rsquo;est tenu une r\u00e9union de concertation avec la d\u00e9l\u00e9gu\u00e9e interminist\u00e9rielle de la s\u00e9curit\u00e9 routi\u00e8re (C\u00e9cile PETIT), les repr\u00e9sentants des enseignants de la conduite et les inspecteurs du permis de conduire afin d&rsquo;examiner le rapport d&rsquo;audit sur &quot;la formation \u00e0 la conduite et l&rsquo;examen du permis de conduire&quot;. Rapport r\u00e9alis\u00e9 par [&hellip;]","twitter_image":"http:\/\/www.leblogmoto.com\/images\/2008\/06\/17\/permis_de_conduire.jpg","twitter_misc":{"\u00c9crit par":"gregory boucaud","Dur\u00e9e de lecture estim\u00e9e":"1 minute"},"schema":{"@context":"https:\/\/schema.org","@graph":[{"@type":"WebPage","@id":"https:\/\/blogs.thesocialmedia.com\/leblogmoto\/2008\/06\/17\/permis-de-condu\/","url":"https:\/\/blogs.thesocialmedia.com\/leblogmoto\/2008\/06\/17\/permis-de-condu\/","name":"Permis de conduire : R\u00e9union de concertation - leblogmoto.com","isPartOf":{"@id":"https:\/\/blogs.thesocialmedia.com\/leblogmoto\/#website"},"primaryImageOfPage":{"@id":"https:\/\/blogs.thesocialmedia.com\/leblogmoto\/2008\/06\/17\/permis-de-condu\/#primaryimage"},"image":{"@id":"https:\/\/blogs.thesocialmedia.com\/leblogmoto\/2008\/06\/17\/permis-de-condu\/#primaryimage"},"thumbnailUrl":"http:\/\/www.leblogmoto.com\/images\/2008\/06\/17\/permis_de_conduire.jpg","datePublished":"2008-06-17T14:20:54+00:00","dateModified":"2012-07-11T15:59:54+00:00","author":{"@id":"https:\/\/blogs.thesocialmedia.com\/leblogmoto\/#\/schema\/person\/769623f89741cc3381675029a37764f8"},"breadcrumb":{"@id":"https:\/\/blogs.thesocialmedia.com\/leblogmoto\/2008\/06\/17\/permis-de-condu\/#breadcrumb"},"inLanguage":"fr-FR","potentialAction":[{"@type":"ReadAction","target":["https:\/\/blogs.thesocialmedia.com\/leblogmoto\/2008\/06\/17\/permis-de-condu\/"]}]},{"@type":"ImageObject","inLanguage":"fr-FR","@id":"https:\/\/blogs.thesocialmedia.com\/leblogmoto\/2008\/06\/17\/permis-de-condu\/#primaryimage","url":"http:\/\/www.leblogmoto.com\/images\/2008\/06\/17\/permis_de_conduire.jpg","contentUrl":"http:\/\/www.leblogmoto.com\/images\/2008\/06\/17\/permis_de_conduire.jpg"},{"@type":"BreadcrumbList","@id":"https:\/\/blogs.thesocialmedia.com\/leblogmoto\/2008\/06\/17\/permis-de-condu\/#breadcrumb","itemListElement":[{"@type":"ListItem","position":1,"name":"Accueil","item":"https:\/\/blogs.thesocialmedia.com\/leblogmoto\/"},{"@type":"ListItem","position":2,"name":"Permis de conduire : R\u00e9union de concertation"}]},{"@type":"WebSite","@id":"https:\/\/blogs.thesocialmedia.com\/leblogmoto\/#website","url":"https:\/\/blogs.thesocialmedia.com\/leblogmoto\/","name":"leblogmoto","description":"Toute l&#039;actualit\u00e9 des 2 roues","potentialAction":[{"@type":"SearchAction","target":{"@type":"EntryPoint","urlTemplate":"https:\/\/blogs.thesocialmedia.com\/leblogmoto\/?s={search_term_string}"},"query-input":{"@type":"PropertyValueSpecification","valueRequired":true,"valueName":"search_term_string"}}],"inLanguage":"fr-FR"},{"@type":"Person","@id":"https:\/\/blogs.thesocialmedia.com\/leblogmoto\/#\/schema\/person\/769623f89741cc3381675029a37764f8","name":"gregory boucaud","image":{"@type":"ImageObject","inLanguage":"fr-FR","@id":"https:\/\/blogs.thesocialmedia.com\/leblogmoto\/#\/schema\/person\/image\/","url":"https:\/\/secure.gravatar.com\/avatar\/?s=96&d=mm&r=g","contentUrl":"https:\/\/secure.gravatar.com\/avatar\/?s=96&d=mm&r=g","caption":"gregory boucaud"},"url":"https:\/\/blogs.thesocialmedia.com\/leblogmoto\/author\/gregory-boucaud\/"}]}},"_links":{"self":[{"href":"https:\/\/blogs.thesocialmedia.com\/leblogmoto\/wp-json\/wp\/v2\/posts\/621","targetHints":{"allow":["GET"]}}],"collection":[{"href":"https:\/\/blogs.thesocialmedia.com\/leblogmoto\/wp-json\/wp\/v2\/posts"}],"about":[{"href":"https:\/\/blogs.thesocialmedia.com\/leblogmoto\/wp-json\/wp\/v2\/types\/post"}],"author":[{"embeddable":true,"href":"https:\/\/blogs.thesocialmedia.com\/leblogmoto\/wp-json\/wp\/v2\/users\/329"}],"replies":[{"embeddable":true,"href":"https:\/\/blogs.thesocialmedia.com\/leblogmoto\/wp-json\/wp\/v2\/comments?post=621"}],"version-history":[{"count":2,"href":"https:\/\/blogs.thesocialmedia.com\/leblogmoto\/wp-json\/wp\/v2\/posts\/621\/revisions"}],"predecessor-version":[{"id":11093,"href":"https:\/\/blogs.thesocialmedia.com\/leblogmoto\/wp-json\/wp\/v2\/posts\/621\/revisions\/11093"}],"wp:attachment":[{"href":"https:\/\/blogs.thesocialmedia.com\/leblogmoto\/wp-json\/wp\/v2\/media?parent=621"}],"wp:term":[{"taxonomy":"category","embeddable":true,"href":"https:\/\/blogs.thesocialmedia.com\/leblogmoto\/wp-json\/wp\/v2\/categories?post=621"},{"taxonomy":"post_tag","embeddable":true,"href":"https:\/\/blogs.thesocialmedia.com\/leblogmoto\/wp-json\/wp\/v2\/tags?post=621"}],"curies":[{"name":"wp","href":"https:\/\/api.w.org\/{rel}","templated":true}]}}