{"id":623,"date":"2008-06-17T03:33:43","date_gmt":"2008-06-17T03:33:43","guid":{"rendered":"http:\/\/blogs.thesocialmedia.com\/leblogmoto\/2008\/06\/17\/bosozoku-couleu\/"},"modified":"2012-07-11T15:59:49","modified_gmt":"2012-07-11T15:59:49","slug":"bosozoku-couleu","status":"publish","type":"post","link":"https:\/\/blogs.thesocialmedia.com\/leblogmoto\/2008\/06\/17\/bosozoku-couleu\/","title":{"rendered":"Bosozoku, couleur locale made in Japan"},"content":{"rendered":"<p><a href=\"http:\/\/blogs.thesocialmedia.com\/leblogmoto\/files\/2012\/07\/013.jpg\"><img loading=\"lazy\" decoding=\"async\" width=\"470\" height=\"219\"  src=\"http:\/\/www.leblogmoto.com\/images\/2008\/06\/16\/01.jpg\" alt=\"01\" \/><\/a> <br \/><em>Photos: Nasayuki Yoshinuga<\/em><\/p>\n<p>Apr\u00e8s les <a href=\"http:\/\/blogs.thesocialmedia.com\/leblogmoto\/files\/2012\/07\/tuning-scooters.html_.png\">scooters<\/a> pr\u00e9sent\u00e9s il y quelques semaines par Beno\u00eet, voici un autre ph\u00e9nom\u00e8ne japonais rattach\u00e9 \u00e0 la culture moto, les <a href=\"http:\/\/en.wikipedia.org\/wiki\/Bosozoku\">Bosozokus<\/a>. Certains de ces jeunes formant les diff\u00e9rents clans vivent chez leurs parents, d&rsquo;autres dans la rue, ils vont \u00e0 l&rsquo;\u00e9cole ou travaillent, mais les soirs de week-end, ils sortent leurs motos aux modifications extravagantes et arpentent les art\u00e8res des m\u00e9tropoles en groupes de plusieurs centaines d&rsquo;individus.<\/p>\n<p>Le ph\u00e9nom\u00e8ne Bosozoku prit naissance vers la fin des ann\u00e9es 50 sous l&rsquo;influence de la culture am\u00e9ricaine des <a href=\"http:\/\/fr.wikipedia.org\/wiki\/Hells_Angels\">Hell&rsquo;s Angels<\/a> et de films comme \u00ab<a href=\"http:\/\/en.wikipedia.org\/wiki\/The_Wild_One\">The Wild One<\/a>\u00bb avec Marlon Brando. Ajoutez-y certains codes guerriers, dont ceux des pilotes <a href=\"http:\/\/fr.wikipedia.org\/wiki\/Kamikaze\">kamikazes<\/a> dans leurs habillements et signes, et vous avez les Bosozokus. Par contre, le terme lui-m\u00eame est beaucoup plus r\u00e9cent, 1972, et d&rsquo;invention journalistique.<br \/>Il est un amalgame de \u00abbousou\u00bb, qui fait r\u00e9f\u00e9rence au plaisir de rouler, et \u00abzoku\u00bb, clan. Mais on peut aussi y voir dans le pr\u00e9fixe \u00abbou\u00bb, le mot \u00abbouryokudan\u00bb qui signifie \u00abbandit\u00bb.<br \/>Mais l&rsquo;allusion est surtout \u00e9vidente en pr\u00e9sence des caract\u00e8res imprim\u00e9s.<\/p>\n<p><a href=\"http:\/\/clabedan.typepad.com\/.shared\/image.html?\/photos\/uncategorized\/2008\/06\/16\/02.jpg\"><img loading=\"lazy\" decoding=\"async\" width=\"470\" height=\"293\"  src=\"http:\/\/www.leblogmoto.com\/images\/2008\/06\/16\/02.jpg\" alt=\"02\" \/><\/a> <\/p>\n<p>Singularis\u00e9s comme des bandes de voyous, les Bosozokus n&rsquo;\u00e9taient en fait, du moins pour la grande majorit\u00e9 d&rsquo;entre eux, lors des beaux jours des ann\u00e9es 70, 80, que de grands enfants un peu trop bruyants et voyants. Leurs d\u00e9ambulations tenaient plus du th\u00e9\u00e2tre que de la d\u00e9linquance, \u00e0 laquelle ils furent rapidement associ\u00e9s, avec la rue comme sc\u00e8ne, le trajet pour sc\u00e9nario et leurs uniformes et motos comme accessoires. Le spectacle se veut choquant, de bruit, de fureur et de provocation en reprenant les symboles imp\u00e9riaux comme le soleil levant et le <a href=\"http:\/\/fr.wikipedia.org\/wiki\/Svastika\">svastika<\/a> nazi. Mais l&rsquo;agenda d&rsquo;extr\u00eame droite n&rsquo;a pas grand-chose de politique, il est d&rsquo;abord bravade, effet secondaire coutumier de l&rsquo;adolescence.<\/p>\n<p><a href=\"http:\/\/clabedan.typepad.com\/.shared\/image.html?\/photos\/uncategorized\/2008\/06\/16\/03.jpg\"><img loading=\"lazy\" decoding=\"async\" width=\"470\" height=\"293\"  src=\"http:\/\/www.leblogmoto.com\/images\/2008\/06\/16\/03.jpg\" alt=\"03\" \/><\/a> <\/p>\n<p>Avec les ann\u00e9es, le ph\u00e9nom\u00e8ne s&rsquo;est marginalis\u00e9, bien que toujours vivant. Demeure un travail formidable sur l&rsquo;image et l&rsquo;imaginaire, unique au Japon.<\/p>\n<p><a href=\"http:\/\/blogs.thesocialmedia.com\/leblogmoto\/files\/2012\/07\/042.jpg\"><img loading=\"lazy\" decoding=\"async\" width=\"470\" height=\"326\"  src=\"http:\/\/www.leblogmoto.com\/images\/2008\/06\/16\/04.jpg\" alt=\"04\" \/><\/a> <\/p>\n<p><a href=\"http:\/\/blogs.thesocialmedia.com\/leblogmoto\/files\/2012\/07\/054.jpg\"><img loading=\"lazy\" decoding=\"async\" width=\"470\" height=\"329\"  src=\"http:\/\/www.leblogmoto.com\/images\/2008\/06\/16\/05.jpg\" alt=\"05\" \/><\/a> <\/p>\n<p><a href=\"http:\/\/blogs.thesocialmedia.com\/leblogmoto\/files\/2012\/07\/062.jpg\"><img loading=\"lazy\" decoding=\"async\" width=\"470\" height=\"329\"  src=\"http:\/\/www.leblogmoto.com\/images\/2008\/06\/16\/06.jpg\" alt=\"06\" \/><\/a> <\/p>\n<p><a href=\"http:\/\/blogs.thesocialmedia.com\/leblogmoto\/files\/2012\/07\/075.jpg\"><img loading=\"lazy\" decoding=\"async\" width=\"470\" height=\"511\"  src=\"http:\/\/www.leblogmoto.com\/images\/2008\/06\/16\/07.jpg\" alt=\"07\" \/><\/a> <\/p>\n<p><a href=\"http:\/\/blogs.thesocialmedia.com\/leblogmoto\/files\/2012\/07\/082.jpg\"><img loading=\"lazy\" decoding=\"async\" width=\"470\" height=\"352\"  src=\"http:\/\/www.leblogmoto.com\/images\/2008\/06\/16\/08.jpg\" alt=\"08\" \/><\/a> <\/p>\n<p><a href=\"http:\/\/blogs.thesocialmedia.com\/leblogmoto\/files\/2012\/07\/092.jpg\"><img loading=\"lazy\" decoding=\"async\" width=\"470\" height=\"352\"  src=\"http:\/\/www.leblogmoto.com\/images\/2008\/06\/16\/09.jpg\" alt=\"09\" \/><\/a> <\/p>\n<p><a href=\"http:\/\/blogs.thesocialmedia.com\/leblogmoto\/files\/2012\/07\/101.jpg\"><img loading=\"lazy\" decoding=\"async\" width=\"470\" height=\"352\"  src=\"http:\/\/www.leblogmoto.com\/images\/2008\/06\/16\/10.jpg\" alt=\"10\" \/><\/a> <\/p>\n<p>Le documentaire de Mitsuo Yanagimashi \u00ab<a href=\"http:\/\/wildgrounds.com\/index.php\/2007\/04\/20\/godspeed-you-black-emperor-1976-mitsuo-yanagimachi\/\">Godspeed you! Black Emperor<\/a>\u00bb r\u00e9alis\u00e9 en 1976, dresse un saisissant portrait de cet \u00e9poque en suivant le quotidien des membres du clan \u00abBlack Emperor\u00bb. Un extrait de pr\u00e8s de dix minutes vous attend ci-dessous.<\/p>\n<p><object width=\"425\" height=\"349\"><param value=\"http:\/\/www.youtube.com\/v\/qiTj20Fbm0Y&amp;hl=en&amp;rel=0&amp;border=1\" name=\"movie\" \/><embed width=\"425\" height=\"349\" type=\"application\/x-shockwave-flash\" src=\"http:\/\/www.youtube.com\/v\/qiTj20Fbm0Y&amp;hl=en&amp;rel=0&amp;border=1\"><\/embed><\/object><\/p>\n","protected":false},"excerpt":{"rendered":"<p>Photos: Nasayuki Yoshinuga Apr\u00e8s les scooters pr\u00e9sent\u00e9s il y quelques semaines par Beno\u00eet, voici un autre ph\u00e9nom\u00e8ne japonais rattach\u00e9 \u00e0 la culture moto, les Bosozokus. Certains de ces jeunes formant les diff\u00e9rents clans vivent chez leurs parents, d&rsquo;autres dans la rue, ils vont \u00e0 l&rsquo;\u00e9cole ou travaillent, mais les soirs de week-end, ils sortent leurs [&hellip;]<\/p>\n","protected":false},"author":325,"featured_media":0,"comment_status":"open","ping_status":"open","sticky":false,"template":"","format":"standard","meta":{"footnotes":""},"categories":[16,9,14,45,51,12,44],"tags":[],"class_list":["post-623","post","type-post","status-publish","format-standard","hentry","category-art-moto","category-historique","category-honda","category-kawasaki","category-suzuki","category-videos","category-yamaha"],"yoast_head":"<!-- This site is optimized with the Yoast SEO plugin v26.0 - https:\/\/yoast.com\/wordpress\/plugins\/seo\/ -->\n<title>Bosozoku, couleur locale made in Japan - leblogmoto.com<\/title>\n<meta name=\"robots\" content=\"index, follow, max-snippet:-1, max-image-preview:large, max-video-preview:-1\" \/>\n<link rel=\"canonical\" href=\"https:\/\/blogs.thesocialmedia.com\/leblogmoto\/2008\/06\/17\/bosozoku-couleu\/\" \/>\n<meta name=\"twitter:card\" content=\"summary_large_image\" \/>\n<meta name=\"twitter:title\" content=\"Bosozoku, couleur locale made in Japan - leblogmoto.com\" \/>\n<meta name=\"twitter:description\" content=\"Photos: Nasayuki Yoshinuga Apr\u00e8s les scooters pr\u00e9sent\u00e9s il y quelques semaines par Beno\u00eet, voici un autre ph\u00e9nom\u00e8ne japonais rattach\u00e9 \u00e0 la culture moto, les Bosozokus. Certains de ces jeunes formant les diff\u00e9rents clans vivent chez leurs parents, d&rsquo;autres dans la rue, ils vont \u00e0 l&rsquo;\u00e9cole ou travaillent, mais les soirs de week-end, ils sortent leurs [&hellip;]\" \/>\n<meta name=\"twitter:image\" content=\"http:\/\/www.leblogmoto.com\/images\/2008\/06\/16\/01.jpg\" \/>\n<meta name=\"twitter:label1\" content=\"\u00c9crit par\" \/>\n\t<meta name=\"twitter:data1\" content=\"jacques lesage\" \/>\n\t<meta name=\"twitter:label2\" content=\"Dur\u00e9e de lecture estim\u00e9e\" \/>\n\t<meta name=\"twitter:data2\" content=\"2 minutes\" \/>\n<script type=\"application\/ld+json\" class=\"yoast-schema-graph\">{\"@context\":\"https:\/\/schema.org\",\"@graph\":[{\"@type\":\"WebPage\",\"@id\":\"https:\/\/blogs.thesocialmedia.com\/leblogmoto\/2008\/06\/17\/bosozoku-couleu\/\",\"url\":\"https:\/\/blogs.thesocialmedia.com\/leblogmoto\/2008\/06\/17\/bosozoku-couleu\/\",\"name\":\"Bosozoku, couleur locale made in Japan - leblogmoto.com\",\"isPartOf\":{\"@id\":\"https:\/\/blogs.thesocialmedia.com\/leblogmoto\/#website\"},\"primaryImageOfPage\":{\"@id\":\"https:\/\/blogs.thesocialmedia.com\/leblogmoto\/2008\/06\/17\/bosozoku-couleu\/#primaryimage\"},\"image\":{\"@id\":\"https:\/\/blogs.thesocialmedia.com\/leblogmoto\/2008\/06\/17\/bosozoku-couleu\/#primaryimage\"},\"thumbnailUrl\":\"http:\/\/www.leblogmoto.com\/images\/2008\/06\/16\/01.jpg\",\"datePublished\":\"2008-06-17T03:33:43+00:00\",\"dateModified\":\"2012-07-11T15:59:49+00:00\",\"author\":{\"@id\":\"https:\/\/blogs.thesocialmedia.com\/leblogmoto\/#\/schema\/person\/e82a0ca8a9a63d031586097a3ed58526\"},\"breadcrumb\":{\"@id\":\"https:\/\/blogs.thesocialmedia.com\/leblogmoto\/2008\/06\/17\/bosozoku-couleu\/#breadcrumb\"},\"inLanguage\":\"fr-FR\",\"potentialAction\":[{\"@type\":\"ReadAction\",\"target\":[\"https:\/\/blogs.thesocialmedia.com\/leblogmoto\/2008\/06\/17\/bosozoku-couleu\/\"]}]},{\"@type\":\"ImageObject\",\"inLanguage\":\"fr-FR\",\"@id\":\"https:\/\/blogs.thesocialmedia.com\/leblogmoto\/2008\/06\/17\/bosozoku-couleu\/#primaryimage\",\"url\":\"http:\/\/www.leblogmoto.com\/images\/2008\/06\/16\/01.jpg\",\"contentUrl\":\"http:\/\/www.leblogmoto.com\/images\/2008\/06\/16\/01.jpg\"},{\"@type\":\"BreadcrumbList\",\"@id\":\"https:\/\/blogs.thesocialmedia.com\/leblogmoto\/2008\/06\/17\/bosozoku-couleu\/#breadcrumb\",\"itemListElement\":[{\"@type\":\"ListItem\",\"position\":1,\"name\":\"Accueil\",\"item\":\"https:\/\/blogs.thesocialmedia.com\/leblogmoto\/\"},{\"@type\":\"ListItem\",\"position\":2,\"name\":\"Bosozoku, couleur locale made in Japan\"}]},{\"@type\":\"WebSite\",\"@id\":\"https:\/\/blogs.thesocialmedia.com\/leblogmoto\/#website\",\"url\":\"https:\/\/blogs.thesocialmedia.com\/leblogmoto\/\",\"name\":\"leblogmoto\",\"description\":\"Toute l&#039;actualit\u00e9 des 2 roues\",\"potentialAction\":[{\"@type\":\"SearchAction\",\"target\":{\"@type\":\"EntryPoint\",\"urlTemplate\":\"https:\/\/blogs.thesocialmedia.com\/leblogmoto\/?s={search_term_string}\"},\"query-input\":{\"@type\":\"PropertyValueSpecification\",\"valueRequired\":true,\"valueName\":\"search_term_string\"}}],\"inLanguage\":\"fr-FR\"},{\"@type\":\"Person\",\"@id\":\"https:\/\/blogs.thesocialmedia.com\/leblogmoto\/#\/schema\/person\/e82a0ca8a9a63d031586097a3ed58526\",\"name\":\"jacques lesage\",\"image\":{\"@type\":\"ImageObject\",\"inLanguage\":\"fr-FR\",\"@id\":\"https:\/\/blogs.thesocialmedia.com\/leblogmoto\/#\/schema\/person\/image\/\",\"url\":\"https:\/\/secure.gravatar.com\/avatar\/?s=96&d=mm&r=g\",\"contentUrl\":\"https:\/\/secure.gravatar.com\/avatar\/?s=96&d=mm&r=g\",\"caption\":\"jacques lesage\"},\"url\":\"https:\/\/blogs.thesocialmedia.com\/leblogmoto\/author\/jacques-lesage\/\"}]}<\/script>\n<!-- \/ Yoast SEO plugin. -->","yoast_head_json":{"title":"Bosozoku, couleur locale made in Japan - leblogmoto.com","robots":{"index":"index","follow":"follow","max-snippet":"max-snippet:-1","max-image-preview":"max-image-preview:large","max-video-preview":"max-video-preview:-1"},"canonical":"https:\/\/blogs.thesocialmedia.com\/leblogmoto\/2008\/06\/17\/bosozoku-couleu\/","twitter_card":"summary_large_image","twitter_title":"Bosozoku, couleur locale made in Japan - leblogmoto.com","twitter_description":"Photos: Nasayuki Yoshinuga Apr\u00e8s les scooters pr\u00e9sent\u00e9s il y quelques semaines par Beno\u00eet, voici un autre ph\u00e9nom\u00e8ne japonais rattach\u00e9 \u00e0 la culture moto, les Bosozokus. Certains de ces jeunes formant les diff\u00e9rents clans vivent chez leurs parents, d&rsquo;autres dans la rue, ils vont \u00e0 l&rsquo;\u00e9cole ou travaillent, mais les soirs de week-end, ils sortent leurs [&hellip;]","twitter_image":"http:\/\/www.leblogmoto.com\/images\/2008\/06\/16\/01.jpg","twitter_misc":{"\u00c9crit par":"jacques lesage","Dur\u00e9e de lecture estim\u00e9e":"2 minutes"},"schema":{"@context":"https:\/\/schema.org","@graph":[{"@type":"WebPage","@id":"https:\/\/blogs.thesocialmedia.com\/leblogmoto\/2008\/06\/17\/bosozoku-couleu\/","url":"https:\/\/blogs.thesocialmedia.com\/leblogmoto\/2008\/06\/17\/bosozoku-couleu\/","name":"Bosozoku, couleur locale made in Japan - leblogmoto.com","isPartOf":{"@id":"https:\/\/blogs.thesocialmedia.com\/leblogmoto\/#website"},"primaryImageOfPage":{"@id":"https:\/\/blogs.thesocialmedia.com\/leblogmoto\/2008\/06\/17\/bosozoku-couleu\/#primaryimage"},"image":{"@id":"https:\/\/blogs.thesocialmedia.com\/leblogmoto\/2008\/06\/17\/bosozoku-couleu\/#primaryimage"},"thumbnailUrl":"http:\/\/www.leblogmoto.com\/images\/2008\/06\/16\/01.jpg","datePublished":"2008-06-17T03:33:43+00:00","dateModified":"2012-07-11T15:59:49+00:00","author":{"@id":"https:\/\/blogs.thesocialmedia.com\/leblogmoto\/#\/schema\/person\/e82a0ca8a9a63d031586097a3ed58526"},"breadcrumb":{"@id":"https:\/\/blogs.thesocialmedia.com\/leblogmoto\/2008\/06\/17\/bosozoku-couleu\/#breadcrumb"},"inLanguage":"fr-FR","potentialAction":[{"@type":"ReadAction","target":["https:\/\/blogs.thesocialmedia.com\/leblogmoto\/2008\/06\/17\/bosozoku-couleu\/"]}]},{"@type":"ImageObject","inLanguage":"fr-FR","@id":"https:\/\/blogs.thesocialmedia.com\/leblogmoto\/2008\/06\/17\/bosozoku-couleu\/#primaryimage","url":"http:\/\/www.leblogmoto.com\/images\/2008\/06\/16\/01.jpg","contentUrl":"http:\/\/www.leblogmoto.com\/images\/2008\/06\/16\/01.jpg"},{"@type":"BreadcrumbList","@id":"https:\/\/blogs.thesocialmedia.com\/leblogmoto\/2008\/06\/17\/bosozoku-couleu\/#breadcrumb","itemListElement":[{"@type":"ListItem","position":1,"name":"Accueil","item":"https:\/\/blogs.thesocialmedia.com\/leblogmoto\/"},{"@type":"ListItem","position":2,"name":"Bosozoku, couleur locale made in Japan"}]},{"@type":"WebSite","@id":"https:\/\/blogs.thesocialmedia.com\/leblogmoto\/#website","url":"https:\/\/blogs.thesocialmedia.com\/leblogmoto\/","name":"leblogmoto","description":"Toute l&#039;actualit\u00e9 des 2 roues","potentialAction":[{"@type":"SearchAction","target":{"@type":"EntryPoint","urlTemplate":"https:\/\/blogs.thesocialmedia.com\/leblogmoto\/?s={search_term_string}"},"query-input":{"@type":"PropertyValueSpecification","valueRequired":true,"valueName":"search_term_string"}}],"inLanguage":"fr-FR"},{"@type":"Person","@id":"https:\/\/blogs.thesocialmedia.com\/leblogmoto\/#\/schema\/person\/e82a0ca8a9a63d031586097a3ed58526","name":"jacques lesage","image":{"@type":"ImageObject","inLanguage":"fr-FR","@id":"https:\/\/blogs.thesocialmedia.com\/leblogmoto\/#\/schema\/person\/image\/","url":"https:\/\/secure.gravatar.com\/avatar\/?s=96&d=mm&r=g","contentUrl":"https:\/\/secure.gravatar.com\/avatar\/?s=96&d=mm&r=g","caption":"jacques lesage"},"url":"https:\/\/blogs.thesocialmedia.com\/leblogmoto\/author\/jacques-lesage\/"}]}},"_links":{"self":[{"href":"https:\/\/blogs.thesocialmedia.com\/leblogmoto\/wp-json\/wp\/v2\/posts\/623","targetHints":{"allow":["GET"]}}],"collection":[{"href":"https:\/\/blogs.thesocialmedia.com\/leblogmoto\/wp-json\/wp\/v2\/posts"}],"about":[{"href":"https:\/\/blogs.thesocialmedia.com\/leblogmoto\/wp-json\/wp\/v2\/types\/post"}],"author":[{"embeddable":true,"href":"https:\/\/blogs.thesocialmedia.com\/leblogmoto\/wp-json\/wp\/v2\/users\/325"}],"replies":[{"embeddable":true,"href":"https:\/\/blogs.thesocialmedia.com\/leblogmoto\/wp-json\/wp\/v2\/comments?post=623"}],"version-history":[{"count":2,"href":"https:\/\/blogs.thesocialmedia.com\/leblogmoto\/wp-json\/wp\/v2\/posts\/623\/revisions"}],"predecessor-version":[{"id":11089,"href":"https:\/\/blogs.thesocialmedia.com\/leblogmoto\/wp-json\/wp\/v2\/posts\/623\/revisions\/11089"}],"wp:attachment":[{"href":"https:\/\/blogs.thesocialmedia.com\/leblogmoto\/wp-json\/wp\/v2\/media?parent=623"}],"wp:term":[{"taxonomy":"category","embeddable":true,"href":"https:\/\/blogs.thesocialmedia.com\/leblogmoto\/wp-json\/wp\/v2\/categories?post=623"},{"taxonomy":"post_tag","embeddable":true,"href":"https:\/\/blogs.thesocialmedia.com\/leblogmoto\/wp-json\/wp\/v2\/tags?post=623"}],"curies":[{"name":"wp","href":"https:\/\/api.w.org\/{rel}","templated":true}]}}