{"id":624,"date":"2008-06-14T19:39:31","date_gmt":"2008-06-14T19:39:31","guid":{"rendered":"http:\/\/blogs.thesocialmedia.com\/leblogmoto\/2008\/06\/14\/out-of-gas-une\/"},"modified":"2012-07-11T15:59:28","modified_gmt":"2012-07-11T15:59:28","slug":"out-of-gas-une","status":"publish","type":"post","link":"https:\/\/blogs.thesocialmedia.com\/leblogmoto\/2008\/06\/14\/out-of-gas-une\/","title":{"rendered":"Out of gas, l&rsquo;ode du New York Times \u00e0 l&rsquo;Am\u00e9rique qui s&rsquo;abreuvait d&rsquo;or noir."},"content":{"rendered":"<p><a href=\"http:\/\/blogs.thesocialmedia.com\/leblogmoto\/files\/2012\/07\/13gaspumps_1.jpg\"><img loading=\"lazy\" decoding=\"async\" width=\"470\" height=\"315\"  src=\"http:\/\/www.leblogmoto.com\/images\/2008\/06\/14\/13gaspumps_1.jpg\" alt=\"13gaspumps_1\" \/><\/a> <\/p>\n<p>Depuis 30 ans le photographe Camilo Jos\u00e9 Vergara traque et fixe sur la pellicule et maintenant la carte m\u00e9moire (sans doute), les stations services \u00e0 l&rsquo;abandon \u00e0 travers les cinquante \u00e9tats de l&rsquo;Union, la plupart du temps dans les quartiers d\u00e9favoris\u00e9s. Quand il commen\u00e7a, les hydrocarbures semblaient percer le sol \u00e0 foison, mais ce portfolio trouve un nouvel \u00e9cho plus pessimiste avec le troisi\u00e8me choc p\u00e9trolier actuel. C&rsquo;est un <a href=\"http:\/\/www.nytimes.com\/slideshow\/2008\/06\/12\/opinion\/0613-GASPUMPS_index.html\"><em>slideshow<\/em><\/a> tr\u00e8s particulier, \u00e0 donner le bourdon aux plus sereins des hommes d&rsquo;affaires du secteur, que nous propose le <a href=\"http:\/\/www.nytimes.com\/\">New York Times<\/a>.<\/p>\n<p><a href=\"http:\/\/clabedan.typepad.com\/.shared\/image.html?\/photos\/uncategorized\/2008\/06\/14\/13gaspumps_2.jpg\"><img loading=\"lazy\" decoding=\"async\" width=\"470\" height=\"311\"  src=\"http:\/\/www.leblogmoto.com\/images\/2008\/06\/14\/13gaspumps_2.jpg\" alt=\"13gaspumps_2\" \/><\/a><\/p>\n<p><a href=\"http:\/\/blogs.thesocialmedia.com\/leblogmoto\/files\/2012\/07\/13gaspumps_8.jpg\"><img loading=\"lazy\" decoding=\"async\" width=\"320\" height=\"495\"  src=\"http:\/\/www.leblogmoto.com\/images\/2008\/06\/14\/13gaspumps_8.jpg\" alt=\"13gaspumps_8\" \/><\/a> <\/p>\n<p><a href=\"http:\/\/blogs.thesocialmedia.com\/leblogmoto\/files\/2012\/07\/13gaspumps_3.jpg\"><img loading=\"lazy\" decoding=\"async\" width=\"470\" height=\"318\"  src=\"http:\/\/www.leblogmoto.com\/images\/2008\/06\/14\/13gaspumps_3.jpg\" alt=\"13gaspumps_3\" \/><\/a><\/p>\n<p> <a href=\"http:\/\/blogs.thesocialmedia.com\/leblogmoto\/files\/2012\/07\/13gaspumps_5.jpg\"><img loading=\"lazy\" decoding=\"async\" width=\"470\" height=\"315\"  src=\"http:\/\/www.leblogmoto.com\/images\/2008\/06\/14\/13gaspumps_5.jpg\" alt=\"13gaspumps_5\" \/><\/a><\/p>\n<p><a href=\"http:\/\/blogs.thesocialmedia.com\/leblogmoto\/files\/2012\/07\/13gaspumps_10.jpg\"><img loading=\"lazy\" decoding=\"async\" width=\"320\" height=\"469\"  src=\"http:\/\/www.leblogmoto.com\/images\/2008\/06\/14\/13gaspumps_10.jpg\" alt=\"13gaspumps_10\" \/><\/a> <\/p>\n<p><a href=\"http:\/\/blogs.thesocialmedia.com\/leblogmoto\/files\/2012\/07\/13gaspumps_7.jpg\"><img loading=\"lazy\" decoding=\"async\" width=\"470\" height=\"317\"  src=\"http:\/\/www.leblogmoto.com\/images\/2008\/06\/14\/13gaspumps_7.jpg\" alt=\"13gaspumps_7\" \/><\/a> <\/p>\n<p><a href=\"http:\/\/blogs.thesocialmedia.com\/leblogmoto\/files\/2012\/07\/13gaspumps_4.jpg\"><img loading=\"lazy\" decoding=\"async\" width=\"470\" height=\"318\"  src=\"http:\/\/www.leblogmoto.com\/images\/2008\/06\/14\/13gaspumps_4.jpg\" alt=\"13gaspumps_4\" \/><\/a> <\/p>\n<p><a href=\"http:\/\/blogs.thesocialmedia.com\/leblogmoto\/files\/2012\/07\/13gaspumps_9.jpg\"><img loading=\"lazy\" decoding=\"async\" width=\"470\" height=\"313\"  src=\"http:\/\/www.leblogmoto.com\/images\/2008\/06\/14\/13gaspumps_9.jpg\" alt=\"13gaspumps_9\" \/><\/a> <\/p>\n","protected":false},"excerpt":{"rendered":"<p>Depuis 30 ans le photographe Camilo Jos\u00e9 Vergara traque et fixe sur la pellicule et maintenant la carte m\u00e9moire (sans doute), les stations services \u00e0 l&rsquo;abandon \u00e0 travers les cinquante \u00e9tats de l&rsquo;Union, la plupart du temps dans les quartiers d\u00e9favoris\u00e9s. Quand il commen\u00e7a, les hydrocarbures semblaient percer le sol \u00e0 foison, mais ce portfolio [&hellip;]<\/p>\n","protected":false},"author":324,"featured_media":0,"comment_status":"open","ping_status":"open","sticky":false,"template":"","format":"standard","meta":{"footnotes":""},"categories":[16],"tags":[],"class_list":["post-624","post","type-post","status-publish","format-standard","hentry","category-art-moto"],"yoast_head":"<!-- This site is optimized with the Yoast SEO plugin v26.0 - https:\/\/yoast.com\/wordpress\/plugins\/seo\/ -->\n<title>Out of gas, l&#039;ode du New York Times \u00e0 l&#039;Am\u00e9rique qui s&#039;abreuvait d&#039;or noir. - leblogmoto.com<\/title>\n<meta name=\"robots\" content=\"index, follow, max-snippet:-1, max-image-preview:large, max-video-preview:-1\" \/>\n<link rel=\"canonical\" href=\"https:\/\/blogs.thesocialmedia.com\/leblogmoto\/2008\/06\/14\/out-of-gas-une\/\" \/>\n<meta name=\"twitter:card\" content=\"summary_large_image\" \/>\n<meta name=\"twitter:title\" content=\"Out of gas, l&#039;ode du New York Times \u00e0 l&#039;Am\u00e9rique qui s&#039;abreuvait d&#039;or noir. - leblogmoto.com\" \/>\n<meta name=\"twitter:description\" content=\"Depuis 30 ans le photographe Camilo Jos\u00e9 Vergara traque et fixe sur la pellicule et maintenant la carte m\u00e9moire (sans doute), les stations services \u00e0 l&rsquo;abandon \u00e0 travers les cinquante \u00e9tats de l&rsquo;Union, la plupart du temps dans les quartiers d\u00e9favoris\u00e9s. Quand il commen\u00e7a, les hydrocarbures semblaient percer le sol \u00e0 foison, mais ce portfolio [&hellip;]\" \/>\n<meta name=\"twitter:image\" content=\"http:\/\/www.leblogmoto.com\/images\/2008\/06\/14\/13gaspumps_1.jpg\" \/>\n<meta name=\"twitter:label1\" content=\"\u00c9crit par\" \/>\n\t<meta name=\"twitter:data1\" content=\"benoit rieu\" \/>\n<script type=\"application\/ld+json\" class=\"yoast-schema-graph\">{\"@context\":\"https:\/\/schema.org\",\"@graph\":[{\"@type\":\"WebPage\",\"@id\":\"https:\/\/blogs.thesocialmedia.com\/leblogmoto\/2008\/06\/14\/out-of-gas-une\/\",\"url\":\"https:\/\/blogs.thesocialmedia.com\/leblogmoto\/2008\/06\/14\/out-of-gas-une\/\",\"name\":\"Out of gas, l'ode du New York Times \u00e0 l'Am\u00e9rique qui s'abreuvait d'or noir. - leblogmoto.com\",\"isPartOf\":{\"@id\":\"https:\/\/blogs.thesocialmedia.com\/leblogmoto\/#website\"},\"primaryImageOfPage\":{\"@id\":\"https:\/\/blogs.thesocialmedia.com\/leblogmoto\/2008\/06\/14\/out-of-gas-une\/#primaryimage\"},\"image\":{\"@id\":\"https:\/\/blogs.thesocialmedia.com\/leblogmoto\/2008\/06\/14\/out-of-gas-une\/#primaryimage\"},\"thumbnailUrl\":\"http:\/\/www.leblogmoto.com\/images\/2008\/06\/14\/13gaspumps_1.jpg\",\"datePublished\":\"2008-06-14T19:39:31+00:00\",\"dateModified\":\"2012-07-11T15:59:28+00:00\",\"author\":{\"@id\":\"https:\/\/blogs.thesocialmedia.com\/leblogmoto\/#\/schema\/person\/18bfe773e5725ed6d24f743da805362a\"},\"breadcrumb\":{\"@id\":\"https:\/\/blogs.thesocialmedia.com\/leblogmoto\/2008\/06\/14\/out-of-gas-une\/#breadcrumb\"},\"inLanguage\":\"fr-FR\",\"potentialAction\":[{\"@type\":\"ReadAction\",\"target\":[\"https:\/\/blogs.thesocialmedia.com\/leblogmoto\/2008\/06\/14\/out-of-gas-une\/\"]}]},{\"@type\":\"ImageObject\",\"inLanguage\":\"fr-FR\",\"@id\":\"https:\/\/blogs.thesocialmedia.com\/leblogmoto\/2008\/06\/14\/out-of-gas-une\/#primaryimage\",\"url\":\"http:\/\/www.leblogmoto.com\/images\/2008\/06\/14\/13gaspumps_1.jpg\",\"contentUrl\":\"http:\/\/www.leblogmoto.com\/images\/2008\/06\/14\/13gaspumps_1.jpg\"},{\"@type\":\"BreadcrumbList\",\"@id\":\"https:\/\/blogs.thesocialmedia.com\/leblogmoto\/2008\/06\/14\/out-of-gas-une\/#breadcrumb\",\"itemListElement\":[{\"@type\":\"ListItem\",\"position\":1,\"name\":\"Accueil\",\"item\":\"https:\/\/blogs.thesocialmedia.com\/leblogmoto\/\"},{\"@type\":\"ListItem\",\"position\":2,\"name\":\"Out of gas, l&rsquo;ode du New York Times \u00e0 l&rsquo;Am\u00e9rique qui s&rsquo;abreuvait d&rsquo;or noir.\"}]},{\"@type\":\"WebSite\",\"@id\":\"https:\/\/blogs.thesocialmedia.com\/leblogmoto\/#website\",\"url\":\"https:\/\/blogs.thesocialmedia.com\/leblogmoto\/\",\"name\":\"leblogmoto\",\"description\":\"Toute l&#039;actualit\u00e9 des 2 roues\",\"potentialAction\":[{\"@type\":\"SearchAction\",\"target\":{\"@type\":\"EntryPoint\",\"urlTemplate\":\"https:\/\/blogs.thesocialmedia.com\/leblogmoto\/?s={search_term_string}\"},\"query-input\":{\"@type\":\"PropertyValueSpecification\",\"valueRequired\":true,\"valueName\":\"search_term_string\"}}],\"inLanguage\":\"fr-FR\"},{\"@type\":\"Person\",\"@id\":\"https:\/\/blogs.thesocialmedia.com\/leblogmoto\/#\/schema\/person\/18bfe773e5725ed6d24f743da805362a\",\"name\":\"benoit rieu\",\"image\":{\"@type\":\"ImageObject\",\"inLanguage\":\"fr-FR\",\"@id\":\"https:\/\/blogs.thesocialmedia.com\/leblogmoto\/#\/schema\/person\/image\/\",\"url\":\"https:\/\/secure.gravatar.com\/avatar\/?s=96&d=mm&r=g\",\"contentUrl\":\"https:\/\/secure.gravatar.com\/avatar\/?s=96&d=mm&r=g\",\"caption\":\"benoit rieu\"},\"url\":\"https:\/\/blogs.thesocialmedia.com\/leblogmoto\/author\/benoit-rieu\/\"}]}<\/script>\n<!-- \/ Yoast SEO plugin. -->","yoast_head_json":{"title":"Out of gas, l'ode du New York Times \u00e0 l'Am\u00e9rique qui s'abreuvait d'or noir. - leblogmoto.com","robots":{"index":"index","follow":"follow","max-snippet":"max-snippet:-1","max-image-preview":"max-image-preview:large","max-video-preview":"max-video-preview:-1"},"canonical":"https:\/\/blogs.thesocialmedia.com\/leblogmoto\/2008\/06\/14\/out-of-gas-une\/","twitter_card":"summary_large_image","twitter_title":"Out of gas, l'ode du New York Times \u00e0 l'Am\u00e9rique qui s'abreuvait d'or noir. - leblogmoto.com","twitter_description":"Depuis 30 ans le photographe Camilo Jos\u00e9 Vergara traque et fixe sur la pellicule et maintenant la carte m\u00e9moire (sans doute), les stations services \u00e0 l&rsquo;abandon \u00e0 travers les cinquante \u00e9tats de l&rsquo;Union, la plupart du temps dans les quartiers d\u00e9favoris\u00e9s. Quand il commen\u00e7a, les hydrocarbures semblaient percer le sol \u00e0 foison, mais ce portfolio [&hellip;]","twitter_image":"http:\/\/www.leblogmoto.com\/images\/2008\/06\/14\/13gaspumps_1.jpg","twitter_misc":{"\u00c9crit par":"benoit rieu"},"schema":{"@context":"https:\/\/schema.org","@graph":[{"@type":"WebPage","@id":"https:\/\/blogs.thesocialmedia.com\/leblogmoto\/2008\/06\/14\/out-of-gas-une\/","url":"https:\/\/blogs.thesocialmedia.com\/leblogmoto\/2008\/06\/14\/out-of-gas-une\/","name":"Out of gas, l'ode du New York Times \u00e0 l'Am\u00e9rique qui s'abreuvait d'or noir. - leblogmoto.com","isPartOf":{"@id":"https:\/\/blogs.thesocialmedia.com\/leblogmoto\/#website"},"primaryImageOfPage":{"@id":"https:\/\/blogs.thesocialmedia.com\/leblogmoto\/2008\/06\/14\/out-of-gas-une\/#primaryimage"},"image":{"@id":"https:\/\/blogs.thesocialmedia.com\/leblogmoto\/2008\/06\/14\/out-of-gas-une\/#primaryimage"},"thumbnailUrl":"http:\/\/www.leblogmoto.com\/images\/2008\/06\/14\/13gaspumps_1.jpg","datePublished":"2008-06-14T19:39:31+00:00","dateModified":"2012-07-11T15:59:28+00:00","author":{"@id":"https:\/\/blogs.thesocialmedia.com\/leblogmoto\/#\/schema\/person\/18bfe773e5725ed6d24f743da805362a"},"breadcrumb":{"@id":"https:\/\/blogs.thesocialmedia.com\/leblogmoto\/2008\/06\/14\/out-of-gas-une\/#breadcrumb"},"inLanguage":"fr-FR","potentialAction":[{"@type":"ReadAction","target":["https:\/\/blogs.thesocialmedia.com\/leblogmoto\/2008\/06\/14\/out-of-gas-une\/"]}]},{"@type":"ImageObject","inLanguage":"fr-FR","@id":"https:\/\/blogs.thesocialmedia.com\/leblogmoto\/2008\/06\/14\/out-of-gas-une\/#primaryimage","url":"http:\/\/www.leblogmoto.com\/images\/2008\/06\/14\/13gaspumps_1.jpg","contentUrl":"http:\/\/www.leblogmoto.com\/images\/2008\/06\/14\/13gaspumps_1.jpg"},{"@type":"BreadcrumbList","@id":"https:\/\/blogs.thesocialmedia.com\/leblogmoto\/2008\/06\/14\/out-of-gas-une\/#breadcrumb","itemListElement":[{"@type":"ListItem","position":1,"name":"Accueil","item":"https:\/\/blogs.thesocialmedia.com\/leblogmoto\/"},{"@type":"ListItem","position":2,"name":"Out of gas, l&rsquo;ode du New York Times \u00e0 l&rsquo;Am\u00e9rique qui s&rsquo;abreuvait d&rsquo;or noir."}]},{"@type":"WebSite","@id":"https:\/\/blogs.thesocialmedia.com\/leblogmoto\/#website","url":"https:\/\/blogs.thesocialmedia.com\/leblogmoto\/","name":"leblogmoto","description":"Toute l&#039;actualit\u00e9 des 2 roues","potentialAction":[{"@type":"SearchAction","target":{"@type":"EntryPoint","urlTemplate":"https:\/\/blogs.thesocialmedia.com\/leblogmoto\/?s={search_term_string}"},"query-input":{"@type":"PropertyValueSpecification","valueRequired":true,"valueName":"search_term_string"}}],"inLanguage":"fr-FR"},{"@type":"Person","@id":"https:\/\/blogs.thesocialmedia.com\/leblogmoto\/#\/schema\/person\/18bfe773e5725ed6d24f743da805362a","name":"benoit rieu","image":{"@type":"ImageObject","inLanguage":"fr-FR","@id":"https:\/\/blogs.thesocialmedia.com\/leblogmoto\/#\/schema\/person\/image\/","url":"https:\/\/secure.gravatar.com\/avatar\/?s=96&d=mm&r=g","contentUrl":"https:\/\/secure.gravatar.com\/avatar\/?s=96&d=mm&r=g","caption":"benoit rieu"},"url":"https:\/\/blogs.thesocialmedia.com\/leblogmoto\/author\/benoit-rieu\/"}]}},"_links":{"self":[{"href":"https:\/\/blogs.thesocialmedia.com\/leblogmoto\/wp-json\/wp\/v2\/posts\/624","targetHints":{"allow":["GET"]}}],"collection":[{"href":"https:\/\/blogs.thesocialmedia.com\/leblogmoto\/wp-json\/wp\/v2\/posts"}],"about":[{"href":"https:\/\/blogs.thesocialmedia.com\/leblogmoto\/wp-json\/wp\/v2\/types\/post"}],"author":[{"embeddable":true,"href":"https:\/\/blogs.thesocialmedia.com\/leblogmoto\/wp-json\/wp\/v2\/users\/324"}],"replies":[{"embeddable":true,"href":"https:\/\/blogs.thesocialmedia.com\/leblogmoto\/wp-json\/wp\/v2\/comments?post=624"}],"version-history":[{"count":2,"href":"https:\/\/blogs.thesocialmedia.com\/leblogmoto\/wp-json\/wp\/v2\/posts\/624\/revisions"}],"predecessor-version":[{"id":11080,"href":"https:\/\/blogs.thesocialmedia.com\/leblogmoto\/wp-json\/wp\/v2\/posts\/624\/revisions\/11080"}],"wp:attachment":[{"href":"https:\/\/blogs.thesocialmedia.com\/leblogmoto\/wp-json\/wp\/v2\/media?parent=624"}],"wp:term":[{"taxonomy":"category","embeddable":true,"href":"https:\/\/blogs.thesocialmedia.com\/leblogmoto\/wp-json\/wp\/v2\/categories?post=624"},{"taxonomy":"post_tag","embeddable":true,"href":"https:\/\/blogs.thesocialmedia.com\/leblogmoto\/wp-json\/wp\/v2\/tags?post=624"}],"curies":[{"name":"wp","href":"https:\/\/api.w.org\/{rel}","templated":true}]}}