{"id":625,"date":"2008-06-13T04:34:40","date_gmt":"2008-06-13T04:34:40","guid":{"rendered":"http:\/\/blogs.thesocialmedia.com\/leblogmoto\/2008\/06\/13\/album-du-vend-3-9\/"},"modified":"2012-07-11T15:59:10","modified_gmt":"2012-07-11T15:59:10","slug":"album-du-vend-3-9","status":"publish","type":"post","link":"https:\/\/blogs.thesocialmedia.com\/leblogmoto\/2008\/06\/13\/album-du-vend-3-9\/","title":{"rendered":"Album du vendredi, Un Spies deux Suzuki"},"content":{"rendered":"<p><a href=\"http:\/\/blogs.thesocialmedia.com\/leblogmoto\/files\/2012\/07\/spies2x2_3.jpg\"><img loading=\"lazy\" decoding=\"async\" width=\"470\" height=\"230\"  src=\"http:\/\/www.leblogmoto.com\/images\/2008\/06\/12\/spies2x2_3.jpg\" alt=\"Spies2x2_3\" \/><\/a> <br \/><em>Photos: Brian J. Nelson<\/em><\/p>\n<p>Les cabrioles de Capirossi permettront \u00e0 l&rsquo;Am\u00e9ricain B<a href=\"http:\/\/www.benspies.com\/\">en Spies<\/a> de participer \u00e0 son premier Grand Prix lors du prochain week-end de course \u00e0 <a href=\"http:\/\/www.donington-park.co.uk\/\">Donington Park<\/a> au guidon de la <a href=\"http:\/\/www.rizla-suzuki-motogp.co.uk\/\">Suzuki Rizla<\/a> 65. D&rsquo;abord pr\u00e9vu en juillet \u00e0 Laguna Seca, le bapt\u00eame du Moto GP se fera plus t\u00f4t qu&rsquo;esp\u00e9r\u00e9. Ce qui n&rsquo;est pas une mauvaise affaire pour le champion du AMA Superbike, en vacance estivale du Superbike. Plut\u00f4t que de passer des semaines \u00e0 cogiter en attendant de pouvoir saisir sa chance chez lui, il se fera les dents \u00e0 l&rsquo;\u00e9tranger, loin de trop de pression, car il ne conna\u00eet pas la piste, pas plus que la moto et les pneumatiques.<\/p>\n<p>C&rsquo;est donc une belle occasion pour Spies de d\u00e9couvrir ce Nouveau Monde, un peu plus sereinement, et d&#8217;emmagasiner de l&rsquo;exp\u00e9rience qui lui sera profitable lorsqu&rsquo;il sera sur ses terres en juillet.<\/p>\n<p>On peut r\u00eaver maintenant qu&rsquo;il puisse chatouiller Vermeulen, ou \u00e0 tout le moins, ne pas se faire prendre un tour, et surtout pas terminer dernier. Bon d&rsquo;accord, juste finir la course, et sans se sortir trop souvent, \u00e7a serait bien.<\/p>\n<p>Voici donc cet Album du vendredi consacr\u00e9 \u00e0 Ben Spies, futur champion du monde Moto GP.<br \/>Ben quoi, qu&rsquo;avez-vous \u00e0 rigoler?<\/p>\n<p><a href=\"http:\/\/clabedan.typepad.com\/.shared\/image.html?\/photos\/uncategorized\/2008\/06\/12\/spies12_4.jpg\"><img loading=\"lazy\" decoding=\"async\" width=\"470\" height=\"706\"  src=\"http:\/\/www.leblogmoto.com\/images\/2008\/06\/12\/spies12_4.jpg\" alt=\"Spies12_4\" \/><\/a> <\/p>\n<p><a href=\"http:\/\/blogs.thesocialmedia.com\/leblogmoto\/files\/2012\/07\/spies2_3.jpg\"><img loading=\"lazy\" decoding=\"async\" width=\"470\" height=\"312\"  src=\"http:\/\/www.leblogmoto.com\/images\/2008\/06\/12\/spies2_3.jpg\" alt=\"Spies2_3\" \/><\/a> <\/p>\n<p><a href=\"http:\/\/blogs.thesocialmedia.com\/leblogmoto\/files\/2012\/07\/spies3_3.jpg\"><img loading=\"lazy\" decoding=\"async\" width=\"470\" height=\"312\"  src=\"http:\/\/www.leblogmoto.com\/images\/2008\/06\/12\/spies3_3.jpg\" alt=\"Spies3_3\" \/><\/a> <\/p>\n<p><a href=\"http:\/\/blogs.thesocialmedia.com\/leblogmoto\/files\/2012\/07\/spies4_3.jpg\"><img loading=\"lazy\" decoding=\"async\" width=\"470\" height=\"312\"  src=\"http:\/\/www.leblogmoto.com\/images\/2008\/06\/12\/spies4_3.jpg\" alt=\"Spies4_3\" \/><\/a> <\/p>\n<p><a href=\"http:\/\/blogs.thesocialmedia.com\/leblogmoto\/files\/2012\/07\/spies5_3.jpg\"><img loading=\"lazy\" decoding=\"async\" width=\"470\" height=\"312\"  src=\"http:\/\/www.leblogmoto.com\/images\/2008\/06\/12\/spies5_3.jpg\" alt=\"Spies5_3\" \/><\/a> <\/p>\n<p><a href=\"http:\/\/blogs.thesocialmedia.com\/leblogmoto\/files\/2012\/07\/spies6_3.jpg\"><img loading=\"lazy\" decoding=\"async\" width=\"470\" height=\"312\"  src=\"http:\/\/www.leblogmoto.com\/images\/2008\/06\/12\/spies6_3.jpg\" alt=\"Spies6_3\" \/><\/a> <\/p>\n<p><a href=\"http:\/\/blogs.thesocialmedia.com\/leblogmoto\/files\/2012\/07\/spies7_3.jpg\"><img loading=\"lazy\" decoding=\"async\" width=\"470\" height=\"312\"  src=\"http:\/\/www.leblogmoto.com\/images\/2008\/06\/12\/spies7_3.jpg\" alt=\"Spies7_3\" \/><\/a> <\/p>\n<p><a href=\"http:\/\/blogs.thesocialmedia.com\/leblogmoto\/files\/2012\/07\/spies8_3.jpg\"><img loading=\"lazy\" decoding=\"async\" width=\"470\" height=\"311\"  src=\"http:\/\/www.leblogmoto.com\/images\/2008\/06\/12\/spies8_3.jpg\" alt=\"Spies8_3\" \/><\/a> <\/p>\n<p><a href=\"http:\/\/blogs.thesocialmedia.com\/leblogmoto\/files\/2012\/07\/spies9_4.jpg\"><img loading=\"lazy\" decoding=\"async\" width=\"470\" height=\"312\"  src=\"http:\/\/www.leblogmoto.com\/images\/2008\/06\/12\/spies9_4.jpg\" alt=\"Spies9_4\" \/><\/a> <\/p>\n<p><a href=\"http:\/\/blogs.thesocialmedia.com\/leblogmoto\/files\/2012\/07\/spies10_3.jpg\"><img loading=\"lazy\" decoding=\"async\" width=\"470\" height=\"312\"  src=\"http:\/\/www.leblogmoto.com\/images\/2008\/06\/12\/spies10_3.jpg\" alt=\"Spies10_3\" \/><\/a> <\/p>\n<p><a href=\"http:\/\/blogs.thesocialmedia.com\/leblogmoto\/files\/2012\/07\/spies11_3.jpg\"><img loading=\"lazy\" decoding=\"async\" width=\"470\" height=\"312\"  src=\"http:\/\/www.leblogmoto.com\/images\/2008\/06\/12\/spies11_3.jpg\" alt=\"Spies11_3\" \/><\/a> <\/p>\n<p><a href=\"http:\/\/blogs.thesocialmedia.com\/leblogmoto\/files\/2012\/07\/spies122_3.jpg\"><img loading=\"lazy\" decoding=\"async\" width=\"470\" height=\"636\"  src=\"http:\/\/www.leblogmoto.com\/images\/2008\/06\/12\/spies122_3.jpg\" alt=\"Spies122_3\" \/><\/a> <\/p>\n","protected":false},"excerpt":{"rendered":"<p>Photos: Brian J. Nelson Les cabrioles de Capirossi permettront \u00e0 l&rsquo;Am\u00e9ricain Ben Spies de participer \u00e0 son premier Grand Prix lors du prochain week-end de course \u00e0 Donington Park au guidon de la Suzuki Rizla 65. D&rsquo;abord pr\u00e9vu en juillet \u00e0 Laguna Seca, le bapt\u00eame du Moto GP se fera plus t\u00f4t qu&rsquo;esp\u00e9r\u00e9. Ce qui [&hellip;]<\/p>\n","protected":false},"author":325,"featured_media":0,"comment_status":"open","ping_status":"open","sticky":false,"template":"","format":"standard","meta":{"footnotes":""},"categories":[3,74,22,51],"tags":[],"class_list":["post-625","post","type-post","status-publish","format-standard","hentry","category-actualite","category-ama-superbike","category-motogp","category-suzuki"],"yoast_head":"<!-- This site is optimized with the Yoast SEO plugin v26.0 - https:\/\/yoast.com\/wordpress\/plugins\/seo\/ -->\n<title>Album du vendredi, Un Spies deux Suzuki - leblogmoto.com<\/title>\n<meta name=\"robots\" content=\"index, follow, max-snippet:-1, max-image-preview:large, max-video-preview:-1\" \/>\n<link rel=\"canonical\" href=\"https:\/\/blogs.thesocialmedia.com\/leblogmoto\/2008\/06\/13\/album-du-vend-3-9\/\" \/>\n<meta name=\"twitter:card\" content=\"summary_large_image\" \/>\n<meta name=\"twitter:title\" content=\"Album du vendredi, Un Spies deux Suzuki - leblogmoto.com\" \/>\n<meta name=\"twitter:description\" content=\"Photos: Brian J. Nelson Les cabrioles de Capirossi permettront \u00e0 l&rsquo;Am\u00e9ricain Ben Spies de participer \u00e0 son premier Grand Prix lors du prochain week-end de course \u00e0 Donington Park au guidon de la Suzuki Rizla 65. D&rsquo;abord pr\u00e9vu en juillet \u00e0 Laguna Seca, le bapt\u00eame du Moto GP se fera plus t\u00f4t qu&rsquo;esp\u00e9r\u00e9. Ce qui [&hellip;]\" \/>\n<meta name=\"twitter:image\" content=\"http:\/\/www.leblogmoto.com\/images\/2008\/06\/12\/spies2x2_3.jpg\" \/>\n<meta name=\"twitter:label1\" content=\"\u00c9crit par\" \/>\n\t<meta name=\"twitter:data1\" content=\"jacques lesage\" \/>\n\t<meta name=\"twitter:label2\" content=\"Dur\u00e9e de lecture estim\u00e9e\" \/>\n\t<meta name=\"twitter:data2\" content=\"1 minute\" \/>\n<script type=\"application\/ld+json\" class=\"yoast-schema-graph\">{\"@context\":\"https:\/\/schema.org\",\"@graph\":[{\"@type\":\"WebPage\",\"@id\":\"https:\/\/blogs.thesocialmedia.com\/leblogmoto\/2008\/06\/13\/album-du-vend-3-9\/\",\"url\":\"https:\/\/blogs.thesocialmedia.com\/leblogmoto\/2008\/06\/13\/album-du-vend-3-9\/\",\"name\":\"Album du vendredi, Un Spies deux Suzuki - leblogmoto.com\",\"isPartOf\":{\"@id\":\"https:\/\/blogs.thesocialmedia.com\/leblogmoto\/#website\"},\"primaryImageOfPage\":{\"@id\":\"https:\/\/blogs.thesocialmedia.com\/leblogmoto\/2008\/06\/13\/album-du-vend-3-9\/#primaryimage\"},\"image\":{\"@id\":\"https:\/\/blogs.thesocialmedia.com\/leblogmoto\/2008\/06\/13\/album-du-vend-3-9\/#primaryimage\"},\"thumbnailUrl\":\"http:\/\/www.leblogmoto.com\/images\/2008\/06\/12\/spies2x2_3.jpg\",\"datePublished\":\"2008-06-13T04:34:40+00:00\",\"dateModified\":\"2012-07-11T15:59:10+00:00\",\"author\":{\"@id\":\"https:\/\/blogs.thesocialmedia.com\/leblogmoto\/#\/schema\/person\/e82a0ca8a9a63d031586097a3ed58526\"},\"breadcrumb\":{\"@id\":\"https:\/\/blogs.thesocialmedia.com\/leblogmoto\/2008\/06\/13\/album-du-vend-3-9\/#breadcrumb\"},\"inLanguage\":\"fr-FR\",\"potentialAction\":[{\"@type\":\"ReadAction\",\"target\":[\"https:\/\/blogs.thesocialmedia.com\/leblogmoto\/2008\/06\/13\/album-du-vend-3-9\/\"]}]},{\"@type\":\"ImageObject\",\"inLanguage\":\"fr-FR\",\"@id\":\"https:\/\/blogs.thesocialmedia.com\/leblogmoto\/2008\/06\/13\/album-du-vend-3-9\/#primaryimage\",\"url\":\"http:\/\/www.leblogmoto.com\/images\/2008\/06\/12\/spies2x2_3.jpg\",\"contentUrl\":\"http:\/\/www.leblogmoto.com\/images\/2008\/06\/12\/spies2x2_3.jpg\"},{\"@type\":\"BreadcrumbList\",\"@id\":\"https:\/\/blogs.thesocialmedia.com\/leblogmoto\/2008\/06\/13\/album-du-vend-3-9\/#breadcrumb\",\"itemListElement\":[{\"@type\":\"ListItem\",\"position\":1,\"name\":\"Accueil\",\"item\":\"https:\/\/blogs.thesocialmedia.com\/leblogmoto\/\"},{\"@type\":\"ListItem\",\"position\":2,\"name\":\"Album du vendredi, Un Spies deux Suzuki\"}]},{\"@type\":\"WebSite\",\"@id\":\"https:\/\/blogs.thesocialmedia.com\/leblogmoto\/#website\",\"url\":\"https:\/\/blogs.thesocialmedia.com\/leblogmoto\/\",\"name\":\"leblogmoto\",\"description\":\"Toute l&#039;actualit\u00e9 des 2 roues\",\"potentialAction\":[{\"@type\":\"SearchAction\",\"target\":{\"@type\":\"EntryPoint\",\"urlTemplate\":\"https:\/\/blogs.thesocialmedia.com\/leblogmoto\/?s={search_term_string}\"},\"query-input\":{\"@type\":\"PropertyValueSpecification\",\"valueRequired\":true,\"valueName\":\"search_term_string\"}}],\"inLanguage\":\"fr-FR\"},{\"@type\":\"Person\",\"@id\":\"https:\/\/blogs.thesocialmedia.com\/leblogmoto\/#\/schema\/person\/e82a0ca8a9a63d031586097a3ed58526\",\"name\":\"jacques lesage\",\"image\":{\"@type\":\"ImageObject\",\"inLanguage\":\"fr-FR\",\"@id\":\"https:\/\/blogs.thesocialmedia.com\/leblogmoto\/#\/schema\/person\/image\/\",\"url\":\"https:\/\/secure.gravatar.com\/avatar\/?s=96&d=mm&r=g\",\"contentUrl\":\"https:\/\/secure.gravatar.com\/avatar\/?s=96&d=mm&r=g\",\"caption\":\"jacques lesage\"},\"url\":\"https:\/\/blogs.thesocialmedia.com\/leblogmoto\/author\/jacques-lesage\/\"}]}<\/script>\n<!-- \/ Yoast SEO plugin. -->","yoast_head_json":{"title":"Album du vendredi, Un Spies deux Suzuki - leblogmoto.com","robots":{"index":"index","follow":"follow","max-snippet":"max-snippet:-1","max-image-preview":"max-image-preview:large","max-video-preview":"max-video-preview:-1"},"canonical":"https:\/\/blogs.thesocialmedia.com\/leblogmoto\/2008\/06\/13\/album-du-vend-3-9\/","twitter_card":"summary_large_image","twitter_title":"Album du vendredi, Un Spies deux Suzuki - leblogmoto.com","twitter_description":"Photos: Brian J. Nelson Les cabrioles de Capirossi permettront \u00e0 l&rsquo;Am\u00e9ricain Ben Spies de participer \u00e0 son premier Grand Prix lors du prochain week-end de course \u00e0 Donington Park au guidon de la Suzuki Rizla 65. D&rsquo;abord pr\u00e9vu en juillet \u00e0 Laguna Seca, le bapt\u00eame du Moto GP se fera plus t\u00f4t qu&rsquo;esp\u00e9r\u00e9. Ce qui [&hellip;]","twitter_image":"http:\/\/www.leblogmoto.com\/images\/2008\/06\/12\/spies2x2_3.jpg","twitter_misc":{"\u00c9crit par":"jacques lesage","Dur\u00e9e de lecture estim\u00e9e":"1 minute"},"schema":{"@context":"https:\/\/schema.org","@graph":[{"@type":"WebPage","@id":"https:\/\/blogs.thesocialmedia.com\/leblogmoto\/2008\/06\/13\/album-du-vend-3-9\/","url":"https:\/\/blogs.thesocialmedia.com\/leblogmoto\/2008\/06\/13\/album-du-vend-3-9\/","name":"Album du vendredi, Un Spies deux Suzuki - leblogmoto.com","isPartOf":{"@id":"https:\/\/blogs.thesocialmedia.com\/leblogmoto\/#website"},"primaryImageOfPage":{"@id":"https:\/\/blogs.thesocialmedia.com\/leblogmoto\/2008\/06\/13\/album-du-vend-3-9\/#primaryimage"},"image":{"@id":"https:\/\/blogs.thesocialmedia.com\/leblogmoto\/2008\/06\/13\/album-du-vend-3-9\/#primaryimage"},"thumbnailUrl":"http:\/\/www.leblogmoto.com\/images\/2008\/06\/12\/spies2x2_3.jpg","datePublished":"2008-06-13T04:34:40+00:00","dateModified":"2012-07-11T15:59:10+00:00","author":{"@id":"https:\/\/blogs.thesocialmedia.com\/leblogmoto\/#\/schema\/person\/e82a0ca8a9a63d031586097a3ed58526"},"breadcrumb":{"@id":"https:\/\/blogs.thesocialmedia.com\/leblogmoto\/2008\/06\/13\/album-du-vend-3-9\/#breadcrumb"},"inLanguage":"fr-FR","potentialAction":[{"@type":"ReadAction","target":["https:\/\/blogs.thesocialmedia.com\/leblogmoto\/2008\/06\/13\/album-du-vend-3-9\/"]}]},{"@type":"ImageObject","inLanguage":"fr-FR","@id":"https:\/\/blogs.thesocialmedia.com\/leblogmoto\/2008\/06\/13\/album-du-vend-3-9\/#primaryimage","url":"http:\/\/www.leblogmoto.com\/images\/2008\/06\/12\/spies2x2_3.jpg","contentUrl":"http:\/\/www.leblogmoto.com\/images\/2008\/06\/12\/spies2x2_3.jpg"},{"@type":"BreadcrumbList","@id":"https:\/\/blogs.thesocialmedia.com\/leblogmoto\/2008\/06\/13\/album-du-vend-3-9\/#breadcrumb","itemListElement":[{"@type":"ListItem","position":1,"name":"Accueil","item":"https:\/\/blogs.thesocialmedia.com\/leblogmoto\/"},{"@type":"ListItem","position":2,"name":"Album du vendredi, Un Spies deux Suzuki"}]},{"@type":"WebSite","@id":"https:\/\/blogs.thesocialmedia.com\/leblogmoto\/#website","url":"https:\/\/blogs.thesocialmedia.com\/leblogmoto\/","name":"leblogmoto","description":"Toute l&#039;actualit\u00e9 des 2 roues","potentialAction":[{"@type":"SearchAction","target":{"@type":"EntryPoint","urlTemplate":"https:\/\/blogs.thesocialmedia.com\/leblogmoto\/?s={search_term_string}"},"query-input":{"@type":"PropertyValueSpecification","valueRequired":true,"valueName":"search_term_string"}}],"inLanguage":"fr-FR"},{"@type":"Person","@id":"https:\/\/blogs.thesocialmedia.com\/leblogmoto\/#\/schema\/person\/e82a0ca8a9a63d031586097a3ed58526","name":"jacques lesage","image":{"@type":"ImageObject","inLanguage":"fr-FR","@id":"https:\/\/blogs.thesocialmedia.com\/leblogmoto\/#\/schema\/person\/image\/","url":"https:\/\/secure.gravatar.com\/avatar\/?s=96&d=mm&r=g","contentUrl":"https:\/\/secure.gravatar.com\/avatar\/?s=96&d=mm&r=g","caption":"jacques lesage"},"url":"https:\/\/blogs.thesocialmedia.com\/leblogmoto\/author\/jacques-lesage\/"}]}},"_links":{"self":[{"href":"https:\/\/blogs.thesocialmedia.com\/leblogmoto\/wp-json\/wp\/v2\/posts\/625","targetHints":{"allow":["GET"]}}],"collection":[{"href":"https:\/\/blogs.thesocialmedia.com\/leblogmoto\/wp-json\/wp\/v2\/posts"}],"about":[{"href":"https:\/\/blogs.thesocialmedia.com\/leblogmoto\/wp-json\/wp\/v2\/types\/post"}],"author":[{"embeddable":true,"href":"https:\/\/blogs.thesocialmedia.com\/leblogmoto\/wp-json\/wp\/v2\/users\/325"}],"replies":[{"embeddable":true,"href":"https:\/\/blogs.thesocialmedia.com\/leblogmoto\/wp-json\/wp\/v2\/comments?post=625"}],"version-history":[{"count":2,"href":"https:\/\/blogs.thesocialmedia.com\/leblogmoto\/wp-json\/wp\/v2\/posts\/625\/revisions"}],"predecessor-version":[{"id":11071,"href":"https:\/\/blogs.thesocialmedia.com\/leblogmoto\/wp-json\/wp\/v2\/posts\/625\/revisions\/11071"}],"wp:attachment":[{"href":"https:\/\/blogs.thesocialmedia.com\/leblogmoto\/wp-json\/wp\/v2\/media?parent=625"}],"wp:term":[{"taxonomy":"category","embeddable":true,"href":"https:\/\/blogs.thesocialmedia.com\/leblogmoto\/wp-json\/wp\/v2\/categories?post=625"},{"taxonomy":"post_tag","embeddable":true,"href":"https:\/\/blogs.thesocialmedia.com\/leblogmoto\/wp-json\/wp\/v2\/tags?post=625"}],"curies":[{"name":"wp","href":"https:\/\/api.w.org\/{rel}","templated":true}]}}