{"id":626,"date":"2008-06-12T22:58:45","date_gmt":"2008-06-12T22:58:45","guid":{"rendered":"http:\/\/blogs.thesocialmedia.com\/leblogmoto\/2008\/06\/12\/une-nouvelle-mo-2\/"},"modified":"2012-07-11T15:58:42","modified_gmt":"2012-07-11T15:58:42","slug":"une-nouvelle-mo-2","status":"publish","type":"post","link":"https:\/\/blogs.thesocialmedia.com\/leblogmoto\/2008\/06\/12\/une-nouvelle-mo-2\/","title":{"rendered":"Cadillac signe un concept bike hybride \u00e9thanol\/\u00e9lectrique."},"content":{"rendered":"<p><a href=\"http:\/\/blogs.thesocialmedia.com\/leblogmoto\/files\/2012\/07\/moto_cadillac_hybrid_bike.jpg\"><img loading=\"lazy\" decoding=\"async\" width=\"470\" height=\"569\"  alt=\"Moto_cadillac_hybrid_bike\" src=\"http:\/\/www.leblogmoto.com\/images\/2008\/06\/12\/moto_cadillac_hybrid_bike.jpg\" \/><\/a><\/p>\n<p>C&rsquo;est dans <em><a href=\"http:\/\/www.windingroad.com\/\">Winding Road<\/a><\/em> le magazine auto en ligne, dont nous vous avions d\u00e9j\u00e0 parl\u00e9 au sujet des trikes en tout d\u00e9but d&rsquo;ann\u00e9e, auxquels il consacrait un <a href=\"http:\/\/www.leblogmoto.com\/2008\/01\/ldition-gratuit.html\">dossier<\/a> <em>complet<\/em> (du moins dans l&rsquo;optique d&rsquo;un caisseux). Comme quoi cela vaut la peine d&rsquo;\u00eatre fid\u00e8le aux classiques m\u00eame sur quatre roues, on y d\u00e9couvre des choses introuvables ailleurs, m\u00eame dans les magazines moto. Et il est bien l\u00e0 le probl\u00e8me. Car le concepteur a beau \u00eatre une c\u00e9l\u00e9brissime division de General Motors, on reste en face d&rsquo;un chopper. On dirait juste qu&rsquo;ils ont recycl\u00e9 les miroirs de courtoisie de leurs <em>sedan <\/em>pour en faire des r\u00e9tros, \u00e0 part \u00e7a tout est correct. Le concept sera d\u00e9voil\u00e9 en novembre au <a href=\"http:\/\/www.laautoshow.com\/\">Los Angeles Auto Show<\/a>. <\/p>\n<p>Et c&rsquo;est Jim Taylor, le patron de Cadillac lui-m\u00eame qui en a r\u00e9serv\u00e9 la primeur \u00e0 <em>D Business<\/em>, source premi\u00e8re de la news. <em>D<\/em> pour Detroit, <em>motortown<\/em> \u00e9tant la ville historique des Big Three, qui ne sont pas encore mortes visiblement, vu la fa\u00e7on dont leur potentiel cr\u00e9atif s&rsquo;exprime: Marre des concept bikes gaul\u00e9es comme les V\u00e9lib&rsquo; parisiens !<\/p>\n<p>Personnellement, je trouve que le blason un peu vieillot de la marque lui donne un cachet original et unique.<\/p>\n","protected":false},"excerpt":{"rendered":"<p>C&rsquo;est dans Winding Road le magazine auto en ligne, dont nous vous avions d\u00e9j\u00e0 parl\u00e9 au sujet des trikes en tout d\u00e9but d&rsquo;ann\u00e9e, auxquels il consacrait un dossier complet (du moins dans l&rsquo;optique d&rsquo;un caisseux). Comme quoi cela vaut la peine d&rsquo;\u00eatre fid\u00e8le aux classiques m\u00eame sur quatre roues, on y d\u00e9couvre des choses introuvables [&hellip;]<\/p>\n","protected":false},"author":324,"featured_media":0,"comment_status":"open","ping_status":"open","sticky":false,"template":"","format":"standard","meta":{"footnotes":""},"categories":[49,30,33],"tags":[],"class_list":["post-626","post","type-post","status-publish","format-standard","hentry","category-actualites-entreprise","category-bio-carburantsvehicules-propres","category-concept-bike"],"yoast_head":"<!-- This site is optimized with the Yoast SEO plugin v26.0 - https:\/\/yoast.com\/wordpress\/plugins\/seo\/ -->\n<title>Cadillac signe un concept bike hybride \u00e9thanol\/\u00e9lectrique. - leblogmoto.com<\/title>\n<meta name=\"robots\" content=\"index, follow, max-snippet:-1, max-image-preview:large, max-video-preview:-1\" \/>\n<link rel=\"canonical\" href=\"https:\/\/blogs.thesocialmedia.com\/leblogmoto\/2008\/06\/12\/une-nouvelle-mo-2\/\" \/>\n<meta name=\"twitter:card\" content=\"summary_large_image\" \/>\n<meta name=\"twitter:title\" content=\"Cadillac signe un concept bike hybride \u00e9thanol\/\u00e9lectrique. - leblogmoto.com\" \/>\n<meta name=\"twitter:description\" content=\"C&rsquo;est dans Winding Road le magazine auto en ligne, dont nous vous avions d\u00e9j\u00e0 parl\u00e9 au sujet des trikes en tout d\u00e9but d&rsquo;ann\u00e9e, auxquels il consacrait un dossier complet (du moins dans l&rsquo;optique d&rsquo;un caisseux). Comme quoi cela vaut la peine d&rsquo;\u00eatre fid\u00e8le aux classiques m\u00eame sur quatre roues, on y d\u00e9couvre des choses introuvables [&hellip;]\" \/>\n<meta name=\"twitter:image\" content=\"http:\/\/www.leblogmoto.com\/images\/2008\/06\/12\/moto_cadillac_hybrid_bike.jpg\" \/>\n<meta name=\"twitter:label1\" content=\"\u00c9crit par\" \/>\n\t<meta name=\"twitter:data1\" content=\"benoit rieu\" \/>\n\t<meta name=\"twitter:label2\" content=\"Dur\u00e9e de lecture estim\u00e9e\" \/>\n\t<meta name=\"twitter:data2\" content=\"1 minute\" \/>\n<script type=\"application\/ld+json\" class=\"yoast-schema-graph\">{\"@context\":\"https:\/\/schema.org\",\"@graph\":[{\"@type\":\"WebPage\",\"@id\":\"https:\/\/blogs.thesocialmedia.com\/leblogmoto\/2008\/06\/12\/une-nouvelle-mo-2\/\",\"url\":\"https:\/\/blogs.thesocialmedia.com\/leblogmoto\/2008\/06\/12\/une-nouvelle-mo-2\/\",\"name\":\"Cadillac signe un concept bike hybride \u00e9thanol\/\u00e9lectrique. - leblogmoto.com\",\"isPartOf\":{\"@id\":\"https:\/\/blogs.thesocialmedia.com\/leblogmoto\/#website\"},\"primaryImageOfPage\":{\"@id\":\"https:\/\/blogs.thesocialmedia.com\/leblogmoto\/2008\/06\/12\/une-nouvelle-mo-2\/#primaryimage\"},\"image\":{\"@id\":\"https:\/\/blogs.thesocialmedia.com\/leblogmoto\/2008\/06\/12\/une-nouvelle-mo-2\/#primaryimage\"},\"thumbnailUrl\":\"http:\/\/www.leblogmoto.com\/images\/2008\/06\/12\/moto_cadillac_hybrid_bike.jpg\",\"datePublished\":\"2008-06-12T22:58:45+00:00\",\"dateModified\":\"2012-07-11T15:58:42+00:00\",\"author\":{\"@id\":\"https:\/\/blogs.thesocialmedia.com\/leblogmoto\/#\/schema\/person\/18bfe773e5725ed6d24f743da805362a\"},\"breadcrumb\":{\"@id\":\"https:\/\/blogs.thesocialmedia.com\/leblogmoto\/2008\/06\/12\/une-nouvelle-mo-2\/#breadcrumb\"},\"inLanguage\":\"fr-FR\",\"potentialAction\":[{\"@type\":\"ReadAction\",\"target\":[\"https:\/\/blogs.thesocialmedia.com\/leblogmoto\/2008\/06\/12\/une-nouvelle-mo-2\/\"]}]},{\"@type\":\"ImageObject\",\"inLanguage\":\"fr-FR\",\"@id\":\"https:\/\/blogs.thesocialmedia.com\/leblogmoto\/2008\/06\/12\/une-nouvelle-mo-2\/#primaryimage\",\"url\":\"http:\/\/www.leblogmoto.com\/images\/2008\/06\/12\/moto_cadillac_hybrid_bike.jpg\",\"contentUrl\":\"http:\/\/www.leblogmoto.com\/images\/2008\/06\/12\/moto_cadillac_hybrid_bike.jpg\"},{\"@type\":\"BreadcrumbList\",\"@id\":\"https:\/\/blogs.thesocialmedia.com\/leblogmoto\/2008\/06\/12\/une-nouvelle-mo-2\/#breadcrumb\",\"itemListElement\":[{\"@type\":\"ListItem\",\"position\":1,\"name\":\"Accueil\",\"item\":\"https:\/\/blogs.thesocialmedia.com\/leblogmoto\/\"},{\"@type\":\"ListItem\",\"position\":2,\"name\":\"Cadillac signe un concept bike hybride \u00e9thanol\/\u00e9lectrique.\"}]},{\"@type\":\"WebSite\",\"@id\":\"https:\/\/blogs.thesocialmedia.com\/leblogmoto\/#website\",\"url\":\"https:\/\/blogs.thesocialmedia.com\/leblogmoto\/\",\"name\":\"leblogmoto\",\"description\":\"Toute l&#039;actualit\u00e9 des 2 roues\",\"potentialAction\":[{\"@type\":\"SearchAction\",\"target\":{\"@type\":\"EntryPoint\",\"urlTemplate\":\"https:\/\/blogs.thesocialmedia.com\/leblogmoto\/?s={search_term_string}\"},\"query-input\":{\"@type\":\"PropertyValueSpecification\",\"valueRequired\":true,\"valueName\":\"search_term_string\"}}],\"inLanguage\":\"fr-FR\"},{\"@type\":\"Person\",\"@id\":\"https:\/\/blogs.thesocialmedia.com\/leblogmoto\/#\/schema\/person\/18bfe773e5725ed6d24f743da805362a\",\"name\":\"benoit rieu\",\"image\":{\"@type\":\"ImageObject\",\"inLanguage\":\"fr-FR\",\"@id\":\"https:\/\/blogs.thesocialmedia.com\/leblogmoto\/#\/schema\/person\/image\/\",\"url\":\"https:\/\/secure.gravatar.com\/avatar\/?s=96&d=mm&r=g\",\"contentUrl\":\"https:\/\/secure.gravatar.com\/avatar\/?s=96&d=mm&r=g\",\"caption\":\"benoit rieu\"},\"url\":\"https:\/\/blogs.thesocialmedia.com\/leblogmoto\/author\/benoit-rieu\/\"}]}<\/script>\n<!-- \/ Yoast SEO plugin. -->","yoast_head_json":{"title":"Cadillac signe un concept bike hybride \u00e9thanol\/\u00e9lectrique. - leblogmoto.com","robots":{"index":"index","follow":"follow","max-snippet":"max-snippet:-1","max-image-preview":"max-image-preview:large","max-video-preview":"max-video-preview:-1"},"canonical":"https:\/\/blogs.thesocialmedia.com\/leblogmoto\/2008\/06\/12\/une-nouvelle-mo-2\/","twitter_card":"summary_large_image","twitter_title":"Cadillac signe un concept bike hybride \u00e9thanol\/\u00e9lectrique. - leblogmoto.com","twitter_description":"C&rsquo;est dans Winding Road le magazine auto en ligne, dont nous vous avions d\u00e9j\u00e0 parl\u00e9 au sujet des trikes en tout d\u00e9but d&rsquo;ann\u00e9e, auxquels il consacrait un dossier complet (du moins dans l&rsquo;optique d&rsquo;un caisseux). Comme quoi cela vaut la peine d&rsquo;\u00eatre fid\u00e8le aux classiques m\u00eame sur quatre roues, on y d\u00e9couvre des choses introuvables [&hellip;]","twitter_image":"http:\/\/www.leblogmoto.com\/images\/2008\/06\/12\/moto_cadillac_hybrid_bike.jpg","twitter_misc":{"\u00c9crit par":"benoit rieu","Dur\u00e9e de lecture estim\u00e9e":"1 minute"},"schema":{"@context":"https:\/\/schema.org","@graph":[{"@type":"WebPage","@id":"https:\/\/blogs.thesocialmedia.com\/leblogmoto\/2008\/06\/12\/une-nouvelle-mo-2\/","url":"https:\/\/blogs.thesocialmedia.com\/leblogmoto\/2008\/06\/12\/une-nouvelle-mo-2\/","name":"Cadillac signe un concept bike hybride \u00e9thanol\/\u00e9lectrique. - leblogmoto.com","isPartOf":{"@id":"https:\/\/blogs.thesocialmedia.com\/leblogmoto\/#website"},"primaryImageOfPage":{"@id":"https:\/\/blogs.thesocialmedia.com\/leblogmoto\/2008\/06\/12\/une-nouvelle-mo-2\/#primaryimage"},"image":{"@id":"https:\/\/blogs.thesocialmedia.com\/leblogmoto\/2008\/06\/12\/une-nouvelle-mo-2\/#primaryimage"},"thumbnailUrl":"http:\/\/www.leblogmoto.com\/images\/2008\/06\/12\/moto_cadillac_hybrid_bike.jpg","datePublished":"2008-06-12T22:58:45+00:00","dateModified":"2012-07-11T15:58:42+00:00","author":{"@id":"https:\/\/blogs.thesocialmedia.com\/leblogmoto\/#\/schema\/person\/18bfe773e5725ed6d24f743da805362a"},"breadcrumb":{"@id":"https:\/\/blogs.thesocialmedia.com\/leblogmoto\/2008\/06\/12\/une-nouvelle-mo-2\/#breadcrumb"},"inLanguage":"fr-FR","potentialAction":[{"@type":"ReadAction","target":["https:\/\/blogs.thesocialmedia.com\/leblogmoto\/2008\/06\/12\/une-nouvelle-mo-2\/"]}]},{"@type":"ImageObject","inLanguage":"fr-FR","@id":"https:\/\/blogs.thesocialmedia.com\/leblogmoto\/2008\/06\/12\/une-nouvelle-mo-2\/#primaryimage","url":"http:\/\/www.leblogmoto.com\/images\/2008\/06\/12\/moto_cadillac_hybrid_bike.jpg","contentUrl":"http:\/\/www.leblogmoto.com\/images\/2008\/06\/12\/moto_cadillac_hybrid_bike.jpg"},{"@type":"BreadcrumbList","@id":"https:\/\/blogs.thesocialmedia.com\/leblogmoto\/2008\/06\/12\/une-nouvelle-mo-2\/#breadcrumb","itemListElement":[{"@type":"ListItem","position":1,"name":"Accueil","item":"https:\/\/blogs.thesocialmedia.com\/leblogmoto\/"},{"@type":"ListItem","position":2,"name":"Cadillac signe un concept bike hybride \u00e9thanol\/\u00e9lectrique."}]},{"@type":"WebSite","@id":"https:\/\/blogs.thesocialmedia.com\/leblogmoto\/#website","url":"https:\/\/blogs.thesocialmedia.com\/leblogmoto\/","name":"leblogmoto","description":"Toute l&#039;actualit\u00e9 des 2 roues","potentialAction":[{"@type":"SearchAction","target":{"@type":"EntryPoint","urlTemplate":"https:\/\/blogs.thesocialmedia.com\/leblogmoto\/?s={search_term_string}"},"query-input":{"@type":"PropertyValueSpecification","valueRequired":true,"valueName":"search_term_string"}}],"inLanguage":"fr-FR"},{"@type":"Person","@id":"https:\/\/blogs.thesocialmedia.com\/leblogmoto\/#\/schema\/person\/18bfe773e5725ed6d24f743da805362a","name":"benoit rieu","image":{"@type":"ImageObject","inLanguage":"fr-FR","@id":"https:\/\/blogs.thesocialmedia.com\/leblogmoto\/#\/schema\/person\/image\/","url":"https:\/\/secure.gravatar.com\/avatar\/?s=96&d=mm&r=g","contentUrl":"https:\/\/secure.gravatar.com\/avatar\/?s=96&d=mm&r=g","caption":"benoit rieu"},"url":"https:\/\/blogs.thesocialmedia.com\/leblogmoto\/author\/benoit-rieu\/"}]}},"_links":{"self":[{"href":"https:\/\/blogs.thesocialmedia.com\/leblogmoto\/wp-json\/wp\/v2\/posts\/626","targetHints":{"allow":["GET"]}}],"collection":[{"href":"https:\/\/blogs.thesocialmedia.com\/leblogmoto\/wp-json\/wp\/v2\/posts"}],"about":[{"href":"https:\/\/blogs.thesocialmedia.com\/leblogmoto\/wp-json\/wp\/v2\/types\/post"}],"author":[{"embeddable":true,"href":"https:\/\/blogs.thesocialmedia.com\/leblogmoto\/wp-json\/wp\/v2\/users\/324"}],"replies":[{"embeddable":true,"href":"https:\/\/blogs.thesocialmedia.com\/leblogmoto\/wp-json\/wp\/v2\/comments?post=626"}],"version-history":[{"count":2,"href":"https:\/\/blogs.thesocialmedia.com\/leblogmoto\/wp-json\/wp\/v2\/posts\/626\/revisions"}],"predecessor-version":[{"id":11058,"href":"https:\/\/blogs.thesocialmedia.com\/leblogmoto\/wp-json\/wp\/v2\/posts\/626\/revisions\/11058"}],"wp:attachment":[{"href":"https:\/\/blogs.thesocialmedia.com\/leblogmoto\/wp-json\/wp\/v2\/media?parent=626"}],"wp:term":[{"taxonomy":"category","embeddable":true,"href":"https:\/\/blogs.thesocialmedia.com\/leblogmoto\/wp-json\/wp\/v2\/categories?post=626"},{"taxonomy":"post_tag","embeddable":true,"href":"https:\/\/blogs.thesocialmedia.com\/leblogmoto\/wp-json\/wp\/v2\/tags?post=626"}],"curies":[{"name":"wp","href":"https:\/\/api.w.org\/{rel}","templated":true}]}}