{"id":629,"date":"2008-06-12T12:46:47","date_gmt":"2008-06-12T12:46:47","guid":{"rendered":"http:\/\/blogs.thesocialmedia.com\/leblogmoto\/2008\/06\/12\/le-constructeur\/"},"modified":"2012-07-11T15:57:55","modified_gmt":"2012-07-11T15:57:55","slug":"le-constructeur","status":"publish","type":"post","link":"https:\/\/blogs.thesocialmedia.com\/leblogmoto\/2008\/06\/12\/le-constructeur\/","title":{"rendered":"Le constructeur allemand MZ cesserait ses activit\u00e9s d\u00e8s la fin de l&rsquo;ann\u00e9e."},"content":{"rendered":"<p><a href=\"http:\/\/blogs.thesocialmedia.com\/leblogmoto\/files\/2012\/07\/moto_mz_1000s_front.jpg\"><img loading=\"lazy\" decoding=\"async\" width=\"470\" height=\"345\"  src=\"http:\/\/www.leblogmoto.com\/images\/2008\/06\/11\/moto_mz_1000s_front.jpg\" alt=\"Moto_mz_1000s_front\" \/><\/a><\/p>\n<p>Contrairement aux espoirs que son repreneur malais Hong Leong Industries Berhad* avait plac\u00e9 en lui en le rachetant le 1er septembre 1996, le constructeur historique allemand <a href=\"http:\/\/www.muz.de\/\">MZ<\/a> (acronyme pour Motorradwerk Zschopau) n&rsquo;a jamais depuis retrouv\u00e9 sa rentabilit\u00e9**. Son usine, sise \u00e0 Zschopau en Saxe donc, devrait mettre la cl\u00e9 sous la porte d\u00e8s le 31 d\u00e9cembre prochain. De dr\u00f4les d&rsquo;\u00e9trennes pour une firme produisant des motos depuis 1922, sous le nom de DKW \u00e0 l&rsquo;\u00e9poque, des b\u00e9canes pittoresques ou innovantes, mais toujours ch\u00e9ries par leurs propri\u00e9taires. L&rsquo;occasion pour nous de revenir sur une marque, par ailleurs <a href=\"http:\/\/www.leblogmoto.com\/mz\/index.html\">amplement trait\u00e9e<\/a> sur notre blog par nos pr\u00e9d\u00e9cesseurs. Promis, on va faire en sorte que cela ne ressemble pas \u00e0 un \u00e9loge fun\u00e8bre.<\/p>\n<p><a href=\"http:\/\/clabedan.typepad.com\/.shared\/image.html?\/photos\/uncategorized\/2008\/06\/12\/moto_mz_sfx.jpeg\"><img loading=\"lazy\" decoding=\"async\" width=\"470\" height=\"313\"  alt=\"Moto_mz_sfx\" src=\"http:\/\/www.leblogmoto.com\/images\/2008\/06\/12\/moto_mz_sfx.jpeg\" \/><\/a> <\/p>\n<p>Elle est pas belle cette <a href=\"http:\/\/www.leblogmoto.com\/2006\/01\/post_1.html\">MZ SFx<\/a> ? Si c&rsquo;est pas triste de voir une telle entreprise dispara\u00eetre&#8230; bref. Historiquement, la marque est issue du d\u00e9mant\u00e8lement de DKW qui s&rsquo;\u00e9tait fait conna\u00eetre pour ses moyens de production en avance sur son temps, en \u00e9tant notamment la premi\u00e8re, en 1926, \u00e0 utiliser une ligne de production automatis\u00e9e.<\/p>\n<p>Mais lorsque les outils de production et les locaux sont rachet\u00e9s, le nouveau propri\u00e9taire n&rsquo;est pas en droit d&rsquo;utiliser le nom original MZ (qui signifie &quot;usine de moto de Zschopau&quot;, de ce c\u00f4t\u00e9-ci du Rhin). Rus\u00e9 et bien d\u00e9cid\u00e9 \u00e0 contourner cette interdiction, celui-ci rajoute alors une voyelle et la soci\u00e9t\u00e9 se pr\u00e9sente sous le nom de MuZ: Motorrad und Zweiradwerk GmbH (usine de motos et de deux-roues, le <em>GmbH<\/em> renvoyant \u00e0 la forme juridique de la soci\u00e9t\u00e9).<\/p>\n<p><a href=\"http:\/\/clabedan.typepad.com\/.shared\/image.html?\/photos\/uncategorized\/2008\/06\/12\/moto_mz_1000s_en_pied.jpg\"><img loading=\"lazy\" decoding=\"async\" width=\"470\" height=\"331\"  alt=\"Moto_mz_1000s_en_pied\" src=\"http:\/\/www.leblogmoto.com\/images\/2008\/06\/12\/moto_mz_1000s_en_pied.jpg\" \/><\/a> <\/p>\n<p>L&rsquo;entreprise perdra \u00e0 nouveau le <em><u>u<\/u><\/em> plus tard et redeviendra pour plus de lisibilit\u00e9 &quot;MZ&quot;, \u00e0 l&rsquo;exception de son site internet qui garde dans <a href=\"http:\/\/www.muz.de\/\">son adresse url<\/a> des traces de ce pass\u00e9. C\u00f4t\u00e9 technique, l&rsquo;ing\u00e9nieur moteur Walter Kaaden permettra par des perc\u00e9es originales, telle que la distribution rotative***, \u00e0 cette entreprise est-allemande de s&rsquo;aligner bon an mal an, en comp\u00e9tition vitesse dans les ann\u00e9es 60. Cependant cette inventivit\u00e9 ne permit pas \u00e0 la RDA d&rsquo;y briller pour autant.<\/p>\n<p>Mais la firme saxonne est surtout r\u00e9put\u00e9e pour son emploi, son abus plut\u00f4t, des monocylindres \u00e0 2 temps (bonjour le brrrrrrrrruit de petite tron\u00e7onneuse !), qui \u00e9quipera ses motos \u00e0 vocations surtout utilitaires jusqu&rsquo;\u00e0 la sortie de l&rsquo;entreprise du glacis sovi\u00e9tique, apr\u00e8s la chute du mur de Berlin, en 1989.<\/p>\n<p><a href=\"http:\/\/clabedan.typepad.com\/.shared\/image.html?\/photos\/uncategorized\/2008\/06\/12\/moto_mz_1000.jpg\"><img loading=\"lazy\" decoding=\"async\" width=\"470\" height=\"352\"  src=\"http:\/\/www.leblogmoto.com\/images\/2008\/06\/12\/moto_mz_1000.jpg\" alt=\"Moto_mz_1000\" \/><\/a> <\/p>\n<p>D\u00e9s son ouverture \u00e0 l&rsquo;Ouest, l&rsquo;entreprise diversifiera ses mod\u00e8les et motorisations, en se fournissant en mono chez Yamaha, pour ses mod\u00e8les Mastiff, Skorpion et Baghira. Ensuite, gr\u00e2ce \u00e0 Hong Leong, dont l&rsquo;apport ne se limitera pas qu&rsquo;au domaine financier comme on le voit, MZ produira des twins 4 temps sur les mod\u00e8les 1000S.<\/p>\n<p>Une sportive qui ravira des succ\u00e8s d&rsquo;estime et des <a href=\"http:\/\/www.naumann-design.de\/motorbike\/mz-1000-s\/\">prix<\/a>, notamment pour son design&#8230; particulier, dont la silhouette est directement inspir\u00e9e de celle des bombardiers et chasseurs furtifs. Notez que la <a href=\"http:\/\/www.leblogauto.com\/2008\/05\/un-container-a-1-million-deuros.html\">Reventon de Lamborghini<\/a>, qui est elle aussi une \u00e9volution du c\u00e9l\u00e8bre et si d\u00e9nigr\u00e9 <em>edge design<\/em> (sans l&rsquo;avouer), revendique aussi cette filiation\/inspiration du F117 et du B2 de l&rsquo;US Air Force. <\/p>\n<p><a href=\"http:\/\/clabedan.typepad.com\/.shared\/image.html?\/photos\/uncategorized\/2008\/06\/12\/moto_mz_1000_st_5.jpg\"><img loading=\"lazy\" decoding=\"async\" width=\"470\" height=\"470\"  alt=\"Moto_mz_1000_st_5\" src=\"http:\/\/www.leblogmoto.com\/images\/2008\/06\/12\/moto_mz_1000_st_5.jpg\" \/><\/a> <\/p>\n<p>Nationalis\u00e9e en 1948, privatis\u00e9e en 1991, la firme MZ p\u00e9riclite ces derni\u00e8res ann\u00e9es jusqu&rsquo;\u00e0 sa tr\u00e8s probable chute finale. Pour une description historique exhaustive, et une \u00e9tude compl\u00e8te de ses gammes, qui vous ravira si vous \u00eates un aficionado de la marque et un curieux des motos, ou provoquera chez vous d&rsquo;irr\u00e9pressibles b\u00e2illements dans le cas inverse, je vous conseille la lecture de ce <a href=\"http:\/\/vautrin.ifrance.com\/\">site<\/a>.<em><\/em><\/p>\n<p><em>*je sais bien qu&rsquo;une soci\u00e9t\u00e9 d&rsquo;une telle nationalit\u00e9 et intervenant sur le march\u00e9 des motos peut pr\u00eater \u00e0 sourire, mais n&rsquo;oubliez pas que <a href=\"http:\/\/www.proton.com\/showroom\/showroom_high.php\">Proton<\/a>, qui a rachet\u00e9 Lotus, a \u00e9t\u00e9 un participant malheureux au MotoGP, associ\u00e9 il y a quelques ann\u00e9es avec l&rsquo;ancien champion du monde Kenny Roberts (p\u00e8re), t\u00e9moignage d&rsquo;un savoir-faire r\u00e9el.<\/em><\/p>\n<p><em>**mais en a t&rsquo;il jamais eu une ?<\/em><em> Port\u00e9 \u00e0 bout de bras par un r\u00e9gime communiste n&rsquo;ayant jamais \u00e9rig\u00e9 le rendement (et la qualit\u00e9 industrielle) en dogme, c&rsquo;est le moins que l&rsquo;on puisse dire, on est en droit de se poser la question.<br \/><\/em><\/p>\n<p><em>***\u00e0 la place d&rsquo;avoir des clapets, un disque tourne sur le c\u00f4t\u00e9: probablement le meilleur syst\u00e8me d&rsquo;admission pour un deux-temps, mais je ne suis pas m\u00e9cano.<\/em><\/p>\n","protected":false},"excerpt":{"rendered":"<p>Contrairement aux espoirs que son repreneur malais Hong Leong Industries Berhad* avait plac\u00e9 en lui en le rachetant le 1er septembre 1996, le constructeur historique allemand MZ (acronyme pour Motorradwerk Zschopau) n&rsquo;a jamais depuis retrouv\u00e9 sa rentabilit\u00e9**. Son usine, sise \u00e0 Zschopau en Saxe donc, devrait mettre la cl\u00e9 sous la porte d\u00e8s le 31 [&hellip;]<\/p>\n","protected":false},"author":324,"featured_media":0,"comment_status":"open","ping_status":"open","sticky":false,"template":"","format":"standard","meta":{"footnotes":""},"categories":[49,17,9,75],"tags":[],"class_list":["post-629","post","type-post","status-publish","format-standard","hentry","category-actualites-entreprise","category-divers","category-historique","category-mz"],"yoast_head":"<!-- This site is optimized with the Yoast SEO plugin v26.0 - https:\/\/yoast.com\/wordpress\/plugins\/seo\/ -->\n<title>Le constructeur allemand MZ cesserait ses activit\u00e9s d\u00e8s la fin de l&#039;ann\u00e9e. - leblogmoto.com<\/title>\n<meta name=\"robots\" content=\"index, follow, max-snippet:-1, max-image-preview:large, max-video-preview:-1\" \/>\n<link rel=\"canonical\" href=\"https:\/\/blogs.thesocialmedia.com\/leblogmoto\/2008\/06\/12\/le-constructeur\/\" \/>\n<meta name=\"twitter:card\" content=\"summary_large_image\" \/>\n<meta name=\"twitter:title\" content=\"Le constructeur allemand MZ cesserait ses activit\u00e9s d\u00e8s la fin de l&#039;ann\u00e9e. - leblogmoto.com\" \/>\n<meta name=\"twitter:description\" content=\"Contrairement aux espoirs que son repreneur malais Hong Leong Industries Berhad* avait plac\u00e9 en lui en le rachetant le 1er septembre 1996, le constructeur historique allemand MZ (acronyme pour Motorradwerk Zschopau) n&rsquo;a jamais depuis retrouv\u00e9 sa rentabilit\u00e9**. Son usine, sise \u00e0 Zschopau en Saxe donc, devrait mettre la cl\u00e9 sous la porte d\u00e8s le 31 [&hellip;]\" \/>\n<meta name=\"twitter:image\" content=\"http:\/\/www.leblogmoto.com\/images\/2008\/06\/11\/moto_mz_1000s_front.jpg\" \/>\n<meta name=\"twitter:label1\" content=\"\u00c9crit par\" \/>\n\t<meta name=\"twitter:data1\" content=\"benoit rieu\" \/>\n\t<meta name=\"twitter:label2\" content=\"Dur\u00e9e de lecture estim\u00e9e\" \/>\n\t<meta name=\"twitter:data2\" content=\"4 minutes\" \/>\n<script type=\"application\/ld+json\" class=\"yoast-schema-graph\">{\"@context\":\"https:\/\/schema.org\",\"@graph\":[{\"@type\":\"WebPage\",\"@id\":\"https:\/\/blogs.thesocialmedia.com\/leblogmoto\/2008\/06\/12\/le-constructeur\/\",\"url\":\"https:\/\/blogs.thesocialmedia.com\/leblogmoto\/2008\/06\/12\/le-constructeur\/\",\"name\":\"Le constructeur allemand MZ cesserait ses activit\u00e9s d\u00e8s la fin de l'ann\u00e9e. - leblogmoto.com\",\"isPartOf\":{\"@id\":\"https:\/\/blogs.thesocialmedia.com\/leblogmoto\/#website\"},\"primaryImageOfPage\":{\"@id\":\"https:\/\/blogs.thesocialmedia.com\/leblogmoto\/2008\/06\/12\/le-constructeur\/#primaryimage\"},\"image\":{\"@id\":\"https:\/\/blogs.thesocialmedia.com\/leblogmoto\/2008\/06\/12\/le-constructeur\/#primaryimage\"},\"thumbnailUrl\":\"http:\/\/www.leblogmoto.com\/images\/2008\/06\/11\/moto_mz_1000s_front.jpg\",\"datePublished\":\"2008-06-12T12:46:47+00:00\",\"dateModified\":\"2012-07-11T15:57:55+00:00\",\"author\":{\"@id\":\"https:\/\/blogs.thesocialmedia.com\/leblogmoto\/#\/schema\/person\/18bfe773e5725ed6d24f743da805362a\"},\"breadcrumb\":{\"@id\":\"https:\/\/blogs.thesocialmedia.com\/leblogmoto\/2008\/06\/12\/le-constructeur\/#breadcrumb\"},\"inLanguage\":\"fr-FR\",\"potentialAction\":[{\"@type\":\"ReadAction\",\"target\":[\"https:\/\/blogs.thesocialmedia.com\/leblogmoto\/2008\/06\/12\/le-constructeur\/\"]}]},{\"@type\":\"ImageObject\",\"inLanguage\":\"fr-FR\",\"@id\":\"https:\/\/blogs.thesocialmedia.com\/leblogmoto\/2008\/06\/12\/le-constructeur\/#primaryimage\",\"url\":\"http:\/\/www.leblogmoto.com\/images\/2008\/06\/11\/moto_mz_1000s_front.jpg\",\"contentUrl\":\"http:\/\/www.leblogmoto.com\/images\/2008\/06\/11\/moto_mz_1000s_front.jpg\"},{\"@type\":\"BreadcrumbList\",\"@id\":\"https:\/\/blogs.thesocialmedia.com\/leblogmoto\/2008\/06\/12\/le-constructeur\/#breadcrumb\",\"itemListElement\":[{\"@type\":\"ListItem\",\"position\":1,\"name\":\"Accueil\",\"item\":\"https:\/\/blogs.thesocialmedia.com\/leblogmoto\/\"},{\"@type\":\"ListItem\",\"position\":2,\"name\":\"Le constructeur allemand MZ cesserait ses activit\u00e9s d\u00e8s la fin de l&rsquo;ann\u00e9e.\"}]},{\"@type\":\"WebSite\",\"@id\":\"https:\/\/blogs.thesocialmedia.com\/leblogmoto\/#website\",\"url\":\"https:\/\/blogs.thesocialmedia.com\/leblogmoto\/\",\"name\":\"leblogmoto\",\"description\":\"Toute l&#039;actualit\u00e9 des 2 roues\",\"potentialAction\":[{\"@type\":\"SearchAction\",\"target\":{\"@type\":\"EntryPoint\",\"urlTemplate\":\"https:\/\/blogs.thesocialmedia.com\/leblogmoto\/?s={search_term_string}\"},\"query-input\":{\"@type\":\"PropertyValueSpecification\",\"valueRequired\":true,\"valueName\":\"search_term_string\"}}],\"inLanguage\":\"fr-FR\"},{\"@type\":\"Person\",\"@id\":\"https:\/\/blogs.thesocialmedia.com\/leblogmoto\/#\/schema\/person\/18bfe773e5725ed6d24f743da805362a\",\"name\":\"benoit rieu\",\"image\":{\"@type\":\"ImageObject\",\"inLanguage\":\"fr-FR\",\"@id\":\"https:\/\/blogs.thesocialmedia.com\/leblogmoto\/#\/schema\/person\/image\/\",\"url\":\"https:\/\/secure.gravatar.com\/avatar\/?s=96&d=mm&r=g\",\"contentUrl\":\"https:\/\/secure.gravatar.com\/avatar\/?s=96&d=mm&r=g\",\"caption\":\"benoit rieu\"},\"url\":\"https:\/\/blogs.thesocialmedia.com\/leblogmoto\/author\/benoit-rieu\/\"}]}<\/script>\n<!-- \/ Yoast SEO plugin. -->","yoast_head_json":{"title":"Le constructeur allemand MZ cesserait ses activit\u00e9s d\u00e8s la fin de l'ann\u00e9e. - leblogmoto.com","robots":{"index":"index","follow":"follow","max-snippet":"max-snippet:-1","max-image-preview":"max-image-preview:large","max-video-preview":"max-video-preview:-1"},"canonical":"https:\/\/blogs.thesocialmedia.com\/leblogmoto\/2008\/06\/12\/le-constructeur\/","twitter_card":"summary_large_image","twitter_title":"Le constructeur allemand MZ cesserait ses activit\u00e9s d\u00e8s la fin de l'ann\u00e9e. - leblogmoto.com","twitter_description":"Contrairement aux espoirs que son repreneur malais Hong Leong Industries Berhad* avait plac\u00e9 en lui en le rachetant le 1er septembre 1996, le constructeur historique allemand MZ (acronyme pour Motorradwerk Zschopau) n&rsquo;a jamais depuis retrouv\u00e9 sa rentabilit\u00e9**. Son usine, sise \u00e0 Zschopau en Saxe donc, devrait mettre la cl\u00e9 sous la porte d\u00e8s le 31 [&hellip;]","twitter_image":"http:\/\/www.leblogmoto.com\/images\/2008\/06\/11\/moto_mz_1000s_front.jpg","twitter_misc":{"\u00c9crit par":"benoit rieu","Dur\u00e9e de lecture estim\u00e9e":"4 minutes"},"schema":{"@context":"https:\/\/schema.org","@graph":[{"@type":"WebPage","@id":"https:\/\/blogs.thesocialmedia.com\/leblogmoto\/2008\/06\/12\/le-constructeur\/","url":"https:\/\/blogs.thesocialmedia.com\/leblogmoto\/2008\/06\/12\/le-constructeur\/","name":"Le constructeur allemand MZ cesserait ses activit\u00e9s d\u00e8s la fin de l'ann\u00e9e. - leblogmoto.com","isPartOf":{"@id":"https:\/\/blogs.thesocialmedia.com\/leblogmoto\/#website"},"primaryImageOfPage":{"@id":"https:\/\/blogs.thesocialmedia.com\/leblogmoto\/2008\/06\/12\/le-constructeur\/#primaryimage"},"image":{"@id":"https:\/\/blogs.thesocialmedia.com\/leblogmoto\/2008\/06\/12\/le-constructeur\/#primaryimage"},"thumbnailUrl":"http:\/\/www.leblogmoto.com\/images\/2008\/06\/11\/moto_mz_1000s_front.jpg","datePublished":"2008-06-12T12:46:47+00:00","dateModified":"2012-07-11T15:57:55+00:00","author":{"@id":"https:\/\/blogs.thesocialmedia.com\/leblogmoto\/#\/schema\/person\/18bfe773e5725ed6d24f743da805362a"},"breadcrumb":{"@id":"https:\/\/blogs.thesocialmedia.com\/leblogmoto\/2008\/06\/12\/le-constructeur\/#breadcrumb"},"inLanguage":"fr-FR","potentialAction":[{"@type":"ReadAction","target":["https:\/\/blogs.thesocialmedia.com\/leblogmoto\/2008\/06\/12\/le-constructeur\/"]}]},{"@type":"ImageObject","inLanguage":"fr-FR","@id":"https:\/\/blogs.thesocialmedia.com\/leblogmoto\/2008\/06\/12\/le-constructeur\/#primaryimage","url":"http:\/\/www.leblogmoto.com\/images\/2008\/06\/11\/moto_mz_1000s_front.jpg","contentUrl":"http:\/\/www.leblogmoto.com\/images\/2008\/06\/11\/moto_mz_1000s_front.jpg"},{"@type":"BreadcrumbList","@id":"https:\/\/blogs.thesocialmedia.com\/leblogmoto\/2008\/06\/12\/le-constructeur\/#breadcrumb","itemListElement":[{"@type":"ListItem","position":1,"name":"Accueil","item":"https:\/\/blogs.thesocialmedia.com\/leblogmoto\/"},{"@type":"ListItem","position":2,"name":"Le constructeur allemand MZ cesserait ses activit\u00e9s d\u00e8s la fin de l&rsquo;ann\u00e9e."}]},{"@type":"WebSite","@id":"https:\/\/blogs.thesocialmedia.com\/leblogmoto\/#website","url":"https:\/\/blogs.thesocialmedia.com\/leblogmoto\/","name":"leblogmoto","description":"Toute l&#039;actualit\u00e9 des 2 roues","potentialAction":[{"@type":"SearchAction","target":{"@type":"EntryPoint","urlTemplate":"https:\/\/blogs.thesocialmedia.com\/leblogmoto\/?s={search_term_string}"},"query-input":{"@type":"PropertyValueSpecification","valueRequired":true,"valueName":"search_term_string"}}],"inLanguage":"fr-FR"},{"@type":"Person","@id":"https:\/\/blogs.thesocialmedia.com\/leblogmoto\/#\/schema\/person\/18bfe773e5725ed6d24f743da805362a","name":"benoit rieu","image":{"@type":"ImageObject","inLanguage":"fr-FR","@id":"https:\/\/blogs.thesocialmedia.com\/leblogmoto\/#\/schema\/person\/image\/","url":"https:\/\/secure.gravatar.com\/avatar\/?s=96&d=mm&r=g","contentUrl":"https:\/\/secure.gravatar.com\/avatar\/?s=96&d=mm&r=g","caption":"benoit rieu"},"url":"https:\/\/blogs.thesocialmedia.com\/leblogmoto\/author\/benoit-rieu\/"}]}},"_links":{"self":[{"href":"https:\/\/blogs.thesocialmedia.com\/leblogmoto\/wp-json\/wp\/v2\/posts\/629","targetHints":{"allow":["GET"]}}],"collection":[{"href":"https:\/\/blogs.thesocialmedia.com\/leblogmoto\/wp-json\/wp\/v2\/posts"}],"about":[{"href":"https:\/\/blogs.thesocialmedia.com\/leblogmoto\/wp-json\/wp\/v2\/types\/post"}],"author":[{"embeddable":true,"href":"https:\/\/blogs.thesocialmedia.com\/leblogmoto\/wp-json\/wp\/v2\/users\/324"}],"replies":[{"embeddable":true,"href":"https:\/\/blogs.thesocialmedia.com\/leblogmoto\/wp-json\/wp\/v2\/comments?post=629"}],"version-history":[{"count":2,"href":"https:\/\/blogs.thesocialmedia.com\/leblogmoto\/wp-json\/wp\/v2\/posts\/629\/revisions"}],"predecessor-version":[{"id":11034,"href":"https:\/\/blogs.thesocialmedia.com\/leblogmoto\/wp-json\/wp\/v2\/posts\/629\/revisions\/11034"}],"wp:attachment":[{"href":"https:\/\/blogs.thesocialmedia.com\/leblogmoto\/wp-json\/wp\/v2\/media?parent=629"}],"wp:term":[{"taxonomy":"category","embeddable":true,"href":"https:\/\/blogs.thesocialmedia.com\/leblogmoto\/wp-json\/wp\/v2\/categories?post=629"},{"taxonomy":"post_tag","embeddable":true,"href":"https:\/\/blogs.thesocialmedia.com\/leblogmoto\/wp-json\/wp\/v2\/tags?post=629"}],"curies":[{"name":"wp","href":"https:\/\/api.w.org\/{rel}","templated":true}]}}