{"id":631,"date":"2008-06-11T08:41:29","date_gmt":"2008-06-11T08:41:29","guid":{"rendered":"http:\/\/blogs.thesocialmedia.com\/leblogmoto\/2008\/06\/11\/la-gp9-de-sorti\/"},"modified":"2012-07-11T15:57:54","modified_gmt":"2012-07-11T15:57:54","slug":"la-gp9-de-sorti","status":"publish","type":"post","link":"https:\/\/blogs.thesocialmedia.com\/leblogmoto\/2008\/06\/11\/la-gp9-de-sorti\/","title":{"rendered":"La GP9, de sortie, a semble t&rsquo;il bien convaincu ses pilotes du jour."},"content":{"rendered":"<p><a href=\"http:\/\/blogs.thesocialmedia.com\/leblogmoto\/files\/2012\/07\/motogp_ducati_gp9_essais.jpg\"><img loading=\"lazy\" decoding=\"async\" width=\"470\" height=\"372\"  alt=\"Motogp_ducati_gp9_essais\" src=\"http:\/\/www.leblogmoto.com\/images\/2008\/06\/10\/motogp_ducati_gp9_essais.jpg\" \/><\/a><\/p>\n<p>C&rsquo;est <em>la<\/em> photo in\u00e9vitable du d\u00e9but de semaine, que l&rsquo;on voit en en-t\u00eate des articles d&rsquo;Autosport.com et de Moto-Revue pour ne citer qu&rsquo;eux. Lundi, au lendemain du grand prix de Catalogne, les pilotes commenc\u00e8rent un test de deux jours avec le team <a href=\"http:\/\/www.ducati.com\/racing\/00_home_racing\/gp\/index.jhtml?family=gpteam&amp;modelName=newsgp\">Ducati <em>Corse<\/em><\/a>, essai qui devait avoir originellement lieu mardi. Les pr\u00e9visions m\u00e9t\u00e9orologiques ont pr\u00e9cipit\u00e9 les choses, et c&rsquo;est donc avec un jour d&rsquo;avance que Casey Stoner et les pilotes essayeurs Vittoriano Guareschi et Niccol\u00f2 Canepa ont fait chauffer ses gommes. Tandis que Marco Melandri, onzi\u00e8me \u00e0 <a href=\"http:\/\/www.leblogmoto.com\/2008\/06\/pendant-vingt-c.html\">Montmelo<\/a> se concentrait sur la GP8 et l&rsquo;a test\u00e9e mardi. <\/p>\n<p>Et le moins que l&rsquo;on puisse dire est que l&rsquo;Australien n&rsquo;aura pas mis longtemps \u00e0 s&rsquo;adapter \u00e0 sa nouvelle monture, si bien que le champion du monde en titre claqua le meilleur chrono en 1&rsquo;41.533 sur des <em>qualifiers<\/em>, des pneus de qualifs.<\/p>\n<p><a href=\"http:\/\/clabedan.typepad.com\/.shared\/image.html?\/photos\/uncategorized\/2008\/06\/10\/motogp_ducati_gp7_prsente_napolit_2.jpg\"><img loading=\"lazy\" decoding=\"async\" width=\"470\" height=\"313\"  src=\"http:\/\/www.leblogmoto.com\/images\/2008\/06\/10\/motogp_ducati_gp7_prsente_napolit_2.jpg\" alt=\"Motogp_ducati_gp7_prsente_napolit_2\" \/><\/a><\/p>\n<p>Concernant les innovations apport\u00e9es \u00e0 cette nouvelle desmo, la GP9 poss\u00e8de un ch\u00e2ssis en fibres de carbone qui repr\u00e9sente une \u00e9volution par rapport aux ch\u00e2ssis utilis\u00e9s par l&rsquo;ensemble du paddock m\u00eame les Japonaises. Filippo Preziosi, le <em>general manager<\/em> (connu autant pour ses cheveux \u00e9bouriff\u00e9s, que pour son malheureux handicap qui l&rsquo;oblige \u00e0 n&rsquo;assister qu&rsquo;\u00e0 tr\u00e8s peu de Grand Prix dans la saison) a pourtant indiqu\u00e9 que son avanc\u00e9e consistait moins en son mat\u00e9riau de fabrication que dans sa forme. <\/p>\n<p>Il a \u00e9galement justifi\u00e9 ces tests par le <em>feedback<\/em> (retour d&rsquo;information) &quot;vital&quot; selon ses propres mots, que peuvent apporter les pilotes dans l&rsquo;\u00e9volution de la future Desmosedici. <\/p>\n<p>On serait tent\u00e9 d&rsquo;ajouter que cette fois Ducati <em>Corse<\/em> souhaite certainement beaucoup plus associer les pilotes (notamment Stoner, Melandri \u00e9tant totalement &quot;\u00e0 la rue&quot; \u00e0 l&rsquo;heure actuelle) au d\u00e9veloppement de la moto, l&rsquo;Australien ayant \u00e9t\u00e9 mal \u00e0 l&rsquo;aise avec la GP8, jusqu&rsquo;\u00e0 pousser Ducat&rsquo; \u00e0 incorporer des \u00e9l\u00e9ments de la GP7 dans la GP8 comme nous l&rsquo;annoncions sur ce blog.<\/p>\n<p><a href=\"http:\/\/blogs.thesocialmedia.com\/leblogmoto\/files\/2012\/07\/motogp_ducati_gp7_prsente_napolitan.jpg\"><img loading=\"lazy\" decoding=\"async\" width=\"470\" height=\"512\"  src=\"http:\/\/www.leblogmoto.com\/images\/2008\/06\/10\/motogp_ducati_gp7_prsente_napolitan.jpg\" alt=\"Motogp_ducati_gp7_prsente_napolitan\" \/><\/a><\/p>\n<p>Sur ces photos on voit Preziosi et Stoner pr\u00e9senter la GP7 victorieuse au Pr\u00e9sident de la R\u00e9publique italienne Napolitano (chef de l&rsquo;Etat, un titre surtout honorifique ce c\u00f4t\u00e9-ci des Alpes, le chef de l&rsquo;ex\u00e9cutif \u00e9tant le Pr\u00e9sident du Conseil), en novembre de l&rsquo;ann\u00e9e derni\u00e8re.<\/p>\n<p><strong>Unofficial lap times: 10th June 2008, Chronos officieux du mardi 10 juin: <\/strong><\/p>\n<p>Notez qu&rsquo;Olivier Jacque, maintenant pilote essayeur chez Kawa a tourn\u00e9 sur le circuit espagnol.<\/p>\n<p> 1.&nbsp; &nbsp; Casey STONER (Ducati) 1:41.533<\/p>\n<p> 2.&nbsp; &nbsp; Valentino ROSSI (Yamaha) 1:41.857<\/p>\n<p> 3.&nbsp; &nbsp; Shinya NAKANO (Honda) 1:42.039<\/p>\n<p> 4.&nbsp; &nbsp; James TOSELAND (Yamaha) 1:42.505<\/p>\n<p> 5.&nbsp; &nbsp; Alex DE ANGELIS (Honda) 1:42.699<\/p>\n<p> 6.&nbsp; &nbsp; Nicky HAYDEN (Honda) 1:42.721<\/p>\n<p> 7.&nbsp; &nbsp; Sylvain GUINTOLI (Ducati)&nbsp; 1:42.755<\/p>\n<p> 8.&nbsp; &nbsp; Randy DE PUNIET (Honda) 1:42.775<\/p>\n<p> 9.&nbsp; &nbsp; Chris VERMEULEN (Suzuki) 1:42.782<\/p>\n<p> 10.&nbsp; &nbsp; Andrea DOVIZIOSO (Honda) 1:42.818<\/p>\n<p> 11.&nbsp; &nbsp; Colin EDWARDS (Yamaha) 1:43.127<\/p>\n<p> 12.&nbsp; &nbsp; Toni ELIAS (Ducati) 1:43.197<\/p>\n<p> 13.&nbsp; &nbsp; Dani PEDROSA (Honda) 1:43.552<\/p>\n<p> 14.&nbsp; &nbsp; John HOPKINS (Kawasaki) 1:43.630<\/p>\n<p> 15.&nbsp; &nbsp; Marco MELANDRI (Ducati) 1:44.326<\/p>\n<p> 16.&nbsp; &nbsp; Olivier JACQUE (Kawasaki) 1:44.927<\/p>\n<p> 17.&nbsp; &nbsp; Aoki NOBUATSU (Suzuki) 1:45.011<\/p>\n<p> 18.&nbsp; &nbsp; Erwan NIGON (Honda) 1:45.603<\/p>\n<p> 19.&nbsp; &nbsp; Vittoriano GUARESCHI (Ducati) 1:46.122<\/p>\n<p>&nbsp;<\/p>\n","protected":false},"excerpt":{"rendered":"<p>C&rsquo;est la photo in\u00e9vitable du d\u00e9but de semaine, que l&rsquo;on voit en en-t\u00eate des articles d&rsquo;Autosport.com et de Moto-Revue pour ne citer qu&rsquo;eux. Lundi, au lendemain du grand prix de Catalogne, les pilotes commenc\u00e8rent un test de deux jours avec le team Ducati Corse, essai qui devait avoir originellement lieu mardi. Les pr\u00e9visions m\u00e9t\u00e9orologiques ont [&hellip;]<\/p>\n","protected":false},"author":324,"featured_media":0,"comment_status":"open","ping_status":"open","sticky":false,"template":"","format":"standard","meta":{"footnotes":""},"categories":[3,41,22],"tags":[],"class_list":["post-631","post","type-post","status-publish","format-standard","hentry","category-actualite","category-ducati","category-motogp"],"yoast_head":"<!-- This site is optimized with the Yoast SEO plugin v26.0 - https:\/\/yoast.com\/wordpress\/plugins\/seo\/ -->\n<title>La GP9, de sortie, a semble t&#039;il bien convaincu ses pilotes du jour. - leblogmoto.com<\/title>\n<meta name=\"robots\" content=\"index, follow, max-snippet:-1, max-image-preview:large, max-video-preview:-1\" \/>\n<link rel=\"canonical\" href=\"https:\/\/blogs.thesocialmedia.com\/leblogmoto\/2008\/06\/11\/la-gp9-de-sorti\/\" \/>\n<meta name=\"twitter:card\" content=\"summary_large_image\" \/>\n<meta name=\"twitter:title\" content=\"La GP9, de sortie, a semble t&#039;il bien convaincu ses pilotes du jour. - leblogmoto.com\" \/>\n<meta name=\"twitter:description\" content=\"C&rsquo;est la photo in\u00e9vitable du d\u00e9but de semaine, que l&rsquo;on voit en en-t\u00eate des articles d&rsquo;Autosport.com et de Moto-Revue pour ne citer qu&rsquo;eux. Lundi, au lendemain du grand prix de Catalogne, les pilotes commenc\u00e8rent un test de deux jours avec le team Ducati Corse, essai qui devait avoir originellement lieu mardi. Les pr\u00e9visions m\u00e9t\u00e9orologiques ont [&hellip;]\" \/>\n<meta name=\"twitter:image\" content=\"http:\/\/www.leblogmoto.com\/images\/2008\/06\/10\/motogp_ducati_gp9_essais.jpg\" \/>\n<meta name=\"twitter:label1\" content=\"\u00c9crit par\" \/>\n\t<meta name=\"twitter:data1\" content=\"benoit rieu\" \/>\n\t<meta name=\"twitter:label2\" content=\"Dur\u00e9e de lecture estim\u00e9e\" \/>\n\t<meta name=\"twitter:data2\" content=\"3 minutes\" \/>\n<script type=\"application\/ld+json\" class=\"yoast-schema-graph\">{\"@context\":\"https:\/\/schema.org\",\"@graph\":[{\"@type\":\"WebPage\",\"@id\":\"https:\/\/blogs.thesocialmedia.com\/leblogmoto\/2008\/06\/11\/la-gp9-de-sorti\/\",\"url\":\"https:\/\/blogs.thesocialmedia.com\/leblogmoto\/2008\/06\/11\/la-gp9-de-sorti\/\",\"name\":\"La GP9, de sortie, a semble t'il bien convaincu ses pilotes du jour. - leblogmoto.com\",\"isPartOf\":{\"@id\":\"https:\/\/blogs.thesocialmedia.com\/leblogmoto\/#website\"},\"primaryImageOfPage\":{\"@id\":\"https:\/\/blogs.thesocialmedia.com\/leblogmoto\/2008\/06\/11\/la-gp9-de-sorti\/#primaryimage\"},\"image\":{\"@id\":\"https:\/\/blogs.thesocialmedia.com\/leblogmoto\/2008\/06\/11\/la-gp9-de-sorti\/#primaryimage\"},\"thumbnailUrl\":\"http:\/\/www.leblogmoto.com\/images\/2008\/06\/10\/motogp_ducati_gp9_essais.jpg\",\"datePublished\":\"2008-06-11T08:41:29+00:00\",\"dateModified\":\"2012-07-11T15:57:54+00:00\",\"author\":{\"@id\":\"https:\/\/blogs.thesocialmedia.com\/leblogmoto\/#\/schema\/person\/18bfe773e5725ed6d24f743da805362a\"},\"breadcrumb\":{\"@id\":\"https:\/\/blogs.thesocialmedia.com\/leblogmoto\/2008\/06\/11\/la-gp9-de-sorti\/#breadcrumb\"},\"inLanguage\":\"fr-FR\",\"potentialAction\":[{\"@type\":\"ReadAction\",\"target\":[\"https:\/\/blogs.thesocialmedia.com\/leblogmoto\/2008\/06\/11\/la-gp9-de-sorti\/\"]}]},{\"@type\":\"ImageObject\",\"inLanguage\":\"fr-FR\",\"@id\":\"https:\/\/blogs.thesocialmedia.com\/leblogmoto\/2008\/06\/11\/la-gp9-de-sorti\/#primaryimage\",\"url\":\"http:\/\/www.leblogmoto.com\/images\/2008\/06\/10\/motogp_ducati_gp9_essais.jpg\",\"contentUrl\":\"http:\/\/www.leblogmoto.com\/images\/2008\/06\/10\/motogp_ducati_gp9_essais.jpg\"},{\"@type\":\"BreadcrumbList\",\"@id\":\"https:\/\/blogs.thesocialmedia.com\/leblogmoto\/2008\/06\/11\/la-gp9-de-sorti\/#breadcrumb\",\"itemListElement\":[{\"@type\":\"ListItem\",\"position\":1,\"name\":\"Accueil\",\"item\":\"https:\/\/blogs.thesocialmedia.com\/leblogmoto\/\"},{\"@type\":\"ListItem\",\"position\":2,\"name\":\"La GP9, de sortie, a semble t&rsquo;il bien convaincu ses pilotes du jour.\"}]},{\"@type\":\"WebSite\",\"@id\":\"https:\/\/blogs.thesocialmedia.com\/leblogmoto\/#website\",\"url\":\"https:\/\/blogs.thesocialmedia.com\/leblogmoto\/\",\"name\":\"leblogmoto\",\"description\":\"Toute l&#039;actualit\u00e9 des 2 roues\",\"potentialAction\":[{\"@type\":\"SearchAction\",\"target\":{\"@type\":\"EntryPoint\",\"urlTemplate\":\"https:\/\/blogs.thesocialmedia.com\/leblogmoto\/?s={search_term_string}\"},\"query-input\":{\"@type\":\"PropertyValueSpecification\",\"valueRequired\":true,\"valueName\":\"search_term_string\"}}],\"inLanguage\":\"fr-FR\"},{\"@type\":\"Person\",\"@id\":\"https:\/\/blogs.thesocialmedia.com\/leblogmoto\/#\/schema\/person\/18bfe773e5725ed6d24f743da805362a\",\"name\":\"benoit rieu\",\"image\":{\"@type\":\"ImageObject\",\"inLanguage\":\"fr-FR\",\"@id\":\"https:\/\/blogs.thesocialmedia.com\/leblogmoto\/#\/schema\/person\/image\/\",\"url\":\"https:\/\/secure.gravatar.com\/avatar\/?s=96&d=mm&r=g\",\"contentUrl\":\"https:\/\/secure.gravatar.com\/avatar\/?s=96&d=mm&r=g\",\"caption\":\"benoit rieu\"},\"url\":\"https:\/\/blogs.thesocialmedia.com\/leblogmoto\/author\/benoit-rieu\/\"}]}<\/script>\n<!-- \/ Yoast SEO plugin. -->","yoast_head_json":{"title":"La GP9, de sortie, a semble t'il bien convaincu ses pilotes du jour. - leblogmoto.com","robots":{"index":"index","follow":"follow","max-snippet":"max-snippet:-1","max-image-preview":"max-image-preview:large","max-video-preview":"max-video-preview:-1"},"canonical":"https:\/\/blogs.thesocialmedia.com\/leblogmoto\/2008\/06\/11\/la-gp9-de-sorti\/","twitter_card":"summary_large_image","twitter_title":"La GP9, de sortie, a semble t'il bien convaincu ses pilotes du jour. - leblogmoto.com","twitter_description":"C&rsquo;est la photo in\u00e9vitable du d\u00e9but de semaine, que l&rsquo;on voit en en-t\u00eate des articles d&rsquo;Autosport.com et de Moto-Revue pour ne citer qu&rsquo;eux. Lundi, au lendemain du grand prix de Catalogne, les pilotes commenc\u00e8rent un test de deux jours avec le team Ducati Corse, essai qui devait avoir originellement lieu mardi. Les pr\u00e9visions m\u00e9t\u00e9orologiques ont [&hellip;]","twitter_image":"http:\/\/www.leblogmoto.com\/images\/2008\/06\/10\/motogp_ducati_gp9_essais.jpg","twitter_misc":{"\u00c9crit par":"benoit rieu","Dur\u00e9e de lecture estim\u00e9e":"3 minutes"},"schema":{"@context":"https:\/\/schema.org","@graph":[{"@type":"WebPage","@id":"https:\/\/blogs.thesocialmedia.com\/leblogmoto\/2008\/06\/11\/la-gp9-de-sorti\/","url":"https:\/\/blogs.thesocialmedia.com\/leblogmoto\/2008\/06\/11\/la-gp9-de-sorti\/","name":"La GP9, de sortie, a semble t'il bien convaincu ses pilotes du jour. - leblogmoto.com","isPartOf":{"@id":"https:\/\/blogs.thesocialmedia.com\/leblogmoto\/#website"},"primaryImageOfPage":{"@id":"https:\/\/blogs.thesocialmedia.com\/leblogmoto\/2008\/06\/11\/la-gp9-de-sorti\/#primaryimage"},"image":{"@id":"https:\/\/blogs.thesocialmedia.com\/leblogmoto\/2008\/06\/11\/la-gp9-de-sorti\/#primaryimage"},"thumbnailUrl":"http:\/\/www.leblogmoto.com\/images\/2008\/06\/10\/motogp_ducati_gp9_essais.jpg","datePublished":"2008-06-11T08:41:29+00:00","dateModified":"2012-07-11T15:57:54+00:00","author":{"@id":"https:\/\/blogs.thesocialmedia.com\/leblogmoto\/#\/schema\/person\/18bfe773e5725ed6d24f743da805362a"},"breadcrumb":{"@id":"https:\/\/blogs.thesocialmedia.com\/leblogmoto\/2008\/06\/11\/la-gp9-de-sorti\/#breadcrumb"},"inLanguage":"fr-FR","potentialAction":[{"@type":"ReadAction","target":["https:\/\/blogs.thesocialmedia.com\/leblogmoto\/2008\/06\/11\/la-gp9-de-sorti\/"]}]},{"@type":"ImageObject","inLanguage":"fr-FR","@id":"https:\/\/blogs.thesocialmedia.com\/leblogmoto\/2008\/06\/11\/la-gp9-de-sorti\/#primaryimage","url":"http:\/\/www.leblogmoto.com\/images\/2008\/06\/10\/motogp_ducati_gp9_essais.jpg","contentUrl":"http:\/\/www.leblogmoto.com\/images\/2008\/06\/10\/motogp_ducati_gp9_essais.jpg"},{"@type":"BreadcrumbList","@id":"https:\/\/blogs.thesocialmedia.com\/leblogmoto\/2008\/06\/11\/la-gp9-de-sorti\/#breadcrumb","itemListElement":[{"@type":"ListItem","position":1,"name":"Accueil","item":"https:\/\/blogs.thesocialmedia.com\/leblogmoto\/"},{"@type":"ListItem","position":2,"name":"La GP9, de sortie, a semble t&rsquo;il bien convaincu ses pilotes du jour."}]},{"@type":"WebSite","@id":"https:\/\/blogs.thesocialmedia.com\/leblogmoto\/#website","url":"https:\/\/blogs.thesocialmedia.com\/leblogmoto\/","name":"leblogmoto","description":"Toute l&#039;actualit\u00e9 des 2 roues","potentialAction":[{"@type":"SearchAction","target":{"@type":"EntryPoint","urlTemplate":"https:\/\/blogs.thesocialmedia.com\/leblogmoto\/?s={search_term_string}"},"query-input":{"@type":"PropertyValueSpecification","valueRequired":true,"valueName":"search_term_string"}}],"inLanguage":"fr-FR"},{"@type":"Person","@id":"https:\/\/blogs.thesocialmedia.com\/leblogmoto\/#\/schema\/person\/18bfe773e5725ed6d24f743da805362a","name":"benoit rieu","image":{"@type":"ImageObject","inLanguage":"fr-FR","@id":"https:\/\/blogs.thesocialmedia.com\/leblogmoto\/#\/schema\/person\/image\/","url":"https:\/\/secure.gravatar.com\/avatar\/?s=96&d=mm&r=g","contentUrl":"https:\/\/secure.gravatar.com\/avatar\/?s=96&d=mm&r=g","caption":"benoit rieu"},"url":"https:\/\/blogs.thesocialmedia.com\/leblogmoto\/author\/benoit-rieu\/"}]}},"_links":{"self":[{"href":"https:\/\/blogs.thesocialmedia.com\/leblogmoto\/wp-json\/wp\/v2\/posts\/631","targetHints":{"allow":["GET"]}}],"collection":[{"href":"https:\/\/blogs.thesocialmedia.com\/leblogmoto\/wp-json\/wp\/v2\/posts"}],"about":[{"href":"https:\/\/blogs.thesocialmedia.com\/leblogmoto\/wp-json\/wp\/v2\/types\/post"}],"author":[{"embeddable":true,"href":"https:\/\/blogs.thesocialmedia.com\/leblogmoto\/wp-json\/wp\/v2\/users\/324"}],"replies":[{"embeddable":true,"href":"https:\/\/blogs.thesocialmedia.com\/leblogmoto\/wp-json\/wp\/v2\/comments?post=631"}],"version-history":[{"count":2,"href":"https:\/\/blogs.thesocialmedia.com\/leblogmoto\/wp-json\/wp\/v2\/posts\/631\/revisions"}],"predecessor-version":[{"id":11032,"href":"https:\/\/blogs.thesocialmedia.com\/leblogmoto\/wp-json\/wp\/v2\/posts\/631\/revisions\/11032"}],"wp:attachment":[{"href":"https:\/\/blogs.thesocialmedia.com\/leblogmoto\/wp-json\/wp\/v2\/media?parent=631"}],"wp:term":[{"taxonomy":"category","embeddable":true,"href":"https:\/\/blogs.thesocialmedia.com\/leblogmoto\/wp-json\/wp\/v2\/categories?post=631"},{"taxonomy":"post_tag","embeddable":true,"href":"https:\/\/blogs.thesocialmedia.com\/leblogmoto\/wp-json\/wp\/v2\/tags?post=631"}],"curies":[{"name":"wp","href":"https:\/\/api.w.org\/{rel}","templated":true}]}}