{"id":635,"date":"2008-06-10T12:30:14","date_gmt":"2008-06-10T12:30:14","guid":{"rendered":"http:\/\/blogs.thesocialmedia.com\/leblogmoto\/2008\/06\/10\/video-et-nouvel\/"},"modified":"2012-07-11T15:57:25","modified_gmt":"2012-07-11T15:57:25","slug":"video-et-nouvel","status":"publish","type":"post","link":"https:\/\/blogs.thesocialmedia.com\/leblogmoto\/2008\/06\/10\/video-et-nouvel\/","title":{"rendered":"La tonitruante pr\u00e9sentation vid\u00e9o et photo de la V-Max sur l&rsquo;USS Midway."},"content":{"rendered":"<p><a href=\"http:\/\/blogs.thesocialmedia.com\/leblogmoto\/files\/2012\/07\/img_1861_1280.jpg\"><img loading=\"lazy\" decoding=\"async\" width=\"470\" height=\"352\"  src=\"http:\/\/www.leblogmoto.com\/images\/2008\/06\/07\/img_1861_1280.jpg\" alt=\"Img_1861_1280\" \/><\/a> <\/p>\n<p><object width=\"425\" height=\"344\"><param value=\"http:\/\/www.youtube.com\/v\/83E_67XqNP4&amp;hl=en\" name=\"movie\" \/><embed width=\"425\" height=\"344\" type=\"application\/x-shockwave-flash\" src=\"http:\/\/www.youtube.com\/v\/83E_67XqNP4&amp;hl=en\"><\/embed><\/object><\/p>\n<p>Ah la V-Max. Je m&rsquo;en rappelle, comme si c&rsquo;\u00e9tait hier, c&rsquo;\u00e9tait dans un vieux num\u00e9ro de &quot;\u00e7a m&rsquo;int\u00e9resse&quot; le magazine de vulgarisation scientifique. D&rsquo;aussi loin que je me souvienne c&rsquo;est le tout premier test moto que j&rsquo;ai lu, dans les ann\u00e9es 90, avec Sylvain Augier \u00e0 son guidon, un de ces animateurs t\u00e9l\u00e9 qui ne paient pas de mine, de prime abord, mais un passionn\u00e9 de pilotage, et qui cumule tous les permis (auto, moto, poids lourds) et les brevets (h\u00e9lico, avion, pilote voltige) possibles, ou presque. <\/p>\n<p>Bref, l\u00e0 n&rsquo;est pas le sujet, tr\u00e8s exactement 25 ans apr\u00e8s sa premi\u00e8re version, la mythique V-Max revient. Apr\u00e8s avoir \u00e9t\u00e9 un des <a href=\"http:\/\/blogs.thesocialmedia.com\/leblogmoto\/files\/2012\/07\/premire-photo-d.html_.png\">premiers blogs<\/a> \u00e0 vous l&rsquo;avoir annonc\u00e9e, et avant d&rsquo;aborder dans un autre article ses<em> specs <\/em>d\u00e9finitives (caract\u00e9ristiques techniques), voici pour vous sa premi\u00e8re sortie devant la presse am\u00e9ricaine, il y a moins d&rsquo;une semaine, sur le porte-avions mus\u00e9e, amarr\u00e9 dans le port de San Diego en Californie. Yamaha n&rsquo;avait pas l\u00e9sin\u00e9 sur les moyens. Nous ne sommes pas en reste avec ces 34 photos.<\/p>\n<p><a href=\"http:\/\/clabedan.typepad.com\/.shared\/image.html?\/photos\/uncategorized\/2008\/06\/07\/img_1850_1280.jpg\"><img loading=\"lazy\" decoding=\"async\" width=\"470\" height=\"352\"  src=\"http:\/\/www.leblogmoto.com\/images\/2008\/06\/07\/img_1850_1280.jpg\" alt=\"Img_1850_1280\" \/><\/a><\/p>\n<p><a href=\"http:\/\/blogs.thesocialmedia.com\/leblogmoto\/files\/2012\/07\/img_1851_1280.jpg\"><img loading=\"lazy\" decoding=\"async\" width=\"470\" height=\"352\"  src=\"http:\/\/www.leblogmoto.com\/images\/2008\/06\/07\/img_1851_1280.jpg\" alt=\"Img_1851_1280\" \/><\/a> <\/p>\n<p><a href=\"http:\/\/blogs.thesocialmedia.com\/leblogmoto\/files\/2012\/07\/img_1852_1280.jpg\"><img loading=\"lazy\" decoding=\"async\" width=\"470\" height=\"352\"  src=\"http:\/\/www.leblogmoto.com\/images\/2008\/06\/07\/img_1852_1280.jpg\" alt=\"Img_1852_1280\" \/><\/a> <\/p>\n<p><a href=\"http:\/\/blogs.thesocialmedia.com\/leblogmoto\/files\/2012\/07\/img_1853_1280.jpg\"><img loading=\"lazy\" decoding=\"async\" width=\"470\" height=\"352\"  src=\"http:\/\/www.leblogmoto.com\/images\/2008\/06\/07\/img_1853_1280.jpg\" alt=\"Img_1853_1280\" \/><\/a> <\/p>\n<p><a href=\"http:\/\/blogs.thesocialmedia.com\/leblogmoto\/files\/2012\/07\/img_1854_1280.jpg\"><img loading=\"lazy\" decoding=\"async\" width=\"470\" height=\"352\"  src=\"http:\/\/www.leblogmoto.com\/images\/2008\/06\/07\/img_1854_1280.jpg\" alt=\"Img_1854_1280\" \/><\/a> <\/p>\n<p><a href=\"http:\/\/blogs.thesocialmedia.com\/leblogmoto\/files\/2012\/07\/img_1855_1280_2.jpg\"><img loading=\"lazy\" decoding=\"async\" width=\"470\" height=\"352\"  src=\"http:\/\/www.leblogmoto.com\/images\/2008\/06\/07\/img_1855_1280_2.jpg\" alt=\"Img_1855_1280_2\" \/><\/a> <\/p>\n<p><a href=\"http:\/\/blogs.thesocialmedia.com\/leblogmoto\/files\/2012\/07\/img_1859_1280.jpg\"><img loading=\"lazy\" decoding=\"async\" width=\"470\" height=\"352\"  src=\"http:\/\/www.leblogmoto.com\/images\/2008\/06\/07\/img_1859_1280.jpg\" alt=\"Img_1859_1280\" \/><\/a><\/p>\n<p><a href=\"http:\/\/blogs.thesocialmedia.com\/leblogmoto\/files\/2012\/07\/img_1861_1280.jpg\"><img loading=\"lazy\" decoding=\"async\" width=\"470\" height=\"352\"  alt=\"Img_1861_1280\" src=\"http:\/\/www.leblogmoto.com\/images\/2008\/06\/07\/img_1861_1280.jpg\" \/><\/a> <\/p>\n<p><a href=\"http:\/\/blogs.thesocialmedia.com\/leblogmoto\/files\/2012\/07\/img_1862_1280.jpg\"><img loading=\"lazy\" decoding=\"async\" width=\"470\" height=\"352\"  alt=\"Img_1862_1280\" src=\"http:\/\/www.leblogmoto.com\/images\/2008\/06\/07\/img_1862_1280.jpg\" \/><\/a> <\/p>\n<p><a href=\"http:\/\/blogs.thesocialmedia.com\/leblogmoto\/files\/2012\/07\/img_1865_1280.jpg\"><img loading=\"lazy\" decoding=\"async\" width=\"470\" height=\"352\"  alt=\"Img_1865_1280\" src=\"http:\/\/www.leblogmoto.com\/images\/2008\/06\/07\/img_1865_1280.jpg\" \/><\/a> <\/p>\n<p><a href=\"http:\/\/blogs.thesocialmedia.com\/leblogmoto\/files\/2012\/07\/img_1866_1280.jpg\"><img loading=\"lazy\" decoding=\"async\" width=\"470\" height=\"352\"  alt=\"Img_1866_1280\" src=\"http:\/\/www.leblogmoto.com\/images\/2008\/06\/07\/img_1866_1280.jpg\" \/><\/a> <\/p>\n<p><a href=\"http:\/\/blogs.thesocialmedia.com\/leblogmoto\/files\/2012\/07\/img_1867_1280.jpg\"><img loading=\"lazy\" decoding=\"async\" width=\"470\" height=\"352\"  alt=\"Img_1867_1280\" src=\"http:\/\/www.leblogmoto.com\/images\/2008\/06\/07\/img_1867_1280.jpg\" \/><\/a> <\/p>\n<p><a href=\"http:\/\/blogs.thesocialmedia.com\/leblogmoto\/files\/2012\/07\/img_1868_1280.jpg\"><img loading=\"lazy\" decoding=\"async\" width=\"470\" height=\"352\"  src=\"http:\/\/www.leblogmoto.com\/images\/2008\/06\/07\/img_1868_1280.jpg\" alt=\"Img_1868_1280\" \/><\/a> <\/p>\n<p><a href=\"http:\/\/blogs.thesocialmedia.com\/leblogmoto\/files\/2012\/07\/img_1869_1280.jpg\"><img loading=\"lazy\" decoding=\"async\" width=\"470\" height=\"352\"  src=\"http:\/\/www.leblogmoto.com\/images\/2008\/06\/07\/img_1869_1280.jpg\" alt=\"Img_1869_1280\" \/><\/a> <\/p>\n<p><a href=\"http:\/\/blogs.thesocialmedia.com\/leblogmoto\/files\/2012\/07\/img_1870_1280.jpg\"><img loading=\"lazy\" decoding=\"async\" width=\"470\" height=\"352\"  src=\"http:\/\/www.leblogmoto.com\/images\/2008\/06\/07\/img_1870_1280.jpg\" alt=\"Img_1870_1280\" \/><\/a><\/p>\n<p><a href=\"http:\/\/blogs.thesocialmedia.com\/leblogmoto\/files\/2012\/07\/img_1871_1280.jpg\"><img loading=\"lazy\" decoding=\"async\" width=\"470\" height=\"352\"  alt=\"Img_1871_1280\" src=\"http:\/\/www.leblogmoto.com\/images\/2008\/06\/07\/img_1871_1280.jpg\" \/><\/a> <\/p>\n<p><a href=\"http:\/\/blogs.thesocialmedia.com\/leblogmoto\/files\/2012\/07\/img_1880_1280.jpg\"><img loading=\"lazy\" decoding=\"async\" width=\"470\" height=\"352\"  alt=\"Img_1880_1280\" src=\"http:\/\/www.leblogmoto.com\/images\/2008\/06\/07\/img_1880_1280.jpg\" \/><\/a> <\/p>\n<p><a href=\"http:\/\/blogs.thesocialmedia.com\/leblogmoto\/files\/2012\/07\/img_1882_1280.jpg\"><img loading=\"lazy\" decoding=\"async\" width=\"470\" height=\"352\"  src=\"http:\/\/www.leblogmoto.com\/images\/2008\/06\/07\/img_1882_1280.jpg\" alt=\"Img_1882_1280\" \/><\/a> <\/p>\n<p><a href=\"http:\/\/blogs.thesocialmedia.com\/leblogmoto\/files\/2012\/07\/img_1883_1280.jpg\"><img loading=\"lazy\" decoding=\"async\" width=\"470\" height=\"352\"  src=\"http:\/\/www.leblogmoto.com\/images\/2008\/06\/07\/img_1883_1280.jpg\" alt=\"Img_1883_1280\" \/><\/a> <\/p>\n<p><a href=\"http:\/\/blogs.thesocialmedia.com\/leblogmoto\/files\/2012\/07\/img_1884_1280.jpg\"><img loading=\"lazy\" decoding=\"async\" width=\"470\" height=\"352\"  alt=\"Img_1884_1280\" src=\"http:\/\/www.leblogmoto.com\/images\/2008\/06\/07\/img_1884_1280.jpg\" \/><\/a> <\/p>\n<p><a href=\"http:\/\/blogs.thesocialmedia.com\/leblogmoto\/files\/2012\/07\/img_1886_1280.jpg\"><img loading=\"lazy\" decoding=\"async\" width=\"470\" height=\"352\"  alt=\"Img_1886_1280\" src=\"http:\/\/www.leblogmoto.com\/images\/2008\/06\/07\/img_1886_1280.jpg\" \/><\/a> <\/p>\n<p><a href=\"http:\/\/blogs.thesocialmedia.com\/leblogmoto\/files\/2012\/07\/img_1887_1280.jpg\"><img loading=\"lazy\" decoding=\"async\" width=\"470\" height=\"352\"  alt=\"Img_1887_1280\" src=\"http:\/\/www.leblogmoto.com\/images\/2008\/06\/07\/img_1887_1280.jpg\" \/><\/a> <\/p>\n<p><a href=\"http:\/\/blogs.thesocialmedia.com\/leblogmoto\/files\/2012\/07\/img_1888_1280.jpg\"><img loading=\"lazy\" decoding=\"async\" width=\"470\" height=\"352\"  alt=\"Img_1888_1280\" src=\"http:\/\/www.leblogmoto.com\/images\/2008\/06\/07\/img_1888_1280.jpg\" \/><\/a> <\/p>\n<p><a href=\"http:\/\/blogs.thesocialmedia.com\/leblogmoto\/files\/2012\/07\/img_1890_1280.jpg\"><\/a><a href=\"http:\/\/clabedan.typepad.com\/.shared\/image.html?\/photos\/uncategorized\/2008\/06\/07\/img_1893_1280.jpg\"><img loading=\"lazy\" decoding=\"async\" width=\"470\" height=\"352\"  alt=\"Img_1893_1280\" src=\"http:\/\/www.leblogmoto.com\/images\/2008\/06\/07\/img_1893_1280.jpg\" \/><\/a> <\/p>\n<p><a href=\"http:\/\/blogs.thesocialmedia.com\/leblogmoto\/files\/2012\/07\/img_1895_1280.jpg\"><img loading=\"lazy\" decoding=\"async\" width=\"470\" height=\"352\"  alt=\"Img_1895_1280\" src=\"http:\/\/www.leblogmoto.com\/images\/2008\/06\/07\/img_1895_1280.jpg\" \/><\/a> <\/p>\n<p><a href=\"http:\/\/blogs.thesocialmedia.com\/leblogmoto\/files\/2012\/07\/img_1897_1280_2.jpg\"><img loading=\"lazy\" decoding=\"async\" width=\"470\" height=\"352\"  src=\"http:\/\/www.leblogmoto.com\/images\/2008\/06\/07\/img_1897_1280_2.jpg\" alt=\"Img_1897_1280_2\" \/><\/a> <\/p>\n<p><a href=\"http:\/\/blogs.thesocialmedia.com\/leblogmoto\/files\/2012\/07\/img_1898_1280.jpg\"><img loading=\"lazy\" decoding=\"async\" width=\"470\" height=\"352\"  src=\"http:\/\/www.leblogmoto.com\/images\/2008\/06\/07\/img_1898_1280.jpg\" alt=\"Img_1898_1280\" \/><\/a> <\/p>\n<p><a href=\"http:\/\/blogs.thesocialmedia.com\/leblogmoto\/files\/2012\/07\/img_1899_1280.jpg\"><img loading=\"lazy\" decoding=\"async\" width=\"470\" height=\"626\"  src=\"http:\/\/www.leblogmoto.com\/images\/2008\/06\/07\/img_1899_1280.jpg\" alt=\"Img_1899_1280\" \/><\/a> <\/p>\n<p><a href=\"http:\/\/blogs.thesocialmedia.com\/leblogmoto\/files\/2012\/07\/img_1900_1280.jpg\"><img loading=\"lazy\" decoding=\"async\" width=\"470\" height=\"352\"  src=\"http:\/\/www.leblogmoto.com\/images\/2008\/06\/07\/img_1900_1280.jpg\" alt=\"Img_1900_1280\" \/><\/a> <\/p>\n<p><a href=\"http:\/\/blogs.thesocialmedia.com\/leblogmoto\/files\/2012\/07\/img_1901_1280.jpg\"><img loading=\"lazy\" decoding=\"async\" width=\"470\" height=\"352\"  src=\"http:\/\/www.leblogmoto.com\/images\/2008\/06\/07\/img_1901_1280.jpg\" alt=\"Img_1901_1280\" \/><\/a> <\/p>\n<p><a href=\"http:\/\/blogs.thesocialmedia.com\/leblogmoto\/files\/2012\/07\/img_1903_1280.jpg\"><img loading=\"lazy\" decoding=\"async\" width=\"470\" height=\"352\"  src=\"http:\/\/www.leblogmoto.com\/images\/2008\/06\/07\/img_1903_1280.jpg\" alt=\"Img_1903_1280\" \/><\/a> <\/p>\n<p><a href=\"http:\/\/blogs.thesocialmedia.com\/leblogmoto\/files\/2012\/07\/img_1904_1280.jpg\"><img loading=\"lazy\" decoding=\"async\" width=\"470\" height=\"352\"  src=\"http:\/\/www.leblogmoto.com\/images\/2008\/06\/07\/img_1904_1280.jpg\" alt=\"Img_1904_1280\" \/><\/a>  <\/p>\n","protected":false},"excerpt":{"rendered":"<p>Ah la V-Max. Je m&rsquo;en rappelle, comme si c&rsquo;\u00e9tait hier, c&rsquo;\u00e9tait dans un vieux num\u00e9ro de &quot;\u00e7a m&rsquo;int\u00e9resse&quot; le magazine de vulgarisation scientifique. D&rsquo;aussi loin que je me souvienne c&rsquo;est le tout premier test moto que j&rsquo;ai lu, dans les ann\u00e9es 90, avec Sylvain Augier \u00e0 son guidon, un de ces animateurs t\u00e9l\u00e9 qui ne [&hellip;]<\/p>\n","protected":false},"author":324,"featured_media":0,"comment_status":"open","ping_status":"open","sticky":false,"template":"","format":"standard","meta":{"footnotes":""},"categories":[3,12,44],"tags":[],"class_list":["post-635","post","type-post","status-publish","format-standard","hentry","category-actualite","category-videos","category-yamaha"],"yoast_head":"<!-- This site is optimized with the Yoast SEO plugin v26.0 - https:\/\/yoast.com\/wordpress\/plugins\/seo\/ -->\n<title>La tonitruante pr\u00e9sentation vid\u00e9o et photo de la V-Max sur l&#039;USS Midway. - leblogmoto.com<\/title>\n<meta name=\"robots\" content=\"index, follow, max-snippet:-1, max-image-preview:large, max-video-preview:-1\" \/>\n<link rel=\"canonical\" href=\"https:\/\/blogs.thesocialmedia.com\/leblogmoto\/2008\/06\/10\/video-et-nouvel\/\" \/>\n<meta name=\"twitter:card\" content=\"summary_large_image\" \/>\n<meta name=\"twitter:title\" content=\"La tonitruante pr\u00e9sentation vid\u00e9o et photo de la V-Max sur l&#039;USS Midway. - leblogmoto.com\" \/>\n<meta name=\"twitter:description\" content=\"Ah la V-Max. Je m&rsquo;en rappelle, comme si c&rsquo;\u00e9tait hier, c&rsquo;\u00e9tait dans un vieux num\u00e9ro de &quot;\u00e7a m&rsquo;int\u00e9resse&quot; le magazine de vulgarisation scientifique. D&rsquo;aussi loin que je me souvienne c&rsquo;est le tout premier test moto que j&rsquo;ai lu, dans les ann\u00e9es 90, avec Sylvain Augier \u00e0 son guidon, un de ces animateurs t\u00e9l\u00e9 qui ne [&hellip;]\" \/>\n<meta name=\"twitter:image\" content=\"http:\/\/www.leblogmoto.com\/images\/2008\/06\/07\/img_1861_1280.jpg\" \/>\n<meta name=\"twitter:label1\" content=\"\u00c9crit par\" \/>\n\t<meta name=\"twitter:data1\" content=\"benoit rieu\" \/>\n\t<meta name=\"twitter:label2\" content=\"Dur\u00e9e de lecture estim\u00e9e\" \/>\n\t<meta name=\"twitter:data2\" content=\"1 minute\" \/>\n<script type=\"application\/ld+json\" class=\"yoast-schema-graph\">{\"@context\":\"https:\/\/schema.org\",\"@graph\":[{\"@type\":\"WebPage\",\"@id\":\"https:\/\/blogs.thesocialmedia.com\/leblogmoto\/2008\/06\/10\/video-et-nouvel\/\",\"url\":\"https:\/\/blogs.thesocialmedia.com\/leblogmoto\/2008\/06\/10\/video-et-nouvel\/\",\"name\":\"La tonitruante pr\u00e9sentation vid\u00e9o et photo de la V-Max sur l'USS Midway. - leblogmoto.com\",\"isPartOf\":{\"@id\":\"https:\/\/blogs.thesocialmedia.com\/leblogmoto\/#website\"},\"primaryImageOfPage\":{\"@id\":\"https:\/\/blogs.thesocialmedia.com\/leblogmoto\/2008\/06\/10\/video-et-nouvel\/#primaryimage\"},\"image\":{\"@id\":\"https:\/\/blogs.thesocialmedia.com\/leblogmoto\/2008\/06\/10\/video-et-nouvel\/#primaryimage\"},\"thumbnailUrl\":\"http:\/\/www.leblogmoto.com\/images\/2008\/06\/07\/img_1861_1280.jpg\",\"datePublished\":\"2008-06-10T12:30:14+00:00\",\"dateModified\":\"2012-07-11T15:57:25+00:00\",\"author\":{\"@id\":\"https:\/\/blogs.thesocialmedia.com\/leblogmoto\/#\/schema\/person\/18bfe773e5725ed6d24f743da805362a\"},\"breadcrumb\":{\"@id\":\"https:\/\/blogs.thesocialmedia.com\/leblogmoto\/2008\/06\/10\/video-et-nouvel\/#breadcrumb\"},\"inLanguage\":\"fr-FR\",\"potentialAction\":[{\"@type\":\"ReadAction\",\"target\":[\"https:\/\/blogs.thesocialmedia.com\/leblogmoto\/2008\/06\/10\/video-et-nouvel\/\"]}]},{\"@type\":\"ImageObject\",\"inLanguage\":\"fr-FR\",\"@id\":\"https:\/\/blogs.thesocialmedia.com\/leblogmoto\/2008\/06\/10\/video-et-nouvel\/#primaryimage\",\"url\":\"http:\/\/www.leblogmoto.com\/images\/2008\/06\/07\/img_1861_1280.jpg\",\"contentUrl\":\"http:\/\/www.leblogmoto.com\/images\/2008\/06\/07\/img_1861_1280.jpg\"},{\"@type\":\"BreadcrumbList\",\"@id\":\"https:\/\/blogs.thesocialmedia.com\/leblogmoto\/2008\/06\/10\/video-et-nouvel\/#breadcrumb\",\"itemListElement\":[{\"@type\":\"ListItem\",\"position\":1,\"name\":\"Accueil\",\"item\":\"https:\/\/blogs.thesocialmedia.com\/leblogmoto\/\"},{\"@type\":\"ListItem\",\"position\":2,\"name\":\"La tonitruante pr\u00e9sentation vid\u00e9o et photo de la V-Max sur l&rsquo;USS Midway.\"}]},{\"@type\":\"WebSite\",\"@id\":\"https:\/\/blogs.thesocialmedia.com\/leblogmoto\/#website\",\"url\":\"https:\/\/blogs.thesocialmedia.com\/leblogmoto\/\",\"name\":\"leblogmoto\",\"description\":\"Toute l&#039;actualit\u00e9 des 2 roues\",\"potentialAction\":[{\"@type\":\"SearchAction\",\"target\":{\"@type\":\"EntryPoint\",\"urlTemplate\":\"https:\/\/blogs.thesocialmedia.com\/leblogmoto\/?s={search_term_string}\"},\"query-input\":{\"@type\":\"PropertyValueSpecification\",\"valueRequired\":true,\"valueName\":\"search_term_string\"}}],\"inLanguage\":\"fr-FR\"},{\"@type\":\"Person\",\"@id\":\"https:\/\/blogs.thesocialmedia.com\/leblogmoto\/#\/schema\/person\/18bfe773e5725ed6d24f743da805362a\",\"name\":\"benoit rieu\",\"image\":{\"@type\":\"ImageObject\",\"inLanguage\":\"fr-FR\",\"@id\":\"https:\/\/blogs.thesocialmedia.com\/leblogmoto\/#\/schema\/person\/image\/\",\"url\":\"https:\/\/secure.gravatar.com\/avatar\/?s=96&d=mm&r=g\",\"contentUrl\":\"https:\/\/secure.gravatar.com\/avatar\/?s=96&d=mm&r=g\",\"caption\":\"benoit rieu\"},\"url\":\"https:\/\/blogs.thesocialmedia.com\/leblogmoto\/author\/benoit-rieu\/\"}]}<\/script>\n<!-- \/ Yoast SEO plugin. -->","yoast_head_json":{"title":"La tonitruante pr\u00e9sentation vid\u00e9o et photo de la V-Max sur l'USS Midway. - leblogmoto.com","robots":{"index":"index","follow":"follow","max-snippet":"max-snippet:-1","max-image-preview":"max-image-preview:large","max-video-preview":"max-video-preview:-1"},"canonical":"https:\/\/blogs.thesocialmedia.com\/leblogmoto\/2008\/06\/10\/video-et-nouvel\/","twitter_card":"summary_large_image","twitter_title":"La tonitruante pr\u00e9sentation vid\u00e9o et photo de la V-Max sur l'USS Midway. - leblogmoto.com","twitter_description":"Ah la V-Max. Je m&rsquo;en rappelle, comme si c&rsquo;\u00e9tait hier, c&rsquo;\u00e9tait dans un vieux num\u00e9ro de &quot;\u00e7a m&rsquo;int\u00e9resse&quot; le magazine de vulgarisation scientifique. D&rsquo;aussi loin que je me souvienne c&rsquo;est le tout premier test moto que j&rsquo;ai lu, dans les ann\u00e9es 90, avec Sylvain Augier \u00e0 son guidon, un de ces animateurs t\u00e9l\u00e9 qui ne [&hellip;]","twitter_image":"http:\/\/www.leblogmoto.com\/images\/2008\/06\/07\/img_1861_1280.jpg","twitter_misc":{"\u00c9crit par":"benoit rieu","Dur\u00e9e de lecture estim\u00e9e":"1 minute"},"schema":{"@context":"https:\/\/schema.org","@graph":[{"@type":"WebPage","@id":"https:\/\/blogs.thesocialmedia.com\/leblogmoto\/2008\/06\/10\/video-et-nouvel\/","url":"https:\/\/blogs.thesocialmedia.com\/leblogmoto\/2008\/06\/10\/video-et-nouvel\/","name":"La tonitruante pr\u00e9sentation vid\u00e9o et photo de la V-Max sur l'USS Midway. - leblogmoto.com","isPartOf":{"@id":"https:\/\/blogs.thesocialmedia.com\/leblogmoto\/#website"},"primaryImageOfPage":{"@id":"https:\/\/blogs.thesocialmedia.com\/leblogmoto\/2008\/06\/10\/video-et-nouvel\/#primaryimage"},"image":{"@id":"https:\/\/blogs.thesocialmedia.com\/leblogmoto\/2008\/06\/10\/video-et-nouvel\/#primaryimage"},"thumbnailUrl":"http:\/\/www.leblogmoto.com\/images\/2008\/06\/07\/img_1861_1280.jpg","datePublished":"2008-06-10T12:30:14+00:00","dateModified":"2012-07-11T15:57:25+00:00","author":{"@id":"https:\/\/blogs.thesocialmedia.com\/leblogmoto\/#\/schema\/person\/18bfe773e5725ed6d24f743da805362a"},"breadcrumb":{"@id":"https:\/\/blogs.thesocialmedia.com\/leblogmoto\/2008\/06\/10\/video-et-nouvel\/#breadcrumb"},"inLanguage":"fr-FR","potentialAction":[{"@type":"ReadAction","target":["https:\/\/blogs.thesocialmedia.com\/leblogmoto\/2008\/06\/10\/video-et-nouvel\/"]}]},{"@type":"ImageObject","inLanguage":"fr-FR","@id":"https:\/\/blogs.thesocialmedia.com\/leblogmoto\/2008\/06\/10\/video-et-nouvel\/#primaryimage","url":"http:\/\/www.leblogmoto.com\/images\/2008\/06\/07\/img_1861_1280.jpg","contentUrl":"http:\/\/www.leblogmoto.com\/images\/2008\/06\/07\/img_1861_1280.jpg"},{"@type":"BreadcrumbList","@id":"https:\/\/blogs.thesocialmedia.com\/leblogmoto\/2008\/06\/10\/video-et-nouvel\/#breadcrumb","itemListElement":[{"@type":"ListItem","position":1,"name":"Accueil","item":"https:\/\/blogs.thesocialmedia.com\/leblogmoto\/"},{"@type":"ListItem","position":2,"name":"La tonitruante pr\u00e9sentation vid\u00e9o et photo de la V-Max sur l&rsquo;USS Midway."}]},{"@type":"WebSite","@id":"https:\/\/blogs.thesocialmedia.com\/leblogmoto\/#website","url":"https:\/\/blogs.thesocialmedia.com\/leblogmoto\/","name":"leblogmoto","description":"Toute l&#039;actualit\u00e9 des 2 roues","potentialAction":[{"@type":"SearchAction","target":{"@type":"EntryPoint","urlTemplate":"https:\/\/blogs.thesocialmedia.com\/leblogmoto\/?s={search_term_string}"},"query-input":{"@type":"PropertyValueSpecification","valueRequired":true,"valueName":"search_term_string"}}],"inLanguage":"fr-FR"},{"@type":"Person","@id":"https:\/\/blogs.thesocialmedia.com\/leblogmoto\/#\/schema\/person\/18bfe773e5725ed6d24f743da805362a","name":"benoit rieu","image":{"@type":"ImageObject","inLanguage":"fr-FR","@id":"https:\/\/blogs.thesocialmedia.com\/leblogmoto\/#\/schema\/person\/image\/","url":"https:\/\/secure.gravatar.com\/avatar\/?s=96&d=mm&r=g","contentUrl":"https:\/\/secure.gravatar.com\/avatar\/?s=96&d=mm&r=g","caption":"benoit rieu"},"url":"https:\/\/blogs.thesocialmedia.com\/leblogmoto\/author\/benoit-rieu\/"}]}},"_links":{"self":[{"href":"https:\/\/blogs.thesocialmedia.com\/leblogmoto\/wp-json\/wp\/v2\/posts\/635","targetHints":{"allow":["GET"]}}],"collection":[{"href":"https:\/\/blogs.thesocialmedia.com\/leblogmoto\/wp-json\/wp\/v2\/posts"}],"about":[{"href":"https:\/\/blogs.thesocialmedia.com\/leblogmoto\/wp-json\/wp\/v2\/types\/post"}],"author":[{"embeddable":true,"href":"https:\/\/blogs.thesocialmedia.com\/leblogmoto\/wp-json\/wp\/v2\/users\/324"}],"replies":[{"embeddable":true,"href":"https:\/\/blogs.thesocialmedia.com\/leblogmoto\/wp-json\/wp\/v2\/comments?post=635"}],"version-history":[{"count":2,"href":"https:\/\/blogs.thesocialmedia.com\/leblogmoto\/wp-json\/wp\/v2\/posts\/635\/revisions"}],"predecessor-version":[{"id":11023,"href":"https:\/\/blogs.thesocialmedia.com\/leblogmoto\/wp-json\/wp\/v2\/posts\/635\/revisions\/11023"}],"wp:attachment":[{"href":"https:\/\/blogs.thesocialmedia.com\/leblogmoto\/wp-json\/wp\/v2\/media?parent=635"}],"wp:term":[{"taxonomy":"category","embeddable":true,"href":"https:\/\/blogs.thesocialmedia.com\/leblogmoto\/wp-json\/wp\/v2\/categories?post=635"},{"taxonomy":"post_tag","embeddable":true,"href":"https:\/\/blogs.thesocialmedia.com\/leblogmoto\/wp-json\/wp\/v2\/tags?post=635"}],"curies":[{"name":"wp","href":"https:\/\/api.w.org\/{rel}","templated":true}]}}