{"id":637,"date":"2008-06-09T23:55:43","date_gmt":"2008-06-09T23:55:43","guid":{"rendered":"http:\/\/blogs.thesocialmedia.com\/leblogmoto\/2008\/06\/09\/pendant-vingt-c\/"},"modified":"2012-07-11T15:56:08","modified_gmt":"2012-07-11T15:56:08","slug":"pendant-vingt-c","status":"publish","type":"post","link":"https:\/\/blogs.thesocialmedia.com\/leblogmoto\/2008\/06\/09\/pendant-vingt-c\/","title":{"rendered":"Pendant vingt-cinq tours de circuit, il y avait Dani et les autres."},"content":{"rendered":"<p><a href=\"http:\/\/blogs.thesocialmedia.com\/leblogmoto\/files\/2012\/07\/motogp_dani_pedrosa_catalunya_2008_.jpg\"><img loading=\"lazy\" decoding=\"async\" width=\"470\" height=\"705\"  alt=\"Motogp_dani_pedrosa_catalunya_2008_\" src=\"http:\/\/www.leblogmoto.com\/images\/2008\/06\/09\/motogp_dani_pedrosa_catalunya_2008_.jpg\" \/><\/a><\/p>\n<p>Si &quot;a picture is worth a thousand words&quot; comme disent les Anglais, alors celle-ci est encore plus parlante, loquace et volubile que n&rsquo;importe qu&rsquo;elle autre: Treizi\u00e8me tour, une impression de grand boulevard vide derri\u00e8re <a href=\"http:\/\/blogs.thesocialmedia.com\/leblogmoto\/files\/2012\/07\/pedrosa-en-pole.html_.png\">Pedrosa<\/a>, et une indication lapidaire: 2\/46\/1&#8230; Toute autre explication appara\u00eetrait superflue, et ce serait vous faire injure que de mettre un pilote sur ces num\u00e9ros, si vous suivez l&rsquo;actualit\u00e9 du MotoGP chez nous. Car le natif de Sabadell, \u00e0 quelques dizaines de kilom\u00e8tres de Montmelo, aura bel et bien \u00e9cras\u00e9 la concurrence pour remporter son second grand prix de la saison, le sixi\u00e8me de sa carri\u00e8re, et r\u00e9duire son retard \u00e0 sept points sur <a href=\"http:\/\/www.leblogmoto.com\/2008\/06\/prorogation-de.html\">Vale<\/a>, auteur d&rsquo;une course effr\u00e9n\u00e9e et m\u00e9ritante. <\/p>\n<p><a href=\"http:\/\/clabedan.typepad.com\/.shared\/image.html?\/photos\/uncategorized\/2008\/06\/09\/motogp_dani_pedrosa_catalunya_200_4.jpg\"><img loading=\"lazy\" decoding=\"async\" width=\"470\" height=\"312\"  alt=\"Motogp_dani_pedrosa_catalunya_200_4\" src=\"http:\/\/www.leblogmoto.com\/images\/2008\/06\/09\/motogp_dani_pedrosa_catalunya_200_4.jpg\" \/><\/a><\/p>\n<p>L&rsquo;ambiance \u00e9lectrique, survolt\u00e9e m\u00eame, ne ment pas: en l&rsquo;<a href=\"http:\/\/blogs.thesocialmedia.com\/leblogmoto\/files\/2012\/07\/souffrant-dun-t.html_.png\">absence de Lorenzo<\/a>, bless\u00e9, les Catalans se sont choisis l&rsquo;enfant du pays comme idole, certes <a href=\"http:\/\/www.leblogmoto.com\/2007\/11\/le-t-shirt-anti.html\">mal aim\u00e9<\/a>, hautain et r\u00e9serv\u00e9 parfois jusqu&rsquo;au mutisme, mais au moins aussi dou\u00e9 que son ennemi intime.<\/p>\n<p>D\u00e8s le d\u00e9part &#8211; qui fut vol\u00e9 par Toni Elias comme on l&rsquo;apprendra officiellement plus tard &#8211;&nbsp; Dani Pedrosa , second sur la grille &#8230;grille la politesse \u00e0 Stoner, champion en titre et surtout poleman. Et comme le montre tr\u00e8s bien cette image, il devient le leader au premier virage. L&rsquo;Australien qui essaie de lui faire l&rsquo;int\u00e9rieur en est quitte pour une le\u00e7on de freinage sur l&rsquo;angle.<\/p>\n<p><a href=\"http:\/\/clabedan.typepad.com\/.shared\/image.html?\/photos\/uncategorized\/2008\/06\/09\/motogp_dani_pedrosa_catalunya_200_2.jpg\"><img loading=\"lazy\" decoding=\"async\" width=\"470\" height=\"312\"  alt=\"Motogp_dani_pedrosa_catalunya_200_2\" src=\"http:\/\/www.leblogmoto.com\/images\/2008\/06\/09\/motogp_dani_pedrosa_catalunya_200_2.jpg\" \/><\/a><\/p>\n<p>En moins de cinq tours il colle trois secondes \u00e0 ses poursuivants, \u00e9cart qu&rsquo;il creusera pour le porter \u00e0 huit secondes, et ceci pendant les deux tiers de la course, avec des temps canon inf\u00e9rieurs \u00e0 1&rsquo;43\u00a0\u00bb. Avant de se contenter de g\u00e9rer son avance dans les derniers tours, puisque Rossi franchira la ligne \u00e0 trois secondes du vainqueur.<\/p>\n<p>Il n&rsquo;y aura donc pas de <a href=\"http:\/\/blogs.thesocialmedia.com\/leblogmoto\/files\/2012\/07\/septime-mugello.html_2.png\">quatri\u00e8me victoire<\/a> rossiste d&rsquo;affil\u00e9e, comme on pouvait l&rsquo;esp\u00e9rer, mais le septuple champion du monde n&rsquo;a pas d\u00e9m\u00e9rit\u00e9, bien au contraire. Incapable d&rsquo;exploiter tout le potentiel de ses <a href=\"http:\/\/www.leblogmoto.com\/2007\/11\/voici-limage-qu.html\">Bridgestones<\/a> en qualifs, l&rsquo;Italien sait que, risquant une touchette ou une collision, il devra s&rsquo;extirper rapidement de la meute. Ce qu&rsquo;il n&rsquo;arrive pas \u00e0 faire au d\u00e9part, sa position de neuvi\u00e8me restant inchang\u00e9e, mais d\u00e9j\u00e0 \u00e0 la fin du premier tour il pointe \u00e0 une timide huiti\u00e8me place.<\/p>\n<p><a href=\"http:\/\/blogs.thesocialmedia.com\/leblogmoto\/files\/2012\/07\/motogp_dani_pedrosa_catalunya_200_3.jpg\"><\/a><a href=\"http:\/\/clabedan.typepad.com\/.shared\/image.html?\/photos\/uncategorized\/2008\/06\/09\/motogp_catalunya_2008_rossi_podium.jpg\"><img loading=\"lazy\" decoding=\"async\" width=\"470\" height=\"309\"  src=\"http:\/\/www.leblogmoto.com\/images\/2008\/06\/09\/motogp_catalunya_2008_rossi_podium.jpg\" alt=\"Motogp_catalunya_2008_rossi_podium\" \/><\/a> <\/p>\n<p>C&rsquo;est en fait l&rsquo;amorce d&rsquo;une remont\u00e9e m\u00e9thodique et talentueuse, o\u00f9 consciencieusement et inexorablement les gommards de la <a href=\"http:\/\/blogs.thesocialmedia.com\/leblogmoto\/files\/2012\/07\/prsentation-off.html_1.png\">YZR-M1<\/a> du Doctor semblent happer les motos de ses concurrents directs. Au troisi\u00e8me tour il d\u00e9passe Toseland alors septi\u00e8me, puis Hayden au cinqui\u00e8me tour pour s&rsquo;afficher en sixi\u00e8me position. La LCR Honda de De Puniet, au septi\u00e8me passage, est sa victime d\u00e9sign\u00e9e et tr\u00e9passe. <\/p>\n<p><a href=\"http:\/\/clabedan.typepad.com\/.shared\/image.html?\/photos\/uncategorized\/2008\/06\/09\/motogp_dani_pedrosa_catalunya_200_5.jpg\"><img loading=\"lazy\" decoding=\"async\" width=\"470\" height=\"312\"  alt=\"Motogp_dani_pedrosa_catalunya_200_5\" src=\"http:\/\/www.leblogmoto.com\/images\/2008\/06\/09\/motogp_dani_pedrosa_catalunya_200_5.jpg\" \/><\/a><\/p>\n<p>Au tour suivant il avale son ancien co\u00e9quipier le double champion du monde de Superbike Colin Edwards, de dos sur ce clich\u00e9. La tornade texane comme on le surnomme, est submerg\u00e9e. Mais j&rsquo;arr\u00eaterai l\u00e0 tout lyrisme mal venu et les m\u00e9taphores concernant le v\u00e9t\u00e9ran am\u00e9ricain, il n&rsquo;a pas besoin d&rsquo;une telle surcharge m\u00e9lodramatique, lui qui accomplit une tr\u00e8s bonne saison, et nous r\u00e9gale en jouant les <a href=\"http:\/\/blogs.thesocialmedia.com\/leblogmoto\/files\/2012\/07\/colin-edwards.html_.png\">\u00e9quilibristes<\/a>.<\/p>\n<p><a href=\"http:\/\/clabedan.typepad.com\/.shared\/image.html?\/photos\/uncategorized\/2008\/06\/09\/motogp_dani_pedrosa_catalunya_200_8.jpg\"><img loading=\"lazy\" decoding=\"async\" width=\"470\" height=\"312\"  alt=\"Motogp_dani_pedrosa_catalunya_200_8\" src=\"http:\/\/www.leblogmoto.com\/images\/2008\/06\/09\/motogp_dani_pedrosa_catalunya_200_8.jpg\" \/><\/a><\/p>\n<p>Le prodige de Tavullia s&rsquo;affiche d\u00e9j\u00e0 dans le sillage, \u00e0 d\u00e9faut de prendre l&rsquo;aspi, de Stoner, \u00e0 la lutte avec ce diable de rookie de Dovizioso sur la JiR Honda n\u00b04 qui refuse de plier. Rossi profite de cette passe d&rsquo;armes entre les deux pilotes pour s&rsquo;imposer devant eux, \u00e0 la r\u00e9guli\u00e8re, au neuvi\u00e8me tour. <\/p>\n<p>Mais les choses n&rsquo;en restent pas l\u00e0, \u00e0 l&rsquo;avant dernier tour, le champion en titre reprend son bien \u00e0 un Vale un peu &quot;en dedans&quot;. Cependant le pilote Fiat-Yamaha le battra au freinage en bout du <em>main straight. A<\/em>u final seulement une demi-seconde s\u00e9parera les deux hommes. Quant \u00e0 Dovisiozo ses efforts n&rsquo;auront pas \u00e9t\u00e9 vains, car il a impressionn\u00e9 son monde avec sa quatri\u00e8me place.<\/p>\n<p><span class=\"pre\"><\/p>\n<pre><span class=\"pre\"><pre><a href=\"http:\/\/blogs.thesocialmedia.com\/leblogmoto\/files\/2012\/07\/motogp_dani_pedrosa_catalunya_200_6.jpg\"><span class=\"pre\"><pre><span class=\"pre\"><pre><a href=\"http:\/\/clabedan.typepad.com\/.shared\/image.html?\/photos\/uncategorized\/2008\/06\/09\/motogp_dani_pedrosa_catalunya_20_10.jpg\"><img loading=\"lazy\" decoding=\"async\" width=\"470\" height=\"319\"  alt=\"Motogp_dani_pedrosa_catalunya_20_10\" src=\"http:\/\/www.leblogmoto.com\/images\/2008\/06\/09\/motogp_dani_pedrosa_catalunya_20_10.jpg\" \/><\/a><\/pre>\n<p><\/span><\/span><\/a><\/span><\/span><br \/>Au rayon des d\u00e9ceptions signalons le drapeau noir sanctionnant au neuvi\u00e8me tour Toni Elias qui a ignor\u00e9 une p\u00e9nalit\u00e9 de <em>drive through<\/em> pour avoir vol\u00e9 le d\u00e9part, comme nous l&rsquo;annoncions en d\u00e9but d&rsquo;article. Il s&rsquo;excusera de cette disqualification aupr\u00e8s de son team plus tard, le pilote Ducati d\u00e9clarera:<\/p>\n<p>&quot;Je n&rsquo;ai pas de mots. Je suis d\u00e9sol\u00e9. Quelques secondes avant de le d\u00e9part, j&rsquo;ai fait quelques centim\u00e8tres et je ne pense pas que cela ait \u00e9t\u00e9 flagrant. Dans les premiers tours, je me battais avec Marco (Melandri), West et Guintoli et j&rsquo;\u00e9tais trop concentr\u00e9 sur la course. Quand j&rsquo;ai vu le panneautage avec la p\u00e9nalit\u00e9, c&rsquo;\u00e9tait trop tard.&quot; <\/p>\n<p><a href=\"http:\/\/blogs.thesocialmedia.com\/leblogmoto\/files\/2012\/07\/motogp_catalunya_2008_randy_2.jpg\"><img loading=\"lazy\" decoding=\"async\" width=\"470\" height=\"312\"  alt=\"Motogp_catalunya_2008_randy_2\" src=\"http:\/\/www.leblogmoto.com\/images\/2008\/06\/09\/motogp_catalunya_2008_randy_2.jpg\" \/><\/a> <\/p>\n<p>Randy lui ne comprend pas les raisons de sa chute au douzi\u00e8me tour, alors qu&rsquo;il tentait un d\u00e9passement sur Edwards, il a soudainement perdu l&rsquo;avant de sa Honda n\u00b014:<\/p>\n<p>&quot;Je suis tr\u00e8s d\u00e9\u00e7u car j&rsquo;ai fait une tr\u00e8s bonne qualification, la meilleure de cette saison. J&rsquo;ai pris un tr\u00e8s bon d\u00e9part. J&rsquo;ai pu garder ma position car j&rsquo;avais un bon rythme, je ne for\u00e7ais pas du tout. J&rsquo;attendais le bon moment pour doubler Edwards mais j&rsquo;ai perdu l&rsquo;avant dans le virage num\u00e9ro un. Je ne comprends pas pourquoi je suis tomb\u00e9. J&rsquo;ai eu la m\u00eame chute vendredi. Je n&rsquo;ai fait aucune erreur et je vais voir les donn\u00e9es pour comprendre&quot;, a-t-il d\u00e9clar\u00e9.<\/p>\n<p><a href=\"http:\/\/blogs.thesocialmedia.com\/leblogmoto\/files\/2012\/07\/motogp_catalunya_2008_capirossi.jpg\"><img loading=\"lazy\" decoding=\"async\" width=\"470\" height=\"312\"  alt=\"Motogp_catalunya_2008_capirossi\" src=\"http:\/\/www.leblogmoto.com\/images\/2008\/06\/09\/motogp_catalunya_2008_capirossi.jpg\" \/><\/a> <\/p>\n<p>Loris &quot;Capirex&quot; Capirossi quant \u00e0 lui a lourdement chut\u00e9 de sa Suzuki, se blessant s\u00e9rieusement \u00e0 la main, au point de remettre en question sa participation aux prochains GP en Angleterre et aux Pays-Bas:<\/p>\n<p>&quot;Cela a \u00e9t\u00e9 un week-end tr\u00e8s difficile car j&rsquo;ai senti que la machine marchait vraiment bien. Je pense que j&rsquo;aurais pu me battre avec Chris et James Toseland mais de Angelis m&rsquo;a mis hors course. C&rsquo;est la course. Je suis l\u00e9g\u00e8rement bless\u00e9 et je dois donc faire attention et je ne suis pas certain d&rsquo;\u00eatre de retour pour les deux prochaines courses. On verra.&quot;<\/p>\n<p><a href=\"http:\/\/blogs.thesocialmedia.com\/leblogmoto\/files\/2012\/07\/motogp_catalunya_2008_nakano.jpg\"><img loading=\"lazy\" decoding=\"async\" width=\"470\" height=\"312\"  alt=\"Motogp_catalunya_2008_nakano\" src=\"http:\/\/www.leblogmoto.com\/images\/2008\/06\/09\/motogp_catalunya_2008_nakano.jpg\" \/><\/a> <\/p>\n<p>Nakano ne rentre pas dans les points, et \u00e9choue \u00e0 la plus mauvaise place, en neuvi\u00e8me position, le japonais dit vouloir revoir enti\u00e8rement le set-up de sa Honda. <\/p>\n<p>&quot;Je crois qu&rsquo;il y a beaucoup \u00e0 changer sur la machine, en particulier dans les r\u00e9glages qui doivent \u00eatre plus proches de ma mani\u00e8re de piloter. J&rsquo;ai besoin d&rsquo;avoir une machine afin d&rsquo;\u00eatre plus agressif en d\u00e9but de course&quot;, a-t-il notamment d\u00e9clar\u00e9.<\/p>\n<p><a href=\"http:\/\/blogs.thesocialmedia.com\/leblogmoto\/files\/2012\/07\/motogp_catalunya_2008_guintoli.jpg\"><img loading=\"lazy\" decoding=\"async\" width=\"470\" height=\"312\"  alt=\"Motogp_catalunya_2008_guintoli\" src=\"http:\/\/www.leblogmoto.com\/images\/2008\/06\/09\/motogp_catalunya_2008_guintoli.jpg\" \/><\/a> <\/p>\n<p>Sylvain Guintoli malgr\u00e9 des erreurs de pilotage, ralie l&rsquo;arriv\u00e9e en finissant treizi\u00e8me sur sa Ducati D&rsquo;Antin:<\/p>\n<p>&quot;Je ne suis pas tr\u00e8s satisfait. J&rsquo;ai d\u00e9marr\u00e9 difficilement la course et me suis retrouv\u00e9 dernier. J&rsquo;ai essay\u00e9 ensuite de d\u00e9passer Toni mais j&rsquo;ai fait une petite excursion hors-piste. J&rsquo;ai fait tout ce que j&rsquo;ai pu pour revenir sur West et Melandri mais, \u00e0 ce moment-l\u00e0, j&rsquo;ai commenc\u00e9 \u00e0 perdre l&rsquo;adh\u00e9rence \u00e0 l&rsquo;arri\u00e8re. J&rsquo;esp\u00e8re faire mieux lors des tests de lundi et mardi.&quot;<\/p>\n<p><a href=\"http:\/\/blogs.thesocialmedia.com\/leblogmoto\/files\/2012\/07\/motogp_catalunya_2008_nicky.jpg\"><img loading=\"lazy\" decoding=\"async\" width=\"470\" height=\"312\"  src=\"http:\/\/www.leblogmoto.com\/images\/2008\/06\/09\/motogp_catalunya_2008_nicky.jpg\" alt=\"Motogp_catalunya_2008_nicky\" \/><\/a> <\/p>\n<p>Quant au co\u00e9quipier du vainqueur du jour, <a href=\"http:\/\/blogs.thesocialmedia.com\/leblogmoto\/files\/2012\/07\/retour-au-somme.html_1.png\">Nicky Hayden<\/a>, qui fut un champion du monde tout \u00e0 la fois chanceux, talentueux, professionnel, et humainement hors-norme, il faisait part aux journalistes de sa frustration malgr\u00e9 sa huiti\u00e8me place:<\/p>\n<p>&quot;On savait que la course serait difficile. Notre machine a bien march\u00e9 mais on n&rsquo;arrive pas \u00e0 encore \u00e0 bien r\u00e9gler la machine afin que la dur\u00e9e de vie des pneus ne p\u00e2tisse pas. J&rsquo;\u00e9tais rapide au d\u00e9but et je n&rsquo;ai pas pu tenir. C&rsquo;est frustrant. Le frein arri\u00e8re ne marchait pas tr\u00e8s bien. Avec \u00e7a, une huiti\u00e8me place ce n&rsquo;est pas terrible. Les deux jours de tests qui arrivent seront tr\u00e8s importants.&quot;<\/p>\n<p><span class=\"pre\"><\/p>\n<pre><span class=\"pre\"><pre><a href=\"http:\/\/blogs.thesocialmedia.com\/leblogmoto\/files\/2012\/07\/motogp_dani_pedrosa_catalunya_200_6.jpg\"><img loading=\"lazy\" decoding=\"async\" width=\"470\" height=\"312\"  alt=\"Motogp_dani_pedrosa_catalunya_200_6\" src=\"http:\/\/www.leblogmoto.com\/images\/2008\/06\/09\/motogp_dani_pedrosa_catalunya_200_6.jpg\" \/><\/a><\/pre>\n<p><\/span><br \/><strong>Pos&nbsp; Rider&nbsp; &nbsp;&nbsp; &nbsp;&nbsp; &nbsp;&nbsp; &nbsp; Bike&nbsp; &nbsp;&nbsp; &nbsp;&nbsp; &nbsp;&nbsp; Time<\/strong><\/p>\n<p> 1.&nbsp; Dani Pedrosa&nbsp; &nbsp;&nbsp; &nbsp;Honda&nbsp; &nbsp;&nbsp; (M)&nbsp; 43:02.175<\/p>\n<p> 2.&nbsp; Valentino Rossi&nbsp; &nbsp;Yamaha&nbsp; &nbsp; (B)&nbsp; +&nbsp; &nbsp;2.806<\/p>\n<p> 3.&nbsp; Casey Stoner&nbsp; &nbsp;&nbsp; &nbsp;Ducati&nbsp; &nbsp; (B)&nbsp; +&nbsp; &nbsp;3.343<\/p>\n<p> 4.&nbsp; Andrea Dovizioso&nbsp; Honda&nbsp; &nbsp;&nbsp; (M)&nbsp; +&nbsp; 10.893<\/p>\n<p> 5.&nbsp; Colin Edwards&nbsp; &nbsp;&nbsp; Yamaha&nbsp; &nbsp; (M)&nbsp; +&nbsp; 16.426<\/p>\n<p> 6.&nbsp; James Toseland&nbsp; &nbsp; Yamaha&nbsp; &nbsp; (M)&nbsp; +&nbsp; 21.482<\/p>\n<p> 7.&nbsp; Chris Vermeulen&nbsp; &nbsp;Suzuki&nbsp; &nbsp; (B)&nbsp; +&nbsp; 21.548<\/p>\n<p> 8.&nbsp; Nicky Hayden&nbsp; &nbsp;&nbsp; &nbsp;Honda&nbsp; &nbsp;&nbsp; (M)&nbsp; +&nbsp; 22.280<\/p>\n<p> 9.&nbsp; Shinya Nakano&nbsp; &nbsp;&nbsp; Honda&nbsp; &nbsp;&nbsp; (B)&nbsp; +&nbsp; 22.375<\/p>\n<p>10.&nbsp; John Hopkins&nbsp; &nbsp;&nbsp; &nbsp;Kawasaki&nbsp; (B)&nbsp; +&nbsp; 46.835<\/p>\n<p>11.&nbsp; Marco Melandri&nbsp; &nbsp; Ducati&nbsp; &nbsp; (B)&nbsp; +&nbsp; 57.991<\/p>\n<p>12.&nbsp; Anthony West&nbsp; &nbsp;&nbsp; &nbsp;Kawasaki&nbsp; (B)&nbsp; +&nbsp; 59.168<\/p>\n<p>13.&nbsp; Sylvain Guintoli&nbsp; Ducati&nbsp; &nbsp; (B)&nbsp; +1:00.779<\/p>\n<p><strong>Retirements:<\/strong><\/p>\n<p>&nbsp; &nbsp;&nbsp; <strong>Rider&nbsp; &nbsp;&nbsp; &nbsp;&nbsp; &nbsp;&nbsp; &nbsp; Bike&nbsp; &nbsp;&nbsp; &nbsp;&nbsp; &nbsp;&nbsp; Laps<\/strong><\/p>\n<p>&nbsp; &nbsp;&nbsp; Randy de Puniet&nbsp; &nbsp;Honda&nbsp; &nbsp;&nbsp; (M)&nbsp; 11<\/p>\n<p>&nbsp; &nbsp;&nbsp; Alex de Angelis&nbsp; &nbsp;Honda&nbsp; &nbsp;&nbsp; (B)&nbsp; 10<\/p>\n<p>&nbsp; &nbsp;&nbsp; Loris Capirossi&nbsp; &nbsp;Suzuki&nbsp; &nbsp; (B)&nbsp; 10<\/p>\n<p>&nbsp; &nbsp;&nbsp; Toni Elias&nbsp; &nbsp;&nbsp; &nbsp;&nbsp; Ducati&nbsp; &nbsp; (B)&nbsp; 7<\/span><\/p>\n<p><a href=\"http:\/\/blogs.thesocialmedia.com\/leblogmoto\/files\/2012\/07\/motogp_dani_pedrosa_catalunya_200_3.jpg\"><img loading=\"lazy\" decoding=\"async\" width=\"470\" height=\"705\"  alt=\"Motogp_dani_pedrosa_catalunya_200_3\" src=\"http:\/\/www.leblogmoto.com\/images\/2008\/06\/09\/motogp_dani_pedrosa_catalunya_200_3.jpg\" \/><\/a><\/p>\n<p><span class=\"pre\"><\/p>\n<pre><\/pre>\n<p><\/span><\/p>\n","protected":false},"excerpt":{"rendered":"<p>Si &quot;a picture is worth a thousand words&quot; comme disent les Anglais, alors celle-ci est encore plus parlante, loquace et volubile que n&rsquo;importe qu&rsquo;elle autre: Treizi\u00e8me tour, une impression de grand boulevard vide derri\u00e8re Pedrosa, et une indication lapidaire: 2\/46\/1&#8230; Toute autre explication appara\u00eetrait superflue, et ce serait vous faire injure que de mettre un [&hellip;]<\/p>\n","protected":false},"author":324,"featured_media":0,"comment_status":"open","ping_status":"open","sticky":false,"template":"","format":"standard","meta":{"footnotes":""},"categories":[3,14,22],"tags":[],"class_list":["post-637","post","type-post","status-publish","format-standard","hentry","category-actualite","category-honda","category-motogp"],"yoast_head":"<!-- This site is optimized with the Yoast SEO plugin v26.0 - https:\/\/yoast.com\/wordpress\/plugins\/seo\/ -->\n<title>Pendant vingt-cinq tours de circuit, il y avait Dani et les autres. - leblogmoto.com<\/title>\n<meta name=\"robots\" content=\"index, follow, max-snippet:-1, max-image-preview:large, max-video-preview:-1\" \/>\n<link rel=\"canonical\" href=\"https:\/\/blogs.thesocialmedia.com\/leblogmoto\/2008\/06\/09\/pendant-vingt-c\/\" \/>\n<meta name=\"twitter:card\" content=\"summary_large_image\" \/>\n<meta name=\"twitter:title\" content=\"Pendant vingt-cinq tours de circuit, il y avait Dani et les autres. - leblogmoto.com\" \/>\n<meta name=\"twitter:description\" content=\"Si &quot;a picture is worth a thousand words&quot; comme disent les Anglais, alors celle-ci est encore plus parlante, loquace et volubile que n&rsquo;importe qu&rsquo;elle autre: Treizi\u00e8me tour, une impression de grand boulevard vide derri\u00e8re Pedrosa, et une indication lapidaire: 2\/46\/1&#8230; Toute autre explication appara\u00eetrait superflue, et ce serait vous faire injure que de mettre un [&hellip;]\" \/>\n<meta name=\"twitter:image\" content=\"http:\/\/www.leblogmoto.com\/images\/2008\/06\/09\/motogp_dani_pedrosa_catalunya_2008_.jpg\" \/>\n<meta name=\"twitter:label1\" content=\"\u00c9crit par\" \/>\n\t<meta name=\"twitter:data1\" content=\"benoit rieu\" \/>\n\t<meta name=\"twitter:label2\" content=\"Dur\u00e9e de lecture estim\u00e9e\" \/>\n\t<meta name=\"twitter:data2\" content=\"8 minutes\" \/>\n<script type=\"application\/ld+json\" class=\"yoast-schema-graph\">{\"@context\":\"https:\/\/schema.org\",\"@graph\":[{\"@type\":\"WebPage\",\"@id\":\"https:\/\/blogs.thesocialmedia.com\/leblogmoto\/2008\/06\/09\/pendant-vingt-c\/\",\"url\":\"https:\/\/blogs.thesocialmedia.com\/leblogmoto\/2008\/06\/09\/pendant-vingt-c\/\",\"name\":\"Pendant vingt-cinq tours de circuit, il y avait Dani et les autres. - leblogmoto.com\",\"isPartOf\":{\"@id\":\"https:\/\/blogs.thesocialmedia.com\/leblogmoto\/#website\"},\"primaryImageOfPage\":{\"@id\":\"https:\/\/blogs.thesocialmedia.com\/leblogmoto\/2008\/06\/09\/pendant-vingt-c\/#primaryimage\"},\"image\":{\"@id\":\"https:\/\/blogs.thesocialmedia.com\/leblogmoto\/2008\/06\/09\/pendant-vingt-c\/#primaryimage\"},\"thumbnailUrl\":\"http:\/\/www.leblogmoto.com\/images\/2008\/06\/09\/motogp_dani_pedrosa_catalunya_2008_.jpg\",\"datePublished\":\"2008-06-09T23:55:43+00:00\",\"dateModified\":\"2012-07-11T15:56:08+00:00\",\"author\":{\"@id\":\"https:\/\/blogs.thesocialmedia.com\/leblogmoto\/#\/schema\/person\/18bfe773e5725ed6d24f743da805362a\"},\"breadcrumb\":{\"@id\":\"https:\/\/blogs.thesocialmedia.com\/leblogmoto\/2008\/06\/09\/pendant-vingt-c\/#breadcrumb\"},\"inLanguage\":\"fr-FR\",\"potentialAction\":[{\"@type\":\"ReadAction\",\"target\":[\"https:\/\/blogs.thesocialmedia.com\/leblogmoto\/2008\/06\/09\/pendant-vingt-c\/\"]}]},{\"@type\":\"ImageObject\",\"inLanguage\":\"fr-FR\",\"@id\":\"https:\/\/blogs.thesocialmedia.com\/leblogmoto\/2008\/06\/09\/pendant-vingt-c\/#primaryimage\",\"url\":\"http:\/\/www.leblogmoto.com\/images\/2008\/06\/09\/motogp_dani_pedrosa_catalunya_2008_.jpg\",\"contentUrl\":\"http:\/\/www.leblogmoto.com\/images\/2008\/06\/09\/motogp_dani_pedrosa_catalunya_2008_.jpg\"},{\"@type\":\"BreadcrumbList\",\"@id\":\"https:\/\/blogs.thesocialmedia.com\/leblogmoto\/2008\/06\/09\/pendant-vingt-c\/#breadcrumb\",\"itemListElement\":[{\"@type\":\"ListItem\",\"position\":1,\"name\":\"Accueil\",\"item\":\"https:\/\/blogs.thesocialmedia.com\/leblogmoto\/\"},{\"@type\":\"ListItem\",\"position\":2,\"name\":\"Pendant vingt-cinq tours de circuit, il y avait Dani et les autres.\"}]},{\"@type\":\"WebSite\",\"@id\":\"https:\/\/blogs.thesocialmedia.com\/leblogmoto\/#website\",\"url\":\"https:\/\/blogs.thesocialmedia.com\/leblogmoto\/\",\"name\":\"leblogmoto\",\"description\":\"Toute l&#039;actualit\u00e9 des 2 roues\",\"potentialAction\":[{\"@type\":\"SearchAction\",\"target\":{\"@type\":\"EntryPoint\",\"urlTemplate\":\"https:\/\/blogs.thesocialmedia.com\/leblogmoto\/?s={search_term_string}\"},\"query-input\":{\"@type\":\"PropertyValueSpecification\",\"valueRequired\":true,\"valueName\":\"search_term_string\"}}],\"inLanguage\":\"fr-FR\"},{\"@type\":\"Person\",\"@id\":\"https:\/\/blogs.thesocialmedia.com\/leblogmoto\/#\/schema\/person\/18bfe773e5725ed6d24f743da805362a\",\"name\":\"benoit rieu\",\"image\":{\"@type\":\"ImageObject\",\"inLanguage\":\"fr-FR\",\"@id\":\"https:\/\/blogs.thesocialmedia.com\/leblogmoto\/#\/schema\/person\/image\/\",\"url\":\"https:\/\/secure.gravatar.com\/avatar\/?s=96&d=mm&r=g\",\"contentUrl\":\"https:\/\/secure.gravatar.com\/avatar\/?s=96&d=mm&r=g\",\"caption\":\"benoit rieu\"},\"url\":\"https:\/\/blogs.thesocialmedia.com\/leblogmoto\/author\/benoit-rieu\/\"}]}<\/script>\n<!-- \/ Yoast SEO plugin. -->","yoast_head_json":{"title":"Pendant vingt-cinq tours de circuit, il y avait Dani et les autres. - leblogmoto.com","robots":{"index":"index","follow":"follow","max-snippet":"max-snippet:-1","max-image-preview":"max-image-preview:large","max-video-preview":"max-video-preview:-1"},"canonical":"https:\/\/blogs.thesocialmedia.com\/leblogmoto\/2008\/06\/09\/pendant-vingt-c\/","twitter_card":"summary_large_image","twitter_title":"Pendant vingt-cinq tours de circuit, il y avait Dani et les autres. - leblogmoto.com","twitter_description":"Si &quot;a picture is worth a thousand words&quot; comme disent les Anglais, alors celle-ci est encore plus parlante, loquace et volubile que n&rsquo;importe qu&rsquo;elle autre: Treizi\u00e8me tour, une impression de grand boulevard vide derri\u00e8re Pedrosa, et une indication lapidaire: 2\/46\/1&#8230; Toute autre explication appara\u00eetrait superflue, et ce serait vous faire injure que de mettre un [&hellip;]","twitter_image":"http:\/\/www.leblogmoto.com\/images\/2008\/06\/09\/motogp_dani_pedrosa_catalunya_2008_.jpg","twitter_misc":{"\u00c9crit par":"benoit rieu","Dur\u00e9e de lecture estim\u00e9e":"8 minutes"},"schema":{"@context":"https:\/\/schema.org","@graph":[{"@type":"WebPage","@id":"https:\/\/blogs.thesocialmedia.com\/leblogmoto\/2008\/06\/09\/pendant-vingt-c\/","url":"https:\/\/blogs.thesocialmedia.com\/leblogmoto\/2008\/06\/09\/pendant-vingt-c\/","name":"Pendant vingt-cinq tours de circuit, il y avait Dani et les autres. - leblogmoto.com","isPartOf":{"@id":"https:\/\/blogs.thesocialmedia.com\/leblogmoto\/#website"},"primaryImageOfPage":{"@id":"https:\/\/blogs.thesocialmedia.com\/leblogmoto\/2008\/06\/09\/pendant-vingt-c\/#primaryimage"},"image":{"@id":"https:\/\/blogs.thesocialmedia.com\/leblogmoto\/2008\/06\/09\/pendant-vingt-c\/#primaryimage"},"thumbnailUrl":"http:\/\/www.leblogmoto.com\/images\/2008\/06\/09\/motogp_dani_pedrosa_catalunya_2008_.jpg","datePublished":"2008-06-09T23:55:43+00:00","dateModified":"2012-07-11T15:56:08+00:00","author":{"@id":"https:\/\/blogs.thesocialmedia.com\/leblogmoto\/#\/schema\/person\/18bfe773e5725ed6d24f743da805362a"},"breadcrumb":{"@id":"https:\/\/blogs.thesocialmedia.com\/leblogmoto\/2008\/06\/09\/pendant-vingt-c\/#breadcrumb"},"inLanguage":"fr-FR","potentialAction":[{"@type":"ReadAction","target":["https:\/\/blogs.thesocialmedia.com\/leblogmoto\/2008\/06\/09\/pendant-vingt-c\/"]}]},{"@type":"ImageObject","inLanguage":"fr-FR","@id":"https:\/\/blogs.thesocialmedia.com\/leblogmoto\/2008\/06\/09\/pendant-vingt-c\/#primaryimage","url":"http:\/\/www.leblogmoto.com\/images\/2008\/06\/09\/motogp_dani_pedrosa_catalunya_2008_.jpg","contentUrl":"http:\/\/www.leblogmoto.com\/images\/2008\/06\/09\/motogp_dani_pedrosa_catalunya_2008_.jpg"},{"@type":"BreadcrumbList","@id":"https:\/\/blogs.thesocialmedia.com\/leblogmoto\/2008\/06\/09\/pendant-vingt-c\/#breadcrumb","itemListElement":[{"@type":"ListItem","position":1,"name":"Accueil","item":"https:\/\/blogs.thesocialmedia.com\/leblogmoto\/"},{"@type":"ListItem","position":2,"name":"Pendant vingt-cinq tours de circuit, il y avait Dani et les autres."}]},{"@type":"WebSite","@id":"https:\/\/blogs.thesocialmedia.com\/leblogmoto\/#website","url":"https:\/\/blogs.thesocialmedia.com\/leblogmoto\/","name":"leblogmoto","description":"Toute l&#039;actualit\u00e9 des 2 roues","potentialAction":[{"@type":"SearchAction","target":{"@type":"EntryPoint","urlTemplate":"https:\/\/blogs.thesocialmedia.com\/leblogmoto\/?s={search_term_string}"},"query-input":{"@type":"PropertyValueSpecification","valueRequired":true,"valueName":"search_term_string"}}],"inLanguage":"fr-FR"},{"@type":"Person","@id":"https:\/\/blogs.thesocialmedia.com\/leblogmoto\/#\/schema\/person\/18bfe773e5725ed6d24f743da805362a","name":"benoit rieu","image":{"@type":"ImageObject","inLanguage":"fr-FR","@id":"https:\/\/blogs.thesocialmedia.com\/leblogmoto\/#\/schema\/person\/image\/","url":"https:\/\/secure.gravatar.com\/avatar\/?s=96&d=mm&r=g","contentUrl":"https:\/\/secure.gravatar.com\/avatar\/?s=96&d=mm&r=g","caption":"benoit rieu"},"url":"https:\/\/blogs.thesocialmedia.com\/leblogmoto\/author\/benoit-rieu\/"}]}},"_links":{"self":[{"href":"https:\/\/blogs.thesocialmedia.com\/leblogmoto\/wp-json\/wp\/v2\/posts\/637","targetHints":{"allow":["GET"]}}],"collection":[{"href":"https:\/\/blogs.thesocialmedia.com\/leblogmoto\/wp-json\/wp\/v2\/posts"}],"about":[{"href":"https:\/\/blogs.thesocialmedia.com\/leblogmoto\/wp-json\/wp\/v2\/types\/post"}],"author":[{"embeddable":true,"href":"https:\/\/blogs.thesocialmedia.com\/leblogmoto\/wp-json\/wp\/v2\/users\/324"}],"replies":[{"embeddable":true,"href":"https:\/\/blogs.thesocialmedia.com\/leblogmoto\/wp-json\/wp\/v2\/comments?post=637"}],"version-history":[{"count":2,"href":"https:\/\/blogs.thesocialmedia.com\/leblogmoto\/wp-json\/wp\/v2\/posts\/637\/revisions"}],"predecessor-version":[{"id":10984,"href":"https:\/\/blogs.thesocialmedia.com\/leblogmoto\/wp-json\/wp\/v2\/posts\/637\/revisions\/10984"}],"wp:attachment":[{"href":"https:\/\/blogs.thesocialmedia.com\/leblogmoto\/wp-json\/wp\/v2\/media?parent=637"}],"wp:term":[{"taxonomy":"category","embeddable":true,"href":"https:\/\/blogs.thesocialmedia.com\/leblogmoto\/wp-json\/wp\/v2\/categories?post=637"},{"taxonomy":"post_tag","embeddable":true,"href":"https:\/\/blogs.thesocialmedia.com\/leblogmoto\/wp-json\/wp\/v2\/tags?post=637"}],"curies":[{"name":"wp","href":"https:\/\/api.w.org\/{rel}","templated":true}]}}