{"id":639,"date":"2008-06-08T15:20:48","date_gmt":"2008-06-08T15:20:48","guid":{"rendered":"http:\/\/blogs.thesocialmedia.com\/leblogmoto\/2008\/06\/08\/le-toulousain-m\/"},"modified":"2012-07-11T15:54:52","modified_gmt":"2012-07-11T15:54:52","slug":"le-toulousain-m","status":"publish","type":"post","link":"https:\/\/blogs.thesocialmedia.com\/leblogmoto\/2008\/06\/08\/le-toulousain-m\/","title":{"rendered":"Le Toulousain Mike Di Meglio sait aussi gagner sur le sec."},"content":{"rendered":"<p><a href=\"http:\/\/blogs.thesocialmedia.com\/leblogmoto\/files\/2012\/07\/motogp_di_meglio_en_action_est.jpg\"><img loading=\"lazy\" decoding=\"async\" width=\"470\" height=\"352\"  alt=\"Motogp_di_meglio_en_action_est\" src=\"http:\/\/www.leblogmoto.com\/images\/2008\/06\/08\/motogp_di_meglio_en_action_est.jpg\" \/><\/a><\/p>\n<p>Que ses parents nous pardonnent mais plus que le patronyme italien, c&rsquo;est son pr\u00e9nom anglo-saxon qui l&rsquo;honore. L&rsquo;analogie avec Mike &quot;The Bike&quot; <a href=\"http:\/\/fr.wikipedia.org\/wiki\/Mike_Hailwood\">Hailwood<\/a> et Michael <a href=\"http:\/\/fr.wikipedia.org\/wiki\/Michael_Doohan\">Doohan<\/a>, est tentante, quoique bien trop pesante et exag\u00e9r\u00e9e \u00e9videmment. Au grand prix de Catalogne sur sa Derbi 125cc le Fran\u00e7ais remporte devant Pol Espargaro et le champion en titre, le Hongrois Gabor Talmacsi, accrocheurs jusqu&rsquo;au bout, son deuxi\u00e8me succ\u00e8s de la saison, apr\u00e8s sa premi\u00e8re place au Mans. Il accro\u00eet aussi un peu plus son avance au championnat, et son statut de favori pour la victoire finale grandit. Il est vrai que les chutes de Terol et Olive, qui viennent s&rsquo;ajouter \u00e0 un week-end tr\u00e8s charg\u00e9 en cascades involontaires et parfois graves, lui auront facilit\u00e9 la t\u00e2che \u00e0 Montmelo. <\/p>\n<p>Les choses avaient pourtant mal commenc\u00e9es. Plac\u00e9 sur la seconde ligne, le Fran\u00e7ais effectue un d\u00e9part catastrophique qui le rel\u00e8gue \u00e0 la dixi\u00e8me place \u00e0 la fin du premier tour. Revenu parmi les leaders apr\u00e8s seulement deux tours, il s&rsquo;extrait du groupe de t\u00eate avec Nicolas Terol. Mais ce dernier chuta au 20\u00e8me tour dans le m\u00eame virage qu&rsquo;Olive, \u00e0 quelques minutes d&rsquo;\u00e9cart.<\/p>\n<p><a href=\"http:\/\/clabedan.typepad.com\/.shared\/image.html?\/photos\/uncategorized\/2008\/06\/08\/motogp_gabor_talmacsi.jpg\"><img loading=\"lazy\" decoding=\"async\" width=\"470\" height=\"312\"  src=\"http:\/\/www.leblogmoto.com\/images\/2008\/06\/08\/motogp_gabor_talmacsi.jpg\" alt=\"Motogp_gabor_talmacsi\" \/><\/a> <\/p>\n<p>Signe du combat (terme banal pour Gabor, c&rsquo;est un ancien boxeur amateur) intense que se sont livr\u00e9s les pr\u00e9tendants \u00e0 la victoire, le trio de t\u00eate termine dans le 22\u00e8me tour final, dans les m\u00eames trois dixi\u00e8mes, ou quasiment. En bonus une photo de Talmacsi l&rsquo;ann\u00e9e de son sacre. <\/p>\n<p>La premi\u00e8re place de Di Meglio sur le podium repousse son poursuivant direct au championnat Corsi (5\u00e8me au Catalunya) \u00e0 14 points, ainsi que Bradl (4\u00e8me, toujours \u00e0 Montmelo) \u00e0 35 unit\u00e9s.<\/p>\n<p><span class=\"pre\"><\/p>\n<pre><strong><br \/>Pilotes class\u00e9s:<br \/><br \/>Pos&nbsp; Rider&nbsp; &nbsp;&nbsp; &nbsp;&nbsp; &nbsp;&nbsp; &nbsp; Bike&nbsp; &nbsp;&nbsp; &nbsp;&nbsp; &nbsp; Time<br \/><br \/><\/strong> 1.&nbsp; Mike Di Meglio&nbsp; &nbsp; Derbi&nbsp; &nbsp; 41:08.708<br \/><br \/> 2.&nbsp; Pol Espargaro&nbsp; &nbsp;&nbsp; Derbi&nbsp; &nbsp; +&nbsp; &nbsp;0.268<br \/><br \/> 3.&nbsp; Gabor Talmacsi&nbsp; &nbsp; Aprilia&nbsp; +&nbsp; &nbsp;0.338<br \/><br \/> 4.&nbsp; Stefan Bradl&nbsp; &nbsp;&nbsp; &nbsp;Aprilia&nbsp; +&nbsp; &nbsp;8.765<br \/><br \/> 5.&nbsp; Simone Corsi&nbsp; &nbsp;&nbsp; &nbsp;Aprilia&nbsp; +&nbsp; 10.141<br \/><br \/> 6.&nbsp; Scott Redding&nbsp; &nbsp;&nbsp; Aprilia&nbsp; +&nbsp; 11.178<br \/><br \/> 7.&nbsp; Steve Bonsey&nbsp; &nbsp;&nbsp; &nbsp;Aprilia&nbsp; +&nbsp; 13.671<br \/><br \/> 8.&nbsp; Sandro Cortese&nbsp; &nbsp; Aprilia&nbsp; +&nbsp; 13.755<br \/><br \/> 9.&nbsp; Sergio Gadea&nbsp; &nbsp;&nbsp; &nbsp;Aprilia&nbsp; +&nbsp; 15.541<br \/><br \/>10.&nbsp; Marc Marquez&nbsp; &nbsp;&nbsp; &nbsp;KTM&nbsp; &nbsp;&nbsp; &nbsp;+&nbsp; 18.962<br \/><br \/>11.&nbsp; Daniel Webb&nbsp; &nbsp;&nbsp; &nbsp; Aprilia&nbsp; +&nbsp; 22.653<br \/><br \/>12.&nbsp; D.Agerter&nbsp; &nbsp;&nbsp; &nbsp;&nbsp; &nbsp;Derbi&nbsp; &nbsp; +&nbsp; 24.928<br \/><br \/>13.&nbsp; Tomoyoshi Koyama&nbsp; KTM&nbsp; &nbsp;&nbsp; &nbsp;+&nbsp; 25.013<br \/><br \/>14.&nbsp; Bradley Smith&nbsp; &nbsp;&nbsp; Aprilia&nbsp; +&nbsp; 25.059<br \/><br \/>15.&nbsp; R.Krummenacher&nbsp; &nbsp; KTM&nbsp; &nbsp;&nbsp; &nbsp;+&nbsp; 25.188<br \/><br \/>16.&nbsp; Efren Vazquez&nbsp; &nbsp;&nbsp; Aprilia&nbsp; +&nbsp; 25.352<br \/><br \/>17.&nbsp; Michael Ranseder&nbsp; Aprilia&nbsp; +&nbsp; 25.541<br \/><br \/>18.&nbsp; Stefano Bianco&nbsp; &nbsp; Aprilia&nbsp; +&nbsp; 31.365<br \/><br \/>19.&nbsp; Pere Tutusaus&nbsp; &nbsp;&nbsp; Aprilia&nbsp; +&nbsp; 42.899<br \/><br \/>20.&nbsp; Jules Cluzel&nbsp; &nbsp;&nbsp; &nbsp;Loncin&nbsp; &nbsp;+&nbsp; 43.469<br \/><br \/>21.&nbsp; H.van den Berg&nbsp; &nbsp; Aprilia&nbsp; +&nbsp; 56.930<br \/><br \/>22.&nbsp; Takaaki Nakagami&nbsp; Aprilia&nbsp; +1:01.318<br \/><br \/>23.&nbsp; R.Lacalendola&nbsp; &nbsp;&nbsp; Aprilia&nbsp; +1:02.867<br \/><br \/>24.&nbsp; Robert Muresan&nbsp; &nbsp; Aprilia&nbsp; +1:17.370<br \/><br \/>25.&nbsp; Louis Rossi&nbsp; &nbsp;&nbsp; &nbsp; Honda&nbsp; &nbsp; +1:18.790<br \/><br \/>26.&nbsp; Ricard Cardus&nbsp; &nbsp;&nbsp; Derbi&nbsp; &nbsp; +1:27.350<br \/><br \/>27.&nbsp; Daniel Saez&nbsp; &nbsp;&nbsp; &nbsp; Aprilia&nbsp; +1:28.736<br \/><br \/><strong><br \/>Pilotes non class\u00e9s:<br \/><br \/>&nbsp; &nbsp;&nbsp; Rider&nbsp; &nbsp;&nbsp; &nbsp;&nbsp; &nbsp;&nbsp; &nbsp; Bike&nbsp; &nbsp;&nbsp; &nbsp;Laps<br \/><br \/><\/strong>&nbsp; &nbsp;&nbsp; Axel Pons&nbsp; &nbsp;&nbsp; &nbsp;&nbsp; &nbsp;Aprilia&nbsp; &nbsp;&nbsp; 21<br \/><br \/>&nbsp; &nbsp;&nbsp; Nicolas Terol&nbsp; &nbsp;&nbsp; Aprilia&nbsp; &nbsp;&nbsp; 20<br \/><br \/>&nbsp; &nbsp;&nbsp; Raffaele De Rosa&nbsp; KTM&nbsp; &nbsp;&nbsp; &nbsp;&nbsp; &nbsp;20<br \/><br \/>&nbsp; &nbsp;&nbsp; Joan Olive&nbsp; &nbsp;&nbsp; &nbsp;&nbsp; Derbi&nbsp; &nbsp;&nbsp; &nbsp; 19<br \/><br \/>&nbsp; &nbsp;&nbsp; Andrea Iannone&nbsp; &nbsp; Aprilia&nbsp; &nbsp;&nbsp; 17<br \/><br \/>&nbsp; &nbsp;&nbsp; Robin Lasser&nbsp; &nbsp;&nbsp; &nbsp;Aprilia&nbsp; &nbsp;&nbsp; 17<br \/><br \/>&nbsp; &nbsp;&nbsp; Lorenzo Zanetti&nbsp; &nbsp;KTM&nbsp; &nbsp;&nbsp; &nbsp;&nbsp; &nbsp;14<br \/><br \/>&nbsp; &nbsp;&nbsp; Alexis Masbou&nbsp; &nbsp;&nbsp; Loncin&nbsp; &nbsp;&nbsp; &nbsp;13<br \/><br \/>&nbsp; &nbsp;&nbsp; Jordi Dalmau&nbsp; &nbsp;&nbsp; &nbsp;Honda&nbsp; &nbsp;&nbsp; &nbsp; 11<br \/><br \/>&nbsp; &nbsp;&nbsp; Ivan Maestro&nbsp; &nbsp;&nbsp; &nbsp;Aprilia&nbsp; &nbsp;&nbsp; 10<br \/><br \/>&nbsp; &nbsp;&nbsp; Pablo Nieto&nbsp; &nbsp;&nbsp; &nbsp; KTM&nbsp; &nbsp;&nbsp; &nbsp;&nbsp; &nbsp; 1<br \/><br \/>source du classement: Autosport.com<\/pre>\n<p><\/span><\/p>\n","protected":false},"excerpt":{"rendered":"<p>Que ses parents nous pardonnent mais plus que le patronyme italien, c&rsquo;est son pr\u00e9nom anglo-saxon qui l&rsquo;honore. L&rsquo;analogie avec Mike &quot;The Bike&quot; Hailwood et Michael Doohan, est tentante, quoique bien trop pesante et exag\u00e9r\u00e9e \u00e9videmment. Au grand prix de Catalogne sur sa Derbi 125cc le Fran\u00e7ais remporte devant Pol Espargaro et le champion en titre, [&hellip;]<\/p>\n","protected":false},"author":324,"featured_media":0,"comment_status":"open","ping_status":"open","sticky":false,"template":"","format":"standard","meta":{"footnotes":""},"categories":[3,83,22,32],"tags":[],"class_list":["post-639","post","type-post","status-publish","format-standard","hentry","category-actualite","category-derbi","category-motogp","category-sport-moto"],"yoast_head":"<!-- This site is optimized with the Yoast SEO plugin v26.0 - https:\/\/yoast.com\/wordpress\/plugins\/seo\/ -->\n<title>Le Toulousain Mike Di Meglio sait aussi gagner sur le sec. - leblogmoto.com<\/title>\n<meta name=\"robots\" content=\"index, follow, max-snippet:-1, max-image-preview:large, max-video-preview:-1\" \/>\n<link rel=\"canonical\" href=\"https:\/\/blogs.thesocialmedia.com\/leblogmoto\/2008\/06\/08\/le-toulousain-m\/\" \/>\n<meta name=\"twitter:card\" content=\"summary_large_image\" \/>\n<meta name=\"twitter:title\" content=\"Le Toulousain Mike Di Meglio sait aussi gagner sur le sec. - leblogmoto.com\" \/>\n<meta name=\"twitter:description\" content=\"Que ses parents nous pardonnent mais plus que le patronyme italien, c&rsquo;est son pr\u00e9nom anglo-saxon qui l&rsquo;honore. L&rsquo;analogie avec Mike &quot;The Bike&quot; Hailwood et Michael Doohan, est tentante, quoique bien trop pesante et exag\u00e9r\u00e9e \u00e9videmment. Au grand prix de Catalogne sur sa Derbi 125cc le Fran\u00e7ais remporte devant Pol Espargaro et le champion en titre, [&hellip;]\" \/>\n<meta name=\"twitter:image\" content=\"http:\/\/www.leblogmoto.com\/images\/2008\/06\/08\/motogp_di_meglio_en_action_est.jpg\" \/>\n<meta name=\"twitter:label1\" content=\"\u00c9crit par\" \/>\n\t<meta name=\"twitter:data1\" content=\"benoit rieu\" \/>\n\t<meta name=\"twitter:label2\" content=\"Dur\u00e9e de lecture estim\u00e9e\" \/>\n\t<meta name=\"twitter:data2\" content=\"4 minutes\" \/>\n<script type=\"application\/ld+json\" class=\"yoast-schema-graph\">{\"@context\":\"https:\/\/schema.org\",\"@graph\":[{\"@type\":\"WebPage\",\"@id\":\"https:\/\/blogs.thesocialmedia.com\/leblogmoto\/2008\/06\/08\/le-toulousain-m\/\",\"url\":\"https:\/\/blogs.thesocialmedia.com\/leblogmoto\/2008\/06\/08\/le-toulousain-m\/\",\"name\":\"Le Toulousain Mike Di Meglio sait aussi gagner sur le sec. - leblogmoto.com\",\"isPartOf\":{\"@id\":\"https:\/\/blogs.thesocialmedia.com\/leblogmoto\/#website\"},\"primaryImageOfPage\":{\"@id\":\"https:\/\/blogs.thesocialmedia.com\/leblogmoto\/2008\/06\/08\/le-toulousain-m\/#primaryimage\"},\"image\":{\"@id\":\"https:\/\/blogs.thesocialmedia.com\/leblogmoto\/2008\/06\/08\/le-toulousain-m\/#primaryimage\"},\"thumbnailUrl\":\"http:\/\/www.leblogmoto.com\/images\/2008\/06\/08\/motogp_di_meglio_en_action_est.jpg\",\"datePublished\":\"2008-06-08T15:20:48+00:00\",\"dateModified\":\"2012-07-11T15:54:52+00:00\",\"author\":{\"@id\":\"https:\/\/blogs.thesocialmedia.com\/leblogmoto\/#\/schema\/person\/18bfe773e5725ed6d24f743da805362a\"},\"breadcrumb\":{\"@id\":\"https:\/\/blogs.thesocialmedia.com\/leblogmoto\/2008\/06\/08\/le-toulousain-m\/#breadcrumb\"},\"inLanguage\":\"fr-FR\",\"potentialAction\":[{\"@type\":\"ReadAction\",\"target\":[\"https:\/\/blogs.thesocialmedia.com\/leblogmoto\/2008\/06\/08\/le-toulousain-m\/\"]}]},{\"@type\":\"ImageObject\",\"inLanguage\":\"fr-FR\",\"@id\":\"https:\/\/blogs.thesocialmedia.com\/leblogmoto\/2008\/06\/08\/le-toulousain-m\/#primaryimage\",\"url\":\"http:\/\/www.leblogmoto.com\/images\/2008\/06\/08\/motogp_di_meglio_en_action_est.jpg\",\"contentUrl\":\"http:\/\/www.leblogmoto.com\/images\/2008\/06\/08\/motogp_di_meglio_en_action_est.jpg\"},{\"@type\":\"BreadcrumbList\",\"@id\":\"https:\/\/blogs.thesocialmedia.com\/leblogmoto\/2008\/06\/08\/le-toulousain-m\/#breadcrumb\",\"itemListElement\":[{\"@type\":\"ListItem\",\"position\":1,\"name\":\"Accueil\",\"item\":\"https:\/\/blogs.thesocialmedia.com\/leblogmoto\/\"},{\"@type\":\"ListItem\",\"position\":2,\"name\":\"Le Toulousain Mike Di Meglio sait aussi gagner sur le sec.\"}]},{\"@type\":\"WebSite\",\"@id\":\"https:\/\/blogs.thesocialmedia.com\/leblogmoto\/#website\",\"url\":\"https:\/\/blogs.thesocialmedia.com\/leblogmoto\/\",\"name\":\"leblogmoto\",\"description\":\"Toute l&#039;actualit\u00e9 des 2 roues\",\"potentialAction\":[{\"@type\":\"SearchAction\",\"target\":{\"@type\":\"EntryPoint\",\"urlTemplate\":\"https:\/\/blogs.thesocialmedia.com\/leblogmoto\/?s={search_term_string}\"},\"query-input\":{\"@type\":\"PropertyValueSpecification\",\"valueRequired\":true,\"valueName\":\"search_term_string\"}}],\"inLanguage\":\"fr-FR\"},{\"@type\":\"Person\",\"@id\":\"https:\/\/blogs.thesocialmedia.com\/leblogmoto\/#\/schema\/person\/18bfe773e5725ed6d24f743da805362a\",\"name\":\"benoit rieu\",\"image\":{\"@type\":\"ImageObject\",\"inLanguage\":\"fr-FR\",\"@id\":\"https:\/\/blogs.thesocialmedia.com\/leblogmoto\/#\/schema\/person\/image\/\",\"url\":\"https:\/\/secure.gravatar.com\/avatar\/?s=96&d=mm&r=g\",\"contentUrl\":\"https:\/\/secure.gravatar.com\/avatar\/?s=96&d=mm&r=g\",\"caption\":\"benoit rieu\"},\"url\":\"https:\/\/blogs.thesocialmedia.com\/leblogmoto\/author\/benoit-rieu\/\"}]}<\/script>\n<!-- \/ Yoast SEO plugin. -->","yoast_head_json":{"title":"Le Toulousain Mike Di Meglio sait aussi gagner sur le sec. - leblogmoto.com","robots":{"index":"index","follow":"follow","max-snippet":"max-snippet:-1","max-image-preview":"max-image-preview:large","max-video-preview":"max-video-preview:-1"},"canonical":"https:\/\/blogs.thesocialmedia.com\/leblogmoto\/2008\/06\/08\/le-toulousain-m\/","twitter_card":"summary_large_image","twitter_title":"Le Toulousain Mike Di Meglio sait aussi gagner sur le sec. - leblogmoto.com","twitter_description":"Que ses parents nous pardonnent mais plus que le patronyme italien, c&rsquo;est son pr\u00e9nom anglo-saxon qui l&rsquo;honore. L&rsquo;analogie avec Mike &quot;The Bike&quot; Hailwood et Michael Doohan, est tentante, quoique bien trop pesante et exag\u00e9r\u00e9e \u00e9videmment. Au grand prix de Catalogne sur sa Derbi 125cc le Fran\u00e7ais remporte devant Pol Espargaro et le champion en titre, [&hellip;]","twitter_image":"http:\/\/www.leblogmoto.com\/images\/2008\/06\/08\/motogp_di_meglio_en_action_est.jpg","twitter_misc":{"\u00c9crit par":"benoit rieu","Dur\u00e9e de lecture estim\u00e9e":"4 minutes"},"schema":{"@context":"https:\/\/schema.org","@graph":[{"@type":"WebPage","@id":"https:\/\/blogs.thesocialmedia.com\/leblogmoto\/2008\/06\/08\/le-toulousain-m\/","url":"https:\/\/blogs.thesocialmedia.com\/leblogmoto\/2008\/06\/08\/le-toulousain-m\/","name":"Le Toulousain Mike Di Meglio sait aussi gagner sur le sec. - leblogmoto.com","isPartOf":{"@id":"https:\/\/blogs.thesocialmedia.com\/leblogmoto\/#website"},"primaryImageOfPage":{"@id":"https:\/\/blogs.thesocialmedia.com\/leblogmoto\/2008\/06\/08\/le-toulousain-m\/#primaryimage"},"image":{"@id":"https:\/\/blogs.thesocialmedia.com\/leblogmoto\/2008\/06\/08\/le-toulousain-m\/#primaryimage"},"thumbnailUrl":"http:\/\/www.leblogmoto.com\/images\/2008\/06\/08\/motogp_di_meglio_en_action_est.jpg","datePublished":"2008-06-08T15:20:48+00:00","dateModified":"2012-07-11T15:54:52+00:00","author":{"@id":"https:\/\/blogs.thesocialmedia.com\/leblogmoto\/#\/schema\/person\/18bfe773e5725ed6d24f743da805362a"},"breadcrumb":{"@id":"https:\/\/blogs.thesocialmedia.com\/leblogmoto\/2008\/06\/08\/le-toulousain-m\/#breadcrumb"},"inLanguage":"fr-FR","potentialAction":[{"@type":"ReadAction","target":["https:\/\/blogs.thesocialmedia.com\/leblogmoto\/2008\/06\/08\/le-toulousain-m\/"]}]},{"@type":"ImageObject","inLanguage":"fr-FR","@id":"https:\/\/blogs.thesocialmedia.com\/leblogmoto\/2008\/06\/08\/le-toulousain-m\/#primaryimage","url":"http:\/\/www.leblogmoto.com\/images\/2008\/06\/08\/motogp_di_meglio_en_action_est.jpg","contentUrl":"http:\/\/www.leblogmoto.com\/images\/2008\/06\/08\/motogp_di_meglio_en_action_est.jpg"},{"@type":"BreadcrumbList","@id":"https:\/\/blogs.thesocialmedia.com\/leblogmoto\/2008\/06\/08\/le-toulousain-m\/#breadcrumb","itemListElement":[{"@type":"ListItem","position":1,"name":"Accueil","item":"https:\/\/blogs.thesocialmedia.com\/leblogmoto\/"},{"@type":"ListItem","position":2,"name":"Le Toulousain Mike Di Meglio sait aussi gagner sur le sec."}]},{"@type":"WebSite","@id":"https:\/\/blogs.thesocialmedia.com\/leblogmoto\/#website","url":"https:\/\/blogs.thesocialmedia.com\/leblogmoto\/","name":"leblogmoto","description":"Toute l&#039;actualit\u00e9 des 2 roues","potentialAction":[{"@type":"SearchAction","target":{"@type":"EntryPoint","urlTemplate":"https:\/\/blogs.thesocialmedia.com\/leblogmoto\/?s={search_term_string}"},"query-input":{"@type":"PropertyValueSpecification","valueRequired":true,"valueName":"search_term_string"}}],"inLanguage":"fr-FR"},{"@type":"Person","@id":"https:\/\/blogs.thesocialmedia.com\/leblogmoto\/#\/schema\/person\/18bfe773e5725ed6d24f743da805362a","name":"benoit rieu","image":{"@type":"ImageObject","inLanguage":"fr-FR","@id":"https:\/\/blogs.thesocialmedia.com\/leblogmoto\/#\/schema\/person\/image\/","url":"https:\/\/secure.gravatar.com\/avatar\/?s=96&d=mm&r=g","contentUrl":"https:\/\/secure.gravatar.com\/avatar\/?s=96&d=mm&r=g","caption":"benoit rieu"},"url":"https:\/\/blogs.thesocialmedia.com\/leblogmoto\/author\/benoit-rieu\/"}]}},"_links":{"self":[{"href":"https:\/\/blogs.thesocialmedia.com\/leblogmoto\/wp-json\/wp\/v2\/posts\/639","targetHints":{"allow":["GET"]}}],"collection":[{"href":"https:\/\/blogs.thesocialmedia.com\/leblogmoto\/wp-json\/wp\/v2\/posts"}],"about":[{"href":"https:\/\/blogs.thesocialmedia.com\/leblogmoto\/wp-json\/wp\/v2\/types\/post"}],"author":[{"embeddable":true,"href":"https:\/\/blogs.thesocialmedia.com\/leblogmoto\/wp-json\/wp\/v2\/users\/324"}],"replies":[{"embeddable":true,"href":"https:\/\/blogs.thesocialmedia.com\/leblogmoto\/wp-json\/wp\/v2\/comments?post=639"}],"version-history":[{"count":2,"href":"https:\/\/blogs.thesocialmedia.com\/leblogmoto\/wp-json\/wp\/v2\/posts\/639\/revisions"}],"predecessor-version":[{"id":10953,"href":"https:\/\/blogs.thesocialmedia.com\/leblogmoto\/wp-json\/wp\/v2\/posts\/639\/revisions\/10953"}],"wp:attachment":[{"href":"https:\/\/blogs.thesocialmedia.com\/leblogmoto\/wp-json\/wp\/v2\/media?parent=639"}],"wp:term":[{"taxonomy":"category","embeddable":true,"href":"https:\/\/blogs.thesocialmedia.com\/leblogmoto\/wp-json\/wp\/v2\/categories?post=639"},{"taxonomy":"post_tag","embeddable":true,"href":"https:\/\/blogs.thesocialmedia.com\/leblogmoto\/wp-json\/wp\/v2\/tags?post=639"}],"curies":[{"name":"wp","href":"https:\/\/api.w.org\/{rel}","templated":true}]}}