{"id":640,"date":"2008-06-07T20:27:48","date_gmt":"2008-06-07T20:27:48","guid":{"rendered":"http:\/\/blogs.thesocialmedia.com\/leblogmoto\/2008\/06\/07\/premire-pole-po\/"},"modified":"2012-07-11T15:54:50","modified_gmt":"2012-07-11T15:54:50","slug":"premire-pole-po","status":"publish","type":"post","link":"https:\/\/blogs.thesocialmedia.com\/leblogmoto\/2008\/06\/07\/premire-pole-po\/","title":{"rendered":"Stoner signe sa premi\u00e8re pole de 2008 devant une meute bibendum."},"content":{"rendered":"<p><a href=\"http:\/\/blogs.thesocialmedia.com\/leblogmoto\/files\/2012\/07\/motogp_casey_stoner_catalunya_2008_.jpg\"><img loading=\"lazy\" decoding=\"async\" width=\"470\" height=\"312\"  src=\"http:\/\/www.leblogmoto.com\/images\/2008\/06\/07\/motogp_casey_stoner_catalunya_2008_.jpg\" alt=\"Motogp_casey_stoner_catalunya_2008_\" \/><\/a><\/p>\n<p>Une onzi\u00e8me position de pointe dans sa carri\u00e8re, et une progression semble t&rsquo;il logique pour le champion en titre qui fait honneur au chiffre sur son car\u00e9nage. Notez que son destrier Desmosedici GP08 dans sa nouvelle-nouvelle version tient un peu de la GP07*, apr\u00e8s les r\u00e9criminations de <a href=\"http:\/\/www.caseystoner.com.au\/\">l&rsquo;Australien<\/a> qui se plaignait de ne pouvoir effectuer deux tours identiques. Seul pilote en Bridge dans les sept premiers, le vainqueur de l&rsquo;ann\u00e9e derni\u00e8re \u00e0 Montmelo avait fini troisi\u00e8me de la s\u00e9ance d&rsquo;essais libres dans la matin\u00e9e. Avec ce temps canon de 1&rsquo;41\u00a0\u00bb186 il fait \u00e9galement tomber le record de Vale acquis l&rsquo;an dernier en 1&rsquo;41\u00a0\u00bb840. Le leader du championnat a eu bien du mal avec ses pneus de qualifs et d\u00e9croche un tr\u00e8s d\u00e9cevant neuvi\u00e8me temps pour pointer \u00e0 une seconde du poleman. <\/p>\n<p><a href=\"http:\/\/clabedan.typepad.com\/.shared\/image.html?\/photos\/uncategorized\/2008\/06\/07\/motogp_casey_stoner_catalunya_200_2.jpg\"><img loading=\"lazy\" decoding=\"async\" width=\"470\" height=\"312\"  src=\"http:\/\/www.leblogmoto.com\/images\/2008\/06\/07\/motogp_casey_stoner_catalunya_200_2.jpg\" alt=\"Motogp_casey_stoner_catalunya_200_2\" \/><\/a><\/p>\n<p>Ce dernier a d\u00e9clar\u00e9 &quot;c&rsquo;est un peu une surprise. Nous avons eu de la chance avec notre pneu de qualification, mais avec les pneus de course on est de plus en plus rapide&quot;. Il coiffe l&rsquo;auteur des meilleurs chronos des essais libres de vendredi, Dani Pedrosa, de 83 milli\u00e8mes, et un Nicky Hayden qui a senti le vent du boulet lors du dernier grand prix et qui se d\u00e9carcasse, tout deux sur Repsol Honda. <\/p>\n<p>Un Pedrosa qui fait contre mauvaise fortune bon c\u0153ur &quot;ce fut une s\u00e9ance difficile car j&rsquo;ai cass\u00e9 le moteur de la moto dans un virage et j&rsquo;ai perdu beaucoup de temps pendant la s\u00e9ance. Il a fallu rentrer au stand et repartir (avec la deuxi\u00e8me moto). Finalement cette deuxi\u00e8me place est une bonne place.&quot;<\/p>\n<p><a href=\"http:\/\/blogs.thesocialmedia.com\/leblogmoto\/files\/2012\/07\/motogp_pedrosa_catalunya_2008_quali.jpg\"><img loading=\"lazy\" decoding=\"async\" width=\"470\" height=\"312\"  src=\"http:\/\/www.leblogmoto.com\/images\/2008\/06\/07\/motogp_pedrosa_catalunya_2008_quali.jpg\" alt=\"Motogp_pedrosa_catalunya_2008_quali\" \/><\/a><\/p>\n<p>La deuxi\u00e8me ligne sera emmen\u00e9e par le Fran\u00e7ais Randy de Puniet auteur d&rsquo;un excellent temps \u00e0 38 centi\u00e8mes (et des poussi\u00e8res) de Stoner, et qualifi\u00e9 devant Colin Edwards et James Toseland, sur les Yamaha Tech3.<\/p>\n<p>Andrea Dovizioso emm\u00e8nera la troisi\u00e8me ligne, second\u00e9 par Chris Vermeulen sur Rizla Suzuki (en photo, devant son co\u00e9uipier Capirossi, 11\u00e8me temps) et Valentino Rossi donc. Tandis que dans le fond de la grille les pilotes les plus en difficult\u00e9s Marco Melandri et Anthony West cl\u00f4turent, sans surprise, la marche. Juste derri\u00e8re Sylvain Guintoli. <\/p>\n<p>J&rsquo;avais dit que Kawa ne devait plus penser \u00e0 essayer de remplacer West et proc\u00e9der \u00e0 ce remplacement tout court, mais du c\u00f4t\u00e9 du constructeur italien on doit avoir les m\u00eames vell\u00e9it\u00e9s, malgr\u00e9 le consensus de fa\u00e7ade (&quot;Nous feront tout pour aider Marco&quot; prononc\u00e9 en Italie).<\/p>\n<p> <a href=\"http:\/\/blogs.thesocialmedia.com\/leblogmoto\/files\/2012\/07\/motogp_caprirossi_catalunya_2008_qu.jpg\"><img loading=\"lazy\" decoding=\"async\" width=\"470\" height=\"312\"  alt=\"Motogp_caprirossi_catalunya_2008_qu\" src=\"http:\/\/www.leblogmoto.com\/images\/2008\/06\/07\/motogp_caprirossi_catalunya_2008_qu.jpg\" \/><\/a> <\/p>\n<p><span class=\"texte4\" style=\"text-align: justify\"><span style=\"font-style: italic\">*Felippo Preziosi a ainsi d\u00e9clar\u00e9: &quot;<\/span><em>Nous utilisons \u00e0 pr\u00e9sent des pi\u00e8ces m\u00e9caniques et des composants \u00e9lectroniques de la GP07 en bin\u00f4me avec les \u00e9l\u00e9ments de la GP08. Le r\u00e9sultat en est que nous sommes revenus au point o\u00f9 nous \u00e9tions et la confiance est revenue. Nous avons retrouv\u00e9 du couple et une machine au comportement sain<\/em>.&quot; <em>Alors que la firme de Borgo Panigale a d\u00e9j\u00e0 pr\u00e9vu de faire rouler la GP09 sous les fesses de son pilote essayeur <\/em><\/span><em><span class=\"texte4\" style=\"text-align: justify\">Vittoriano Guareschi et ce d\u00e8s lundi prochain.<\/span><\/em><\/p>\n<p><span class=\"pre\"><\/p>\n<pre><strong>Pos&nbsp; Rider&nbsp; &nbsp;&nbsp; &nbsp;&nbsp; &nbsp;&nbsp; &nbsp; Bike&nbsp; &nbsp;&nbsp; &nbsp;&nbsp; &nbsp;&nbsp; Time<\/strong><br \/><br \/> 1.&nbsp; Casey Stoner&nbsp; &nbsp;&nbsp; &nbsp;Ducati&nbsp; &nbsp; (B)&nbsp; 1:41.186<br \/><br \/> 2.&nbsp; Dani Pedrosa&nbsp; &nbsp;&nbsp; &nbsp;Honda&nbsp; &nbsp;&nbsp; (M)&nbsp; 1:41.269&nbsp; + 0.083<br \/><br \/> 3.&nbsp; Nicky Hayden&nbsp; &nbsp;&nbsp; &nbsp;Honda&nbsp; &nbsp;&nbsp; (M)&nbsp; 1:41.437&nbsp; + 0.251<br \/><br \/> 4.&nbsp; Randy de Puniet&nbsp; &nbsp;Honda&nbsp; &nbsp;&nbsp; (M)&nbsp; 1:41.571&nbsp; + 0.385<br \/><br \/> 5.&nbsp; Colin Edwards&nbsp; &nbsp;&nbsp; Yamaha&nbsp; &nbsp; (M)&nbsp; 1:41.609&nbsp; + 0.423<br \/><br \/> 6.&nbsp; James Toseland&nbsp; &nbsp; Yamaha&nbsp; &nbsp; (M)&nbsp; 1:41.820&nbsp; + 0.634<br \/><br \/> 7.&nbsp; Andrea Dovizioso&nbsp; Honda&nbsp; &nbsp;&nbsp; (M)&nbsp; 1:42.053&nbsp; + 0.867<br \/><br \/> 8.&nbsp; Chris Vermeulen&nbsp; &nbsp;Suzuki&nbsp; &nbsp; (B)&nbsp; 1:42.365&nbsp; + 1.179<br \/><br \/> 9.&nbsp; Valentino Rossi&nbsp; &nbsp;Yamaha&nbsp; &nbsp; (B)&nbsp; 1:42.427&nbsp; + 1.241<br \/><br \/>10.&nbsp; Alex de Angelis&nbsp; &nbsp;Honda&nbsp; &nbsp;&nbsp; (B)&nbsp; 1:42.580&nbsp; + 1.394<br \/><br \/>11.&nbsp; Toni Elias&nbsp; &nbsp;&nbsp; &nbsp;&nbsp; Ducati&nbsp; &nbsp; (B)&nbsp; 1:42.622&nbsp; + 1.457<br \/><br \/>12.&nbsp; Shinya Nakano&nbsp; &nbsp;&nbsp; Honda&nbsp; &nbsp;&nbsp; (B)&nbsp; 1:42.643&nbsp; + 1.462<br \/><br \/>13.&nbsp; Loris Capirossi&nbsp; &nbsp;Suzuki&nbsp; &nbsp; (B)&nbsp; 1:42.648&nbsp; + 1.622<br \/><br \/>14.&nbsp; John Hopkins&nbsp; &nbsp;&nbsp; &nbsp;Kawasaki&nbsp; (B)&nbsp; 1:42.819&nbsp; + 1.633<br \/><br \/>15.&nbsp; Sylvain Guintoli&nbsp; Ducati&nbsp; &nbsp; (B)&nbsp; 1:43.204&nbsp; + 2.018<br \/><br \/>16.&nbsp; Marco Melandri&nbsp; &nbsp; Ducati&nbsp; &nbsp; (B)&nbsp; 1:43.719&nbsp; + 2.533<br \/><br \/>17.&nbsp; Anthony West&nbsp; &nbsp;&nbsp; &nbsp;Kawasaki&nbsp; (B)&nbsp; 1:44.558&nbsp; + 3.372<br \/><br \/>Source du classement: Autosport.com<\/pre>\n<p><\/span><\/p>\n","protected":false},"excerpt":{"rendered":"<p>Une onzi\u00e8me position de pointe dans sa carri\u00e8re, et une progression semble t&rsquo;il logique pour le champion en titre qui fait honneur au chiffre sur son car\u00e9nage. Notez que son destrier Desmosedici GP08 dans sa nouvelle-nouvelle version tient un peu de la GP07*, apr\u00e8s les r\u00e9criminations de l&rsquo;Australien qui se plaignait de ne pouvoir effectuer [&hellip;]<\/p>\n","protected":false},"author":324,"featured_media":0,"comment_status":"open","ping_status":"open","sticky":false,"template":"","format":"standard","meta":{"footnotes":""},"categories":[3,41,22],"tags":[],"class_list":["post-640","post","type-post","status-publish","format-standard","hentry","category-actualite","category-ducati","category-motogp"],"yoast_head":"<!-- This site is optimized with the Yoast SEO plugin v26.0 - https:\/\/yoast.com\/wordpress\/plugins\/seo\/ -->\n<title>Stoner signe sa premi\u00e8re pole de 2008 devant une meute bibendum. - leblogmoto.com<\/title>\n<meta name=\"robots\" content=\"index, follow, max-snippet:-1, max-image-preview:large, max-video-preview:-1\" \/>\n<link rel=\"canonical\" href=\"https:\/\/blogs.thesocialmedia.com\/leblogmoto\/2008\/06\/07\/premire-pole-po\/\" \/>\n<meta name=\"twitter:card\" content=\"summary_large_image\" \/>\n<meta name=\"twitter:title\" content=\"Stoner signe sa premi\u00e8re pole de 2008 devant une meute bibendum. - leblogmoto.com\" \/>\n<meta name=\"twitter:description\" content=\"Une onzi\u00e8me position de pointe dans sa carri\u00e8re, et une progression semble t&rsquo;il logique pour le champion en titre qui fait honneur au chiffre sur son car\u00e9nage. Notez que son destrier Desmosedici GP08 dans sa nouvelle-nouvelle version tient un peu de la GP07*, apr\u00e8s les r\u00e9criminations de l&rsquo;Australien qui se plaignait de ne pouvoir effectuer [&hellip;]\" \/>\n<meta name=\"twitter:image\" content=\"http:\/\/www.leblogmoto.com\/images\/2008\/06\/07\/motogp_casey_stoner_catalunya_2008_.jpg\" \/>\n<meta name=\"twitter:label1\" content=\"\u00c9crit par\" \/>\n\t<meta name=\"twitter:data1\" content=\"benoit rieu\" \/>\n\t<meta name=\"twitter:label2\" content=\"Dur\u00e9e de lecture estim\u00e9e\" \/>\n\t<meta name=\"twitter:data2\" content=\"4 minutes\" \/>\n<script type=\"application\/ld+json\" class=\"yoast-schema-graph\">{\"@context\":\"https:\/\/schema.org\",\"@graph\":[{\"@type\":\"WebPage\",\"@id\":\"https:\/\/blogs.thesocialmedia.com\/leblogmoto\/2008\/06\/07\/premire-pole-po\/\",\"url\":\"https:\/\/blogs.thesocialmedia.com\/leblogmoto\/2008\/06\/07\/premire-pole-po\/\",\"name\":\"Stoner signe sa premi\u00e8re pole de 2008 devant une meute bibendum. - leblogmoto.com\",\"isPartOf\":{\"@id\":\"https:\/\/blogs.thesocialmedia.com\/leblogmoto\/#website\"},\"primaryImageOfPage\":{\"@id\":\"https:\/\/blogs.thesocialmedia.com\/leblogmoto\/2008\/06\/07\/premire-pole-po\/#primaryimage\"},\"image\":{\"@id\":\"https:\/\/blogs.thesocialmedia.com\/leblogmoto\/2008\/06\/07\/premire-pole-po\/#primaryimage\"},\"thumbnailUrl\":\"http:\/\/www.leblogmoto.com\/images\/2008\/06\/07\/motogp_casey_stoner_catalunya_2008_.jpg\",\"datePublished\":\"2008-06-07T20:27:48+00:00\",\"dateModified\":\"2012-07-11T15:54:50+00:00\",\"author\":{\"@id\":\"https:\/\/blogs.thesocialmedia.com\/leblogmoto\/#\/schema\/person\/18bfe773e5725ed6d24f743da805362a\"},\"breadcrumb\":{\"@id\":\"https:\/\/blogs.thesocialmedia.com\/leblogmoto\/2008\/06\/07\/premire-pole-po\/#breadcrumb\"},\"inLanguage\":\"fr-FR\",\"potentialAction\":[{\"@type\":\"ReadAction\",\"target\":[\"https:\/\/blogs.thesocialmedia.com\/leblogmoto\/2008\/06\/07\/premire-pole-po\/\"]}]},{\"@type\":\"ImageObject\",\"inLanguage\":\"fr-FR\",\"@id\":\"https:\/\/blogs.thesocialmedia.com\/leblogmoto\/2008\/06\/07\/premire-pole-po\/#primaryimage\",\"url\":\"http:\/\/www.leblogmoto.com\/images\/2008\/06\/07\/motogp_casey_stoner_catalunya_2008_.jpg\",\"contentUrl\":\"http:\/\/www.leblogmoto.com\/images\/2008\/06\/07\/motogp_casey_stoner_catalunya_2008_.jpg\"},{\"@type\":\"BreadcrumbList\",\"@id\":\"https:\/\/blogs.thesocialmedia.com\/leblogmoto\/2008\/06\/07\/premire-pole-po\/#breadcrumb\",\"itemListElement\":[{\"@type\":\"ListItem\",\"position\":1,\"name\":\"Accueil\",\"item\":\"https:\/\/blogs.thesocialmedia.com\/leblogmoto\/\"},{\"@type\":\"ListItem\",\"position\":2,\"name\":\"Stoner signe sa premi\u00e8re pole de 2008 devant une meute bibendum.\"}]},{\"@type\":\"WebSite\",\"@id\":\"https:\/\/blogs.thesocialmedia.com\/leblogmoto\/#website\",\"url\":\"https:\/\/blogs.thesocialmedia.com\/leblogmoto\/\",\"name\":\"leblogmoto\",\"description\":\"Toute l&#039;actualit\u00e9 des 2 roues\",\"potentialAction\":[{\"@type\":\"SearchAction\",\"target\":{\"@type\":\"EntryPoint\",\"urlTemplate\":\"https:\/\/blogs.thesocialmedia.com\/leblogmoto\/?s={search_term_string}\"},\"query-input\":{\"@type\":\"PropertyValueSpecification\",\"valueRequired\":true,\"valueName\":\"search_term_string\"}}],\"inLanguage\":\"fr-FR\"},{\"@type\":\"Person\",\"@id\":\"https:\/\/blogs.thesocialmedia.com\/leblogmoto\/#\/schema\/person\/18bfe773e5725ed6d24f743da805362a\",\"name\":\"benoit rieu\",\"image\":{\"@type\":\"ImageObject\",\"inLanguage\":\"fr-FR\",\"@id\":\"https:\/\/blogs.thesocialmedia.com\/leblogmoto\/#\/schema\/person\/image\/\",\"url\":\"https:\/\/secure.gravatar.com\/avatar\/?s=96&d=mm&r=g\",\"contentUrl\":\"https:\/\/secure.gravatar.com\/avatar\/?s=96&d=mm&r=g\",\"caption\":\"benoit rieu\"},\"url\":\"https:\/\/blogs.thesocialmedia.com\/leblogmoto\/author\/benoit-rieu\/\"}]}<\/script>\n<!-- \/ Yoast SEO plugin. -->","yoast_head_json":{"title":"Stoner signe sa premi\u00e8re pole de 2008 devant une meute bibendum. - leblogmoto.com","robots":{"index":"index","follow":"follow","max-snippet":"max-snippet:-1","max-image-preview":"max-image-preview:large","max-video-preview":"max-video-preview:-1"},"canonical":"https:\/\/blogs.thesocialmedia.com\/leblogmoto\/2008\/06\/07\/premire-pole-po\/","twitter_card":"summary_large_image","twitter_title":"Stoner signe sa premi\u00e8re pole de 2008 devant une meute bibendum. - leblogmoto.com","twitter_description":"Une onzi\u00e8me position de pointe dans sa carri\u00e8re, et une progression semble t&rsquo;il logique pour le champion en titre qui fait honneur au chiffre sur son car\u00e9nage. Notez que son destrier Desmosedici GP08 dans sa nouvelle-nouvelle version tient un peu de la GP07*, apr\u00e8s les r\u00e9criminations de l&rsquo;Australien qui se plaignait de ne pouvoir effectuer [&hellip;]","twitter_image":"http:\/\/www.leblogmoto.com\/images\/2008\/06\/07\/motogp_casey_stoner_catalunya_2008_.jpg","twitter_misc":{"\u00c9crit par":"benoit rieu","Dur\u00e9e de lecture estim\u00e9e":"4 minutes"},"schema":{"@context":"https:\/\/schema.org","@graph":[{"@type":"WebPage","@id":"https:\/\/blogs.thesocialmedia.com\/leblogmoto\/2008\/06\/07\/premire-pole-po\/","url":"https:\/\/blogs.thesocialmedia.com\/leblogmoto\/2008\/06\/07\/premire-pole-po\/","name":"Stoner signe sa premi\u00e8re pole de 2008 devant une meute bibendum. - leblogmoto.com","isPartOf":{"@id":"https:\/\/blogs.thesocialmedia.com\/leblogmoto\/#website"},"primaryImageOfPage":{"@id":"https:\/\/blogs.thesocialmedia.com\/leblogmoto\/2008\/06\/07\/premire-pole-po\/#primaryimage"},"image":{"@id":"https:\/\/blogs.thesocialmedia.com\/leblogmoto\/2008\/06\/07\/premire-pole-po\/#primaryimage"},"thumbnailUrl":"http:\/\/www.leblogmoto.com\/images\/2008\/06\/07\/motogp_casey_stoner_catalunya_2008_.jpg","datePublished":"2008-06-07T20:27:48+00:00","dateModified":"2012-07-11T15:54:50+00:00","author":{"@id":"https:\/\/blogs.thesocialmedia.com\/leblogmoto\/#\/schema\/person\/18bfe773e5725ed6d24f743da805362a"},"breadcrumb":{"@id":"https:\/\/blogs.thesocialmedia.com\/leblogmoto\/2008\/06\/07\/premire-pole-po\/#breadcrumb"},"inLanguage":"fr-FR","potentialAction":[{"@type":"ReadAction","target":["https:\/\/blogs.thesocialmedia.com\/leblogmoto\/2008\/06\/07\/premire-pole-po\/"]}]},{"@type":"ImageObject","inLanguage":"fr-FR","@id":"https:\/\/blogs.thesocialmedia.com\/leblogmoto\/2008\/06\/07\/premire-pole-po\/#primaryimage","url":"http:\/\/www.leblogmoto.com\/images\/2008\/06\/07\/motogp_casey_stoner_catalunya_2008_.jpg","contentUrl":"http:\/\/www.leblogmoto.com\/images\/2008\/06\/07\/motogp_casey_stoner_catalunya_2008_.jpg"},{"@type":"BreadcrumbList","@id":"https:\/\/blogs.thesocialmedia.com\/leblogmoto\/2008\/06\/07\/premire-pole-po\/#breadcrumb","itemListElement":[{"@type":"ListItem","position":1,"name":"Accueil","item":"https:\/\/blogs.thesocialmedia.com\/leblogmoto\/"},{"@type":"ListItem","position":2,"name":"Stoner signe sa premi\u00e8re pole de 2008 devant une meute bibendum."}]},{"@type":"WebSite","@id":"https:\/\/blogs.thesocialmedia.com\/leblogmoto\/#website","url":"https:\/\/blogs.thesocialmedia.com\/leblogmoto\/","name":"leblogmoto","description":"Toute l&#039;actualit\u00e9 des 2 roues","potentialAction":[{"@type":"SearchAction","target":{"@type":"EntryPoint","urlTemplate":"https:\/\/blogs.thesocialmedia.com\/leblogmoto\/?s={search_term_string}"},"query-input":{"@type":"PropertyValueSpecification","valueRequired":true,"valueName":"search_term_string"}}],"inLanguage":"fr-FR"},{"@type":"Person","@id":"https:\/\/blogs.thesocialmedia.com\/leblogmoto\/#\/schema\/person\/18bfe773e5725ed6d24f743da805362a","name":"benoit rieu","image":{"@type":"ImageObject","inLanguage":"fr-FR","@id":"https:\/\/blogs.thesocialmedia.com\/leblogmoto\/#\/schema\/person\/image\/","url":"https:\/\/secure.gravatar.com\/avatar\/?s=96&d=mm&r=g","contentUrl":"https:\/\/secure.gravatar.com\/avatar\/?s=96&d=mm&r=g","caption":"benoit rieu"},"url":"https:\/\/blogs.thesocialmedia.com\/leblogmoto\/author\/benoit-rieu\/"}]}},"_links":{"self":[{"href":"https:\/\/blogs.thesocialmedia.com\/leblogmoto\/wp-json\/wp\/v2\/posts\/640","targetHints":{"allow":["GET"]}}],"collection":[{"href":"https:\/\/blogs.thesocialmedia.com\/leblogmoto\/wp-json\/wp\/v2\/posts"}],"about":[{"href":"https:\/\/blogs.thesocialmedia.com\/leblogmoto\/wp-json\/wp\/v2\/types\/post"}],"author":[{"embeddable":true,"href":"https:\/\/blogs.thesocialmedia.com\/leblogmoto\/wp-json\/wp\/v2\/users\/324"}],"replies":[{"embeddable":true,"href":"https:\/\/blogs.thesocialmedia.com\/leblogmoto\/wp-json\/wp\/v2\/comments?post=640"}],"version-history":[{"count":2,"href":"https:\/\/blogs.thesocialmedia.com\/leblogmoto\/wp-json\/wp\/v2\/posts\/640\/revisions"}],"predecessor-version":[{"id":10951,"href":"https:\/\/blogs.thesocialmedia.com\/leblogmoto\/wp-json\/wp\/v2\/posts\/640\/revisions\/10951"}],"wp:attachment":[{"href":"https:\/\/blogs.thesocialmedia.com\/leblogmoto\/wp-json\/wp\/v2\/media?parent=640"}],"wp:term":[{"taxonomy":"category","embeddable":true,"href":"https:\/\/blogs.thesocialmedia.com\/leblogmoto\/wp-json\/wp\/v2\/categories?post=640"},{"taxonomy":"post_tag","embeddable":true,"href":"https:\/\/blogs.thesocialmedia.com\/leblogmoto\/wp-json\/wp\/v2\/tags?post=640"}],"curies":[{"name":"wp","href":"https:\/\/api.w.org\/{rel}","templated":true}]}}