{"id":642,"date":"2008-06-07T10:56:04","date_gmt":"2008-06-07T10:56:04","guid":{"rendered":"http:\/\/blogs.thesocialmedia.com\/leblogmoto\/2008\/06\/07\/souffrant-dun-t\/"},"modified":"2012-07-11T15:54:39","modified_gmt":"2012-07-11T15:54:39","slug":"souffrant-dun-t","status":"publish","type":"post","link":"https:\/\/blogs.thesocialmedia.com\/leblogmoto\/2008\/06\/07\/souffrant-dun-t\/","title":{"rendered":"Souffrant d&rsquo;un traumatisme cr\u00e2nien, Lorenzo doit renoncer."},"content":{"rendered":"<p><a href=\"http:\/\/blogs.thesocialmedia.com\/leblogmoto\/files\/2012\/07\/motogp_jorge_lorenzo.jpg\"><img loading=\"lazy\" decoding=\"async\" width=\"470\" height=\"309\"  alt=\"Motogp_jorge_lorenzo\" src=\"http:\/\/www.leblogmoto.com\/images\/2008\/06\/07\/motogp_jorge_lorenzo.jpg\" \/><\/a> <\/p>\n<p>Bless\u00e9 hier pendant la deuxi\u00e8me s\u00e9ance d&rsquo;essais libres du Grand Prix moto de Catalogne, il a \u00e9t\u00e9 transport\u00e9 \u00e0 l&rsquo;h\u00f4pital Dexeus (en fond sur cette photo, lors de la <a href=\"http:\/\/blogs.thesocialmedia.com\/leblogmoto\/files\/2012\/07\/lorenzo-vainque.html_.png\">premi\u00e8re intervention<\/a>) de Barcelone en h\u00e9licopt\u00e8re apr\u00e8s avoir perdu l&rsquo;avant de sa M1 dans le virage 11, environ 14 minutes apr\u00e8s le d\u00e9but de la s\u00e9ance et s&rsquo;\u00eatre visiblement \u00e9vanoui cons\u00e9cutivement \u00e0 sa chute. Troisi\u00e8me actuellement du classement des pilotes et s\u00e9rieux pr\u00e9tendant au titre, l&rsquo;exub\u00e9rant champion de 250cc s&rsquo;achemine, contraint et forc\u00e9, vers un second r\u00e9sultat vierge de rang apr\u00e8s le grand prix d&rsquo;Italie. La photo suivante a \u00e9t\u00e9 prise lors de la premi\u00e8re s\u00e9ance d&rsquo;essai.<br \/>&nbsp; <\/p>\n<p><a href=\"http:\/\/clabedan.typepad.com\/.shared\/image.html?\/photos\/uncategorized\/2008\/06\/07\/motogp_jorge_lorenzo_catalunya_2008.jpg\"><img loading=\"lazy\" decoding=\"async\" width=\"470\" height=\"312\"  src=\"http:\/\/www.leblogmoto.com\/images\/2008\/06\/07\/motogp_jorge_lorenzo_catalunya_2008.jpg\" alt=\"Motogp_jorge_lorenzo_catalunya_2008\" \/><\/a> <\/p>\n<p><a href=\"http:\/\/blogs.thesocialmedia.com\/leblogmoto\/files\/2012\/07\/lorenzo-vainque.html_.png\">Xavier Mir<\/a>, le m\u00e9decin qui a op\u00e9r\u00e9 les chevilles de Lorenzo en raison de son accident il y a un mois \u00e0 Shanghai (quatri\u00e8me photo de cet article), a d\u00e9clar\u00e9 aux medias que le pilote devait passer un scanner, Jorge se tenait la main droite quand il a \u00e9t\u00e9 transport\u00e9 sur une civi\u00e8re dans l&rsquo;h\u00e9licopt\u00e8re. Mais surtout il semble av\u00e9r\u00e9 qu&rsquo;il ait perdu bri\u00e8vement connaissance, cons\u00e9cutivement \u00e0 sa chute d&rsquo;hier. <\/p>\n<p>Lors de sa seconde entrevue avec la presse, \u00e0 la suite des examens, le m\u00e9decin a d\u00e9clar\u00e9 &quot;Je peux confirmer que Lorenzo ne sera pas en mesure de piloter, ce week-end, apr\u00e8s que les examens effectu\u00e9s \u00e0 l&rsquo;Institut Dexeus aient confirm\u00e9 les blessures suivantes. Il a souffert un traumatisme cr\u00e2nien et a perdu connaissance.&quot;<\/p>\n<p><a href=\"http:\/\/clabedan.typepad.com\/.shared\/image.html?\/photos\/uncategorized\/2008\/06\/07\/motogp_jorge_lorenzo_sepang_2008.jpg\"><img loading=\"lazy\" decoding=\"async\" width=\"470\" height=\"312\"  src=\"http:\/\/www.leblogmoto.com\/images\/2008\/06\/07\/motogp_jorge_lorenzo_sepang_2008.jpg\" alt=\"Motogp_jorge_lorenzo_sepang_2008\" \/><\/a>  <\/p>\n<p>Il ajoute: &quot;Nous avons fait un examen neurologique et nous pouvons confirmer qu&rsquo;il n&rsquo;a ni h\u00e9matome, ni h\u00e9morragie. Il doit cependant rester en observation pendant 48 \u00e0 72 heures. Il est bless\u00e9 aux quatri\u00e8me et cinqui\u00e8me doigts de la main droite, avec abrasion du tendon extenseur. Nous devons voir l&rsquo;\u00e9volution, mais il pourrait avoir besoin d&rsquo;une petite greffe de peau.&quot;<\/p>\n<p>C&rsquo;est donc un coup dur, sans mauvais jeu de mot, pour le Majorquin qui ne pourra d\u00e9fendre et encore moins capitaliser sur ses points devant son public catalan, alors que Rossi est premier avec 122 unit\u00e9s devant Pedrosa \u00e0 110, et que lui-m\u00eame ferme le trio de t\u00eate avec 94 points.<\/p>\n<p><a href=\"http:\/\/blogs.thesocialmedia.com\/leblogmoto\/files\/2012\/07\/motogp_jorge_lorenzo_shanghai_chute.jpg\"><img loading=\"lazy\" decoding=\"async\" width=\"470\" height=\"313\"  src=\"http:\/\/www.leblogmoto.com\/images\/2008\/06\/07\/motogp_jorge_lorenzo_shanghai_chute.jpg\" alt=\"Motogp_jorge_lorenzo_shanghai_chute\" \/><\/a>  <\/p>\n<p>Son <em>team manager<\/em> Daniele Romagnoli d\u00e9clarait &quot;Malheureusement, Jorge a souffert une nouvelle chute, aujourd&rsquo;hui, et il est clair que la chance n&rsquo;est pas de son c\u00f4t\u00e9 en ce moment. Ce matin, nous avions eu une bonne s\u00e9ance et tout se passait tr\u00e8s bien. Nous avions trouv\u00e9 de bons r\u00e9glages de base et \u00e9tions plut\u00f4t content de nos progr\u00e8s. Puis, cet apr\u00e8s-midi, Jorge a perdu l&rsquo;avant et est tomb\u00e9.&quot; <\/p>\n<p>Il minimise, voire \u00e9carte, la faute de pilotage: &quot;Nous avons \u00e9tudi\u00e9 les data et il n&rsquo;a pas commis d&rsquo;erreur particuli\u00e8re. Heureusement, il n&rsquo;a pas aggrav\u00e9 ses blessures aux chevilles mais le traumatisme cr\u00e2nien implique une p\u00e9riode de repos. Nous sommes tr\u00e8s d\u00e9\u00e7us pour Jorge mais le plus important est qu&rsquo;il se repose et prenne le temps de r\u00e9cup\u00e9rer. \u00bb<\/p>\n","protected":false},"excerpt":{"rendered":"<p>Bless\u00e9 hier pendant la deuxi\u00e8me s\u00e9ance d&rsquo;essais libres du Grand Prix moto de Catalogne, il a \u00e9t\u00e9 transport\u00e9 \u00e0 l&rsquo;h\u00f4pital Dexeus (en fond sur cette photo, lors de la premi\u00e8re intervention) de Barcelone en h\u00e9licopt\u00e8re apr\u00e8s avoir perdu l&rsquo;avant de sa M1 dans le virage 11, environ 14 minutes apr\u00e8s le d\u00e9but de la s\u00e9ance [&hellip;]<\/p>\n","protected":false},"author":324,"featured_media":0,"comment_status":"open","ping_status":"open","sticky":false,"template":"","format":"standard","meta":{"footnotes":""},"categories":[3,22],"tags":[],"class_list":["post-642","post","type-post","status-publish","format-standard","hentry","category-actualite","category-motogp"],"yoast_head":"<!-- This site is optimized with the Yoast SEO plugin v26.0 - https:\/\/yoast.com\/wordpress\/plugins\/seo\/ -->\n<title>Souffrant d&#039;un traumatisme cr\u00e2nien, Lorenzo doit renoncer. - leblogmoto.com<\/title>\n<meta name=\"robots\" content=\"index, follow, max-snippet:-1, max-image-preview:large, max-video-preview:-1\" \/>\n<link rel=\"canonical\" href=\"https:\/\/blogs.thesocialmedia.com\/leblogmoto\/2008\/06\/07\/souffrant-dun-t\/\" \/>\n<meta name=\"twitter:card\" content=\"summary_large_image\" \/>\n<meta name=\"twitter:title\" content=\"Souffrant d&#039;un traumatisme cr\u00e2nien, Lorenzo doit renoncer. - leblogmoto.com\" \/>\n<meta name=\"twitter:description\" content=\"Bless\u00e9 hier pendant la deuxi\u00e8me s\u00e9ance d&rsquo;essais libres du Grand Prix moto de Catalogne, il a \u00e9t\u00e9 transport\u00e9 \u00e0 l&rsquo;h\u00f4pital Dexeus (en fond sur cette photo, lors de la premi\u00e8re intervention) de Barcelone en h\u00e9licopt\u00e8re apr\u00e8s avoir perdu l&rsquo;avant de sa M1 dans le virage 11, environ 14 minutes apr\u00e8s le d\u00e9but de la s\u00e9ance [&hellip;]\" \/>\n<meta name=\"twitter:image\" content=\"http:\/\/www.leblogmoto.com\/images\/2008\/06\/07\/motogp_jorge_lorenzo.jpg\" \/>\n<meta name=\"twitter:label1\" content=\"\u00c9crit par\" \/>\n\t<meta name=\"twitter:data1\" content=\"benoit rieu\" \/>\n\t<meta name=\"twitter:label2\" content=\"Dur\u00e9e de lecture estim\u00e9e\" \/>\n\t<meta name=\"twitter:data2\" content=\"3 minutes\" \/>\n<script type=\"application\/ld+json\" class=\"yoast-schema-graph\">{\"@context\":\"https:\/\/schema.org\",\"@graph\":[{\"@type\":\"WebPage\",\"@id\":\"https:\/\/blogs.thesocialmedia.com\/leblogmoto\/2008\/06\/07\/souffrant-dun-t\/\",\"url\":\"https:\/\/blogs.thesocialmedia.com\/leblogmoto\/2008\/06\/07\/souffrant-dun-t\/\",\"name\":\"Souffrant d'un traumatisme cr\u00e2nien, Lorenzo doit renoncer. - leblogmoto.com\",\"isPartOf\":{\"@id\":\"https:\/\/blogs.thesocialmedia.com\/leblogmoto\/#website\"},\"primaryImageOfPage\":{\"@id\":\"https:\/\/blogs.thesocialmedia.com\/leblogmoto\/2008\/06\/07\/souffrant-dun-t\/#primaryimage\"},\"image\":{\"@id\":\"https:\/\/blogs.thesocialmedia.com\/leblogmoto\/2008\/06\/07\/souffrant-dun-t\/#primaryimage\"},\"thumbnailUrl\":\"http:\/\/www.leblogmoto.com\/images\/2008\/06\/07\/motogp_jorge_lorenzo.jpg\",\"datePublished\":\"2008-06-07T10:56:04+00:00\",\"dateModified\":\"2012-07-11T15:54:39+00:00\",\"author\":{\"@id\":\"https:\/\/blogs.thesocialmedia.com\/leblogmoto\/#\/schema\/person\/18bfe773e5725ed6d24f743da805362a\"},\"breadcrumb\":{\"@id\":\"https:\/\/blogs.thesocialmedia.com\/leblogmoto\/2008\/06\/07\/souffrant-dun-t\/#breadcrumb\"},\"inLanguage\":\"fr-FR\",\"potentialAction\":[{\"@type\":\"ReadAction\",\"target\":[\"https:\/\/blogs.thesocialmedia.com\/leblogmoto\/2008\/06\/07\/souffrant-dun-t\/\"]}]},{\"@type\":\"ImageObject\",\"inLanguage\":\"fr-FR\",\"@id\":\"https:\/\/blogs.thesocialmedia.com\/leblogmoto\/2008\/06\/07\/souffrant-dun-t\/#primaryimage\",\"url\":\"http:\/\/www.leblogmoto.com\/images\/2008\/06\/07\/motogp_jorge_lorenzo.jpg\",\"contentUrl\":\"http:\/\/www.leblogmoto.com\/images\/2008\/06\/07\/motogp_jorge_lorenzo.jpg\"},{\"@type\":\"BreadcrumbList\",\"@id\":\"https:\/\/blogs.thesocialmedia.com\/leblogmoto\/2008\/06\/07\/souffrant-dun-t\/#breadcrumb\",\"itemListElement\":[{\"@type\":\"ListItem\",\"position\":1,\"name\":\"Accueil\",\"item\":\"https:\/\/blogs.thesocialmedia.com\/leblogmoto\/\"},{\"@type\":\"ListItem\",\"position\":2,\"name\":\"Souffrant d&rsquo;un traumatisme cr\u00e2nien, Lorenzo doit renoncer.\"}]},{\"@type\":\"WebSite\",\"@id\":\"https:\/\/blogs.thesocialmedia.com\/leblogmoto\/#website\",\"url\":\"https:\/\/blogs.thesocialmedia.com\/leblogmoto\/\",\"name\":\"leblogmoto\",\"description\":\"Toute l&#039;actualit\u00e9 des 2 roues\",\"potentialAction\":[{\"@type\":\"SearchAction\",\"target\":{\"@type\":\"EntryPoint\",\"urlTemplate\":\"https:\/\/blogs.thesocialmedia.com\/leblogmoto\/?s={search_term_string}\"},\"query-input\":{\"@type\":\"PropertyValueSpecification\",\"valueRequired\":true,\"valueName\":\"search_term_string\"}}],\"inLanguage\":\"fr-FR\"},{\"@type\":\"Person\",\"@id\":\"https:\/\/blogs.thesocialmedia.com\/leblogmoto\/#\/schema\/person\/18bfe773e5725ed6d24f743da805362a\",\"name\":\"benoit rieu\",\"image\":{\"@type\":\"ImageObject\",\"inLanguage\":\"fr-FR\",\"@id\":\"https:\/\/blogs.thesocialmedia.com\/leblogmoto\/#\/schema\/person\/image\/\",\"url\":\"https:\/\/secure.gravatar.com\/avatar\/?s=96&d=mm&r=g\",\"contentUrl\":\"https:\/\/secure.gravatar.com\/avatar\/?s=96&d=mm&r=g\",\"caption\":\"benoit rieu\"},\"url\":\"https:\/\/blogs.thesocialmedia.com\/leblogmoto\/author\/benoit-rieu\/\"}]}<\/script>\n<!-- \/ Yoast SEO plugin. -->","yoast_head_json":{"title":"Souffrant d'un traumatisme cr\u00e2nien, Lorenzo doit renoncer. - leblogmoto.com","robots":{"index":"index","follow":"follow","max-snippet":"max-snippet:-1","max-image-preview":"max-image-preview:large","max-video-preview":"max-video-preview:-1"},"canonical":"https:\/\/blogs.thesocialmedia.com\/leblogmoto\/2008\/06\/07\/souffrant-dun-t\/","twitter_card":"summary_large_image","twitter_title":"Souffrant d'un traumatisme cr\u00e2nien, Lorenzo doit renoncer. - leblogmoto.com","twitter_description":"Bless\u00e9 hier pendant la deuxi\u00e8me s\u00e9ance d&rsquo;essais libres du Grand Prix moto de Catalogne, il a \u00e9t\u00e9 transport\u00e9 \u00e0 l&rsquo;h\u00f4pital Dexeus (en fond sur cette photo, lors de la premi\u00e8re intervention) de Barcelone en h\u00e9licopt\u00e8re apr\u00e8s avoir perdu l&rsquo;avant de sa M1 dans le virage 11, environ 14 minutes apr\u00e8s le d\u00e9but de la s\u00e9ance [&hellip;]","twitter_image":"http:\/\/www.leblogmoto.com\/images\/2008\/06\/07\/motogp_jorge_lorenzo.jpg","twitter_misc":{"\u00c9crit par":"benoit rieu","Dur\u00e9e de lecture estim\u00e9e":"3 minutes"},"schema":{"@context":"https:\/\/schema.org","@graph":[{"@type":"WebPage","@id":"https:\/\/blogs.thesocialmedia.com\/leblogmoto\/2008\/06\/07\/souffrant-dun-t\/","url":"https:\/\/blogs.thesocialmedia.com\/leblogmoto\/2008\/06\/07\/souffrant-dun-t\/","name":"Souffrant d'un traumatisme cr\u00e2nien, Lorenzo doit renoncer. - leblogmoto.com","isPartOf":{"@id":"https:\/\/blogs.thesocialmedia.com\/leblogmoto\/#website"},"primaryImageOfPage":{"@id":"https:\/\/blogs.thesocialmedia.com\/leblogmoto\/2008\/06\/07\/souffrant-dun-t\/#primaryimage"},"image":{"@id":"https:\/\/blogs.thesocialmedia.com\/leblogmoto\/2008\/06\/07\/souffrant-dun-t\/#primaryimage"},"thumbnailUrl":"http:\/\/www.leblogmoto.com\/images\/2008\/06\/07\/motogp_jorge_lorenzo.jpg","datePublished":"2008-06-07T10:56:04+00:00","dateModified":"2012-07-11T15:54:39+00:00","author":{"@id":"https:\/\/blogs.thesocialmedia.com\/leblogmoto\/#\/schema\/person\/18bfe773e5725ed6d24f743da805362a"},"breadcrumb":{"@id":"https:\/\/blogs.thesocialmedia.com\/leblogmoto\/2008\/06\/07\/souffrant-dun-t\/#breadcrumb"},"inLanguage":"fr-FR","potentialAction":[{"@type":"ReadAction","target":["https:\/\/blogs.thesocialmedia.com\/leblogmoto\/2008\/06\/07\/souffrant-dun-t\/"]}]},{"@type":"ImageObject","inLanguage":"fr-FR","@id":"https:\/\/blogs.thesocialmedia.com\/leblogmoto\/2008\/06\/07\/souffrant-dun-t\/#primaryimage","url":"http:\/\/www.leblogmoto.com\/images\/2008\/06\/07\/motogp_jorge_lorenzo.jpg","contentUrl":"http:\/\/www.leblogmoto.com\/images\/2008\/06\/07\/motogp_jorge_lorenzo.jpg"},{"@type":"BreadcrumbList","@id":"https:\/\/blogs.thesocialmedia.com\/leblogmoto\/2008\/06\/07\/souffrant-dun-t\/#breadcrumb","itemListElement":[{"@type":"ListItem","position":1,"name":"Accueil","item":"https:\/\/blogs.thesocialmedia.com\/leblogmoto\/"},{"@type":"ListItem","position":2,"name":"Souffrant d&rsquo;un traumatisme cr\u00e2nien, Lorenzo doit renoncer."}]},{"@type":"WebSite","@id":"https:\/\/blogs.thesocialmedia.com\/leblogmoto\/#website","url":"https:\/\/blogs.thesocialmedia.com\/leblogmoto\/","name":"leblogmoto","description":"Toute l&#039;actualit\u00e9 des 2 roues","potentialAction":[{"@type":"SearchAction","target":{"@type":"EntryPoint","urlTemplate":"https:\/\/blogs.thesocialmedia.com\/leblogmoto\/?s={search_term_string}"},"query-input":{"@type":"PropertyValueSpecification","valueRequired":true,"valueName":"search_term_string"}}],"inLanguage":"fr-FR"},{"@type":"Person","@id":"https:\/\/blogs.thesocialmedia.com\/leblogmoto\/#\/schema\/person\/18bfe773e5725ed6d24f743da805362a","name":"benoit rieu","image":{"@type":"ImageObject","inLanguage":"fr-FR","@id":"https:\/\/blogs.thesocialmedia.com\/leblogmoto\/#\/schema\/person\/image\/","url":"https:\/\/secure.gravatar.com\/avatar\/?s=96&d=mm&r=g","contentUrl":"https:\/\/secure.gravatar.com\/avatar\/?s=96&d=mm&r=g","caption":"benoit rieu"},"url":"https:\/\/blogs.thesocialmedia.com\/leblogmoto\/author\/benoit-rieu\/"}]}},"_links":{"self":[{"href":"https:\/\/blogs.thesocialmedia.com\/leblogmoto\/wp-json\/wp\/v2\/posts\/642","targetHints":{"allow":["GET"]}}],"collection":[{"href":"https:\/\/blogs.thesocialmedia.com\/leblogmoto\/wp-json\/wp\/v2\/posts"}],"about":[{"href":"https:\/\/blogs.thesocialmedia.com\/leblogmoto\/wp-json\/wp\/v2\/types\/post"}],"author":[{"embeddable":true,"href":"https:\/\/blogs.thesocialmedia.com\/leblogmoto\/wp-json\/wp\/v2\/users\/324"}],"replies":[{"embeddable":true,"href":"https:\/\/blogs.thesocialmedia.com\/leblogmoto\/wp-json\/wp\/v2\/comments?post=642"}],"version-history":[{"count":2,"href":"https:\/\/blogs.thesocialmedia.com\/leblogmoto\/wp-json\/wp\/v2\/posts\/642\/revisions"}],"predecessor-version":[{"id":10944,"href":"https:\/\/blogs.thesocialmedia.com\/leblogmoto\/wp-json\/wp\/v2\/posts\/642\/revisions\/10944"}],"wp:attachment":[{"href":"https:\/\/blogs.thesocialmedia.com\/leblogmoto\/wp-json\/wp\/v2\/media?parent=642"}],"wp:term":[{"taxonomy":"category","embeddable":true,"href":"https:\/\/blogs.thesocialmedia.com\/leblogmoto\/wp-json\/wp\/v2\/categories?post=642"},{"taxonomy":"post_tag","embeddable":true,"href":"https:\/\/blogs.thesocialmedia.com\/leblogmoto\/wp-json\/wp\/v2\/tags?post=642"}],"curies":[{"name":"wp","href":"https:\/\/api.w.org\/{rel}","templated":true}]}}