{"id":643,"date":"2008-06-07T07:23:26","date_gmt":"2008-06-07T07:23:26","guid":{"rendered":"http:\/\/blogs.thesocialmedia.com\/leblogmoto\/2008\/06\/07\/prorogation-de\/"},"modified":"2012-07-11T15:54:35","modified_gmt":"2012-07-11T15:54:35","slug":"prorogation-de","status":"publish","type":"post","link":"https:\/\/blogs.thesocialmedia.com\/leblogmoto\/2008\/06\/07\/prorogation-de\/","title":{"rendered":"De nouveaux habits pour une romance prolong\u00e9e jusqu&rsquo;en 2010."},"content":{"rendered":"<p><a href=\"http:\/\/blogs.thesocialmedia.com\/leblogmoto\/files\/2012\/07\/motogp_rossiunveilshisazzuriliveryj.jpg\"><\/a><a href=\"http:\/\/clabedan.typepad.com\/.shared\/image.html?\/photos\/uncategorized\/2008\/06\/07\/motogp_valentino_rossi_catalunya_20.jpg\"><img loading=\"lazy\" decoding=\"async\" width=\"470\" height=\"312\"  alt=\"Motogp_valentino_rossi_catalunya_20\" src=\"http:\/\/www.leblogmoto.com\/images\/2008\/06\/07\/motogp_valentino_rossi_catalunya_20.jpg\" \/><\/a>  <\/p>\n<p>Jusqu&rsquo;\u00e0 cette \u00e9ch\u00e9ance ce sera la Saint Valentin tous les jours entre son pilote \u00e9ponyme et la firme aux diapasons. M\u00eame si l&rsquo;on sait tr\u00e8s bien que non, les relations tumultueuses entre le pilote et Yam en 2007 le prouvent. Mais son pr\u00e9nom, associ\u00e9 \u00e0 la c\u00e9l\u00e8bre f\u00eate de f\u00e9vrier, nous invite au romantisme candide. Selon une <a href=\"http:\/\/www.liberation.fr\/actualite\/reuters\/reuters_sports\/330214.FR.php\">d\u00e9p\u00eache Reuters<\/a> dat\u00e9e d&rsquo;hier, le leader du championnat MotoGP <a href=\"http:\/\/fr.wikipedia.org\/wiki\/Valentino_Rossi\">Valentino Rossi<\/a>* a en effet prolong\u00e9 son contrat avec Yamaha pour deux ann\u00e9es. &quot;Yamaha m&rsquo;a dit de d\u00e9cider combien de temps je voudrais prolonger, et j&rsquo;ai d\u00e9cid\u00e9 que ce serait deux ans&quot;, a d\u00e9clar\u00e9 l&rsquo;Italien, cit\u00e9 vendredi par le quotidien sportif ib\u00e9rique <em>Mundo Deportivo<\/em>.<\/p>\n<p><a href=\"http:\/\/clabedan.typepad.com\/.shared\/image.html?\/photos\/uncategorized\/2008\/06\/07\/motogp_valentino_rossi_catalunya__2.jpg\"><img loading=\"lazy\" decoding=\"async\" width=\"470\" height=\"312\"  alt=\"Motogp_valentino_rossi_catalunya__2\" src=\"http:\/\/www.leblogmoto.com\/images\/2008\/06\/07\/motogp_valentino_rossi_catalunya__2.jpg\" \/><\/a> <\/p>\n<p>Cela changera de <em>Marca<\/em> qui \u00e9crit souvent n&rsquo;importe quoi en sports m\u00e9cas. Et Rossi ajoute &quot;J&rsquo;ai voulu attendre et voir ma motivation \u00e0 continuer, et voil\u00e0 ma d\u00e9cision.&quot; On ne conna\u00eet pas encore le montant financier de l&rsquo;accord. Apr\u00e8s avoir pilot\u00e9 une Aprilia et une Honda, le septuple champion du monde \u00e9tait pass\u00e9 chez Yamaha en 2004. Pour m\u00e9moire, on l&rsquo;a aussi dit partant pour Ducati, sans que Vale d\u00e9mente, assurant qu&rsquo;il serait fier d&rsquo;un challenge 100% italien. <\/p>\n<p><a href=\"http:\/\/blogs.thesocialmedia.com\/leblogmoto\/files\/2012\/07\/motogp_rossi_the_king_holds_court_2.jpg\"><img loading=\"lazy\" decoding=\"async\" width=\"470\" height=\"352\"  src=\"http:\/\/www.leblogmoto.com\/images\/2008\/06\/06\/motogp_rossi_the_king_holds_court_2.jpg\" alt=\"Motogp_rossi_the_king_holds_court_2\" \/><\/a> <\/p>\n<p>Mais \u00e7a, c&rsquo;\u00e9tait quand les Rouges de Borgo Panigale \u00e9taient au firmament de la discipline reine de la vitesse, ce qui est beaucoup moins le cas cette ann\u00e9e. Une petite photo sympa de Vale bien entour\u00e9 de demoiselles visiblement de grande taille, m\u00eame s&rsquo;ils elles sont en talons haut. Comme si les pilotes n&rsquo;\u00e9taient pas d\u00e9j\u00e0 assez <a href=\"http:\/\/blogs.thesocialmedia.com\/leblogmoto\/files\/2012\/07\/umbrella-girls.html_.png\">bien accompagn\u00e9s sur les grilles<\/a> de d\u00e9part.<\/p>\n<p>Vale n&rsquo;est pas sp\u00e9cialement grand lui-m\u00eame (1,80 m, taille moyenne pour sa g\u00e9n\u00e9ration). Cependant, compar\u00e9 \u00e0 ses coll\u00e8gues de travail &#8211; Pedrosa par exemple mesure 1,58 m &#8211; c&rsquo;est un g\u00e9ant. A part \u00e7a, le pilote de 29 ans est en Espagne pour le GP de Catalogne ce week-end.<\/p>\n<p><a href=\"http:\/\/clabedan.typepad.com\/.shared\/image.html?\/photos\/uncategorized\/2008\/06\/07\/motogp_valentino_rossi_catalunya__3.jpg\"><img loading=\"lazy\" decoding=\"async\" width=\"470\" height=\"270\"  src=\"http:\/\/www.leblogmoto.com\/images\/2008\/06\/07\/motogp_valentino_rossi_catalunya__3.jpg\" alt=\"Motogp_valentino_rossi_catalunya__3\" \/><\/a> <\/p>\n<p>Il est en t\u00eate du championnat du monde des pilotes MotoGP devant les Espagnols Dani Pedrosa et Jorge Lorenzo et esp\u00e8re r\u00e9aliser <a href=\"http:\/\/blogs.thesocialmedia.com\/leblogmoto\/files\/2012\/07\/septime-mugello.html_1.png\">la passe de quatre<\/a>. En ce d\u00e9but de la coupe d&rsquo;Europe des nations, il en a aussi aussi profit\u00e9 pour afficher le temps d&rsquo;un GP son soutien \u00e0 la <em>Squadra Azzura<\/em>, comme il l&rsquo;avait fait il y a deux ans en s&rsquo;exhibant avec le maillot du <em>Maccelaio**<\/em> Materrazzi, alors bourreau des espoirs de l&rsquo;\u00e9quipe de France en finale de la coupe du monde.<\/p>\n<p><a href=\"http:\/\/clabedan.typepad.com\/.shared\/image.html?\/photos\/uncategorized\/2008\/06\/07\/motogp_valentino_rossi_catalunya__4.jpg\"><img loading=\"lazy\" decoding=\"async\" width=\"470\" height=\"312\"  src=\"http:\/\/www.leblogmoto.com\/images\/2008\/06\/07\/motogp_valentino_rossi_catalunya__4.jpg\" alt=\"Motogp_valentino_rossi_catalunya__4\" \/><\/a> <\/p>\n<p>Une nouvelle livr\u00e9e donc, alors m\u00eame que le paddock bruisse d&rsquo;une rumeur de d\u00e9sengagement de Fiat en 2009, le constructeur italien n&rsquo;ayant pas renouvel\u00e9 son contrat: volont\u00e9 r\u00e9elle de couper les ponts ou poker menteur en vue de faire baisser le co\u00fbt de son sponsoring ?<\/p>\n<p><a href=\"http:\/\/blogs.thesocialmedia.com\/leblogmoto\/files\/2012\/07\/motogp_rossiunveilshisazzuriliveryj.jpg\"><img loading=\"lazy\" decoding=\"async\" width=\"470\" height=\"352\"  alt=\"Motogp_rossiunveilshisazzuriliveryj\" src=\"http:\/\/www.leblogmoto.com\/images\/2008\/06\/06\/motogp_rossiunveilshisazzuriliveryj.jpg\" \/><\/a> <\/p>\n<p><em>*s&rsquo;il y a des Wikipediens parmi vous, qu&rsquo;ils enrichissent la page de Vale en Fran\u00e7ais bon dieu ! Son <a href=\"http:\/\/en.wikipedia.org\/wiki\/Valentino_Rossi\">\u00e9quivalent anglais<\/a> <\/em><em>la fait passer pour rachitique \u00e0 c\u00f4t\u00e9.<\/em><\/p>\n<p><em>**le boucher, un des surnoms de Materazzi en Italie, par les opposants \u00e0 l&rsquo;Inter surtout. Enfin bref, de toute fa\u00e7on le foot et moi \u00e7a fait deux.<\/em><\/p>\n<p><em>credits photos essais: motoblog.it et motogp.com<\/em><\/p>\n<p><em><a href=\"http:\/\/clabedan.typepad.com\/.shared\/image.html?\/photos\/uncategorized\/2008\/06\/07\/motogp_valentino_rossi_catalunya__5.jpg\"><img loading=\"lazy\" decoding=\"async\" width=\"470\" height=\"706\"  src=\"http:\/\/www.leblogmoto.com\/images\/2008\/06\/07\/motogp_valentino_rossi_catalunya__5.jpg\" alt=\"Motogp_valentino_rossi_catalunya__5\" \/><\/a> <br \/><\/em><\/p>\n<p><em><\/em><\/p>\n<p> &nbsp; <\/p>\n","protected":false},"excerpt":{"rendered":"<p>Jusqu&rsquo;\u00e0 cette \u00e9ch\u00e9ance ce sera la Saint Valentin tous les jours entre son pilote \u00e9ponyme et la firme aux diapasons. M\u00eame si l&rsquo;on sait tr\u00e8s bien que non, les relations tumultueuses entre le pilote et Yam en 2007 le prouvent. Mais son pr\u00e9nom, associ\u00e9 \u00e0 la c\u00e9l\u00e8bre f\u00eate de f\u00e9vrier, nous invite au romantisme candide. [&hellip;]<\/p>\n","protected":false},"author":324,"featured_media":0,"comment_status":"open","ping_status":"open","sticky":false,"template":"","format":"standard","meta":{"footnotes":""},"categories":[49,17,22,32,44],"tags":[],"class_list":["post-643","post","type-post","status-publish","format-standard","hentry","category-actualites-entreprise","category-divers","category-motogp","category-sport-moto","category-yamaha"],"yoast_head":"<!-- This site is optimized with the Yoast SEO plugin v26.0 - https:\/\/yoast.com\/wordpress\/plugins\/seo\/ -->\n<title>De nouveaux habits pour une romance prolong\u00e9e jusqu&#039;en 2010. - leblogmoto.com<\/title>\n<meta name=\"robots\" content=\"index, follow, max-snippet:-1, max-image-preview:large, max-video-preview:-1\" \/>\n<link rel=\"canonical\" href=\"https:\/\/blogs.thesocialmedia.com\/leblogmoto\/2008\/06\/07\/prorogation-de\/\" \/>\n<meta name=\"twitter:card\" content=\"summary_large_image\" \/>\n<meta name=\"twitter:title\" content=\"De nouveaux habits pour une romance prolong\u00e9e jusqu&#039;en 2010. - leblogmoto.com\" \/>\n<meta name=\"twitter:description\" content=\"Jusqu&rsquo;\u00e0 cette \u00e9ch\u00e9ance ce sera la Saint Valentin tous les jours entre son pilote \u00e9ponyme et la firme aux diapasons. M\u00eame si l&rsquo;on sait tr\u00e8s bien que non, les relations tumultueuses entre le pilote et Yam en 2007 le prouvent. Mais son pr\u00e9nom, associ\u00e9 \u00e0 la c\u00e9l\u00e8bre f\u00eate de f\u00e9vrier, nous invite au romantisme candide. [&hellip;]\" \/>\n<meta name=\"twitter:image\" content=\"http:\/\/www.leblogmoto.com\/images\/2008\/06\/07\/motogp_valentino_rossi_catalunya_20.jpg\" \/>\n<meta name=\"twitter:label1\" content=\"\u00c9crit par\" \/>\n\t<meta name=\"twitter:data1\" content=\"benoit rieu\" \/>\n\t<meta name=\"twitter:label2\" content=\"Dur\u00e9e de lecture estim\u00e9e\" \/>\n\t<meta name=\"twitter:data2\" content=\"3 minutes\" \/>\n<script type=\"application\/ld+json\" class=\"yoast-schema-graph\">{\"@context\":\"https:\/\/schema.org\",\"@graph\":[{\"@type\":\"WebPage\",\"@id\":\"https:\/\/blogs.thesocialmedia.com\/leblogmoto\/2008\/06\/07\/prorogation-de\/\",\"url\":\"https:\/\/blogs.thesocialmedia.com\/leblogmoto\/2008\/06\/07\/prorogation-de\/\",\"name\":\"De nouveaux habits pour une romance prolong\u00e9e jusqu'en 2010. - leblogmoto.com\",\"isPartOf\":{\"@id\":\"https:\/\/blogs.thesocialmedia.com\/leblogmoto\/#website\"},\"primaryImageOfPage\":{\"@id\":\"https:\/\/blogs.thesocialmedia.com\/leblogmoto\/2008\/06\/07\/prorogation-de\/#primaryimage\"},\"image\":{\"@id\":\"https:\/\/blogs.thesocialmedia.com\/leblogmoto\/2008\/06\/07\/prorogation-de\/#primaryimage\"},\"thumbnailUrl\":\"http:\/\/www.leblogmoto.com\/images\/2008\/06\/07\/motogp_valentino_rossi_catalunya_20.jpg\",\"datePublished\":\"2008-06-07T07:23:26+00:00\",\"dateModified\":\"2012-07-11T15:54:35+00:00\",\"author\":{\"@id\":\"https:\/\/blogs.thesocialmedia.com\/leblogmoto\/#\/schema\/person\/18bfe773e5725ed6d24f743da805362a\"},\"breadcrumb\":{\"@id\":\"https:\/\/blogs.thesocialmedia.com\/leblogmoto\/2008\/06\/07\/prorogation-de\/#breadcrumb\"},\"inLanguage\":\"fr-FR\",\"potentialAction\":[{\"@type\":\"ReadAction\",\"target\":[\"https:\/\/blogs.thesocialmedia.com\/leblogmoto\/2008\/06\/07\/prorogation-de\/\"]}]},{\"@type\":\"ImageObject\",\"inLanguage\":\"fr-FR\",\"@id\":\"https:\/\/blogs.thesocialmedia.com\/leblogmoto\/2008\/06\/07\/prorogation-de\/#primaryimage\",\"url\":\"http:\/\/www.leblogmoto.com\/images\/2008\/06\/07\/motogp_valentino_rossi_catalunya_20.jpg\",\"contentUrl\":\"http:\/\/www.leblogmoto.com\/images\/2008\/06\/07\/motogp_valentino_rossi_catalunya_20.jpg\"},{\"@type\":\"BreadcrumbList\",\"@id\":\"https:\/\/blogs.thesocialmedia.com\/leblogmoto\/2008\/06\/07\/prorogation-de\/#breadcrumb\",\"itemListElement\":[{\"@type\":\"ListItem\",\"position\":1,\"name\":\"Accueil\",\"item\":\"https:\/\/blogs.thesocialmedia.com\/leblogmoto\/\"},{\"@type\":\"ListItem\",\"position\":2,\"name\":\"De nouveaux habits pour une romance prolong\u00e9e jusqu&rsquo;en 2010.\"}]},{\"@type\":\"WebSite\",\"@id\":\"https:\/\/blogs.thesocialmedia.com\/leblogmoto\/#website\",\"url\":\"https:\/\/blogs.thesocialmedia.com\/leblogmoto\/\",\"name\":\"leblogmoto\",\"description\":\"Toute l&#039;actualit\u00e9 des 2 roues\",\"potentialAction\":[{\"@type\":\"SearchAction\",\"target\":{\"@type\":\"EntryPoint\",\"urlTemplate\":\"https:\/\/blogs.thesocialmedia.com\/leblogmoto\/?s={search_term_string}\"},\"query-input\":{\"@type\":\"PropertyValueSpecification\",\"valueRequired\":true,\"valueName\":\"search_term_string\"}}],\"inLanguage\":\"fr-FR\"},{\"@type\":\"Person\",\"@id\":\"https:\/\/blogs.thesocialmedia.com\/leblogmoto\/#\/schema\/person\/18bfe773e5725ed6d24f743da805362a\",\"name\":\"benoit rieu\",\"image\":{\"@type\":\"ImageObject\",\"inLanguage\":\"fr-FR\",\"@id\":\"https:\/\/blogs.thesocialmedia.com\/leblogmoto\/#\/schema\/person\/image\/\",\"url\":\"https:\/\/secure.gravatar.com\/avatar\/?s=96&d=mm&r=g\",\"contentUrl\":\"https:\/\/secure.gravatar.com\/avatar\/?s=96&d=mm&r=g\",\"caption\":\"benoit rieu\"},\"url\":\"https:\/\/blogs.thesocialmedia.com\/leblogmoto\/author\/benoit-rieu\/\"}]}<\/script>\n<!-- \/ Yoast SEO plugin. -->","yoast_head_json":{"title":"De nouveaux habits pour une romance prolong\u00e9e jusqu'en 2010. - leblogmoto.com","robots":{"index":"index","follow":"follow","max-snippet":"max-snippet:-1","max-image-preview":"max-image-preview:large","max-video-preview":"max-video-preview:-1"},"canonical":"https:\/\/blogs.thesocialmedia.com\/leblogmoto\/2008\/06\/07\/prorogation-de\/","twitter_card":"summary_large_image","twitter_title":"De nouveaux habits pour une romance prolong\u00e9e jusqu'en 2010. - leblogmoto.com","twitter_description":"Jusqu&rsquo;\u00e0 cette \u00e9ch\u00e9ance ce sera la Saint Valentin tous les jours entre son pilote \u00e9ponyme et la firme aux diapasons. M\u00eame si l&rsquo;on sait tr\u00e8s bien que non, les relations tumultueuses entre le pilote et Yam en 2007 le prouvent. Mais son pr\u00e9nom, associ\u00e9 \u00e0 la c\u00e9l\u00e8bre f\u00eate de f\u00e9vrier, nous invite au romantisme candide. [&hellip;]","twitter_image":"http:\/\/www.leblogmoto.com\/images\/2008\/06\/07\/motogp_valentino_rossi_catalunya_20.jpg","twitter_misc":{"\u00c9crit par":"benoit rieu","Dur\u00e9e de lecture estim\u00e9e":"3 minutes"},"schema":{"@context":"https:\/\/schema.org","@graph":[{"@type":"WebPage","@id":"https:\/\/blogs.thesocialmedia.com\/leblogmoto\/2008\/06\/07\/prorogation-de\/","url":"https:\/\/blogs.thesocialmedia.com\/leblogmoto\/2008\/06\/07\/prorogation-de\/","name":"De nouveaux habits pour une romance prolong\u00e9e jusqu'en 2010. - leblogmoto.com","isPartOf":{"@id":"https:\/\/blogs.thesocialmedia.com\/leblogmoto\/#website"},"primaryImageOfPage":{"@id":"https:\/\/blogs.thesocialmedia.com\/leblogmoto\/2008\/06\/07\/prorogation-de\/#primaryimage"},"image":{"@id":"https:\/\/blogs.thesocialmedia.com\/leblogmoto\/2008\/06\/07\/prorogation-de\/#primaryimage"},"thumbnailUrl":"http:\/\/www.leblogmoto.com\/images\/2008\/06\/07\/motogp_valentino_rossi_catalunya_20.jpg","datePublished":"2008-06-07T07:23:26+00:00","dateModified":"2012-07-11T15:54:35+00:00","author":{"@id":"https:\/\/blogs.thesocialmedia.com\/leblogmoto\/#\/schema\/person\/18bfe773e5725ed6d24f743da805362a"},"breadcrumb":{"@id":"https:\/\/blogs.thesocialmedia.com\/leblogmoto\/2008\/06\/07\/prorogation-de\/#breadcrumb"},"inLanguage":"fr-FR","potentialAction":[{"@type":"ReadAction","target":["https:\/\/blogs.thesocialmedia.com\/leblogmoto\/2008\/06\/07\/prorogation-de\/"]}]},{"@type":"ImageObject","inLanguage":"fr-FR","@id":"https:\/\/blogs.thesocialmedia.com\/leblogmoto\/2008\/06\/07\/prorogation-de\/#primaryimage","url":"http:\/\/www.leblogmoto.com\/images\/2008\/06\/07\/motogp_valentino_rossi_catalunya_20.jpg","contentUrl":"http:\/\/www.leblogmoto.com\/images\/2008\/06\/07\/motogp_valentino_rossi_catalunya_20.jpg"},{"@type":"BreadcrumbList","@id":"https:\/\/blogs.thesocialmedia.com\/leblogmoto\/2008\/06\/07\/prorogation-de\/#breadcrumb","itemListElement":[{"@type":"ListItem","position":1,"name":"Accueil","item":"https:\/\/blogs.thesocialmedia.com\/leblogmoto\/"},{"@type":"ListItem","position":2,"name":"De nouveaux habits pour une romance prolong\u00e9e jusqu&rsquo;en 2010."}]},{"@type":"WebSite","@id":"https:\/\/blogs.thesocialmedia.com\/leblogmoto\/#website","url":"https:\/\/blogs.thesocialmedia.com\/leblogmoto\/","name":"leblogmoto","description":"Toute l&#039;actualit\u00e9 des 2 roues","potentialAction":[{"@type":"SearchAction","target":{"@type":"EntryPoint","urlTemplate":"https:\/\/blogs.thesocialmedia.com\/leblogmoto\/?s={search_term_string}"},"query-input":{"@type":"PropertyValueSpecification","valueRequired":true,"valueName":"search_term_string"}}],"inLanguage":"fr-FR"},{"@type":"Person","@id":"https:\/\/blogs.thesocialmedia.com\/leblogmoto\/#\/schema\/person\/18bfe773e5725ed6d24f743da805362a","name":"benoit rieu","image":{"@type":"ImageObject","inLanguage":"fr-FR","@id":"https:\/\/blogs.thesocialmedia.com\/leblogmoto\/#\/schema\/person\/image\/","url":"https:\/\/secure.gravatar.com\/avatar\/?s=96&d=mm&r=g","contentUrl":"https:\/\/secure.gravatar.com\/avatar\/?s=96&d=mm&r=g","caption":"benoit rieu"},"url":"https:\/\/blogs.thesocialmedia.com\/leblogmoto\/author\/benoit-rieu\/"}]}},"_links":{"self":[{"href":"https:\/\/blogs.thesocialmedia.com\/leblogmoto\/wp-json\/wp\/v2\/posts\/643","targetHints":{"allow":["GET"]}}],"collection":[{"href":"https:\/\/blogs.thesocialmedia.com\/leblogmoto\/wp-json\/wp\/v2\/posts"}],"about":[{"href":"https:\/\/blogs.thesocialmedia.com\/leblogmoto\/wp-json\/wp\/v2\/types\/post"}],"author":[{"embeddable":true,"href":"https:\/\/blogs.thesocialmedia.com\/leblogmoto\/wp-json\/wp\/v2\/users\/324"}],"replies":[{"embeddable":true,"href":"https:\/\/blogs.thesocialmedia.com\/leblogmoto\/wp-json\/wp\/v2\/comments?post=643"}],"version-history":[{"count":2,"href":"https:\/\/blogs.thesocialmedia.com\/leblogmoto\/wp-json\/wp\/v2\/posts\/643\/revisions"}],"predecessor-version":[{"id":10941,"href":"https:\/\/blogs.thesocialmedia.com\/leblogmoto\/wp-json\/wp\/v2\/posts\/643\/revisions\/10941"}],"wp:attachment":[{"href":"https:\/\/blogs.thesocialmedia.com\/leblogmoto\/wp-json\/wp\/v2\/media?parent=643"}],"wp:term":[{"taxonomy":"category","embeddable":true,"href":"https:\/\/blogs.thesocialmedia.com\/leblogmoto\/wp-json\/wp\/v2\/categories?post=643"},{"taxonomy":"post_tag","embeddable":true,"href":"https:\/\/blogs.thesocialmedia.com\/leblogmoto\/wp-json\/wp\/v2\/tags?post=643"}],"curies":[{"name":"wp","href":"https:\/\/api.w.org\/{rel}","templated":true}]}}