{"id":646,"date":"2008-06-05T23:57:53","date_gmt":"2008-06-05T23:57:53","guid":{"rendered":"http:\/\/blogs.thesocialmedia.com\/leblogmoto\/2008\/06\/05\/des-roues-sans\/"},"modified":"2012-07-11T15:54:04","modified_gmt":"2012-07-11T15:54:04","slug":"des-roues-sans","status":"publish","type":"post","link":"https:\/\/blogs.thesocialmedia.com\/leblogmoto\/2008\/06\/05\/des-roues-sans\/","title":{"rendered":"Des roues sans moyeu pour le jeune concept quad C-naptiK."},"content":{"rendered":"<p><a href=\"http:\/\/blogs.thesocialmedia.com\/leblogmoto\/files\/2012\/07\/cnpa04.jpg\"><img loading=\"lazy\" decoding=\"async\" width=\"470\" height=\"351\"  alt=\"Cnpa04\" src=\"http:\/\/www.leblogmoto.com\/images\/2008\/06\/05\/cnpa04.jpg\" \/><\/a><\/p>\n<p>Cela fait quelque temps que nous ne vous avions plus reparl\u00e9 du Michelin Challenge Design, depuis le Polaris Revolver (<a href=\"http:\/\/blogs.thesocialmedia.com\/leblogmoto\/files\/2012\/07\/michelin-challe.html_2.png\">ici<\/a> et <a href=\"http:\/\/www.leblogmoto.com\/2007\/10\/le-polaris-revo.html\">l\u00e0<\/a>) en fait. Coup sur coup viennent d&rsquo;\u00eatre mises en ligne des \u00e9tudes tr\u00e8s int\u00e9ressantes r\u00e9alis\u00e9es par les concurrents, sur le site am\u00e9ricain du manufacturier clermontois. Notamment dans le domaine des quads et \u00e9galement dans des champs plus originaux, avec le Vespa Barchetta, que je vous pr\u00e9senterai dans les jours qui suivent. Mais revenons au v\u00e9hicule du jour. Kobi Goorwich, son concepteur isra\u00eblien d&rsquo;origine russe, a imagin\u00e9 un <a href=\"http:\/\/www.michelinchallengedesign.com\/MCD_2008\/Site\/mcd_gallery_2008\/mcd_2008_gallery_d03.asp\">v\u00e9hicule<\/a> urbain, dont la motorisation serait d\u00e9centralis\u00e9e, une pile principale alimentant des moteurs \u00e9lectromagn\u00e9tiques qui \u00e9quipent chacune des roues (une sorte de quatre-roues-motrices \u00e0 la sauce \u00e9lectrique ?). <\/p>\n<p><a href=\"http:\/\/clabedan.typepad.com\/.shared\/image.html?\/photos\/uncategorized\/2008\/06\/05\/cnpa02.jpg\"><img loading=\"lazy\" decoding=\"async\" width=\"470\" height=\"352\"  alt=\"Cnpa02\" src=\"http:\/\/www.leblogmoto.com\/images\/2008\/06\/05\/cnpa02.jpg\" \/><\/a><\/p>\n<p>Le tout \u00e9tant dirig\u00e9 par des commandes \u00e9lectriques (d&rsquo;o\u00f9 son nom sans doute), comme sur les avions de chasse et les avions de ligne modernes. Exit la colonne de direction certainement. Personnellement en dehors de ces pr\u00e9occupations plus ou moins \u00e9colo et futuristes, la premi\u00e8re chose que j&rsquo;ai remarqu\u00e9 sont ses <em>hubless wheels<\/em> (ou roue sans moyeu, ou encore roue orbitale) ainsi que son inspiration tr\u00e8s moto. Si ce le C-naptiK n&rsquo;\u00e9tait pas un quad, il ferait en effet un bon deux-roues avec son g\u00e9n\u00e9reux guidon-marge, sa potence oblique ressemblant \u00e0 nombre de nos bras oscillants, et sa selle autoportante effil\u00e9e digne d&rsquo;une sportive moderne.<\/p>\n<p><a href=\"http:\/\/blogs.thesocialmedia.com\/leblogmoto\/files\/2012\/07\/cnpa01_2.jpg\"><img loading=\"lazy\" decoding=\"async\" width=\"470\" height=\"352\"  alt=\"Cnpa01_2\" src=\"http:\/\/www.leblogmoto.com\/images\/2008\/06\/05\/cnpa01_2.jpg\" \/><\/a><\/p>\n<p>Pour l&rsquo;instant aucune indication d&rsquo;une production prochaine, ce quad devrait bien rester dans les cartons ou sur les disques durs et logiciels de CAO. <br \/>Source: nous.<\/p>\n<p><a href=\"http:\/\/blogs.thesocialmedia.com\/leblogmoto\/files\/2012\/07\/cnpa03.jpg\"><img loading=\"lazy\" decoding=\"async\" width=\"470\" height=\"352\"  alt=\"Cnpa03\" src=\"http:\/\/www.leblogmoto.com\/images\/2008\/06\/05\/cnpa03.jpg\" \/><\/a><\/p>\n","protected":false},"excerpt":{"rendered":"<p>Cela fait quelque temps que nous ne vous avions plus reparl\u00e9 du Michelin Challenge Design, depuis le Polaris Revolver (ici et l\u00e0) en fait. Coup sur coup viennent d&rsquo;\u00eatre mises en ligne des \u00e9tudes tr\u00e8s int\u00e9ressantes r\u00e9alis\u00e9es par les concurrents, sur le site am\u00e9ricain du manufacturier clermontois. Notamment dans le domaine des quads et \u00e9galement [&hellip;]<\/p>\n","protected":false},"author":324,"featured_media":0,"comment_status":"open","ping_status":"open","sticky":false,"template":"","format":"standard","meta":{"footnotes":""},"categories":[33,70],"tags":[],"class_list":["post-646","post","type-post","status-publish","format-standard","hentry","category-concept-bike","category-quad"],"yoast_head":"<!-- This site is optimized with the Yoast SEO plugin v26.0 - https:\/\/yoast.com\/wordpress\/plugins\/seo\/ -->\n<title>Des roues sans moyeu pour le jeune concept quad C-naptiK. - leblogmoto.com<\/title>\n<meta name=\"robots\" content=\"index, follow, max-snippet:-1, max-image-preview:large, max-video-preview:-1\" \/>\n<link rel=\"canonical\" href=\"https:\/\/blogs.thesocialmedia.com\/leblogmoto\/2008\/06\/05\/des-roues-sans\/\" \/>\n<meta name=\"twitter:card\" content=\"summary_large_image\" \/>\n<meta name=\"twitter:title\" content=\"Des roues sans moyeu pour le jeune concept quad C-naptiK. - leblogmoto.com\" \/>\n<meta name=\"twitter:description\" content=\"Cela fait quelque temps que nous ne vous avions plus reparl\u00e9 du Michelin Challenge Design, depuis le Polaris Revolver (ici et l\u00e0) en fait. Coup sur coup viennent d&rsquo;\u00eatre mises en ligne des \u00e9tudes tr\u00e8s int\u00e9ressantes r\u00e9alis\u00e9es par les concurrents, sur le site am\u00e9ricain du manufacturier clermontois. Notamment dans le domaine des quads et \u00e9galement [&hellip;]\" \/>\n<meta name=\"twitter:image\" content=\"http:\/\/www.leblogmoto.com\/images\/2008\/06\/05\/cnpa04.jpg\" \/>\n<meta name=\"twitter:label1\" content=\"\u00c9crit par\" \/>\n\t<meta name=\"twitter:data1\" content=\"benoit rieu\" \/>\n\t<meta name=\"twitter:label2\" content=\"Dur\u00e9e de lecture estim\u00e9e\" \/>\n\t<meta name=\"twitter:data2\" content=\"1 minute\" \/>\n<script type=\"application\/ld+json\" class=\"yoast-schema-graph\">{\"@context\":\"https:\/\/schema.org\",\"@graph\":[{\"@type\":\"WebPage\",\"@id\":\"https:\/\/blogs.thesocialmedia.com\/leblogmoto\/2008\/06\/05\/des-roues-sans\/\",\"url\":\"https:\/\/blogs.thesocialmedia.com\/leblogmoto\/2008\/06\/05\/des-roues-sans\/\",\"name\":\"Des roues sans moyeu pour le jeune concept quad C-naptiK. - leblogmoto.com\",\"isPartOf\":{\"@id\":\"https:\/\/blogs.thesocialmedia.com\/leblogmoto\/#website\"},\"primaryImageOfPage\":{\"@id\":\"https:\/\/blogs.thesocialmedia.com\/leblogmoto\/2008\/06\/05\/des-roues-sans\/#primaryimage\"},\"image\":{\"@id\":\"https:\/\/blogs.thesocialmedia.com\/leblogmoto\/2008\/06\/05\/des-roues-sans\/#primaryimage\"},\"thumbnailUrl\":\"http:\/\/www.leblogmoto.com\/images\/2008\/06\/05\/cnpa04.jpg\",\"datePublished\":\"2008-06-05T23:57:53+00:00\",\"dateModified\":\"2012-07-11T15:54:04+00:00\",\"author\":{\"@id\":\"https:\/\/blogs.thesocialmedia.com\/leblogmoto\/#\/schema\/person\/18bfe773e5725ed6d24f743da805362a\"},\"breadcrumb\":{\"@id\":\"https:\/\/blogs.thesocialmedia.com\/leblogmoto\/2008\/06\/05\/des-roues-sans\/#breadcrumb\"},\"inLanguage\":\"fr-FR\",\"potentialAction\":[{\"@type\":\"ReadAction\",\"target\":[\"https:\/\/blogs.thesocialmedia.com\/leblogmoto\/2008\/06\/05\/des-roues-sans\/\"]}]},{\"@type\":\"ImageObject\",\"inLanguage\":\"fr-FR\",\"@id\":\"https:\/\/blogs.thesocialmedia.com\/leblogmoto\/2008\/06\/05\/des-roues-sans\/#primaryimage\",\"url\":\"http:\/\/www.leblogmoto.com\/images\/2008\/06\/05\/cnpa04.jpg\",\"contentUrl\":\"http:\/\/www.leblogmoto.com\/images\/2008\/06\/05\/cnpa04.jpg\"},{\"@type\":\"BreadcrumbList\",\"@id\":\"https:\/\/blogs.thesocialmedia.com\/leblogmoto\/2008\/06\/05\/des-roues-sans\/#breadcrumb\",\"itemListElement\":[{\"@type\":\"ListItem\",\"position\":1,\"name\":\"Accueil\",\"item\":\"https:\/\/blogs.thesocialmedia.com\/leblogmoto\/\"},{\"@type\":\"ListItem\",\"position\":2,\"name\":\"Des roues sans moyeu pour le jeune concept quad C-naptiK.\"}]},{\"@type\":\"WebSite\",\"@id\":\"https:\/\/blogs.thesocialmedia.com\/leblogmoto\/#website\",\"url\":\"https:\/\/blogs.thesocialmedia.com\/leblogmoto\/\",\"name\":\"leblogmoto\",\"description\":\"Toute l&#039;actualit\u00e9 des 2 roues\",\"potentialAction\":[{\"@type\":\"SearchAction\",\"target\":{\"@type\":\"EntryPoint\",\"urlTemplate\":\"https:\/\/blogs.thesocialmedia.com\/leblogmoto\/?s={search_term_string}\"},\"query-input\":{\"@type\":\"PropertyValueSpecification\",\"valueRequired\":true,\"valueName\":\"search_term_string\"}}],\"inLanguage\":\"fr-FR\"},{\"@type\":\"Person\",\"@id\":\"https:\/\/blogs.thesocialmedia.com\/leblogmoto\/#\/schema\/person\/18bfe773e5725ed6d24f743da805362a\",\"name\":\"benoit rieu\",\"image\":{\"@type\":\"ImageObject\",\"inLanguage\":\"fr-FR\",\"@id\":\"https:\/\/blogs.thesocialmedia.com\/leblogmoto\/#\/schema\/person\/image\/\",\"url\":\"https:\/\/secure.gravatar.com\/avatar\/?s=96&d=mm&r=g\",\"contentUrl\":\"https:\/\/secure.gravatar.com\/avatar\/?s=96&d=mm&r=g\",\"caption\":\"benoit rieu\"},\"url\":\"https:\/\/blogs.thesocialmedia.com\/leblogmoto\/author\/benoit-rieu\/\"}]}<\/script>\n<!-- \/ Yoast SEO plugin. -->","yoast_head_json":{"title":"Des roues sans moyeu pour le jeune concept quad C-naptiK. - leblogmoto.com","robots":{"index":"index","follow":"follow","max-snippet":"max-snippet:-1","max-image-preview":"max-image-preview:large","max-video-preview":"max-video-preview:-1"},"canonical":"https:\/\/blogs.thesocialmedia.com\/leblogmoto\/2008\/06\/05\/des-roues-sans\/","twitter_card":"summary_large_image","twitter_title":"Des roues sans moyeu pour le jeune concept quad C-naptiK. - leblogmoto.com","twitter_description":"Cela fait quelque temps que nous ne vous avions plus reparl\u00e9 du Michelin Challenge Design, depuis le Polaris Revolver (ici et l\u00e0) en fait. Coup sur coup viennent d&rsquo;\u00eatre mises en ligne des \u00e9tudes tr\u00e8s int\u00e9ressantes r\u00e9alis\u00e9es par les concurrents, sur le site am\u00e9ricain du manufacturier clermontois. Notamment dans le domaine des quads et \u00e9galement [&hellip;]","twitter_image":"http:\/\/www.leblogmoto.com\/images\/2008\/06\/05\/cnpa04.jpg","twitter_misc":{"\u00c9crit par":"benoit rieu","Dur\u00e9e de lecture estim\u00e9e":"1 minute"},"schema":{"@context":"https:\/\/schema.org","@graph":[{"@type":"WebPage","@id":"https:\/\/blogs.thesocialmedia.com\/leblogmoto\/2008\/06\/05\/des-roues-sans\/","url":"https:\/\/blogs.thesocialmedia.com\/leblogmoto\/2008\/06\/05\/des-roues-sans\/","name":"Des roues sans moyeu pour le jeune concept quad C-naptiK. - leblogmoto.com","isPartOf":{"@id":"https:\/\/blogs.thesocialmedia.com\/leblogmoto\/#website"},"primaryImageOfPage":{"@id":"https:\/\/blogs.thesocialmedia.com\/leblogmoto\/2008\/06\/05\/des-roues-sans\/#primaryimage"},"image":{"@id":"https:\/\/blogs.thesocialmedia.com\/leblogmoto\/2008\/06\/05\/des-roues-sans\/#primaryimage"},"thumbnailUrl":"http:\/\/www.leblogmoto.com\/images\/2008\/06\/05\/cnpa04.jpg","datePublished":"2008-06-05T23:57:53+00:00","dateModified":"2012-07-11T15:54:04+00:00","author":{"@id":"https:\/\/blogs.thesocialmedia.com\/leblogmoto\/#\/schema\/person\/18bfe773e5725ed6d24f743da805362a"},"breadcrumb":{"@id":"https:\/\/blogs.thesocialmedia.com\/leblogmoto\/2008\/06\/05\/des-roues-sans\/#breadcrumb"},"inLanguage":"fr-FR","potentialAction":[{"@type":"ReadAction","target":["https:\/\/blogs.thesocialmedia.com\/leblogmoto\/2008\/06\/05\/des-roues-sans\/"]}]},{"@type":"ImageObject","inLanguage":"fr-FR","@id":"https:\/\/blogs.thesocialmedia.com\/leblogmoto\/2008\/06\/05\/des-roues-sans\/#primaryimage","url":"http:\/\/www.leblogmoto.com\/images\/2008\/06\/05\/cnpa04.jpg","contentUrl":"http:\/\/www.leblogmoto.com\/images\/2008\/06\/05\/cnpa04.jpg"},{"@type":"BreadcrumbList","@id":"https:\/\/blogs.thesocialmedia.com\/leblogmoto\/2008\/06\/05\/des-roues-sans\/#breadcrumb","itemListElement":[{"@type":"ListItem","position":1,"name":"Accueil","item":"https:\/\/blogs.thesocialmedia.com\/leblogmoto\/"},{"@type":"ListItem","position":2,"name":"Des roues sans moyeu pour le jeune concept quad C-naptiK."}]},{"@type":"WebSite","@id":"https:\/\/blogs.thesocialmedia.com\/leblogmoto\/#website","url":"https:\/\/blogs.thesocialmedia.com\/leblogmoto\/","name":"leblogmoto","description":"Toute l&#039;actualit\u00e9 des 2 roues","potentialAction":[{"@type":"SearchAction","target":{"@type":"EntryPoint","urlTemplate":"https:\/\/blogs.thesocialmedia.com\/leblogmoto\/?s={search_term_string}"},"query-input":{"@type":"PropertyValueSpecification","valueRequired":true,"valueName":"search_term_string"}}],"inLanguage":"fr-FR"},{"@type":"Person","@id":"https:\/\/blogs.thesocialmedia.com\/leblogmoto\/#\/schema\/person\/18bfe773e5725ed6d24f743da805362a","name":"benoit rieu","image":{"@type":"ImageObject","inLanguage":"fr-FR","@id":"https:\/\/blogs.thesocialmedia.com\/leblogmoto\/#\/schema\/person\/image\/","url":"https:\/\/secure.gravatar.com\/avatar\/?s=96&d=mm&r=g","contentUrl":"https:\/\/secure.gravatar.com\/avatar\/?s=96&d=mm&r=g","caption":"benoit rieu"},"url":"https:\/\/blogs.thesocialmedia.com\/leblogmoto\/author\/benoit-rieu\/"}]}},"_links":{"self":[{"href":"https:\/\/blogs.thesocialmedia.com\/leblogmoto\/wp-json\/wp\/v2\/posts\/646","targetHints":{"allow":["GET"]}}],"collection":[{"href":"https:\/\/blogs.thesocialmedia.com\/leblogmoto\/wp-json\/wp\/v2\/posts"}],"about":[{"href":"https:\/\/blogs.thesocialmedia.com\/leblogmoto\/wp-json\/wp\/v2\/types\/post"}],"author":[{"embeddable":true,"href":"https:\/\/blogs.thesocialmedia.com\/leblogmoto\/wp-json\/wp\/v2\/users\/324"}],"replies":[{"embeddable":true,"href":"https:\/\/blogs.thesocialmedia.com\/leblogmoto\/wp-json\/wp\/v2\/comments?post=646"}],"version-history":[{"count":2,"href":"https:\/\/blogs.thesocialmedia.com\/leblogmoto\/wp-json\/wp\/v2\/posts\/646\/revisions"}],"predecessor-version":[{"id":10928,"href":"https:\/\/blogs.thesocialmedia.com\/leblogmoto\/wp-json\/wp\/v2\/posts\/646\/revisions\/10928"}],"wp:attachment":[{"href":"https:\/\/blogs.thesocialmedia.com\/leblogmoto\/wp-json\/wp\/v2\/media?parent=646"}],"wp:term":[{"taxonomy":"category","embeddable":true,"href":"https:\/\/blogs.thesocialmedia.com\/leblogmoto\/wp-json\/wp\/v2\/categories?post=646"},{"taxonomy":"post_tag","embeddable":true,"href":"https:\/\/blogs.thesocialmedia.com\/leblogmoto\/wp-json\/wp\/v2\/tags?post=646"}],"curies":[{"name":"wp","href":"https:\/\/api.w.org\/{rel}","templated":true}]}}