{"id":649,"date":"2008-06-04T20:23:18","date_gmt":"2008-06-04T20:23:18","guid":{"rendered":"http:\/\/blogs.thesocialmedia.com\/leblogmoto\/2008\/06\/04\/ptrole-et-dplac\/"},"modified":"2012-07-11T15:53:41","modified_gmt":"2012-07-11T15:53:41","slug":"ptrole-et-dplac","status":"publish","type":"post","link":"https:\/\/blogs.thesocialmedia.com\/leblogmoto\/2008\/06\/04\/ptrole-et-dplac\/","title":{"rendered":"P\u00e9trole et d\u00e9placements en ville, quid des scooters ?"},"content":{"rendered":"<p class=\"MsoNormal\"><a href=\"http:\/\/blogs.thesocialmedia.com\/leblogmoto\/files\/2012\/07\/scooter_paris.jpg\"><img loading=\"lazy\" decoding=\"async\" width=\"470\" height=\"286\"  src=\"http:\/\/www.leblogmoto.com\/images\/2008\/06\/04\/scooter_paris.jpg\" alt=\"Scooter_paris\" \/><\/a> <br \/><span style=\"font-size: 10pt;font-family: Arial\">Le prix du p\u00e9trole qui ne cesse d\u2019augmenter d\u00e9range beaucoup de <\/span><span style=\"font-size: 10pt;font-family: Arial\"><a href=\"http:\/\/www.lexpress.fr\/diaporama\/diapo-photo\/actualite\/economie\/hausse-du-petrole-le-tour-du-monde-des-protestations_505325.html?xtor=RSS-96\">professionnels<\/a> <\/span><span style=\"font-size: 10pt;font-family: Arial\">et de particuliers un peu partout dans le monde (indon\u00e9siens, fran\u00e7ais, espagnols, bulgares, etc). Cette tendance ne va pas s\u2019inverser et le probl\u00e8me de la consommation de p\u00e9trole et des \u00e9missions de C02 se pose aujourd\u2019hui \u00e0 nous tous qui devons nous d\u00e9placer pour travailler. <\/span><\/p>\n<p class=\"MsoNormal\"><span style=\"font-size: 10pt;font-family: Arial\">Habitant en r\u00e9gion parisienne, j\u2019utilise un scooter 125 parce que cela me semble pratique : un scooter mets 2 fois moins de temps qu\u2019une automobile sur un trajet Paris-banlieue en heure de pointe). Je n\u2019avais pas r\u00e9ellement consid\u00e9r\u00e9 l\u2019impact \u00e9nerg\u00e9tique et environnemental de mes d\u00e9placements lorsque j\u2019ai fait le choix de ce mode de transport. <\/span><span style=\"font-size: 10pt;font-family: Arial\">En m\u2019int\u00e9ressant aujourd\u2019hui \u00e0 cette question, plusieurs constats m\u2019ont permis de consid\u00e9rer le scooter 125 comme une bonne solution de transport en ville :<\/span><span style=\"font-size: 10pt;font-family: Arial\"><\/span><span style=\"font-size: 10pt;font-family: Arial\"> <\/span><\/p>\n<p><span style=\"font-size: 10pt;font-family: Arial\">&#8211; La norme Euro 3 mise en place en 2007 a permis de constater une baisse comprise entre 7 et 25% des \u00e9missions polluantes des 2 roues.<\/span><\/p>\n<p><span style=\"font-size: 10pt;font-family: Arial\">&#8211; La moyenne des \u00e9missions en CO2 des 2 roues urbains est aujourd\u2019hui de 87 g\/km versus 130g pour une petite voiture citadine diesel. La consommation moyenne des scooters 125 est de 3,6l\/100km, il s&rsquo;agit, l\u00e0 encore, d&rsquo;un score bien plus faible que celui des plus voitures les plus \u00e9conomiques.<br \/><\/span><\/p>\n<p><span style=\"font-size: 10pt;font-family: Arial\">&#8211; En essayant <a href=\"http:\/\/www2.ademe.fr\/eco-deplacements\/\">l\u2019\u00e9cocomparateur de l\u2019ADEME<\/a> je constate m\u00eame que mon trajet en scooter me permet d\u2019\u00e9mettre environ 2 fois moins de C02 que si j\u2019utilisais une voiture et quasiment la m\u00eame quantit\u00e9 que si je me d\u00e9pla\u00e7ais tous les jours en bus !<\/p>\n<p><a href=\"http:\/\/clabedan.typepad.com\/.shared\/image.html?\/photos\/uncategorized\/2008\/06\/04\/scooter_125_environnement_compara_2.jpg\"><img loading=\"lazy\" decoding=\"async\" width=\"470\" height=\"293\"  alt=\"Scooter_125_environnement_compara_2\" src=\"http:\/\/www.leblogmoto.com\/images\/2008\/06\/04\/scooter_125_environnement_compara_2.jpg\" \/><\/a> <br \/><\/span> <\/p>\n<p class=\"MsoNormal\">\n<p class=\"MsoNormal\">\n<p class=\"MsoNormal\">\n<p class=\"MsoNormal\">\n<p class=\"MsoNormal\">\n<p class=\"MsoNormal\">\n<p class=\"MsoNormal\">\n<p class=\"MsoNormal\">\n<p class=\"MsoNormal\">\n<p class=\"MsoNormal\">\n<p><span style=\"font-size: 10pt;font-family: Arial\">Il est vrai qu\u2019il reste certains points \u00e0 am\u00e9liorer pour abaisser la consommation et la pollution des 2 roues. Il est vrai aussi que le v\u00e9lo, la marche et le m\u00e9tro restent les moyens de transports les moins polluants. Mais pour tous ceux qui ne sont pas bien desservis ou tout simplement pour ceux qui souhaitent garder leur ind\u00e9pendance vis-\u00e0-vis des transports en commun un 2 roues r\u00e9cent est une excellente solution qui permet de ne pas consommer trop de p\u00e9trole.<\/span> <\/p>\n<p class=\"MsoNormal\"><span style=\"font-size: 10pt;font-family: Arial\">Le scooter \u00e9lectrique, qu\u2019on aper\u00e7oit de plus en plus en ville, semble \u00eatre une solution d\u2019avenir : il permettrait de limiter au maximum les \u00e9missions polluantes tout en am\u00e9liorant la fluidit\u00e9 de circulation. En plus les mod\u00e8les commencent \u00e0 \u00eatre <a href=\"http:\/\/vectrix.com\/portal\/\">styl\u00e9s et performants.<\/a> <\/span><\/p>\n","protected":false},"excerpt":{"rendered":"<p>Le prix du p\u00e9trole qui ne cesse d\u2019augmenter d\u00e9range beaucoup de professionnels et de particuliers un peu partout dans le monde (indon\u00e9siens, fran\u00e7ais, espagnols, bulgares, etc). Cette tendance ne va pas s\u2019inverser et le probl\u00e8me de la consommation de p\u00e9trole et des \u00e9missions de C02 se pose aujourd\u2019hui \u00e0 nous tous qui devons nous d\u00e9placer [&hellip;]<\/p>\n","protected":false},"author":328,"featured_media":0,"comment_status":"open","ping_status":"open","sticky":false,"template":"","format":"standard","meta":{"footnotes":""},"categories":[3],"tags":[],"class_list":["post-649","post","type-post","status-publish","format-standard","hentry","category-actualite"],"yoast_head":"<!-- This site is optimized with the Yoast SEO plugin v26.0 - https:\/\/yoast.com\/wordpress\/plugins\/seo\/ -->\n<title>P\u00e9trole et d\u00e9placements en ville, quid des scooters ? - leblogmoto.com<\/title>\n<meta name=\"robots\" content=\"index, follow, max-snippet:-1, max-image-preview:large, max-video-preview:-1\" \/>\n<link rel=\"canonical\" href=\"https:\/\/blogs.thesocialmedia.com\/leblogmoto\/2008\/06\/04\/ptrole-et-dplac\/\" \/>\n<meta name=\"twitter:card\" content=\"summary_large_image\" \/>\n<meta name=\"twitter:title\" content=\"P\u00e9trole et d\u00e9placements en ville, quid des scooters ? - leblogmoto.com\" \/>\n<meta name=\"twitter:description\" content=\"Le prix du p\u00e9trole qui ne cesse d\u2019augmenter d\u00e9range beaucoup de professionnels et de particuliers un peu partout dans le monde (indon\u00e9siens, fran\u00e7ais, espagnols, bulgares, etc). Cette tendance ne va pas s\u2019inverser et le probl\u00e8me de la consommation de p\u00e9trole et des \u00e9missions de C02 se pose aujourd\u2019hui \u00e0 nous tous qui devons nous d\u00e9placer [&hellip;]\" \/>\n<meta name=\"twitter:image\" content=\"http:\/\/www.leblogmoto.com\/images\/2008\/06\/04\/scooter_paris.jpg\" \/>\n<meta name=\"twitter:label1\" content=\"\u00c9crit par\" \/>\n\t<meta name=\"twitter:data1\" content=\"thomas ceccaldi\" \/>\n\t<meta name=\"twitter:label2\" content=\"Dur\u00e9e de lecture estim\u00e9e\" \/>\n\t<meta name=\"twitter:data2\" content=\"2 minutes\" \/>\n<script type=\"application\/ld+json\" class=\"yoast-schema-graph\">{\"@context\":\"https:\/\/schema.org\",\"@graph\":[{\"@type\":\"WebPage\",\"@id\":\"https:\/\/blogs.thesocialmedia.com\/leblogmoto\/2008\/06\/04\/ptrole-et-dplac\/\",\"url\":\"https:\/\/blogs.thesocialmedia.com\/leblogmoto\/2008\/06\/04\/ptrole-et-dplac\/\",\"name\":\"P\u00e9trole et d\u00e9placements en ville, quid des scooters ? - leblogmoto.com\",\"isPartOf\":{\"@id\":\"https:\/\/blogs.thesocialmedia.com\/leblogmoto\/#website\"},\"primaryImageOfPage\":{\"@id\":\"https:\/\/blogs.thesocialmedia.com\/leblogmoto\/2008\/06\/04\/ptrole-et-dplac\/#primaryimage\"},\"image\":{\"@id\":\"https:\/\/blogs.thesocialmedia.com\/leblogmoto\/2008\/06\/04\/ptrole-et-dplac\/#primaryimage\"},\"thumbnailUrl\":\"http:\/\/www.leblogmoto.com\/images\/2008\/06\/04\/scooter_paris.jpg\",\"datePublished\":\"2008-06-04T20:23:18+00:00\",\"dateModified\":\"2012-07-11T15:53:41+00:00\",\"author\":{\"@id\":\"https:\/\/blogs.thesocialmedia.com\/leblogmoto\/#\/schema\/person\/55a1b27eb27b853144bd098e110e31f7\"},\"breadcrumb\":{\"@id\":\"https:\/\/blogs.thesocialmedia.com\/leblogmoto\/2008\/06\/04\/ptrole-et-dplac\/#breadcrumb\"},\"inLanguage\":\"fr-FR\",\"potentialAction\":[{\"@type\":\"ReadAction\",\"target\":[\"https:\/\/blogs.thesocialmedia.com\/leblogmoto\/2008\/06\/04\/ptrole-et-dplac\/\"]}]},{\"@type\":\"ImageObject\",\"inLanguage\":\"fr-FR\",\"@id\":\"https:\/\/blogs.thesocialmedia.com\/leblogmoto\/2008\/06\/04\/ptrole-et-dplac\/#primaryimage\",\"url\":\"http:\/\/www.leblogmoto.com\/images\/2008\/06\/04\/scooter_paris.jpg\",\"contentUrl\":\"http:\/\/www.leblogmoto.com\/images\/2008\/06\/04\/scooter_paris.jpg\"},{\"@type\":\"BreadcrumbList\",\"@id\":\"https:\/\/blogs.thesocialmedia.com\/leblogmoto\/2008\/06\/04\/ptrole-et-dplac\/#breadcrumb\",\"itemListElement\":[{\"@type\":\"ListItem\",\"position\":1,\"name\":\"Accueil\",\"item\":\"https:\/\/blogs.thesocialmedia.com\/leblogmoto\/\"},{\"@type\":\"ListItem\",\"position\":2,\"name\":\"P\u00e9trole et d\u00e9placements en ville, quid des scooters ?\"}]},{\"@type\":\"WebSite\",\"@id\":\"https:\/\/blogs.thesocialmedia.com\/leblogmoto\/#website\",\"url\":\"https:\/\/blogs.thesocialmedia.com\/leblogmoto\/\",\"name\":\"leblogmoto\",\"description\":\"Toute l&#039;actualit\u00e9 des 2 roues\",\"potentialAction\":[{\"@type\":\"SearchAction\",\"target\":{\"@type\":\"EntryPoint\",\"urlTemplate\":\"https:\/\/blogs.thesocialmedia.com\/leblogmoto\/?s={search_term_string}\"},\"query-input\":{\"@type\":\"PropertyValueSpecification\",\"valueRequired\":true,\"valueName\":\"search_term_string\"}}],\"inLanguage\":\"fr-FR\"},{\"@type\":\"Person\",\"@id\":\"https:\/\/blogs.thesocialmedia.com\/leblogmoto\/#\/schema\/person\/55a1b27eb27b853144bd098e110e31f7\",\"name\":\"thomas ceccaldi\",\"image\":{\"@type\":\"ImageObject\",\"inLanguage\":\"fr-FR\",\"@id\":\"https:\/\/blogs.thesocialmedia.com\/leblogmoto\/#\/schema\/person\/image\/\",\"url\":\"https:\/\/secure.gravatar.com\/avatar\/?s=96&d=mm&r=g\",\"contentUrl\":\"https:\/\/secure.gravatar.com\/avatar\/?s=96&d=mm&r=g\",\"caption\":\"thomas ceccaldi\"},\"url\":\"https:\/\/blogs.thesocialmedia.com\/leblogmoto\/author\/thomas-ceccaldi\/\"}]}<\/script>\n<!-- \/ Yoast SEO plugin. -->","yoast_head_json":{"title":"P\u00e9trole et d\u00e9placements en ville, quid des scooters ? - leblogmoto.com","robots":{"index":"index","follow":"follow","max-snippet":"max-snippet:-1","max-image-preview":"max-image-preview:large","max-video-preview":"max-video-preview:-1"},"canonical":"https:\/\/blogs.thesocialmedia.com\/leblogmoto\/2008\/06\/04\/ptrole-et-dplac\/","twitter_card":"summary_large_image","twitter_title":"P\u00e9trole et d\u00e9placements en ville, quid des scooters ? - leblogmoto.com","twitter_description":"Le prix du p\u00e9trole qui ne cesse d\u2019augmenter d\u00e9range beaucoup de professionnels et de particuliers un peu partout dans le monde (indon\u00e9siens, fran\u00e7ais, espagnols, bulgares, etc). Cette tendance ne va pas s\u2019inverser et le probl\u00e8me de la consommation de p\u00e9trole et des \u00e9missions de C02 se pose aujourd\u2019hui \u00e0 nous tous qui devons nous d\u00e9placer [&hellip;]","twitter_image":"http:\/\/www.leblogmoto.com\/images\/2008\/06\/04\/scooter_paris.jpg","twitter_misc":{"\u00c9crit par":"thomas ceccaldi","Dur\u00e9e de lecture estim\u00e9e":"2 minutes"},"schema":{"@context":"https:\/\/schema.org","@graph":[{"@type":"WebPage","@id":"https:\/\/blogs.thesocialmedia.com\/leblogmoto\/2008\/06\/04\/ptrole-et-dplac\/","url":"https:\/\/blogs.thesocialmedia.com\/leblogmoto\/2008\/06\/04\/ptrole-et-dplac\/","name":"P\u00e9trole et d\u00e9placements en ville, quid des scooters ? - leblogmoto.com","isPartOf":{"@id":"https:\/\/blogs.thesocialmedia.com\/leblogmoto\/#website"},"primaryImageOfPage":{"@id":"https:\/\/blogs.thesocialmedia.com\/leblogmoto\/2008\/06\/04\/ptrole-et-dplac\/#primaryimage"},"image":{"@id":"https:\/\/blogs.thesocialmedia.com\/leblogmoto\/2008\/06\/04\/ptrole-et-dplac\/#primaryimage"},"thumbnailUrl":"http:\/\/www.leblogmoto.com\/images\/2008\/06\/04\/scooter_paris.jpg","datePublished":"2008-06-04T20:23:18+00:00","dateModified":"2012-07-11T15:53:41+00:00","author":{"@id":"https:\/\/blogs.thesocialmedia.com\/leblogmoto\/#\/schema\/person\/55a1b27eb27b853144bd098e110e31f7"},"breadcrumb":{"@id":"https:\/\/blogs.thesocialmedia.com\/leblogmoto\/2008\/06\/04\/ptrole-et-dplac\/#breadcrumb"},"inLanguage":"fr-FR","potentialAction":[{"@type":"ReadAction","target":["https:\/\/blogs.thesocialmedia.com\/leblogmoto\/2008\/06\/04\/ptrole-et-dplac\/"]}]},{"@type":"ImageObject","inLanguage":"fr-FR","@id":"https:\/\/blogs.thesocialmedia.com\/leblogmoto\/2008\/06\/04\/ptrole-et-dplac\/#primaryimage","url":"http:\/\/www.leblogmoto.com\/images\/2008\/06\/04\/scooter_paris.jpg","contentUrl":"http:\/\/www.leblogmoto.com\/images\/2008\/06\/04\/scooter_paris.jpg"},{"@type":"BreadcrumbList","@id":"https:\/\/blogs.thesocialmedia.com\/leblogmoto\/2008\/06\/04\/ptrole-et-dplac\/#breadcrumb","itemListElement":[{"@type":"ListItem","position":1,"name":"Accueil","item":"https:\/\/blogs.thesocialmedia.com\/leblogmoto\/"},{"@type":"ListItem","position":2,"name":"P\u00e9trole et d\u00e9placements en ville, quid des scooters ?"}]},{"@type":"WebSite","@id":"https:\/\/blogs.thesocialmedia.com\/leblogmoto\/#website","url":"https:\/\/blogs.thesocialmedia.com\/leblogmoto\/","name":"leblogmoto","description":"Toute l&#039;actualit\u00e9 des 2 roues","potentialAction":[{"@type":"SearchAction","target":{"@type":"EntryPoint","urlTemplate":"https:\/\/blogs.thesocialmedia.com\/leblogmoto\/?s={search_term_string}"},"query-input":{"@type":"PropertyValueSpecification","valueRequired":true,"valueName":"search_term_string"}}],"inLanguage":"fr-FR"},{"@type":"Person","@id":"https:\/\/blogs.thesocialmedia.com\/leblogmoto\/#\/schema\/person\/55a1b27eb27b853144bd098e110e31f7","name":"thomas ceccaldi","image":{"@type":"ImageObject","inLanguage":"fr-FR","@id":"https:\/\/blogs.thesocialmedia.com\/leblogmoto\/#\/schema\/person\/image\/","url":"https:\/\/secure.gravatar.com\/avatar\/?s=96&d=mm&r=g","contentUrl":"https:\/\/secure.gravatar.com\/avatar\/?s=96&d=mm&r=g","caption":"thomas ceccaldi"},"url":"https:\/\/blogs.thesocialmedia.com\/leblogmoto\/author\/thomas-ceccaldi\/"}]}},"_links":{"self":[{"href":"https:\/\/blogs.thesocialmedia.com\/leblogmoto\/wp-json\/wp\/v2\/posts\/649","targetHints":{"allow":["GET"]}}],"collection":[{"href":"https:\/\/blogs.thesocialmedia.com\/leblogmoto\/wp-json\/wp\/v2\/posts"}],"about":[{"href":"https:\/\/blogs.thesocialmedia.com\/leblogmoto\/wp-json\/wp\/v2\/types\/post"}],"author":[{"embeddable":true,"href":"https:\/\/blogs.thesocialmedia.com\/leblogmoto\/wp-json\/wp\/v2\/users\/328"}],"replies":[{"embeddable":true,"href":"https:\/\/blogs.thesocialmedia.com\/leblogmoto\/wp-json\/wp\/v2\/comments?post=649"}],"version-history":[{"count":2,"href":"https:\/\/blogs.thesocialmedia.com\/leblogmoto\/wp-json\/wp\/v2\/posts\/649\/revisions"}],"predecessor-version":[{"id":10914,"href":"https:\/\/blogs.thesocialmedia.com\/leblogmoto\/wp-json\/wp\/v2\/posts\/649\/revisions\/10914"}],"wp:attachment":[{"href":"https:\/\/blogs.thesocialmedia.com\/leblogmoto\/wp-json\/wp\/v2\/media?parent=649"}],"wp:term":[{"taxonomy":"category","embeddable":true,"href":"https:\/\/blogs.thesocialmedia.com\/leblogmoto\/wp-json\/wp\/v2\/categories?post=649"},{"taxonomy":"post_tag","embeddable":true,"href":"https:\/\/blogs.thesocialmedia.com\/leblogmoto\/wp-json\/wp\/v2\/tags?post=649"}],"curies":[{"name":"wp","href":"https:\/\/api.w.org\/{rel}","templated":true}]}}