{"id":65,"date":"2009-08-24T21:18:24","date_gmt":"2009-08-24T21:18:24","guid":{"rendered":"http:\/\/blogs.thesocialmedia.com\/leblogmoto\/2009\/08\/24\/championnat-amd-2009\/"},"modified":"2012-07-11T17:38:00","modified_gmt":"2012-07-11T17:38:00","slug":"championnat-amd-2009","status":"publish","type":"post","link":"https:\/\/blogs.thesocialmedia.com\/leblogmoto\/2009\/08\/24\/championnat-amd-2009\/","title":{"rendered":"Championnat AMD 2009"},"content":{"rendered":"<p><a href=\"http:\/\/blogs.thesocialmedia.com\/leblogmoto\/files\/2012\/07\/6a00d83451b18369e20120a51860bc970b-pi.jpg\"><img decoding=\"async\" alt=\"Logoamd\"  class=\"at-xid-6a00d83451b18369e20120a51860bc970b \" src=\"http:\/\/blogs.thesocialmedia.com\/leblogmoto\/files\/2012\/07\/6a00d83451b18369e20120a51860bc970b-800wi.jpg\" style=\"margin: 0px 5px 5px 0px\" \/><\/a> Petite ann\u00e9e me semble-t-il pour la classe libre du \u00ab<a href=\"http:\/\/amdchampionship.com\/\">World championship of custom bike building<\/a>\u00bb. Rien de radical, mais tout de m\u00eame une&#160; belle continuit\u00e9 avec, comme toujours, une qualit\u00e9 de fabrication et un souci du d\u00e9tail qui fait regretter de ne pas \u00eatre sur place pour admirer de pr\u00e8s ces b\u00eates.<br \/>La forte pr\u00e9sence des \u00c9tats-Unis fait en sorte qu&#039;ils raflent 7 des places du top 10 dont les deux premi\u00e8res avec le Rambler de Dave Cook et le ludique Re-flex-tion \u00e0 moteur Triumph de Kris Krome et Jonny K.<\/p>\n<p>Ainsi, la tendance r\u00e9trofuturiste des derni\u00e8res ann\u00e9es s&#039;affirme, roues fines \u00e0 rayons, tr\u00e8s gros moteur ou tout-petit, profil bas et minimalisme dans la finition, privil\u00e9giant le d\u00e9tail qui tue \u00e0 la d\u00e9co tape \u00e0 l&#039;oeil. Ce qui n&#039;exclu pas le bon vieux chopper, mais on s&#039;ent bien que son r\u00e8gne n&#039;est plus que souvenir. Ces ann\u00e9es de purgatoire sont bel et bien amorc\u00e9es.<\/p>\n<p>Photos <a href=\"http:\/\/www.motographer.de\/\">Horst R\u00f6sler<\/a><\/p>\n<p>1, <a href=\"http:\/\/www.cookcustomchoppers.com\/\">Cook Customs<\/a> &#8211; USA &#8211; Rambler<br \/><a href=\"http:\/\/clabedan.typepad.com\/.a\/6a00d83451b18369e20120a5186c52970b-popup\"><img decoding=\"async\" alt=\"Amd_01\" class=\"at-xid-6a00d83451b18369e20120a5186c52970b \" src=\"http:\/\/blogs.thesocialmedia.com\/leblogmoto\/files\/2012\/07\/6a00d83451b18369e20120a5186c52970b-500wi.jpg\" style=\"width: 470px\" \/><\/a> <\/p>\n<p><a href=\"http:\/\/blogs.thesocialmedia.com\/leblogmoto\/files\/2012\/07\/6a00d83451b18369e20120a5186b4a970b-popup.png\"><img decoding=\"async\" alt=\"Amd_02\" class=\"at-xid-6a00d83451b18369e20120a5186b4a970b \" src=\"http:\/\/blogs.thesocialmedia.com\/leblogmoto\/files\/2012\/07\/6a00d83451b18369e20120a5186b4a970b-500wi.jpg\" style=\"width: 470px\" \/><\/a> <\/p>\n<p><a href=\"http:\/\/blogs.thesocialmedia.com\/leblogmoto\/files\/2012\/07\/6a00d83451b18369e20120a5186962970b-popup.png\"><img decoding=\"async\" alt=\"Amd_03\" class=\"at-xid-6a00d83451b18369e20120a5186962970b \" src=\"http:\/\/blogs.thesocialmedia.com\/leblogmoto\/files\/2012\/07\/6a00d83451b18369e20120a5186962970b-500wi.jpg\" style=\"width: 470px\" \/><\/a> <\/p>\n<p>2, <a href=\"http:\/\/www.kriskrome.com\/\">Kris Krome Customs Inc.<\/a> &#8211; USA &#8211; Re-flex-tion<br \/><a href=\"http:\/\/clabedan.typepad.com\/.a\/6a00d83451b18369e20120a5186e58970b-popup\"><img decoding=\"async\" alt=\"Amd_04\" class=\"at-xid-6a00d83451b18369e20120a5186e58970b \" src=\"http:\/\/blogs.thesocialmedia.com\/leblogmoto\/files\/2012\/07\/6a00d83451b18369e20120a5186e58970b-500wi.jpg\" style=\"width: 470px\" \/><\/a> <\/p>\n<p><a href=\"http:\/\/blogs.thesocialmedia.com\/leblogmoto\/files\/2012\/07\/6a00d83451b18369e20120a5186da7970b-popup.png\"><img decoding=\"async\" alt=\"Amd_05\" class=\"at-xid-6a00d83451b18369e20120a5186da7970b \" src=\"http:\/\/blogs.thesocialmedia.com\/leblogmoto\/files\/2012\/07\/6a00d83451b18369e20120a5186da7970b-500wi.jpg\" style=\"width: 470px\" \/><\/a> <\/p>\n<p><a href=\"http:\/\/blogs.thesocialmedia.com\/leblogmoto\/files\/2012\/07\/6a00d83451b18369e20120a56f3c52970c-popup.png\"><img decoding=\"async\" alt=\"Amd_06\" class=\"at-xid-6a00d83451b18369e20120a56f3c52970c \" src=\"http:\/\/blogs.thesocialmedia.com\/leblogmoto\/files\/2012\/07\/6a00d83451b18369e20120a56f3c52970c-500wi.jpg\" style=\"width: 470px\" \/><\/a> <\/p>\n<p>3, <a href=\"http:\/\/www.krugger.net\/\">Krugger Speedshop<\/a> &#8211; Belgique &#8211; Overmile<br \/><a href=\"http:\/\/clabedan.typepad.com\/.a\/6a00d83451b18369e20120a56f3f76970c-popup\"><img decoding=\"async\" alt=\"Amd_07\" class=\"at-xid-6a00d83451b18369e20120a56f3f76970c \" src=\"http:\/\/blogs.thesocialmedia.com\/leblogmoto\/files\/2012\/07\/6a00d83451b18369e20120a56f3f76970c-500wi.jpg\" style=\"width: 470px\" \/><\/a> <\/p>\n<p><a href=\"http:\/\/blogs.thesocialmedia.com\/leblogmoto\/files\/2012\/07\/6a00d83451b18369e20120a56f3ee4970c-popup.png\"><img decoding=\"async\" alt=\"Amd_08\" class=\"at-xid-6a00d83451b18369e20120a56f3ee4970c \" src=\"http:\/\/blogs.thesocialmedia.com\/leblogmoto\/files\/2012\/07\/6a00d83451b18369e20120a56f3ee4970c-500wi.jpg\" style=\"width: 470px\" \/><\/a> <\/p>\n<p><a href=\"http:\/\/blogs.thesocialmedia.com\/leblogmoto\/files\/2012\/07\/6a00d83451b18369e20120a5186f45970b-popup.png\"><img decoding=\"async\" alt=\"Amd_09\" class=\"at-xid-6a00d83451b18369e20120a5186f45970b \" src=\"http:\/\/blogs.thesocialmedia.com\/leblogmoto\/files\/2012\/07\/6a00d83451b18369e20120a5186f45970b-500wi.jpg\" style=\"width: 470px\" \/><\/a> <\/p>\n<p>4, <a href=\"http:\/\/www.seservice.se\/\">SE Service<\/a> &#8211; Su\u00e8de &#8211; Harrier<br \/><a href=\"http:\/\/clabedan.typepad.com\/.a\/6a00d83451b18369e20120a56f420d970c-popup\"><img decoding=\"async\" alt=\"Amd_10\" class=\"at-xid-6a00d83451b18369e20120a56f420d970c \" src=\"http:\/\/blogs.thesocialmedia.com\/leblogmoto\/files\/2012\/07\/6a00d83451b18369e20120a56f420d970c-500wi.jpg\" style=\"width: 470px\" \/><\/a> <\/p>\n<p><a href=\"http:\/\/blogs.thesocialmedia.com\/leblogmoto\/files\/2012\/07\/6a00d83451b18369e20120a51872d6970b-popup.png\"><img decoding=\"async\" alt=\"Amd_11\" class=\"at-xid-6a00d83451b18369e20120a51872d6970b \" src=\"http:\/\/blogs.thesocialmedia.com\/leblogmoto\/files\/2012\/07\/6a00d83451b18369e20120a51872d6970b-500wi.jpg\" style=\"width: 470px\" \/><\/a> <\/p>\n<p><a href=\"http:\/\/blogs.thesocialmedia.com\/leblogmoto\/files\/2012\/07\/6a00d83451b18369e20120a518727d970b-popup.png\"><img decoding=\"async\" alt=\"Amd_12\" class=\"at-xid-6a00d83451b18369e20120a518727d970b \" src=\"http:\/\/blogs.thesocialmedia.com\/leblogmoto\/files\/2012\/07\/6a00d83451b18369e20120a518727d970b-500wi.jpg\" style=\"width: 470px\" \/><\/a> <\/p>\n<p>5, <a href=\"http:\/\/www.krausmotorco.com\/\">Kraus Motor Co.<\/a> &#8211; USA &#8211; Snatch<br \/><a href=\"http:\/\/clabedan.typepad.com\/.a\/6a00d83451b18369e20120a56f43b8970c-popup\"><img decoding=\"async\" alt=\"Amd_13\" class=\"at-xid-6a00d83451b18369e20120a56f43b8970c \" src=\"http:\/\/blogs.thesocialmedia.com\/leblogmoto\/files\/2012\/07\/6a00d83451b18369e20120a56f43b8970c-500wi.jpg\" style=\"width: 470px\" \/><\/a> <\/p>\n<p><a href=\"http:\/\/blogs.thesocialmedia.com\/leblogmoto\/files\/2012\/07\/6a00d83451b18369e20120a51874a3970b-popup.png\"><img decoding=\"async\" alt=\"Amd_14\" class=\"at-xid-6a00d83451b18369e20120a51874a3970b \" src=\"http:\/\/blogs.thesocialmedia.com\/leblogmoto\/files\/2012\/07\/6a00d83451b18369e20120a51874a3970b-500wi.jpg\" style=\"width: 470px\" \/><\/a> <\/p>\n<p><a href=\"http:\/\/blogs.thesocialmedia.com\/leblogmoto\/files\/2012\/07\/6a00d83451b18369e20120a56f4331970c-popup.png\"><img decoding=\"async\" alt=\"Amd_15\" class=\"at-xid-6a00d83451b18369e20120a56f4331970c \" src=\"http:\/\/blogs.thesocialmedia.com\/leblogmoto\/files\/2012\/07\/6a00d83451b18369e20120a56f4331970c-500wi.jpg\" \/><\/a> <\/p>\n<p>21, <a href=\"http:\/\/www.dub-performance.com\/\">Dub Performance<\/a> &#8211; France &#8211; Proto Slug<br \/><a href=\"http:\/\/clabedan.typepad.com\/.a\/6a00d83451b18369e20120a51876f5970b-popup\"><img decoding=\"async\" alt=\"Amd_16\" class=\"at-xid-6a00d83451b18369e20120a51876f5970b \" src=\"http:\/\/blogs.thesocialmedia.com\/leblogmoto\/files\/2012\/07\/6a00d83451b18369e20120a51876f5970b-500wi.jpg\" style=\"width: 470px\" \/><\/a> <\/p>\n<p>29, <a href=\"http:\/\/www.ratshopcustombikes.com\/\">Rat Shop<\/a> &#8211; Qu\u00e9bec &#8211; Spawn<br \/><a href=\"http:\/\/clabedan.typepad.com\/.a\/6a00d83451b18369e20120a56f464c970c-popup\"><img decoding=\"async\" alt=\"Amd_17\" class=\"at-xid-6a00d83451b18369e20120a56f464c970c \" src=\"http:\/\/blogs.thesocialmedia.com\/leblogmoto\/files\/2012\/07\/6a00d83451b18369e20120a56f464c970c-500wi.jpg\" style=\"width: 470px\" \/><\/a> <\/p>\n","protected":false},"excerpt":{"rendered":"<p>Petite ann\u00e9e me semble-t-il pour la classe libre du \u00abWorld championship of custom bike building\u00bb. Rien de radical, mais tout de m\u00eame une&#160; belle continuit\u00e9 avec, comme toujours, une qualit\u00e9 de fabrication et un souci du d\u00e9tail qui fait regretter de ne pas \u00eatre sur place pour admirer de pr\u00e8s ces b\u00eates.La forte pr\u00e9sence des [&hellip;]<\/p>\n","protected":false},"author":325,"featured_media":14112,"comment_status":"open","ping_status":"open","sticky":false,"template":"","format":"standard","meta":{"footnotes":""},"categories":[16,17,10],"tags":[],"class_list":["post-65","post","type-post","status-publish","format-standard","has-post-thumbnail","hentry","category-art-moto","category-divers","category-meetings"],"yoast_head":"<!-- This site is optimized with the Yoast SEO plugin v26.0 - https:\/\/yoast.com\/wordpress\/plugins\/seo\/ -->\n<title>Championnat AMD 2009 - leblogmoto.com<\/title>\n<meta name=\"robots\" content=\"index, follow, max-snippet:-1, max-image-preview:large, max-video-preview:-1\" \/>\n<link rel=\"canonical\" href=\"https:\/\/blogs.thesocialmedia.com\/leblogmoto\/2009\/08\/24\/championnat-amd-2009\/\" \/>\n<meta name=\"twitter:card\" content=\"summary_large_image\" \/>\n<meta name=\"twitter:title\" content=\"Championnat AMD 2009 - leblogmoto.com\" \/>\n<meta name=\"twitter:description\" content=\"Petite ann\u00e9e me semble-t-il pour la classe libre du \u00abWorld championship of custom bike building\u00bb. Rien de radical, mais tout de m\u00eame une&#160; belle continuit\u00e9 avec, comme toujours, une qualit\u00e9 de fabrication et un souci du d\u00e9tail qui fait regretter de ne pas \u00eatre sur place pour admirer de pr\u00e8s ces b\u00eates.La forte pr\u00e9sence des [&hellip;]\" \/>\n<meta name=\"twitter:image\" content=\"https:\/\/blogs.thesocialmedia.com\/leblogmoto\/files\/2012\/07\/6a00d83451b18369e20120a51860bc970b-800wi.jpg\" \/>\n<meta name=\"twitter:label1\" content=\"\u00c9crit par\" \/>\n\t<meta name=\"twitter:data1\" content=\"jacques lesage\" \/>\n\t<meta name=\"twitter:label2\" content=\"Dur\u00e9e de lecture estim\u00e9e\" \/>\n\t<meta name=\"twitter:data2\" content=\"1 minute\" \/>\n<script type=\"application\/ld+json\" class=\"yoast-schema-graph\">{\"@context\":\"https:\/\/schema.org\",\"@graph\":[{\"@type\":\"WebPage\",\"@id\":\"https:\/\/blogs.thesocialmedia.com\/leblogmoto\/2009\/08\/24\/championnat-amd-2009\/\",\"url\":\"https:\/\/blogs.thesocialmedia.com\/leblogmoto\/2009\/08\/24\/championnat-amd-2009\/\",\"name\":\"Championnat AMD 2009 - leblogmoto.com\",\"isPartOf\":{\"@id\":\"https:\/\/blogs.thesocialmedia.com\/leblogmoto\/#website\"},\"primaryImageOfPage\":{\"@id\":\"https:\/\/blogs.thesocialmedia.com\/leblogmoto\/2009\/08\/24\/championnat-amd-2009\/#primaryimage\"},\"image\":{\"@id\":\"https:\/\/blogs.thesocialmedia.com\/leblogmoto\/2009\/08\/24\/championnat-amd-2009\/#primaryimage\"},\"thumbnailUrl\":\"https:\/\/blogs.thesocialmedia.com\/leblogmoto\/files\/2012\/07\/6a00d83451b18369e20120a51860bc970b-800wi.jpg\",\"datePublished\":\"2009-08-24T21:18:24+00:00\",\"dateModified\":\"2012-07-11T17:38:00+00:00\",\"author\":{\"@id\":\"https:\/\/blogs.thesocialmedia.com\/leblogmoto\/#\/schema\/person\/e82a0ca8a9a63d031586097a3ed58526\"},\"breadcrumb\":{\"@id\":\"https:\/\/blogs.thesocialmedia.com\/leblogmoto\/2009\/08\/24\/championnat-amd-2009\/#breadcrumb\"},\"inLanguage\":\"fr-FR\",\"potentialAction\":[{\"@type\":\"ReadAction\",\"target\":[\"https:\/\/blogs.thesocialmedia.com\/leblogmoto\/2009\/08\/24\/championnat-amd-2009\/\"]}]},{\"@type\":\"ImageObject\",\"inLanguage\":\"fr-FR\",\"@id\":\"https:\/\/blogs.thesocialmedia.com\/leblogmoto\/2009\/08\/24\/championnat-amd-2009\/#primaryimage\",\"url\":\"https:\/\/blogs.thesocialmedia.com\/leblogmoto\/files\/2012\/07\/6a00d83451b18369e20120a51860bc970b-800wi.jpg\",\"contentUrl\":\"https:\/\/blogs.thesocialmedia.com\/leblogmoto\/files\/2012\/07\/6a00d83451b18369e20120a51860bc970b-800wi.jpg\",\"width\":\"250\",\"height\":\"130\"},{\"@type\":\"BreadcrumbList\",\"@id\":\"https:\/\/blogs.thesocialmedia.com\/leblogmoto\/2009\/08\/24\/championnat-amd-2009\/#breadcrumb\",\"itemListElement\":[{\"@type\":\"ListItem\",\"position\":1,\"name\":\"Accueil\",\"item\":\"https:\/\/blogs.thesocialmedia.com\/leblogmoto\/\"},{\"@type\":\"ListItem\",\"position\":2,\"name\":\"Championnat AMD 2009\"}]},{\"@type\":\"WebSite\",\"@id\":\"https:\/\/blogs.thesocialmedia.com\/leblogmoto\/#website\",\"url\":\"https:\/\/blogs.thesocialmedia.com\/leblogmoto\/\",\"name\":\"leblogmoto\",\"description\":\"Toute l&#039;actualit\u00e9 des 2 roues\",\"potentialAction\":[{\"@type\":\"SearchAction\",\"target\":{\"@type\":\"EntryPoint\",\"urlTemplate\":\"https:\/\/blogs.thesocialmedia.com\/leblogmoto\/?s={search_term_string}\"},\"query-input\":{\"@type\":\"PropertyValueSpecification\",\"valueRequired\":true,\"valueName\":\"search_term_string\"}}],\"inLanguage\":\"fr-FR\"},{\"@type\":\"Person\",\"@id\":\"https:\/\/blogs.thesocialmedia.com\/leblogmoto\/#\/schema\/person\/e82a0ca8a9a63d031586097a3ed58526\",\"name\":\"jacques lesage\",\"image\":{\"@type\":\"ImageObject\",\"inLanguage\":\"fr-FR\",\"@id\":\"https:\/\/blogs.thesocialmedia.com\/leblogmoto\/#\/schema\/person\/image\/\",\"url\":\"https:\/\/secure.gravatar.com\/avatar\/?s=96&d=mm&r=g\",\"contentUrl\":\"https:\/\/secure.gravatar.com\/avatar\/?s=96&d=mm&r=g\",\"caption\":\"jacques lesage\"},\"url\":\"https:\/\/blogs.thesocialmedia.com\/leblogmoto\/author\/jacques-lesage\/\"}]}<\/script>\n<!-- \/ Yoast SEO plugin. -->","yoast_head_json":{"title":"Championnat AMD 2009 - leblogmoto.com","robots":{"index":"index","follow":"follow","max-snippet":"max-snippet:-1","max-image-preview":"max-image-preview:large","max-video-preview":"max-video-preview:-1"},"canonical":"https:\/\/blogs.thesocialmedia.com\/leblogmoto\/2009\/08\/24\/championnat-amd-2009\/","twitter_card":"summary_large_image","twitter_title":"Championnat AMD 2009 - leblogmoto.com","twitter_description":"Petite ann\u00e9e me semble-t-il pour la classe libre du \u00abWorld championship of custom bike building\u00bb. Rien de radical, mais tout de m\u00eame une&#160; belle continuit\u00e9 avec, comme toujours, une qualit\u00e9 de fabrication et un souci du d\u00e9tail qui fait regretter de ne pas \u00eatre sur place pour admirer de pr\u00e8s ces b\u00eates.La forte pr\u00e9sence des [&hellip;]","twitter_image":"https:\/\/blogs.thesocialmedia.com\/leblogmoto\/files\/2012\/07\/6a00d83451b18369e20120a51860bc970b-800wi.jpg","twitter_misc":{"\u00c9crit par":"jacques lesage","Dur\u00e9e de lecture estim\u00e9e":"1 minute"},"schema":{"@context":"https:\/\/schema.org","@graph":[{"@type":"WebPage","@id":"https:\/\/blogs.thesocialmedia.com\/leblogmoto\/2009\/08\/24\/championnat-amd-2009\/","url":"https:\/\/blogs.thesocialmedia.com\/leblogmoto\/2009\/08\/24\/championnat-amd-2009\/","name":"Championnat AMD 2009 - leblogmoto.com","isPartOf":{"@id":"https:\/\/blogs.thesocialmedia.com\/leblogmoto\/#website"},"primaryImageOfPage":{"@id":"https:\/\/blogs.thesocialmedia.com\/leblogmoto\/2009\/08\/24\/championnat-amd-2009\/#primaryimage"},"image":{"@id":"https:\/\/blogs.thesocialmedia.com\/leblogmoto\/2009\/08\/24\/championnat-amd-2009\/#primaryimage"},"thumbnailUrl":"https:\/\/blogs.thesocialmedia.com\/leblogmoto\/files\/2012\/07\/6a00d83451b18369e20120a51860bc970b-800wi.jpg","datePublished":"2009-08-24T21:18:24+00:00","dateModified":"2012-07-11T17:38:00+00:00","author":{"@id":"https:\/\/blogs.thesocialmedia.com\/leblogmoto\/#\/schema\/person\/e82a0ca8a9a63d031586097a3ed58526"},"breadcrumb":{"@id":"https:\/\/blogs.thesocialmedia.com\/leblogmoto\/2009\/08\/24\/championnat-amd-2009\/#breadcrumb"},"inLanguage":"fr-FR","potentialAction":[{"@type":"ReadAction","target":["https:\/\/blogs.thesocialmedia.com\/leblogmoto\/2009\/08\/24\/championnat-amd-2009\/"]}]},{"@type":"ImageObject","inLanguage":"fr-FR","@id":"https:\/\/blogs.thesocialmedia.com\/leblogmoto\/2009\/08\/24\/championnat-amd-2009\/#primaryimage","url":"https:\/\/blogs.thesocialmedia.com\/leblogmoto\/files\/2012\/07\/6a00d83451b18369e20120a51860bc970b-800wi.jpg","contentUrl":"https:\/\/blogs.thesocialmedia.com\/leblogmoto\/files\/2012\/07\/6a00d83451b18369e20120a51860bc970b-800wi.jpg","width":"250","height":"130"},{"@type":"BreadcrumbList","@id":"https:\/\/blogs.thesocialmedia.com\/leblogmoto\/2009\/08\/24\/championnat-amd-2009\/#breadcrumb","itemListElement":[{"@type":"ListItem","position":1,"name":"Accueil","item":"https:\/\/blogs.thesocialmedia.com\/leblogmoto\/"},{"@type":"ListItem","position":2,"name":"Championnat AMD 2009"}]},{"@type":"WebSite","@id":"https:\/\/blogs.thesocialmedia.com\/leblogmoto\/#website","url":"https:\/\/blogs.thesocialmedia.com\/leblogmoto\/","name":"leblogmoto","description":"Toute l&#039;actualit\u00e9 des 2 roues","potentialAction":[{"@type":"SearchAction","target":{"@type":"EntryPoint","urlTemplate":"https:\/\/blogs.thesocialmedia.com\/leblogmoto\/?s={search_term_string}"},"query-input":{"@type":"PropertyValueSpecification","valueRequired":true,"valueName":"search_term_string"}}],"inLanguage":"fr-FR"},{"@type":"Person","@id":"https:\/\/blogs.thesocialmedia.com\/leblogmoto\/#\/schema\/person\/e82a0ca8a9a63d031586097a3ed58526","name":"jacques lesage","image":{"@type":"ImageObject","inLanguage":"fr-FR","@id":"https:\/\/blogs.thesocialmedia.com\/leblogmoto\/#\/schema\/person\/image\/","url":"https:\/\/secure.gravatar.com\/avatar\/?s=96&d=mm&r=g","contentUrl":"https:\/\/secure.gravatar.com\/avatar\/?s=96&d=mm&r=g","caption":"jacques lesage"},"url":"https:\/\/blogs.thesocialmedia.com\/leblogmoto\/author\/jacques-lesage\/"}]}},"_links":{"self":[{"href":"https:\/\/blogs.thesocialmedia.com\/leblogmoto\/wp-json\/wp\/v2\/posts\/65","targetHints":{"allow":["GET"]}}],"collection":[{"href":"https:\/\/blogs.thesocialmedia.com\/leblogmoto\/wp-json\/wp\/v2\/posts"}],"about":[{"href":"https:\/\/blogs.thesocialmedia.com\/leblogmoto\/wp-json\/wp\/v2\/types\/post"}],"author":[{"embeddable":true,"href":"https:\/\/blogs.thesocialmedia.com\/leblogmoto\/wp-json\/wp\/v2\/users\/325"}],"replies":[{"embeddable":true,"href":"https:\/\/blogs.thesocialmedia.com\/leblogmoto\/wp-json\/wp\/v2\/comments?post=65"}],"version-history":[{"count":2,"href":"https:\/\/blogs.thesocialmedia.com\/leblogmoto\/wp-json\/wp\/v2\/posts\/65\/revisions"}],"predecessor-version":[{"id":14141,"href":"https:\/\/blogs.thesocialmedia.com\/leblogmoto\/wp-json\/wp\/v2\/posts\/65\/revisions\/14141"}],"wp:featuredmedia":[{"embeddable":true,"href":"https:\/\/blogs.thesocialmedia.com\/leblogmoto\/wp-json\/wp\/v2\/media\/14112"}],"wp:attachment":[{"href":"https:\/\/blogs.thesocialmedia.com\/leblogmoto\/wp-json\/wp\/v2\/media?parent=65"}],"wp:term":[{"taxonomy":"category","embeddable":true,"href":"https:\/\/blogs.thesocialmedia.com\/leblogmoto\/wp-json\/wp\/v2\/categories?post=65"},{"taxonomy":"post_tag","embeddable":true,"href":"https:\/\/blogs.thesocialmedia.com\/leblogmoto\/wp-json\/wp\/v2\/tags?post=65"}],"curies":[{"name":"wp","href":"https:\/\/api.w.org\/{rel}","templated":true}]}}