{"id":651,"date":"2008-06-04T06:12:36","date_gmt":"2008-06-04T06:12:36","guid":{"rendered":"http:\/\/blogs.thesocialmedia.com\/leblogmoto\/2008\/06\/04\/salt-lake-city\/"},"modified":"2012-07-11T15:53:22","modified_gmt":"2012-07-11T15:53:22","slug":"salt-lake-city","status":"publish","type":"post","link":"https:\/\/blogs.thesocialmedia.com\/leblogmoto\/2008\/06\/04\/salt-lake-city\/","title":{"rendered":"Salt Lake City, seconde manche: cette fois, il ne lui aura pas fallu dix ans."},"content":{"rendered":"<p><a href=\"http:\/\/blogs.thesocialmedia.com\/leblogmoto\/files\/2012\/07\/big_hannspree_honda_usa_83.jpg\"><img loading=\"lazy\" decoding=\"async\" width=\"470\" height=\"312\"  alt=\"Big_hannspree_honda_usa_83\" src=\"http:\/\/www.leblogmoto.com\/images\/2008\/06\/03\/big_hannspree_honda_usa_83.jpg\" \/><\/a><\/p>\n<p>Dix ans, c&rsquo;est la dur\u00e9e qui s&rsquo;est \u00e9coul\u00e9e entre les deux derniers grands succ\u00e8s de Carlos Checa. En 1998 il remportait sa deuxi\u00e8me victoire pour Honda au Grand Prix d&rsquo;Espagne, avant de se blesser gravement \u00e0 Donnington. Mais c&rsquo;est seulement un peu plus de deux heures que l&rsquo;Espagnol aura d\u00fb attendre pour conna\u00eetre ces \u00e9motions l\u00e0 \u00e0 nouveau. Pour ceux qui ont suivi les courses sur Eurosport, c&rsquo;est aussi une le\u00e7on sur les vicissitudes du pilotage au haut niveau que l&rsquo;on prend dans la figure. Etrange en effet de voir le parall\u00e8le entre les deux leaders du championnat: la <a href=\"http:\/\/blogs.thesocialmedia.com\/leblogmoto\/files\/2012\/07\/beau-double-hat.html_.png\">double victoire<\/a> de Carlos Checa, co\u00efncide avec le double abandon du pr\u00e9-retrait\u00e9 <a href=\"http:\/\/www.leblogmoto.com\/2007\/12\/troy-bayliss-ti.html\">Troy Bayliss<\/a>. R\u00e9sultat, apr\u00e8s les manches am\u00e9ricaines, le championnat s&rsquo;en trouve boulevers\u00e9 et surtout compl\u00e8tement relanc\u00e9.&nbsp; &nbsp;<\/p>\n<p>Les m\u00eames pilotes repartaient pour une lutte qui se r\u00e9v\u00e9la beaucoup plus difficile pour l&rsquo;Espagnol. Son temps canon de la veille (1&rsquo;48&quot;193) lui permettant, comme tout titulaire d&rsquo;une superpole, de se pr\u00e9senter pour la seconde fois en t\u00eate au d\u00e9part. <\/p>\n<p>Mais cette fois-ci, c&rsquo;est un pilote d\u00e9j\u00e0 aur\u00e9ol\u00e9 d&rsquo;une victoire apr\u00e8s seulement six courses qui se pr\u00e9sente sur la grille devant Max Neukirchner, suivi de Troy Bayliss et Michel Fabrizio sur les Ducati officielles (la deuxi\u00e8me ligne sur la grille de d\u00e9part \u00e9tant occup\u00e9e par Troy Corser, Ruben Xaus, R\u00e9gis Laconi et Yukio Kagayama).<\/p>\n<p><a href=\"http:\/\/clabedan.typepad.com\/.shared\/image.html?\/photos\/uncategorized\/2008\/06\/03\/big_hannspree_honda_usa_03.jpg\"><img loading=\"lazy\" decoding=\"async\" width=\"470\" height=\"313\"  alt=\"Big_hannspree_honda_usa_03\" src=\"http:\/\/www.leblogmoto.com\/images\/2008\/06\/03\/big_hannspree_honda_usa_03.jpg\" \/><\/a> <\/p>\n<p>Le leader du brillant <em>team<\/em> Ten Kate (ancienne \u00e9quipe du double champion britannique en titre de WSBK, <a href=\"http:\/\/blogs.thesocialmedia.com\/leblogmoto\/files\/2012\/07\/magny-cours-jam.html_1.png\">James Toseland<\/a>) su attendre le neuvi\u00e8me tour pour prendre les r\u00eanes de la course. C&rsquo;est l&rsquo;Allemand Neukirchner qui menait les d\u00e9bats jusqu&rsquo;alors. Ce dernier arrivera second, consolidant ainsi sa troisi\u00e8me place au championnat. <\/p>\n<p>Concernant nos deux surdou\u00e9s Troy, les Australiens homonymes connurent des fortunes diverses. Bayliss ne finissant pas dans les points en raison d&rsquo;un <em>shifter<\/em> que contraint et forc\u00e9 il d\u00fb faire r\u00e9parer lors d&rsquo;un <em>pit stop<\/em>. Corser quant \u00e0 lui chuta au 17\u00e8me tour, alors qu&rsquo;il pouvait une nouvelle fois pr\u00e9tendre au podium.<\/p>\n<p>La troisi\u00e8me place revint (encore !) \u00e0 Fabrizio, l&rsquo;autre grand vainqueur du jour, qui prit (encore !!) un mauvais d\u00e9part, pointant douzi\u00e8me au d\u00e9but du deuxi\u00e8me tour, mais son talent fit le reste car il resta le plus rapide en fin de course. <\/p>\n<p><a href=\"http:\/\/clabedan.typepad.com\/.shared\/image.html?\/photos\/uncategorized\/2008\/06\/03\/big_regis_laconi_1.jpg\"><img loading=\"lazy\" decoding=\"async\" width=\"470\" height=\"312\"  src=\"http:\/\/www.leblogmoto.com\/images\/2008\/06\/03\/big_regis_laconi_1.jpg\" alt=\"Big_regis_laconi_1\" \/><\/a><\/p>\n<p>Max Biaggi sur la Ducati n\u00b03 r\u00e9ussit \u00e0 oublier sa premi\u00e8re course pour finir en quatri\u00e8me position m\u00eame si l&rsquo;on esp\u00e9rait le voir sur la troisi\u00e8me marche du podium, place qu&rsquo;il a occup\u00e9 pendant une belle partie de la course.<\/p>\n<p>L&rsquo;ancien champion du monde 250cc termine devant Yukio Kagayama (Suzuki Alstare) et devant un Haga sto\u00efque sous la douleur, qui subira dans les prochains jours une intervention chirurgicale en vue d&rsquo;\u00eatre pr\u00eat pour le Nurburgring dans deux semaines. Jorge Lorenzo qui pilote avec deux chevilles (et un poignet) &quot;en vrac&quot; a trouv\u00e9 son pendant en Superbike, sans aucun doute.<\/p>\n<p>Le Fran\u00e7ais R\u00e9gis Laconi, bient\u00f4t 33 ans, sur la Kawa estampill\u00e9e du n\u00b055* (toujous la photo ci-dessus) finit en neuvi\u00e8me position (PSG-1 Corse), avec la premi\u00e8re Kawasaki \u00e0 franchir la ligne d&rsquo;arriv\u00e9e, trois places devant les autres vertes de Badovini et Tamada (photo).<\/p>\n<p><a href=\"http:\/\/blogs.thesocialmedia.com\/leblogmoto\/files\/2012\/07\/big_makoto_tamada_1.jpg\"><img loading=\"lazy\" decoding=\"async\" width=\"470\" height=\"312\"  alt=\"Big_makoto_tamada_1\" src=\"http:\/\/www.leblogmoto.com\/images\/2008\/06\/03\/big_makoto_tamada_1.jpg\" \/><\/a>  <\/p>\n<p>Les superbes Rocheuses qui dominent ce circuit de Tooele auront vu un pilote que l&rsquo;on disait sur le d\u00e9clin couronn\u00e9 par deux fois le m\u00eame jour&#8230; et qui apporte, on l&rsquo;a d\u00e9j\u00e0 dit dans notre analyse de la premi\u00e8re manche, la 100\u00e8me victoire \u00e0 Honda en Superbike. Mais plus important que tout, avec les cinquante points engrang\u00e9s par Checa, Bayliss se trouve sous pression, lui qui ne m\u00e8ne plus le championnat que de 28 points.<\/p>\n<p><em>*pour la petite histoire, R\u00e9gis a choisi ce num\u00e9ro car c&rsquo;est celui du d\u00e9partement de la Meuse o\u00f9 il a toutes ses attaches familiales. Quand on vous dit que la r\u00e9forme des plaques d&rsquo;immatriculation va faire du mal \u00e0 certains&#8230;<\/em><\/p>\n<h4>Superbike de Salt Lake City, les r\u00e9sultats de la 2nde manche (21 tours)<\/h4>\n<p> 1. Carlos Checa (ESP, Honda), 38&rsquo;44&quot;105<br \/> 2. Max Neukirchner (GER, Suzuki), \u00e0 3&quot;547<br \/> 3. Michel Fabrizio (ITA, Ducati), \u00e0 6&quot;613<br \/> 4. Max Biaggi (ITA, Ducati), \u00e0 7&quot;878<br \/> 5. Yukio Kagayama (JAP, Suzuki), \u00e0 10&quot;568<br \/> 6. Noriyuki Haga (JAP, Yamaha), \u00e0 11&quot;539<br \/>7. Riyuichi Kiyonari (JAP, Honda), \u00e0 18&quot;381<br \/> 8. Fonsi Nieto (ESP, Suzuki), \u00e0 20&quot;646<br \/> 9. R\u00e9gis Laconi (FR, Kawasaki), \u00e0 21&quot;264<br \/> 10. Lorenzo Lanzi (ITA, Ducati), \u00e0 24&quot;863<br \/> 11. Karl Muggeridge (AUS, Honda), \u00e0 25&quot;672<br \/> 12. Ayrton Badovini (ITA, Kawasaki), \u00e0 31&quot;711<br \/> 13. Makoto Tamada (JAP, Kawasaki), \u00e0 35&quot;628<br \/> 14. Kenan Sofuoglu (TUR, Honda), \u00e0 42&quot;816<br \/> 15. Gregorio Lavilla (ESP, Honda), \u00e0 45&quot;034<br \/> 17. S\u00e9bastien Gimbert (FR, Yamaha), \u00e0 50&quot;653<br \/> 21. Loic Napoleone (FR, Yamaha), \u00e0 1&rsquo;19&quot;221 <\/p>\n<p><a href=\"http:\/\/blogs.thesocialmedia.com\/leblogmoto\/files\/2012\/07\/big_z_alto_evolution_1.jpg\"><img loading=\"lazy\" decoding=\"async\" width=\"470\" height=\"352\"  alt=\"Big_z_alto_evolution_1\" src=\"http:\/\/www.leblogmoto.com\/images\/2008\/06\/03\/big_z_alto_evolution_1.jpg\" \/><\/a> <\/p>\n<h4>Classement au Championnat du Monde des pilotes:<\/h4>\n<p> 1. Troy Bayliss, 194 pts<br \/> 2. Carlos Checa, 166 pts<br \/> 3. Max Neukirchner, 144 pts<br \/> 4. Fonsi Nieto, 126 pts<br \/> 5. Noriyuki Haga, 122 pts<br \/> 6. Troy Corser, 121 pts<br \/> 7. Ruben Xaus, 92 pts<br \/> 8. Michel Fabrizio, 87 pts<br \/> 9. Max Biaggi, 85 pts<br \/> 10. Riyuichi Kiyonari, 80 pts<br \/> 11. Yukio Kagayama, 73 pts<br \/> 12. Gregorio Lavilla, 63 pts<br \/> 13. Lorenzo Lanzi, 60 pts<br \/> 14. Jakub Smrz, 51 pts<br \/> 15. Karl Muggeridge, 49 pts<br \/> 18. R\u00e9gis Laconi, 28 pts<\/p>\n<p>&nbsp;<\/p>\n<p>&nbsp;<\/p>\n","protected":false},"excerpt":{"rendered":"<p>Dix ans, c&rsquo;est la dur\u00e9e qui s&rsquo;est \u00e9coul\u00e9e entre les deux derniers grands succ\u00e8s de Carlos Checa. En 1998 il remportait sa deuxi\u00e8me victoire pour Honda au Grand Prix d&rsquo;Espagne, avant de se blesser gravement \u00e0 Donnington. Mais c&rsquo;est seulement un peu plus de deux heures que l&rsquo;Espagnol aura d\u00fb attendre pour conna\u00eetre ces \u00e9motions [&hellip;]<\/p>\n","protected":false},"author":324,"featured_media":0,"comment_status":"open","ping_status":"open","sticky":false,"template":"","format":"standard","meta":{"footnotes":""},"categories":[3,43],"tags":[],"class_list":["post-651","post","type-post","status-publish","format-standard","hentry","category-actualite","category-wsbk"],"yoast_head":"<!-- This site is optimized with the Yoast SEO plugin v26.0 - https:\/\/yoast.com\/wordpress\/plugins\/seo\/ -->\n<title>Salt Lake City, seconde manche: cette fois, il ne lui aura pas fallu dix ans. - leblogmoto.com<\/title>\n<meta name=\"robots\" content=\"index, follow, max-snippet:-1, max-image-preview:large, max-video-preview:-1\" \/>\n<link rel=\"canonical\" href=\"https:\/\/blogs.thesocialmedia.com\/leblogmoto\/2008\/06\/04\/salt-lake-city\/\" \/>\n<meta name=\"twitter:card\" content=\"summary_large_image\" \/>\n<meta name=\"twitter:title\" content=\"Salt Lake City, seconde manche: cette fois, il ne lui aura pas fallu dix ans. - leblogmoto.com\" \/>\n<meta name=\"twitter:description\" content=\"Dix ans, c&rsquo;est la dur\u00e9e qui s&rsquo;est \u00e9coul\u00e9e entre les deux derniers grands succ\u00e8s de Carlos Checa. En 1998 il remportait sa deuxi\u00e8me victoire pour Honda au Grand Prix d&rsquo;Espagne, avant de se blesser gravement \u00e0 Donnington. Mais c&rsquo;est seulement un peu plus de deux heures que l&rsquo;Espagnol aura d\u00fb attendre pour conna\u00eetre ces \u00e9motions [&hellip;]\" \/>\n<meta name=\"twitter:image\" content=\"http:\/\/www.leblogmoto.com\/images\/2008\/06\/03\/big_hannspree_honda_usa_83.jpg\" \/>\n<meta name=\"twitter:label1\" content=\"\u00c9crit par\" \/>\n\t<meta name=\"twitter:data1\" content=\"benoit rieu\" \/>\n\t<meta name=\"twitter:label2\" content=\"Dur\u00e9e de lecture estim\u00e9e\" \/>\n\t<meta name=\"twitter:data2\" content=\"4 minutes\" \/>\n<script type=\"application\/ld+json\" class=\"yoast-schema-graph\">{\"@context\":\"https:\/\/schema.org\",\"@graph\":[{\"@type\":\"WebPage\",\"@id\":\"https:\/\/blogs.thesocialmedia.com\/leblogmoto\/2008\/06\/04\/salt-lake-city\/\",\"url\":\"https:\/\/blogs.thesocialmedia.com\/leblogmoto\/2008\/06\/04\/salt-lake-city\/\",\"name\":\"Salt Lake City, seconde manche: cette fois, il ne lui aura pas fallu dix ans. - leblogmoto.com\",\"isPartOf\":{\"@id\":\"https:\/\/blogs.thesocialmedia.com\/leblogmoto\/#website\"},\"primaryImageOfPage\":{\"@id\":\"https:\/\/blogs.thesocialmedia.com\/leblogmoto\/2008\/06\/04\/salt-lake-city\/#primaryimage\"},\"image\":{\"@id\":\"https:\/\/blogs.thesocialmedia.com\/leblogmoto\/2008\/06\/04\/salt-lake-city\/#primaryimage\"},\"thumbnailUrl\":\"http:\/\/www.leblogmoto.com\/images\/2008\/06\/03\/big_hannspree_honda_usa_83.jpg\",\"datePublished\":\"2008-06-04T06:12:36+00:00\",\"dateModified\":\"2012-07-11T15:53:22+00:00\",\"author\":{\"@id\":\"https:\/\/blogs.thesocialmedia.com\/leblogmoto\/#\/schema\/person\/18bfe773e5725ed6d24f743da805362a\"},\"breadcrumb\":{\"@id\":\"https:\/\/blogs.thesocialmedia.com\/leblogmoto\/2008\/06\/04\/salt-lake-city\/#breadcrumb\"},\"inLanguage\":\"fr-FR\",\"potentialAction\":[{\"@type\":\"ReadAction\",\"target\":[\"https:\/\/blogs.thesocialmedia.com\/leblogmoto\/2008\/06\/04\/salt-lake-city\/\"]}]},{\"@type\":\"ImageObject\",\"inLanguage\":\"fr-FR\",\"@id\":\"https:\/\/blogs.thesocialmedia.com\/leblogmoto\/2008\/06\/04\/salt-lake-city\/#primaryimage\",\"url\":\"http:\/\/www.leblogmoto.com\/images\/2008\/06\/03\/big_hannspree_honda_usa_83.jpg\",\"contentUrl\":\"http:\/\/www.leblogmoto.com\/images\/2008\/06\/03\/big_hannspree_honda_usa_83.jpg\"},{\"@type\":\"BreadcrumbList\",\"@id\":\"https:\/\/blogs.thesocialmedia.com\/leblogmoto\/2008\/06\/04\/salt-lake-city\/#breadcrumb\",\"itemListElement\":[{\"@type\":\"ListItem\",\"position\":1,\"name\":\"Accueil\",\"item\":\"https:\/\/blogs.thesocialmedia.com\/leblogmoto\/\"},{\"@type\":\"ListItem\",\"position\":2,\"name\":\"Salt Lake City, seconde manche: cette fois, il ne lui aura pas fallu dix ans.\"}]},{\"@type\":\"WebSite\",\"@id\":\"https:\/\/blogs.thesocialmedia.com\/leblogmoto\/#website\",\"url\":\"https:\/\/blogs.thesocialmedia.com\/leblogmoto\/\",\"name\":\"leblogmoto\",\"description\":\"Toute l&#039;actualit\u00e9 des 2 roues\",\"potentialAction\":[{\"@type\":\"SearchAction\",\"target\":{\"@type\":\"EntryPoint\",\"urlTemplate\":\"https:\/\/blogs.thesocialmedia.com\/leblogmoto\/?s={search_term_string}\"},\"query-input\":{\"@type\":\"PropertyValueSpecification\",\"valueRequired\":true,\"valueName\":\"search_term_string\"}}],\"inLanguage\":\"fr-FR\"},{\"@type\":\"Person\",\"@id\":\"https:\/\/blogs.thesocialmedia.com\/leblogmoto\/#\/schema\/person\/18bfe773e5725ed6d24f743da805362a\",\"name\":\"benoit rieu\",\"image\":{\"@type\":\"ImageObject\",\"inLanguage\":\"fr-FR\",\"@id\":\"https:\/\/blogs.thesocialmedia.com\/leblogmoto\/#\/schema\/person\/image\/\",\"url\":\"https:\/\/secure.gravatar.com\/avatar\/?s=96&d=mm&r=g\",\"contentUrl\":\"https:\/\/secure.gravatar.com\/avatar\/?s=96&d=mm&r=g\",\"caption\":\"benoit rieu\"},\"url\":\"https:\/\/blogs.thesocialmedia.com\/leblogmoto\/author\/benoit-rieu\/\"}]}<\/script>\n<!-- \/ Yoast SEO plugin. -->","yoast_head_json":{"title":"Salt Lake City, seconde manche: cette fois, il ne lui aura pas fallu dix ans. - leblogmoto.com","robots":{"index":"index","follow":"follow","max-snippet":"max-snippet:-1","max-image-preview":"max-image-preview:large","max-video-preview":"max-video-preview:-1"},"canonical":"https:\/\/blogs.thesocialmedia.com\/leblogmoto\/2008\/06\/04\/salt-lake-city\/","twitter_card":"summary_large_image","twitter_title":"Salt Lake City, seconde manche: cette fois, il ne lui aura pas fallu dix ans. - leblogmoto.com","twitter_description":"Dix ans, c&rsquo;est la dur\u00e9e qui s&rsquo;est \u00e9coul\u00e9e entre les deux derniers grands succ\u00e8s de Carlos Checa. En 1998 il remportait sa deuxi\u00e8me victoire pour Honda au Grand Prix d&rsquo;Espagne, avant de se blesser gravement \u00e0 Donnington. Mais c&rsquo;est seulement un peu plus de deux heures que l&rsquo;Espagnol aura d\u00fb attendre pour conna\u00eetre ces \u00e9motions [&hellip;]","twitter_image":"http:\/\/www.leblogmoto.com\/images\/2008\/06\/03\/big_hannspree_honda_usa_83.jpg","twitter_misc":{"\u00c9crit par":"benoit rieu","Dur\u00e9e de lecture estim\u00e9e":"4 minutes"},"schema":{"@context":"https:\/\/schema.org","@graph":[{"@type":"WebPage","@id":"https:\/\/blogs.thesocialmedia.com\/leblogmoto\/2008\/06\/04\/salt-lake-city\/","url":"https:\/\/blogs.thesocialmedia.com\/leblogmoto\/2008\/06\/04\/salt-lake-city\/","name":"Salt Lake City, seconde manche: cette fois, il ne lui aura pas fallu dix ans. - leblogmoto.com","isPartOf":{"@id":"https:\/\/blogs.thesocialmedia.com\/leblogmoto\/#website"},"primaryImageOfPage":{"@id":"https:\/\/blogs.thesocialmedia.com\/leblogmoto\/2008\/06\/04\/salt-lake-city\/#primaryimage"},"image":{"@id":"https:\/\/blogs.thesocialmedia.com\/leblogmoto\/2008\/06\/04\/salt-lake-city\/#primaryimage"},"thumbnailUrl":"http:\/\/www.leblogmoto.com\/images\/2008\/06\/03\/big_hannspree_honda_usa_83.jpg","datePublished":"2008-06-04T06:12:36+00:00","dateModified":"2012-07-11T15:53:22+00:00","author":{"@id":"https:\/\/blogs.thesocialmedia.com\/leblogmoto\/#\/schema\/person\/18bfe773e5725ed6d24f743da805362a"},"breadcrumb":{"@id":"https:\/\/blogs.thesocialmedia.com\/leblogmoto\/2008\/06\/04\/salt-lake-city\/#breadcrumb"},"inLanguage":"fr-FR","potentialAction":[{"@type":"ReadAction","target":["https:\/\/blogs.thesocialmedia.com\/leblogmoto\/2008\/06\/04\/salt-lake-city\/"]}]},{"@type":"ImageObject","inLanguage":"fr-FR","@id":"https:\/\/blogs.thesocialmedia.com\/leblogmoto\/2008\/06\/04\/salt-lake-city\/#primaryimage","url":"http:\/\/www.leblogmoto.com\/images\/2008\/06\/03\/big_hannspree_honda_usa_83.jpg","contentUrl":"http:\/\/www.leblogmoto.com\/images\/2008\/06\/03\/big_hannspree_honda_usa_83.jpg"},{"@type":"BreadcrumbList","@id":"https:\/\/blogs.thesocialmedia.com\/leblogmoto\/2008\/06\/04\/salt-lake-city\/#breadcrumb","itemListElement":[{"@type":"ListItem","position":1,"name":"Accueil","item":"https:\/\/blogs.thesocialmedia.com\/leblogmoto\/"},{"@type":"ListItem","position":2,"name":"Salt Lake City, seconde manche: cette fois, il ne lui aura pas fallu dix ans."}]},{"@type":"WebSite","@id":"https:\/\/blogs.thesocialmedia.com\/leblogmoto\/#website","url":"https:\/\/blogs.thesocialmedia.com\/leblogmoto\/","name":"leblogmoto","description":"Toute l&#039;actualit\u00e9 des 2 roues","potentialAction":[{"@type":"SearchAction","target":{"@type":"EntryPoint","urlTemplate":"https:\/\/blogs.thesocialmedia.com\/leblogmoto\/?s={search_term_string}"},"query-input":{"@type":"PropertyValueSpecification","valueRequired":true,"valueName":"search_term_string"}}],"inLanguage":"fr-FR"},{"@type":"Person","@id":"https:\/\/blogs.thesocialmedia.com\/leblogmoto\/#\/schema\/person\/18bfe773e5725ed6d24f743da805362a","name":"benoit rieu","image":{"@type":"ImageObject","inLanguage":"fr-FR","@id":"https:\/\/blogs.thesocialmedia.com\/leblogmoto\/#\/schema\/person\/image\/","url":"https:\/\/secure.gravatar.com\/avatar\/?s=96&d=mm&r=g","contentUrl":"https:\/\/secure.gravatar.com\/avatar\/?s=96&d=mm&r=g","caption":"benoit rieu"},"url":"https:\/\/blogs.thesocialmedia.com\/leblogmoto\/author\/benoit-rieu\/"}]}},"_links":{"self":[{"href":"https:\/\/blogs.thesocialmedia.com\/leblogmoto\/wp-json\/wp\/v2\/posts\/651","targetHints":{"allow":["GET"]}}],"collection":[{"href":"https:\/\/blogs.thesocialmedia.com\/leblogmoto\/wp-json\/wp\/v2\/posts"}],"about":[{"href":"https:\/\/blogs.thesocialmedia.com\/leblogmoto\/wp-json\/wp\/v2\/types\/post"}],"author":[{"embeddable":true,"href":"https:\/\/blogs.thesocialmedia.com\/leblogmoto\/wp-json\/wp\/v2\/users\/324"}],"replies":[{"embeddable":true,"href":"https:\/\/blogs.thesocialmedia.com\/leblogmoto\/wp-json\/wp\/v2\/comments?post=651"}],"version-history":[{"count":2,"href":"https:\/\/blogs.thesocialmedia.com\/leblogmoto\/wp-json\/wp\/v2\/posts\/651\/revisions"}],"predecessor-version":[{"id":10903,"href":"https:\/\/blogs.thesocialmedia.com\/leblogmoto\/wp-json\/wp\/v2\/posts\/651\/revisions\/10903"}],"wp:attachment":[{"href":"https:\/\/blogs.thesocialmedia.com\/leblogmoto\/wp-json\/wp\/v2\/media?parent=651"}],"wp:term":[{"taxonomy":"category","embeddable":true,"href":"https:\/\/blogs.thesocialmedia.com\/leblogmoto\/wp-json\/wp\/v2\/categories?post=651"},{"taxonomy":"post_tag","embeddable":true,"href":"https:\/\/blogs.thesocialmedia.com\/leblogmoto\/wp-json\/wp\/v2\/tags?post=651"}],"curies":[{"name":"wp","href":"https:\/\/api.w.org\/{rel}","templated":true}]}}