{"id":655,"date":"2008-06-03T08:12:00","date_gmt":"2008-06-03T08:12:00","guid":{"rendered":"http:\/\/blogs.thesocialmedia.com\/leblogmoto\/2008\/06\/03\/septime-mugello\/"},"modified":"2012-07-11T15:52:56","modified_gmt":"2012-07-11T15:52:56","slug":"septime-mugello","status":"publish","type":"post","link":"https:\/\/blogs.thesocialmedia.com\/leblogmoto\/2008\/06\/03\/septime-mugello\/","title":{"rendered":"Retour en images sur le 7\u00e8me Mugello de rang pour Vale, et 3\u00e8me GP d&rsquo;affil\u00e9e"},"content":{"rendered":"<p><a href=\"http:\/\/blogs.thesocialmedia.com\/leblogmoto\/files\/2012\/07\/rs200620086228307305222821.jpg\"><img loading=\"lazy\" decoding=\"async\" width=\"470\" height=\"312\"  alt=\"Rs200620086228307305222821\" src=\"http:\/\/www.leblogmoto.com\/images\/2008\/06\/02\/rs200620086228307305222821.jpg\" \/><\/a><\/p>\n<p>Et m\u00eame neuf si l&rsquo;on compte ses victoires dans les autres s\u00e9ries. Comme on s&rsquo;y attendait, Nieto est d\u00e9pass\u00e9*. Les compteurs s&rsquo;affolent. Tout le buzz autour de son <a href=\"http:\/\/blogs.thesocialmedia.com\/leblogmoto\/files\/2012\/07\/petite-mise-en.html_.png\">casque<\/a> AGV avait fait oublier que sa qu\u00eate d&rsquo;une septi\u00e8me victoire en Toscane d\u00e9butait sous les meilleurs auspices: avec notamment sa <a href=\"http:\/\/www.leblogmoto.com\/2008\/06\/valentino-rossi.html\">premi\u00e8re pole<\/a> de l&rsquo;ann\u00e9e qui est aussi sa toute premi\u00e8re chauss\u00e9 de gommes Bridgestone. Un avantage toutefois rapidement r\u00e9duit \u00e0 n\u00e9ant apr\u00e8s un mauvais d\u00e9part o\u00f9 il se voit r\u00e9trograd\u00e9 en quatri\u00e8me position, pour remonter progressivement ses adversaires et prendre le meilleur sur le leader de la course Casey Stoner, au quatri\u00e8me tour et ne plus rien l\u00e2cher jusqu&rsquo;au drapeau \u00e0 damiers, \u00e9tendant m\u00eame son avance \u00e0 3,5 secondes \u00e0 deux tours de l&rsquo;arriv\u00e9e. Les clich\u00e9s sont encore sign\u00e9s <a href=\"http:\/\/www.rossifumi.it\">Rossifumi<\/a>.<\/p>\n<p><a href=\"http:\/\/clabedan.typepad.com\/.shared\/image.html?\/photos\/uncategorized\/2008\/06\/02\/rs200620086228274305222821.jpg\"><img loading=\"lazy\" decoding=\"async\" width=\"470\" height=\"356\"  alt=\"Rs200620086228274305222821\" src=\"http:\/\/www.leblogmoto.com\/images\/2008\/06\/02\/rs200620086228274305222821.jpg\" \/><\/a><\/p>\n<p>C&rsquo;est \u00e0 Dani Pedrosa que revint le meilleur d\u00e9part, l&rsquo;Espagnol devra pourtant laisser les commandes de la course au champion en titre d\u00e8s le second tour, les deux pilotes qui d\u00e8s lors se marqu\u00e8rent \u00e0 la culotte. Pedrosa se gardera bien d&rsquo;attaquer d\u00e8s qu&rsquo;il comprit qu&rsquo;il ne pourrait revenir sur Casey Stoner, se pla\u00e7ant alors sous les attaques du surprenant Saint-Marinais Alex de Angelis sur Honda Gresini, la r\u00e9v\u00e9lation de cette \u00e9dition du Mugello. <\/p>\n<p><a href=\"http:\/\/blogs.thesocialmedia.com\/leblogmoto\/files\/2012\/07\/rs2006200862283610305222821.jpg\"><img loading=\"lazy\" decoding=\"async\" width=\"470\" height=\"312\"  alt=\"Rs2006200862283610305222821\" src=\"http:\/\/www.leblogmoto.com\/images\/2008\/06\/02\/rs2006200862283610305222821.jpg\" \/><\/a><\/p>\n<p>M\u00eame si <em>Titanium<\/em> prot\u00e8gera sa troisi\u00e8me place du podium, comptant jusqu&rsquo;\u00e0 1,6 secondes \u00e0 l&rsquo;arriv\u00e9e sur son poursuivant imm\u00e9diat, c&rsquo;est \u00e0 ce dernier que revient la plus belle remont\u00e9e &#8211; que dis-je &#8211; chevauch\u00e9e fantastique serait plus appropri\u00e9.<\/p>\n<p><a href=\"http:\/\/blogs.thesocialmedia.com\/leblogmoto\/files\/2012\/07\/rs200620086228285305222821.jpg\"><img loading=\"lazy\" decoding=\"async\" width=\"470\" height=\"323\"  alt=\"Rs200620086228285305222821\" src=\"http:\/\/www.leblogmoto.com\/images\/2008\/06\/02\/rs200620086228285305222821.jpg\" \/><\/a><\/p>\n<p>Alors dixi\u00e8me sur la grille, un d\u00e9part catastrophique plongea en effet De Angelis dans les profondeurs du classement, mais sa quatri\u00e8me place \u00e0 l&rsquo;arriv\u00e9e n&rsquo;en est que plus r\u00e9v\u00e9latrice, surtout lorsque Nakano finit neuvi\u00e8me au terme d&rsquo;une course sans aucun panache, elle. Plus grave aux yeux du team, le s\u00e9rieux Shinya n&rsquo;a pas soutenu la comparaison face \u00e0 son co\u00e9quipier. <\/p>\n<p><a href=\"http:\/\/blogs.thesocialmedia.com\/leblogmoto\/files\/2012\/07\/rs200620086228253305222821.jpg\"><img loading=\"lazy\" decoding=\"async\" width=\"470\" height=\"312\"  alt=\"Rs200620086228253305222821\" src=\"http:\/\/www.leblogmoto.com\/images\/2008\/06\/02\/rs200620086228253305222821.jpg\" \/><\/a> <\/p>\n<p>Que dire aussi de la transparence de Melandri, forc\u00e9 d&rsquo;abandonner au cinqui\u00e8me tour, et qui \u00e9tait attendu sur un circuit favorisant la puissance de sa Malboro Ducati GP08 ? Il est vrai que la chute sous ses yeux (et sa fourche !) de Randy De Puniet sur LCR Honda, lui aussi \u00e9teint depuis le d\u00e9but de la saison, a pr\u00e9cipit\u00e9 les choses. Mais y&rsquo;a t&rsquo;il eu touchette du Fran\u00e7ais avec l&rsquo;un des trois Australiens du Continental Circus, Chris Vermeulen ?<\/p>\n<p><a href=\"http:\/\/blogs.thesocialmedia.com\/leblogmoto\/files\/2012\/07\/rs200620086228242305222821.jpg\"><img loading=\"lazy\" decoding=\"async\" width=\"470\" height=\"329\"  alt=\"Rs200620086228242305222821\" src=\"http:\/\/www.leblogmoto.com\/images\/2008\/06\/02\/rs200620086228242305222821.jpg\" \/><\/a> <\/p>\n<p>Dans les d\u00e9ceptions du week-end on comptait aussi, \u00e0 un degr\u00e9 moindre en raison de l&rsquo;exploit qu&rsquo;il y a de le voir simplement enfourcher sa Yam avec ses chevilles bless\u00e9es, Lorenzo. Pour le n\u00b048, c&rsquo;est en effet le premier grand prix sans point depuis Donington en 250cc l&rsquo;ann\u00e9e derni\u00e8re, m\u00eame si je le vois encore concourir pour le titre. <\/p>\n<p>Jorge Lorenzo s&rsquo;est en effet crash\u00e9 en essayant de passer son adversaire de la saison 2007 Dovizioso sur JiR Honda en sixi\u00e8me place au septi\u00e8me tour, au m\u00eame moment o\u00f9 John Hopkins sur Kawa terminait lui aussi sa course. Apr\u00e8s des exc\u00e8s et de multiple provocations m\u00e9galomaniaques inutiles (notamment le Tshirt qu&rsquo;il arborait en d\u00e9but de saison &quot;Lorenzo le g\u00e9nie du pilotage&quot;) c&rsquo;est une belle le\u00e7on d&rsquo;humilit\u00e9 pour lui.<\/p>\n<p><a href=\"http:\/\/blogs.thesocialmedia.com\/leblogmoto\/files\/2012\/07\/rs200620086228328305222821.jpg\"><img loading=\"lazy\" decoding=\"async\" width=\"470\" height=\"312\"  alt=\"Rs200620086228328305222821\" src=\"http:\/\/www.leblogmoto.com\/images\/2008\/06\/02\/rs200620086228328305222821.jpg\" \/><\/a> <\/p>\n<p>Kawasaki, justement, devra oublier le Mugello, et vite. Et ne plus penser au remplacement de West, encore dernier dimache, mais le finaliser. C&rsquo;est \u00e0 l&rsquo;inverse une grosse bagarre qui opposa les deux pilotes Yamaha Tech 3, tout deux double champions WSBK, Edwards et Toseland, l&rsquo;Am\u00e9ricain faisant parler son exp\u00e9rience face au <em>rookie<\/em> britannique pour le pr\u00e9c\u00e9der avec une cinqui\u00e8me place.<\/p>\n<p><a href=\"http:\/\/blogs.thesocialmedia.com\/leblogmoto\/files\/2012\/07\/rs200620086228221305222821.jpg\"><img loading=\"lazy\" decoding=\"async\" width=\"470\" height=\"312\"  alt=\"Rs200620086228221305222821\" src=\"http:\/\/www.leblogmoto.com\/images\/2008\/06\/02\/rs200620086228221305222821.jpg\" \/><\/a><\/p>\n<p>A signaler enfin la Rizla Suzuki de Loris Capirossi qui termine \u00e0 une frustrante septi\u00e8me place alors que Capirex \u00e9tait parti de la premi\u00e8re ligne. Enfin un point positif, et dieu sait qu&rsquo;on ne l&rsquo;a pas loup\u00e9 ici, le r\u00e9sultat encourageant de Sylvain Guintoli, le pilote de Mont\u00e9limar arrache sa meilleure place de la saison en finissant onzi\u00e8me.<\/p>\n<p><a href=\"http:\/\/blogs.thesocialmedia.com\/leblogmoto\/files\/2012\/07\/rs200620086228296305222821.jpg\"><img loading=\"lazy\" decoding=\"async\" width=\"470\" height=\"573\"  alt=\"Rs200620086228296305222821\" src=\"http:\/\/www.leblogmoto.com\/images\/2008\/06\/02\/rs200620086228296305222821.jpg\" \/><\/a><\/p>\n<p><span class=\"pre\"><\/p>\n<pre><strong>Pos&nbsp; Rider&nbsp; &nbsp;&nbsp; &nbsp;&nbsp; &nbsp;&nbsp; &nbsp; Bike&nbsp; &nbsp;&nbsp; &nbsp;&nbsp; &nbsp;&nbsp; Time<\/strong><br \/><br \/> 1.&nbsp; Valentino Rossi&nbsp; &nbsp;Yamaha&nbsp; &nbsp; (B)&nbsp; 42:31.153<br \/><br \/> 2.&nbsp; Casey Stoner&nbsp; &nbsp;&nbsp; &nbsp;Ducati&nbsp; &nbsp; (B)&nbsp; +&nbsp; &nbsp;2.201<br \/><br \/> 3.&nbsp; Dani Pedrosa&nbsp; &nbsp;&nbsp; &nbsp;Honda&nbsp; &nbsp;&nbsp; (M)&nbsp; +&nbsp; &nbsp;4.867<br \/><br \/> 4.&nbsp; Alex de Angelis&nbsp; &nbsp;Honda&nbsp; &nbsp;&nbsp; (B)&nbsp; +&nbsp; &nbsp;6.313<br \/><br \/> 5.&nbsp; Colin Edwards&nbsp; &nbsp;&nbsp; Yamaha&nbsp; &nbsp; (M)&nbsp; +&nbsp; 12.530<br \/><br \/> 6.&nbsp; James Toseland&nbsp; &nbsp; Yamaha&nbsp; &nbsp; (M)&nbsp; +&nbsp; 13.806<br \/><br \/> 7.&nbsp; Loris Capirossi&nbsp; &nbsp;Suzuki&nbsp; &nbsp; (B)&nbsp; +&nbsp; 14.447<br \/><br \/> 8.&nbsp; Andrea Dovizioso&nbsp; Honda&nbsp; &nbsp;&nbsp; (M)&nbsp; +&nbsp; 15.319<br \/><br \/> 9.&nbsp; Shinya Nakano&nbsp; &nbsp;&nbsp; Honda&nbsp; &nbsp;&nbsp; (B)&nbsp; +&nbsp; 15.327<br \/><br \/>10.&nbsp; Chris Vermeulen&nbsp; &nbsp;Suzuki&nbsp; &nbsp; (B)&nbsp; +&nbsp; 30.785<br \/><br \/>11.&nbsp; Sylvain Guintoli&nbsp; Ducati&nbsp; &nbsp; (B)&nbsp; +&nbsp; 39.621<br \/><br \/>12.&nbsp; Toni Elias&nbsp; &nbsp;&nbsp; &nbsp;&nbsp; Ducati&nbsp; &nbsp; (B)&nbsp; +&nbsp; 50.021<br \/><br \/>13.&nbsp; Nicky Hayden&nbsp; &nbsp;&nbsp; &nbsp;Honda&nbsp; &nbsp;&nbsp; (M)&nbsp; +&nbsp; 50.440<br \/><br \/>14.&nbsp; Tadayuki Okada&nbsp; &nbsp; Honda&nbsp; &nbsp;&nbsp; (M)&nbsp; +&nbsp; 58.849<br \/><br \/>15.&nbsp; Anthony West&nbsp; &nbsp;&nbsp; &nbsp;Kawasaki&nbsp; (B)&nbsp; +1:00.736<br \/><br \/>source classement: <a href=\"http:\/\/www.autosport.com\">Autosport<\/a><br \/><br \/>cr\u00e9dit photos: <a href=\"http:\/\/www.rossifumi.it\">Rossifumi<\/a>.<\/pre>\n<p><\/span><\/p>\n<p><a href=\"http:\/\/clabedan.typepad.com\/.shared\/image.html?\/photos\/uncategorized\/2008\/06\/02\/rs200620086228349305222821.jpg\"><img loading=\"lazy\" decoding=\"async\" width=\"470\" height=\"706\"  alt=\"Rs200620086228349305222821\" src=\"http:\/\/www.leblogmoto.com\/images\/2008\/06\/02\/rs200620086228349305222821.jpg\" \/><\/a><\/p>\n<p><em>* 90 victoires pour l&rsquo;ancien champion<\/em><em> et 91 maintenant pour Valentino<\/em><em>, s\u00e9rie en cours.<\/em> <\/p>\n","protected":false},"excerpt":{"rendered":"<p>Et m\u00eame neuf si l&rsquo;on compte ses victoires dans les autres s\u00e9ries. Comme on s&rsquo;y attendait, Nieto est d\u00e9pass\u00e9*. Les compteurs s&rsquo;affolent. Tout le buzz autour de son casque AGV avait fait oublier que sa qu\u00eate d&rsquo;une septi\u00e8me victoire en Toscane d\u00e9butait sous les meilleurs auspices: avec notamment sa premi\u00e8re pole de l&rsquo;ann\u00e9e qui est [&hellip;]<\/p>\n","protected":false},"author":324,"featured_media":0,"comment_status":"open","ping_status":"open","sticky":false,"template":"","format":"standard","meta":{"footnotes":""},"categories":[3,22,44],"tags":[],"class_list":["post-655","post","type-post","status-publish","format-standard","hentry","category-actualite","category-motogp","category-yamaha"],"yoast_head":"<!-- This site is optimized with the Yoast SEO plugin v26.0 - https:\/\/yoast.com\/wordpress\/plugins\/seo\/ -->\n<title>Retour en images sur le 7\u00e8me Mugello de rang pour Vale, et 3\u00e8me GP d&#039;affil\u00e9e - leblogmoto.com<\/title>\n<meta name=\"robots\" content=\"index, follow, max-snippet:-1, max-image-preview:large, max-video-preview:-1\" \/>\n<link rel=\"canonical\" href=\"https:\/\/blogs.thesocialmedia.com\/leblogmoto\/2008\/06\/03\/septime-mugello\/\" \/>\n<meta name=\"twitter:card\" content=\"summary_large_image\" \/>\n<meta name=\"twitter:title\" content=\"Retour en images sur le 7\u00e8me Mugello de rang pour Vale, et 3\u00e8me GP d&#039;affil\u00e9e - leblogmoto.com\" \/>\n<meta name=\"twitter:description\" content=\"Et m\u00eame neuf si l&rsquo;on compte ses victoires dans les autres s\u00e9ries. Comme on s&rsquo;y attendait, Nieto est d\u00e9pass\u00e9*. Les compteurs s&rsquo;affolent. Tout le buzz autour de son casque AGV avait fait oublier que sa qu\u00eate d&rsquo;une septi\u00e8me victoire en Toscane d\u00e9butait sous les meilleurs auspices: avec notamment sa premi\u00e8re pole de l&rsquo;ann\u00e9e qui est [&hellip;]\" \/>\n<meta name=\"twitter:image\" content=\"http:\/\/www.leblogmoto.com\/images\/2008\/06\/02\/rs200620086228307305222821.jpg\" \/>\n<meta name=\"twitter:label1\" content=\"\u00c9crit par\" \/>\n\t<meta name=\"twitter:data1\" content=\"benoit rieu\" \/>\n\t<meta name=\"twitter:label2\" content=\"Dur\u00e9e de lecture estim\u00e9e\" \/>\n\t<meta name=\"twitter:data2\" content=\"5 minutes\" \/>\n<script type=\"application\/ld+json\" class=\"yoast-schema-graph\">{\"@context\":\"https:\/\/schema.org\",\"@graph\":[{\"@type\":\"WebPage\",\"@id\":\"https:\/\/blogs.thesocialmedia.com\/leblogmoto\/2008\/06\/03\/septime-mugello\/\",\"url\":\"https:\/\/blogs.thesocialmedia.com\/leblogmoto\/2008\/06\/03\/septime-mugello\/\",\"name\":\"Retour en images sur le 7\u00e8me Mugello de rang pour Vale, et 3\u00e8me GP d'affil\u00e9e - leblogmoto.com\",\"isPartOf\":{\"@id\":\"https:\/\/blogs.thesocialmedia.com\/leblogmoto\/#website\"},\"primaryImageOfPage\":{\"@id\":\"https:\/\/blogs.thesocialmedia.com\/leblogmoto\/2008\/06\/03\/septime-mugello\/#primaryimage\"},\"image\":{\"@id\":\"https:\/\/blogs.thesocialmedia.com\/leblogmoto\/2008\/06\/03\/septime-mugello\/#primaryimage\"},\"thumbnailUrl\":\"http:\/\/www.leblogmoto.com\/images\/2008\/06\/02\/rs200620086228307305222821.jpg\",\"datePublished\":\"2008-06-03T08:12:00+00:00\",\"dateModified\":\"2012-07-11T15:52:56+00:00\",\"author\":{\"@id\":\"https:\/\/blogs.thesocialmedia.com\/leblogmoto\/#\/schema\/person\/18bfe773e5725ed6d24f743da805362a\"},\"breadcrumb\":{\"@id\":\"https:\/\/blogs.thesocialmedia.com\/leblogmoto\/2008\/06\/03\/septime-mugello\/#breadcrumb\"},\"inLanguage\":\"fr-FR\",\"potentialAction\":[{\"@type\":\"ReadAction\",\"target\":[\"https:\/\/blogs.thesocialmedia.com\/leblogmoto\/2008\/06\/03\/septime-mugello\/\"]}]},{\"@type\":\"ImageObject\",\"inLanguage\":\"fr-FR\",\"@id\":\"https:\/\/blogs.thesocialmedia.com\/leblogmoto\/2008\/06\/03\/septime-mugello\/#primaryimage\",\"url\":\"http:\/\/www.leblogmoto.com\/images\/2008\/06\/02\/rs200620086228307305222821.jpg\",\"contentUrl\":\"http:\/\/www.leblogmoto.com\/images\/2008\/06\/02\/rs200620086228307305222821.jpg\"},{\"@type\":\"BreadcrumbList\",\"@id\":\"https:\/\/blogs.thesocialmedia.com\/leblogmoto\/2008\/06\/03\/septime-mugello\/#breadcrumb\",\"itemListElement\":[{\"@type\":\"ListItem\",\"position\":1,\"name\":\"Accueil\",\"item\":\"https:\/\/blogs.thesocialmedia.com\/leblogmoto\/\"},{\"@type\":\"ListItem\",\"position\":2,\"name\":\"Retour en images sur le 7\u00e8me Mugello de rang pour Vale, et 3\u00e8me GP d&rsquo;affil\u00e9e\"}]},{\"@type\":\"WebSite\",\"@id\":\"https:\/\/blogs.thesocialmedia.com\/leblogmoto\/#website\",\"url\":\"https:\/\/blogs.thesocialmedia.com\/leblogmoto\/\",\"name\":\"leblogmoto\",\"description\":\"Toute l&#039;actualit\u00e9 des 2 roues\",\"potentialAction\":[{\"@type\":\"SearchAction\",\"target\":{\"@type\":\"EntryPoint\",\"urlTemplate\":\"https:\/\/blogs.thesocialmedia.com\/leblogmoto\/?s={search_term_string}\"},\"query-input\":{\"@type\":\"PropertyValueSpecification\",\"valueRequired\":true,\"valueName\":\"search_term_string\"}}],\"inLanguage\":\"fr-FR\"},{\"@type\":\"Person\",\"@id\":\"https:\/\/blogs.thesocialmedia.com\/leblogmoto\/#\/schema\/person\/18bfe773e5725ed6d24f743da805362a\",\"name\":\"benoit rieu\",\"image\":{\"@type\":\"ImageObject\",\"inLanguage\":\"fr-FR\",\"@id\":\"https:\/\/blogs.thesocialmedia.com\/leblogmoto\/#\/schema\/person\/image\/\",\"url\":\"https:\/\/secure.gravatar.com\/avatar\/?s=96&d=mm&r=g\",\"contentUrl\":\"https:\/\/secure.gravatar.com\/avatar\/?s=96&d=mm&r=g\",\"caption\":\"benoit rieu\"},\"url\":\"https:\/\/blogs.thesocialmedia.com\/leblogmoto\/author\/benoit-rieu\/\"}]}<\/script>\n<!-- \/ Yoast SEO plugin. -->","yoast_head_json":{"title":"Retour en images sur le 7\u00e8me Mugello de rang pour Vale, et 3\u00e8me GP d'affil\u00e9e - leblogmoto.com","robots":{"index":"index","follow":"follow","max-snippet":"max-snippet:-1","max-image-preview":"max-image-preview:large","max-video-preview":"max-video-preview:-1"},"canonical":"https:\/\/blogs.thesocialmedia.com\/leblogmoto\/2008\/06\/03\/septime-mugello\/","twitter_card":"summary_large_image","twitter_title":"Retour en images sur le 7\u00e8me Mugello de rang pour Vale, et 3\u00e8me GP d'affil\u00e9e - leblogmoto.com","twitter_description":"Et m\u00eame neuf si l&rsquo;on compte ses victoires dans les autres s\u00e9ries. Comme on s&rsquo;y attendait, Nieto est d\u00e9pass\u00e9*. Les compteurs s&rsquo;affolent. Tout le buzz autour de son casque AGV avait fait oublier que sa qu\u00eate d&rsquo;une septi\u00e8me victoire en Toscane d\u00e9butait sous les meilleurs auspices: avec notamment sa premi\u00e8re pole de l&rsquo;ann\u00e9e qui est [&hellip;]","twitter_image":"http:\/\/www.leblogmoto.com\/images\/2008\/06\/02\/rs200620086228307305222821.jpg","twitter_misc":{"\u00c9crit par":"benoit rieu","Dur\u00e9e de lecture estim\u00e9e":"5 minutes"},"schema":{"@context":"https:\/\/schema.org","@graph":[{"@type":"WebPage","@id":"https:\/\/blogs.thesocialmedia.com\/leblogmoto\/2008\/06\/03\/septime-mugello\/","url":"https:\/\/blogs.thesocialmedia.com\/leblogmoto\/2008\/06\/03\/septime-mugello\/","name":"Retour en images sur le 7\u00e8me Mugello de rang pour Vale, et 3\u00e8me GP d'affil\u00e9e - leblogmoto.com","isPartOf":{"@id":"https:\/\/blogs.thesocialmedia.com\/leblogmoto\/#website"},"primaryImageOfPage":{"@id":"https:\/\/blogs.thesocialmedia.com\/leblogmoto\/2008\/06\/03\/septime-mugello\/#primaryimage"},"image":{"@id":"https:\/\/blogs.thesocialmedia.com\/leblogmoto\/2008\/06\/03\/septime-mugello\/#primaryimage"},"thumbnailUrl":"http:\/\/www.leblogmoto.com\/images\/2008\/06\/02\/rs200620086228307305222821.jpg","datePublished":"2008-06-03T08:12:00+00:00","dateModified":"2012-07-11T15:52:56+00:00","author":{"@id":"https:\/\/blogs.thesocialmedia.com\/leblogmoto\/#\/schema\/person\/18bfe773e5725ed6d24f743da805362a"},"breadcrumb":{"@id":"https:\/\/blogs.thesocialmedia.com\/leblogmoto\/2008\/06\/03\/septime-mugello\/#breadcrumb"},"inLanguage":"fr-FR","potentialAction":[{"@type":"ReadAction","target":["https:\/\/blogs.thesocialmedia.com\/leblogmoto\/2008\/06\/03\/septime-mugello\/"]}]},{"@type":"ImageObject","inLanguage":"fr-FR","@id":"https:\/\/blogs.thesocialmedia.com\/leblogmoto\/2008\/06\/03\/septime-mugello\/#primaryimage","url":"http:\/\/www.leblogmoto.com\/images\/2008\/06\/02\/rs200620086228307305222821.jpg","contentUrl":"http:\/\/www.leblogmoto.com\/images\/2008\/06\/02\/rs200620086228307305222821.jpg"},{"@type":"BreadcrumbList","@id":"https:\/\/blogs.thesocialmedia.com\/leblogmoto\/2008\/06\/03\/septime-mugello\/#breadcrumb","itemListElement":[{"@type":"ListItem","position":1,"name":"Accueil","item":"https:\/\/blogs.thesocialmedia.com\/leblogmoto\/"},{"@type":"ListItem","position":2,"name":"Retour en images sur le 7\u00e8me Mugello de rang pour Vale, et 3\u00e8me GP d&rsquo;affil\u00e9e"}]},{"@type":"WebSite","@id":"https:\/\/blogs.thesocialmedia.com\/leblogmoto\/#website","url":"https:\/\/blogs.thesocialmedia.com\/leblogmoto\/","name":"leblogmoto","description":"Toute l&#039;actualit\u00e9 des 2 roues","potentialAction":[{"@type":"SearchAction","target":{"@type":"EntryPoint","urlTemplate":"https:\/\/blogs.thesocialmedia.com\/leblogmoto\/?s={search_term_string}"},"query-input":{"@type":"PropertyValueSpecification","valueRequired":true,"valueName":"search_term_string"}}],"inLanguage":"fr-FR"},{"@type":"Person","@id":"https:\/\/blogs.thesocialmedia.com\/leblogmoto\/#\/schema\/person\/18bfe773e5725ed6d24f743da805362a","name":"benoit rieu","image":{"@type":"ImageObject","inLanguage":"fr-FR","@id":"https:\/\/blogs.thesocialmedia.com\/leblogmoto\/#\/schema\/person\/image\/","url":"https:\/\/secure.gravatar.com\/avatar\/?s=96&d=mm&r=g","contentUrl":"https:\/\/secure.gravatar.com\/avatar\/?s=96&d=mm&r=g","caption":"benoit rieu"},"url":"https:\/\/blogs.thesocialmedia.com\/leblogmoto\/author\/benoit-rieu\/"}]}},"_links":{"self":[{"href":"https:\/\/blogs.thesocialmedia.com\/leblogmoto\/wp-json\/wp\/v2\/posts\/655","targetHints":{"allow":["GET"]}}],"collection":[{"href":"https:\/\/blogs.thesocialmedia.com\/leblogmoto\/wp-json\/wp\/v2\/posts"}],"about":[{"href":"https:\/\/blogs.thesocialmedia.com\/leblogmoto\/wp-json\/wp\/v2\/types\/post"}],"author":[{"embeddable":true,"href":"https:\/\/blogs.thesocialmedia.com\/leblogmoto\/wp-json\/wp\/v2\/users\/324"}],"replies":[{"embeddable":true,"href":"https:\/\/blogs.thesocialmedia.com\/leblogmoto\/wp-json\/wp\/v2\/comments?post=655"}],"version-history":[{"count":2,"href":"https:\/\/blogs.thesocialmedia.com\/leblogmoto\/wp-json\/wp\/v2\/posts\/655\/revisions"}],"predecessor-version":[{"id":10888,"href":"https:\/\/blogs.thesocialmedia.com\/leblogmoto\/wp-json\/wp\/v2\/posts\/655\/revisions\/10888"}],"wp:attachment":[{"href":"https:\/\/blogs.thesocialmedia.com\/leblogmoto\/wp-json\/wp\/v2\/media?parent=655"}],"wp:term":[{"taxonomy":"category","embeddable":true,"href":"https:\/\/blogs.thesocialmedia.com\/leblogmoto\/wp-json\/wp\/v2\/categories?post=655"},{"taxonomy":"post_tag","embeddable":true,"href":"https:\/\/blogs.thesocialmedia.com\/leblogmoto\/wp-json\/wp\/v2\/tags?post=655"}],"curies":[{"name":"wp","href":"https:\/\/api.w.org\/{rel}","templated":true}]}}