{"id":657,"date":"2008-06-01T15:13:53","date_gmt":"2008-06-01T15:13:53","guid":{"rendered":"http:\/\/blogs.thesocialmedia.com\/leblogmoto\/2008\/06\/01\/300-miles-de-ca\/"},"modified":"2012-07-11T15:52:23","modified_gmt":"2012-07-11T15:52:23","slug":"300-miles-de-ca","status":"publish","type":"post","link":"https:\/\/blogs.thesocialmedia.com\/leblogmoto\/2008\/06\/01\/300-miles-de-ca\/","title":{"rendered":"300 miles de Carole"},"content":{"rendered":"<p><a href=\"http:\/\/blogs.thesocialmedia.com\/leblogmoto\/files\/2012\/07\/300miles_07_pz.jpg\"><img loading=\"lazy\" decoding=\"async\" width=\"470\" height=\"705\"  alt=\"300miles_07_pz\" src=\"http:\/\/www.leblogmoto.com\/images\/2008\/06\/01\/300miles_07_pz.jpg\" style=\"margin: 0px 5px 5px 0px;float: left\" \/><\/a>Pour ceux qui aiment les anciennes et qui habitent aux alentours du circuit <a href=\"http:\/\/www.circuit-carole.com\/\">Carole<\/a>, sachez que les 7 et 8 juin 2008 aura lieu la onzi\u00e8me \u00e9dition des 300 Miles de Carole.<br \/> Cette \u00e9preuve d\u2019endurance de 4 heures est r\u00e9serv\u00e9e aux machines bi-cylindres et tri-cylindres. En compl\u00e9ment des 300 Miles, on retrouvera les Anciennes, avec le Championnat de France Classic, Post Classic ainsi que les Side-cars.<br \/> Une course de Promotion vitesse se d\u00e9roulera aussi lors de ce week-end.<br \/> Tous les \u00e9quipages inscrits \u00e0 cette endurance sont dans leurs derniers pr\u00e9paratifs, afin de participer \u00e0 cette manifestation qui se d\u00e9roulera dans moins de deux semaines. <\/p>\n<p>Ces courses s&rsquo;annoncent des plus int\u00e9ressantes avec un plateau de machines diversifi\u00e9es. <br \/> Horaires : Samedi 8h30 \u00e0 19h00<\/p>\n<p> Essais Chronom\u00e9tr\u00e9s Courses Motos Ancienne et Promotion<br \/> Dimanche 8h30 \u00e0 12h30 300<\/p>\n<p> Miles consolante 14h00 \u00e0 18h00 300 Miles<\/p>\n<p> Tarif : 12 \u20ac pour le week-end. Gratuit pour les enfants de moins de 12 ans<\/p>\n<p><strong> Plus d&rsquo;infos aupr\u00e8s de :<\/strong><\/p>\n<p> MOTO SPORT COURNEUVIEN<br \/> B.P 51<br \/> 77150 LESIGNY<br \/> T\u00e9l : 01.60.02.44.87 <br \/> Fax : 01.60.02.03.71<br \/><a href=\"mailto:mscourneuvien93@laposte.net\"> Courriel<\/a> <\/p>\n","protected":false},"excerpt":{"rendered":"<p>Pour ceux qui aiment les anciennes et qui habitent aux alentours du circuit Carole, sachez que les 7 et 8 juin 2008 aura lieu la onzi\u00e8me \u00e9dition des 300 Miles de Carole. Cette \u00e9preuve d\u2019endurance de 4 heures est r\u00e9serv\u00e9e aux machines bi-cylindres et tri-cylindres. En compl\u00e9ment des 300 Miles, on retrouvera les Anciennes, avec [&hellip;]<\/p>\n","protected":false},"author":329,"featured_media":0,"comment_status":"open","ping_status":"open","sticky":false,"template":"","format":"standard","meta":{"footnotes":""},"categories":[10],"tags":[],"class_list":["post-657","post","type-post","status-publish","format-standard","hentry","category-meetings"],"yoast_head":"<!-- This site is optimized with the Yoast SEO plugin v26.0 - https:\/\/yoast.com\/wordpress\/plugins\/seo\/ -->\n<title>300 miles de Carole - leblogmoto.com<\/title>\n<meta name=\"robots\" content=\"index, follow, max-snippet:-1, max-image-preview:large, max-video-preview:-1\" \/>\n<link rel=\"canonical\" href=\"https:\/\/blogs.thesocialmedia.com\/leblogmoto\/2008\/06\/01\/300-miles-de-ca\/\" \/>\n<meta name=\"twitter:card\" content=\"summary_large_image\" \/>\n<meta name=\"twitter:title\" content=\"300 miles de Carole - leblogmoto.com\" \/>\n<meta name=\"twitter:description\" content=\"Pour ceux qui aiment les anciennes et qui habitent aux alentours du circuit Carole, sachez que les 7 et 8 juin 2008 aura lieu la onzi\u00e8me \u00e9dition des 300 Miles de Carole. Cette \u00e9preuve d\u2019endurance de 4 heures est r\u00e9serv\u00e9e aux machines bi-cylindres et tri-cylindres. En compl\u00e9ment des 300 Miles, on retrouvera les Anciennes, avec [&hellip;]\" \/>\n<meta name=\"twitter:image\" content=\"http:\/\/www.leblogmoto.com\/images\/2008\/06\/01\/300miles_07_pz.jpg\" \/>\n<meta name=\"twitter:label1\" content=\"\u00c9crit par\" \/>\n\t<meta name=\"twitter:data1\" content=\"gregory boucaud\" \/>\n\t<meta name=\"twitter:label2\" content=\"Dur\u00e9e de lecture estim\u00e9e\" \/>\n\t<meta name=\"twitter:data2\" content=\"1 minute\" \/>\n<script type=\"application\/ld+json\" class=\"yoast-schema-graph\">{\"@context\":\"https:\/\/schema.org\",\"@graph\":[{\"@type\":\"WebPage\",\"@id\":\"https:\/\/blogs.thesocialmedia.com\/leblogmoto\/2008\/06\/01\/300-miles-de-ca\/\",\"url\":\"https:\/\/blogs.thesocialmedia.com\/leblogmoto\/2008\/06\/01\/300-miles-de-ca\/\",\"name\":\"300 miles de Carole - leblogmoto.com\",\"isPartOf\":{\"@id\":\"https:\/\/blogs.thesocialmedia.com\/leblogmoto\/#website\"},\"primaryImageOfPage\":{\"@id\":\"https:\/\/blogs.thesocialmedia.com\/leblogmoto\/2008\/06\/01\/300-miles-de-ca\/#primaryimage\"},\"image\":{\"@id\":\"https:\/\/blogs.thesocialmedia.com\/leblogmoto\/2008\/06\/01\/300-miles-de-ca\/#primaryimage\"},\"thumbnailUrl\":\"http:\/\/www.leblogmoto.com\/images\/2008\/06\/01\/300miles_07_pz.jpg\",\"datePublished\":\"2008-06-01T15:13:53+00:00\",\"dateModified\":\"2012-07-11T15:52:23+00:00\",\"author\":{\"@id\":\"https:\/\/blogs.thesocialmedia.com\/leblogmoto\/#\/schema\/person\/769623f89741cc3381675029a37764f8\"},\"breadcrumb\":{\"@id\":\"https:\/\/blogs.thesocialmedia.com\/leblogmoto\/2008\/06\/01\/300-miles-de-ca\/#breadcrumb\"},\"inLanguage\":\"fr-FR\",\"potentialAction\":[{\"@type\":\"ReadAction\",\"target\":[\"https:\/\/blogs.thesocialmedia.com\/leblogmoto\/2008\/06\/01\/300-miles-de-ca\/\"]}]},{\"@type\":\"ImageObject\",\"inLanguage\":\"fr-FR\",\"@id\":\"https:\/\/blogs.thesocialmedia.com\/leblogmoto\/2008\/06\/01\/300-miles-de-ca\/#primaryimage\",\"url\":\"http:\/\/www.leblogmoto.com\/images\/2008\/06\/01\/300miles_07_pz.jpg\",\"contentUrl\":\"http:\/\/www.leblogmoto.com\/images\/2008\/06\/01\/300miles_07_pz.jpg\"},{\"@type\":\"BreadcrumbList\",\"@id\":\"https:\/\/blogs.thesocialmedia.com\/leblogmoto\/2008\/06\/01\/300-miles-de-ca\/#breadcrumb\",\"itemListElement\":[{\"@type\":\"ListItem\",\"position\":1,\"name\":\"Accueil\",\"item\":\"https:\/\/blogs.thesocialmedia.com\/leblogmoto\/\"},{\"@type\":\"ListItem\",\"position\":2,\"name\":\"300 miles de Carole\"}]},{\"@type\":\"WebSite\",\"@id\":\"https:\/\/blogs.thesocialmedia.com\/leblogmoto\/#website\",\"url\":\"https:\/\/blogs.thesocialmedia.com\/leblogmoto\/\",\"name\":\"leblogmoto\",\"description\":\"Toute l&#039;actualit\u00e9 des 2 roues\",\"potentialAction\":[{\"@type\":\"SearchAction\",\"target\":{\"@type\":\"EntryPoint\",\"urlTemplate\":\"https:\/\/blogs.thesocialmedia.com\/leblogmoto\/?s={search_term_string}\"},\"query-input\":{\"@type\":\"PropertyValueSpecification\",\"valueRequired\":true,\"valueName\":\"search_term_string\"}}],\"inLanguage\":\"fr-FR\"},{\"@type\":\"Person\",\"@id\":\"https:\/\/blogs.thesocialmedia.com\/leblogmoto\/#\/schema\/person\/769623f89741cc3381675029a37764f8\",\"name\":\"gregory boucaud\",\"image\":{\"@type\":\"ImageObject\",\"inLanguage\":\"fr-FR\",\"@id\":\"https:\/\/blogs.thesocialmedia.com\/leblogmoto\/#\/schema\/person\/image\/\",\"url\":\"https:\/\/secure.gravatar.com\/avatar\/?s=96&d=mm&r=g\",\"contentUrl\":\"https:\/\/secure.gravatar.com\/avatar\/?s=96&d=mm&r=g\",\"caption\":\"gregory boucaud\"},\"url\":\"https:\/\/blogs.thesocialmedia.com\/leblogmoto\/author\/gregory-boucaud\/\"}]}<\/script>\n<!-- \/ Yoast SEO plugin. -->","yoast_head_json":{"title":"300 miles de Carole - leblogmoto.com","robots":{"index":"index","follow":"follow","max-snippet":"max-snippet:-1","max-image-preview":"max-image-preview:large","max-video-preview":"max-video-preview:-1"},"canonical":"https:\/\/blogs.thesocialmedia.com\/leblogmoto\/2008\/06\/01\/300-miles-de-ca\/","twitter_card":"summary_large_image","twitter_title":"300 miles de Carole - leblogmoto.com","twitter_description":"Pour ceux qui aiment les anciennes et qui habitent aux alentours du circuit Carole, sachez que les 7 et 8 juin 2008 aura lieu la onzi\u00e8me \u00e9dition des 300 Miles de Carole. Cette \u00e9preuve d\u2019endurance de 4 heures est r\u00e9serv\u00e9e aux machines bi-cylindres et tri-cylindres. En compl\u00e9ment des 300 Miles, on retrouvera les Anciennes, avec [&hellip;]","twitter_image":"http:\/\/www.leblogmoto.com\/images\/2008\/06\/01\/300miles_07_pz.jpg","twitter_misc":{"\u00c9crit par":"gregory boucaud","Dur\u00e9e de lecture estim\u00e9e":"1 minute"},"schema":{"@context":"https:\/\/schema.org","@graph":[{"@type":"WebPage","@id":"https:\/\/blogs.thesocialmedia.com\/leblogmoto\/2008\/06\/01\/300-miles-de-ca\/","url":"https:\/\/blogs.thesocialmedia.com\/leblogmoto\/2008\/06\/01\/300-miles-de-ca\/","name":"300 miles de Carole - leblogmoto.com","isPartOf":{"@id":"https:\/\/blogs.thesocialmedia.com\/leblogmoto\/#website"},"primaryImageOfPage":{"@id":"https:\/\/blogs.thesocialmedia.com\/leblogmoto\/2008\/06\/01\/300-miles-de-ca\/#primaryimage"},"image":{"@id":"https:\/\/blogs.thesocialmedia.com\/leblogmoto\/2008\/06\/01\/300-miles-de-ca\/#primaryimage"},"thumbnailUrl":"http:\/\/www.leblogmoto.com\/images\/2008\/06\/01\/300miles_07_pz.jpg","datePublished":"2008-06-01T15:13:53+00:00","dateModified":"2012-07-11T15:52:23+00:00","author":{"@id":"https:\/\/blogs.thesocialmedia.com\/leblogmoto\/#\/schema\/person\/769623f89741cc3381675029a37764f8"},"breadcrumb":{"@id":"https:\/\/blogs.thesocialmedia.com\/leblogmoto\/2008\/06\/01\/300-miles-de-ca\/#breadcrumb"},"inLanguage":"fr-FR","potentialAction":[{"@type":"ReadAction","target":["https:\/\/blogs.thesocialmedia.com\/leblogmoto\/2008\/06\/01\/300-miles-de-ca\/"]}]},{"@type":"ImageObject","inLanguage":"fr-FR","@id":"https:\/\/blogs.thesocialmedia.com\/leblogmoto\/2008\/06\/01\/300-miles-de-ca\/#primaryimage","url":"http:\/\/www.leblogmoto.com\/images\/2008\/06\/01\/300miles_07_pz.jpg","contentUrl":"http:\/\/www.leblogmoto.com\/images\/2008\/06\/01\/300miles_07_pz.jpg"},{"@type":"BreadcrumbList","@id":"https:\/\/blogs.thesocialmedia.com\/leblogmoto\/2008\/06\/01\/300-miles-de-ca\/#breadcrumb","itemListElement":[{"@type":"ListItem","position":1,"name":"Accueil","item":"https:\/\/blogs.thesocialmedia.com\/leblogmoto\/"},{"@type":"ListItem","position":2,"name":"300 miles de Carole"}]},{"@type":"WebSite","@id":"https:\/\/blogs.thesocialmedia.com\/leblogmoto\/#website","url":"https:\/\/blogs.thesocialmedia.com\/leblogmoto\/","name":"leblogmoto","description":"Toute l&#039;actualit\u00e9 des 2 roues","potentialAction":[{"@type":"SearchAction","target":{"@type":"EntryPoint","urlTemplate":"https:\/\/blogs.thesocialmedia.com\/leblogmoto\/?s={search_term_string}"},"query-input":{"@type":"PropertyValueSpecification","valueRequired":true,"valueName":"search_term_string"}}],"inLanguage":"fr-FR"},{"@type":"Person","@id":"https:\/\/blogs.thesocialmedia.com\/leblogmoto\/#\/schema\/person\/769623f89741cc3381675029a37764f8","name":"gregory boucaud","image":{"@type":"ImageObject","inLanguage":"fr-FR","@id":"https:\/\/blogs.thesocialmedia.com\/leblogmoto\/#\/schema\/person\/image\/","url":"https:\/\/secure.gravatar.com\/avatar\/?s=96&d=mm&r=g","contentUrl":"https:\/\/secure.gravatar.com\/avatar\/?s=96&d=mm&r=g","caption":"gregory boucaud"},"url":"https:\/\/blogs.thesocialmedia.com\/leblogmoto\/author\/gregory-boucaud\/"}]}},"_links":{"self":[{"href":"https:\/\/blogs.thesocialmedia.com\/leblogmoto\/wp-json\/wp\/v2\/posts\/657","targetHints":{"allow":["GET"]}}],"collection":[{"href":"https:\/\/blogs.thesocialmedia.com\/leblogmoto\/wp-json\/wp\/v2\/posts"}],"about":[{"href":"https:\/\/blogs.thesocialmedia.com\/leblogmoto\/wp-json\/wp\/v2\/types\/post"}],"author":[{"embeddable":true,"href":"https:\/\/blogs.thesocialmedia.com\/leblogmoto\/wp-json\/wp\/v2\/users\/329"}],"replies":[{"embeddable":true,"href":"https:\/\/blogs.thesocialmedia.com\/leblogmoto\/wp-json\/wp\/v2\/comments?post=657"}],"version-history":[{"count":2,"href":"https:\/\/blogs.thesocialmedia.com\/leblogmoto\/wp-json\/wp\/v2\/posts\/657\/revisions"}],"predecessor-version":[{"id":10873,"href":"https:\/\/blogs.thesocialmedia.com\/leblogmoto\/wp-json\/wp\/v2\/posts\/657\/revisions\/10873"}],"wp:attachment":[{"href":"https:\/\/blogs.thesocialmedia.com\/leblogmoto\/wp-json\/wp\/v2\/media?parent=657"}],"wp:term":[{"taxonomy":"category","embeddable":true,"href":"https:\/\/blogs.thesocialmedia.com\/leblogmoto\/wp-json\/wp\/v2\/categories?post=657"},{"taxonomy":"post_tag","embeddable":true,"href":"https:\/\/blogs.thesocialmedia.com\/leblogmoto\/wp-json\/wp\/v2\/tags?post=657"}],"curies":[{"name":"wp","href":"https:\/\/api.w.org\/{rel}","templated":true}]}}