{"id":658,"date":"2008-06-01T14:53:05","date_gmt":"2008-06-01T14:53:05","guid":{"rendered":"http:\/\/blogs.thesocialmedia.com\/leblogmoto\/2008\/06\/01\/immatriculation\/"},"modified":"2012-07-11T15:52:21","modified_gmt":"2012-07-11T15:52:21","slug":"immatriculation","status":"publish","type":"post","link":"https:\/\/blogs.thesocialmedia.com\/leblogmoto\/2008\/06\/01\/immatriculation\/","title":{"rendered":"Immatriculation : Touche pas \u00e0 mon d\u00e9partement"},"content":{"rendered":"<p><a href=\"http:\/\/blogs.thesocialmedia.com\/leblogmoto\/files\/2012\/07\/plaque_immatriculation_21.gif\"><img loading=\"lazy\" decoding=\"async\" width=\"250\" height=\"57\"  src=\"http:\/\/www.leblogmoto.com\/images\/2008\/06\/01\/plaque_immatriculation_21.gif\" alt=\"Plaque_immatriculation_21\" style=\"margin: 0px 5px 5px 0px;float: left\" \/><\/a>La plaque d&rsquo;immatriculation est un gros sujet de d\u00e9bats. Contre la perte du num\u00e9ro de d\u00e9partement un collectif &quot;Jamais sans mon d\u00e9partement&quot; compos\u00e9 de d\u00e9put\u00e9s vous a \u00e9t\u00e9 pr\u00e9sent\u00e9 par <a href=\"http:\/\/www.leblogmoto.com\/2008\/04\/immatriculation.html\">Beno\u00eet<\/a>.<\/p>\n<p>Dans cette optique un nouveau site a \u00e9t\u00e9 cr\u00e9\u00e9 : <a href=\"http:\/\/www.touchepasamondepartement.fr\/\">Touche pas \u00e0 mon d\u00e9partement<\/a>. Son but est de vendre des autocollants \u00e0 coller sur nos v\u00e9hicules (motos, voitures&#8230;) et tout cela pour 3\u20ac.<br \/>Alors pour les nostalgiques des d\u00e9partements, c&rsquo;est peut-\u00eatre le moment de faire un geste&#8230;<\/p>\n","protected":false},"excerpt":{"rendered":"<p>La plaque d&rsquo;immatriculation est un gros sujet de d\u00e9bats. Contre la perte du num\u00e9ro de d\u00e9partement un collectif &quot;Jamais sans mon d\u00e9partement&quot; compos\u00e9 de d\u00e9put\u00e9s vous a \u00e9t\u00e9 pr\u00e9sent\u00e9 par Beno\u00eet. Dans cette optique un nouveau site a \u00e9t\u00e9 cr\u00e9\u00e9 : Touche pas \u00e0 mon d\u00e9partement. Son but est de vendre des autocollants \u00e0 coller [&hellip;]<\/p>\n","protected":false},"author":329,"featured_media":0,"comment_status":"open","ping_status":"open","sticky":false,"template":"","format":"standard","meta":{"footnotes":""},"categories":[3],"tags":[],"class_list":["post-658","post","type-post","status-publish","format-standard","hentry","category-actualite"],"yoast_head":"<!-- This site is optimized with the Yoast SEO plugin v26.0 - https:\/\/yoast.com\/wordpress\/plugins\/seo\/ -->\n<title>Immatriculation : Touche pas \u00e0 mon d\u00e9partement - leblogmoto.com<\/title>\n<meta name=\"robots\" content=\"index, follow, max-snippet:-1, max-image-preview:large, max-video-preview:-1\" \/>\n<link rel=\"canonical\" href=\"https:\/\/blogs.thesocialmedia.com\/leblogmoto\/2008\/06\/01\/immatriculation\/\" \/>\n<meta name=\"twitter:card\" content=\"summary_large_image\" \/>\n<meta name=\"twitter:title\" content=\"Immatriculation : Touche pas \u00e0 mon d\u00e9partement - leblogmoto.com\" \/>\n<meta name=\"twitter:description\" content=\"La plaque d&rsquo;immatriculation est un gros sujet de d\u00e9bats. Contre la perte du num\u00e9ro de d\u00e9partement un collectif &quot;Jamais sans mon d\u00e9partement&quot; compos\u00e9 de d\u00e9put\u00e9s vous a \u00e9t\u00e9 pr\u00e9sent\u00e9 par Beno\u00eet. Dans cette optique un nouveau site a \u00e9t\u00e9 cr\u00e9\u00e9 : Touche pas \u00e0 mon d\u00e9partement. Son but est de vendre des autocollants \u00e0 coller [&hellip;]\" \/>\n<meta name=\"twitter:image\" content=\"http:\/\/www.leblogmoto.com\/images\/2008\/06\/01\/plaque_immatriculation_21.gif\" \/>\n<meta name=\"twitter:label1\" content=\"\u00c9crit par\" \/>\n\t<meta name=\"twitter:data1\" content=\"gregory boucaud\" \/>\n<script type=\"application\/ld+json\" class=\"yoast-schema-graph\">{\"@context\":\"https:\/\/schema.org\",\"@graph\":[{\"@type\":\"WebPage\",\"@id\":\"https:\/\/blogs.thesocialmedia.com\/leblogmoto\/2008\/06\/01\/immatriculation\/\",\"url\":\"https:\/\/blogs.thesocialmedia.com\/leblogmoto\/2008\/06\/01\/immatriculation\/\",\"name\":\"Immatriculation : Touche pas \u00e0 mon d\u00e9partement - leblogmoto.com\",\"isPartOf\":{\"@id\":\"https:\/\/blogs.thesocialmedia.com\/leblogmoto\/#website\"},\"primaryImageOfPage\":{\"@id\":\"https:\/\/blogs.thesocialmedia.com\/leblogmoto\/2008\/06\/01\/immatriculation\/#primaryimage\"},\"image\":{\"@id\":\"https:\/\/blogs.thesocialmedia.com\/leblogmoto\/2008\/06\/01\/immatriculation\/#primaryimage\"},\"thumbnailUrl\":\"http:\/\/www.leblogmoto.com\/images\/2008\/06\/01\/plaque_immatriculation_21.gif\",\"datePublished\":\"2008-06-01T14:53:05+00:00\",\"dateModified\":\"2012-07-11T15:52:21+00:00\",\"author\":{\"@id\":\"https:\/\/blogs.thesocialmedia.com\/leblogmoto\/#\/schema\/person\/769623f89741cc3381675029a37764f8\"},\"breadcrumb\":{\"@id\":\"https:\/\/blogs.thesocialmedia.com\/leblogmoto\/2008\/06\/01\/immatriculation\/#breadcrumb\"},\"inLanguage\":\"fr-FR\",\"potentialAction\":[{\"@type\":\"ReadAction\",\"target\":[\"https:\/\/blogs.thesocialmedia.com\/leblogmoto\/2008\/06\/01\/immatriculation\/\"]}]},{\"@type\":\"ImageObject\",\"inLanguage\":\"fr-FR\",\"@id\":\"https:\/\/blogs.thesocialmedia.com\/leblogmoto\/2008\/06\/01\/immatriculation\/#primaryimage\",\"url\":\"http:\/\/www.leblogmoto.com\/images\/2008\/06\/01\/plaque_immatriculation_21.gif\",\"contentUrl\":\"http:\/\/www.leblogmoto.com\/images\/2008\/06\/01\/plaque_immatriculation_21.gif\"},{\"@type\":\"BreadcrumbList\",\"@id\":\"https:\/\/blogs.thesocialmedia.com\/leblogmoto\/2008\/06\/01\/immatriculation\/#breadcrumb\",\"itemListElement\":[{\"@type\":\"ListItem\",\"position\":1,\"name\":\"Accueil\",\"item\":\"https:\/\/blogs.thesocialmedia.com\/leblogmoto\/\"},{\"@type\":\"ListItem\",\"position\":2,\"name\":\"Immatriculation : Touche pas \u00e0 mon d\u00e9partement\"}]},{\"@type\":\"WebSite\",\"@id\":\"https:\/\/blogs.thesocialmedia.com\/leblogmoto\/#website\",\"url\":\"https:\/\/blogs.thesocialmedia.com\/leblogmoto\/\",\"name\":\"leblogmoto\",\"description\":\"Toute l&#039;actualit\u00e9 des 2 roues\",\"potentialAction\":[{\"@type\":\"SearchAction\",\"target\":{\"@type\":\"EntryPoint\",\"urlTemplate\":\"https:\/\/blogs.thesocialmedia.com\/leblogmoto\/?s={search_term_string}\"},\"query-input\":{\"@type\":\"PropertyValueSpecification\",\"valueRequired\":true,\"valueName\":\"search_term_string\"}}],\"inLanguage\":\"fr-FR\"},{\"@type\":\"Person\",\"@id\":\"https:\/\/blogs.thesocialmedia.com\/leblogmoto\/#\/schema\/person\/769623f89741cc3381675029a37764f8\",\"name\":\"gregory boucaud\",\"image\":{\"@type\":\"ImageObject\",\"inLanguage\":\"fr-FR\",\"@id\":\"https:\/\/blogs.thesocialmedia.com\/leblogmoto\/#\/schema\/person\/image\/\",\"url\":\"https:\/\/secure.gravatar.com\/avatar\/?s=96&d=mm&r=g\",\"contentUrl\":\"https:\/\/secure.gravatar.com\/avatar\/?s=96&d=mm&r=g\",\"caption\":\"gregory boucaud\"},\"url\":\"https:\/\/blogs.thesocialmedia.com\/leblogmoto\/author\/gregory-boucaud\/\"}]}<\/script>\n<!-- \/ Yoast SEO plugin. -->","yoast_head_json":{"title":"Immatriculation : Touche pas \u00e0 mon d\u00e9partement - leblogmoto.com","robots":{"index":"index","follow":"follow","max-snippet":"max-snippet:-1","max-image-preview":"max-image-preview:large","max-video-preview":"max-video-preview:-1"},"canonical":"https:\/\/blogs.thesocialmedia.com\/leblogmoto\/2008\/06\/01\/immatriculation\/","twitter_card":"summary_large_image","twitter_title":"Immatriculation : Touche pas \u00e0 mon d\u00e9partement - leblogmoto.com","twitter_description":"La plaque d&rsquo;immatriculation est un gros sujet de d\u00e9bats. Contre la perte du num\u00e9ro de d\u00e9partement un collectif &quot;Jamais sans mon d\u00e9partement&quot; compos\u00e9 de d\u00e9put\u00e9s vous a \u00e9t\u00e9 pr\u00e9sent\u00e9 par Beno\u00eet. Dans cette optique un nouveau site a \u00e9t\u00e9 cr\u00e9\u00e9 : Touche pas \u00e0 mon d\u00e9partement. Son but est de vendre des autocollants \u00e0 coller [&hellip;]","twitter_image":"http:\/\/www.leblogmoto.com\/images\/2008\/06\/01\/plaque_immatriculation_21.gif","twitter_misc":{"\u00c9crit par":"gregory boucaud"},"schema":{"@context":"https:\/\/schema.org","@graph":[{"@type":"WebPage","@id":"https:\/\/blogs.thesocialmedia.com\/leblogmoto\/2008\/06\/01\/immatriculation\/","url":"https:\/\/blogs.thesocialmedia.com\/leblogmoto\/2008\/06\/01\/immatriculation\/","name":"Immatriculation : Touche pas \u00e0 mon d\u00e9partement - leblogmoto.com","isPartOf":{"@id":"https:\/\/blogs.thesocialmedia.com\/leblogmoto\/#website"},"primaryImageOfPage":{"@id":"https:\/\/blogs.thesocialmedia.com\/leblogmoto\/2008\/06\/01\/immatriculation\/#primaryimage"},"image":{"@id":"https:\/\/blogs.thesocialmedia.com\/leblogmoto\/2008\/06\/01\/immatriculation\/#primaryimage"},"thumbnailUrl":"http:\/\/www.leblogmoto.com\/images\/2008\/06\/01\/plaque_immatriculation_21.gif","datePublished":"2008-06-01T14:53:05+00:00","dateModified":"2012-07-11T15:52:21+00:00","author":{"@id":"https:\/\/blogs.thesocialmedia.com\/leblogmoto\/#\/schema\/person\/769623f89741cc3381675029a37764f8"},"breadcrumb":{"@id":"https:\/\/blogs.thesocialmedia.com\/leblogmoto\/2008\/06\/01\/immatriculation\/#breadcrumb"},"inLanguage":"fr-FR","potentialAction":[{"@type":"ReadAction","target":["https:\/\/blogs.thesocialmedia.com\/leblogmoto\/2008\/06\/01\/immatriculation\/"]}]},{"@type":"ImageObject","inLanguage":"fr-FR","@id":"https:\/\/blogs.thesocialmedia.com\/leblogmoto\/2008\/06\/01\/immatriculation\/#primaryimage","url":"http:\/\/www.leblogmoto.com\/images\/2008\/06\/01\/plaque_immatriculation_21.gif","contentUrl":"http:\/\/www.leblogmoto.com\/images\/2008\/06\/01\/plaque_immatriculation_21.gif"},{"@type":"BreadcrumbList","@id":"https:\/\/blogs.thesocialmedia.com\/leblogmoto\/2008\/06\/01\/immatriculation\/#breadcrumb","itemListElement":[{"@type":"ListItem","position":1,"name":"Accueil","item":"https:\/\/blogs.thesocialmedia.com\/leblogmoto\/"},{"@type":"ListItem","position":2,"name":"Immatriculation : Touche pas \u00e0 mon d\u00e9partement"}]},{"@type":"WebSite","@id":"https:\/\/blogs.thesocialmedia.com\/leblogmoto\/#website","url":"https:\/\/blogs.thesocialmedia.com\/leblogmoto\/","name":"leblogmoto","description":"Toute l&#039;actualit\u00e9 des 2 roues","potentialAction":[{"@type":"SearchAction","target":{"@type":"EntryPoint","urlTemplate":"https:\/\/blogs.thesocialmedia.com\/leblogmoto\/?s={search_term_string}"},"query-input":{"@type":"PropertyValueSpecification","valueRequired":true,"valueName":"search_term_string"}}],"inLanguage":"fr-FR"},{"@type":"Person","@id":"https:\/\/blogs.thesocialmedia.com\/leblogmoto\/#\/schema\/person\/769623f89741cc3381675029a37764f8","name":"gregory boucaud","image":{"@type":"ImageObject","inLanguage":"fr-FR","@id":"https:\/\/blogs.thesocialmedia.com\/leblogmoto\/#\/schema\/person\/image\/","url":"https:\/\/secure.gravatar.com\/avatar\/?s=96&d=mm&r=g","contentUrl":"https:\/\/secure.gravatar.com\/avatar\/?s=96&d=mm&r=g","caption":"gregory boucaud"},"url":"https:\/\/blogs.thesocialmedia.com\/leblogmoto\/author\/gregory-boucaud\/"}]}},"_links":{"self":[{"href":"https:\/\/blogs.thesocialmedia.com\/leblogmoto\/wp-json\/wp\/v2\/posts\/658","targetHints":{"allow":["GET"]}}],"collection":[{"href":"https:\/\/blogs.thesocialmedia.com\/leblogmoto\/wp-json\/wp\/v2\/posts"}],"about":[{"href":"https:\/\/blogs.thesocialmedia.com\/leblogmoto\/wp-json\/wp\/v2\/types\/post"}],"author":[{"embeddable":true,"href":"https:\/\/blogs.thesocialmedia.com\/leblogmoto\/wp-json\/wp\/v2\/users\/329"}],"replies":[{"embeddable":true,"href":"https:\/\/blogs.thesocialmedia.com\/leblogmoto\/wp-json\/wp\/v2\/comments?post=658"}],"version-history":[{"count":2,"href":"https:\/\/blogs.thesocialmedia.com\/leblogmoto\/wp-json\/wp\/v2\/posts\/658\/revisions"}],"predecessor-version":[{"id":10871,"href":"https:\/\/blogs.thesocialmedia.com\/leblogmoto\/wp-json\/wp\/v2\/posts\/658\/revisions\/10871"}],"wp:attachment":[{"href":"https:\/\/blogs.thesocialmedia.com\/leblogmoto\/wp-json\/wp\/v2\/media?parent=658"}],"wp:term":[{"taxonomy":"category","embeddable":true,"href":"https:\/\/blogs.thesocialmedia.com\/leblogmoto\/wp-json\/wp\/v2\/categories?post=658"},{"taxonomy":"post_tag","embeddable":true,"href":"https:\/\/blogs.thesocialmedia.com\/leblogmoto\/wp-json\/wp\/v2\/tags?post=658"}],"curies":[{"name":"wp","href":"https:\/\/api.w.org\/{rel}","templated":true}]}}