{"id":659,"date":"2008-06-01T13:57:14","date_gmt":"2008-06-01T13:57:14","guid":{"rendered":"http:\/\/blogs.thesocialmedia.com\/leblogmoto\/2008\/06\/01\/8-me-motostra-d\/"},"modified":"2012-07-11T15:52:19","modified_gmt":"2012-07-11T15:52:19","slug":"8-me-motostra-d","status":"publish","type":"post","link":"https:\/\/blogs.thesocialmedia.com\/leblogmoto\/2008\/06\/01\/8-me-motostra-d\/","title":{"rendered":"8\u00e8me Motostra : Direction le Mondial 2009"},"content":{"rendered":"<p><a href=\"http:\/\/blogs.thesocialmedia.com\/leblogmoto\/files\/2012\/07\/mostra1.jpg\"><img loading=\"lazy\" decoding=\"async\" width=\"250\" height=\"164\"  src=\"http:\/\/www.leblogmoto.com\/images\/2008\/06\/01\/mostra.jpg\" alt=\"Mostra\" style=\"margin: 0px 5px 5px 0px;float: left\" \/><\/a>Oui vous avez bien lu, la 8\u00e8me \u00e9dition de la <a href=\"http:\/\/www.motostra.com\/\">Motostra<\/a> se fera en 2009 et en plus, elle se fera lors du Mondial. Plusieurs raisons \u00e0 cela, en rendant la Motostra biennal les r\u00e9alisateurs ont d&rsquo;avantage de temps pour peaufiner leurs \u0153uvres. De plus, projeter les \u0153uvres au <a href=\"http:\/\/www.mondial-deuxroues.com\/\">Mondial<\/a> permettra aux professionnels de mieux se rendre compte de la qualit\u00e9 des courts-m\u00e9trages.<\/p>\n<p>Les candidats ont donc jusqu&rsquo;au 17 ao\u00fbt 2009 pour remettre leurs court-m\u00e9trages de fiction (5 min maxi) ou documentaire (7 minutes maxi).<br \/>Aller, il ne reste plus qu&rsquo;un an \u00e0 attendre&#8230;<\/p>\n","protected":false},"excerpt":{"rendered":"<p>Oui vous avez bien lu, la 8\u00e8me \u00e9dition de la Motostra se fera en 2009 et en plus, elle se fera lors du Mondial. Plusieurs raisons \u00e0 cela, en rendant la Motostra biennal les r\u00e9alisateurs ont d&rsquo;avantage de temps pour peaufiner leurs \u0153uvres. De plus, projeter les \u0153uvres au Mondial permettra aux professionnels de mieux [&hellip;]<\/p>\n","protected":false},"author":329,"featured_media":0,"comment_status":"open","ping_status":"open","sticky":false,"template":"","format":"standard","meta":{"footnotes":""},"categories":[3,16],"tags":[],"class_list":["post-659","post","type-post","status-publish","format-standard","hentry","category-actualite","category-art-moto"],"yoast_head":"<!-- This site is optimized with the Yoast SEO plugin v26.0 - https:\/\/yoast.com\/wordpress\/plugins\/seo\/ -->\n<title>8\u00e8me Motostra : Direction le Mondial 2009 - leblogmoto.com<\/title>\n<meta name=\"robots\" content=\"index, follow, max-snippet:-1, max-image-preview:large, max-video-preview:-1\" \/>\n<link rel=\"canonical\" href=\"https:\/\/blogs.thesocialmedia.com\/leblogmoto\/2008\/06\/01\/8-me-motostra-d\/\" \/>\n<meta name=\"twitter:card\" content=\"summary_large_image\" \/>\n<meta name=\"twitter:title\" content=\"8\u00e8me Motostra : Direction le Mondial 2009 - leblogmoto.com\" \/>\n<meta name=\"twitter:description\" content=\"Oui vous avez bien lu, la 8\u00e8me \u00e9dition de la Motostra se fera en 2009 et en plus, elle se fera lors du Mondial. Plusieurs raisons \u00e0 cela, en rendant la Motostra biennal les r\u00e9alisateurs ont d&rsquo;avantage de temps pour peaufiner leurs \u0153uvres. De plus, projeter les \u0153uvres au Mondial permettra aux professionnels de mieux [&hellip;]\" \/>\n<meta name=\"twitter:image\" content=\"http:\/\/www.leblogmoto.com\/images\/2008\/06\/01\/mostra.jpg\" \/>\n<meta name=\"twitter:label1\" content=\"\u00c9crit par\" \/>\n\t<meta name=\"twitter:data1\" content=\"gregory boucaud\" \/>\n<script type=\"application\/ld+json\" class=\"yoast-schema-graph\">{\"@context\":\"https:\/\/schema.org\",\"@graph\":[{\"@type\":\"WebPage\",\"@id\":\"https:\/\/blogs.thesocialmedia.com\/leblogmoto\/2008\/06\/01\/8-me-motostra-d\/\",\"url\":\"https:\/\/blogs.thesocialmedia.com\/leblogmoto\/2008\/06\/01\/8-me-motostra-d\/\",\"name\":\"8\u00e8me Motostra : Direction le Mondial 2009 - leblogmoto.com\",\"isPartOf\":{\"@id\":\"https:\/\/blogs.thesocialmedia.com\/leblogmoto\/#website\"},\"primaryImageOfPage\":{\"@id\":\"https:\/\/blogs.thesocialmedia.com\/leblogmoto\/2008\/06\/01\/8-me-motostra-d\/#primaryimage\"},\"image\":{\"@id\":\"https:\/\/blogs.thesocialmedia.com\/leblogmoto\/2008\/06\/01\/8-me-motostra-d\/#primaryimage\"},\"thumbnailUrl\":\"http:\/\/www.leblogmoto.com\/images\/2008\/06\/01\/mostra.jpg\",\"datePublished\":\"2008-06-01T13:57:14+00:00\",\"dateModified\":\"2012-07-11T15:52:19+00:00\",\"author\":{\"@id\":\"https:\/\/blogs.thesocialmedia.com\/leblogmoto\/#\/schema\/person\/769623f89741cc3381675029a37764f8\"},\"breadcrumb\":{\"@id\":\"https:\/\/blogs.thesocialmedia.com\/leblogmoto\/2008\/06\/01\/8-me-motostra-d\/#breadcrumb\"},\"inLanguage\":\"fr-FR\",\"potentialAction\":[{\"@type\":\"ReadAction\",\"target\":[\"https:\/\/blogs.thesocialmedia.com\/leblogmoto\/2008\/06\/01\/8-me-motostra-d\/\"]}]},{\"@type\":\"ImageObject\",\"inLanguage\":\"fr-FR\",\"@id\":\"https:\/\/blogs.thesocialmedia.com\/leblogmoto\/2008\/06\/01\/8-me-motostra-d\/#primaryimage\",\"url\":\"http:\/\/www.leblogmoto.com\/images\/2008\/06\/01\/mostra.jpg\",\"contentUrl\":\"http:\/\/www.leblogmoto.com\/images\/2008\/06\/01\/mostra.jpg\"},{\"@type\":\"BreadcrumbList\",\"@id\":\"https:\/\/blogs.thesocialmedia.com\/leblogmoto\/2008\/06\/01\/8-me-motostra-d\/#breadcrumb\",\"itemListElement\":[{\"@type\":\"ListItem\",\"position\":1,\"name\":\"Accueil\",\"item\":\"https:\/\/blogs.thesocialmedia.com\/leblogmoto\/\"},{\"@type\":\"ListItem\",\"position\":2,\"name\":\"8\u00e8me Motostra : Direction le Mondial 2009\"}]},{\"@type\":\"WebSite\",\"@id\":\"https:\/\/blogs.thesocialmedia.com\/leblogmoto\/#website\",\"url\":\"https:\/\/blogs.thesocialmedia.com\/leblogmoto\/\",\"name\":\"leblogmoto\",\"description\":\"Toute l&#039;actualit\u00e9 des 2 roues\",\"potentialAction\":[{\"@type\":\"SearchAction\",\"target\":{\"@type\":\"EntryPoint\",\"urlTemplate\":\"https:\/\/blogs.thesocialmedia.com\/leblogmoto\/?s={search_term_string}\"},\"query-input\":{\"@type\":\"PropertyValueSpecification\",\"valueRequired\":true,\"valueName\":\"search_term_string\"}}],\"inLanguage\":\"fr-FR\"},{\"@type\":\"Person\",\"@id\":\"https:\/\/blogs.thesocialmedia.com\/leblogmoto\/#\/schema\/person\/769623f89741cc3381675029a37764f8\",\"name\":\"gregory boucaud\",\"image\":{\"@type\":\"ImageObject\",\"inLanguage\":\"fr-FR\",\"@id\":\"https:\/\/blogs.thesocialmedia.com\/leblogmoto\/#\/schema\/person\/image\/\",\"url\":\"https:\/\/secure.gravatar.com\/avatar\/?s=96&d=mm&r=g\",\"contentUrl\":\"https:\/\/secure.gravatar.com\/avatar\/?s=96&d=mm&r=g\",\"caption\":\"gregory boucaud\"},\"url\":\"https:\/\/blogs.thesocialmedia.com\/leblogmoto\/author\/gregory-boucaud\/\"}]}<\/script>\n<!-- \/ Yoast SEO plugin. -->","yoast_head_json":{"title":"8\u00e8me Motostra : Direction le Mondial 2009 - leblogmoto.com","robots":{"index":"index","follow":"follow","max-snippet":"max-snippet:-1","max-image-preview":"max-image-preview:large","max-video-preview":"max-video-preview:-1"},"canonical":"https:\/\/blogs.thesocialmedia.com\/leblogmoto\/2008\/06\/01\/8-me-motostra-d\/","twitter_card":"summary_large_image","twitter_title":"8\u00e8me Motostra : Direction le Mondial 2009 - leblogmoto.com","twitter_description":"Oui vous avez bien lu, la 8\u00e8me \u00e9dition de la Motostra se fera en 2009 et en plus, elle se fera lors du Mondial. Plusieurs raisons \u00e0 cela, en rendant la Motostra biennal les r\u00e9alisateurs ont d&rsquo;avantage de temps pour peaufiner leurs \u0153uvres. De plus, projeter les \u0153uvres au Mondial permettra aux professionnels de mieux [&hellip;]","twitter_image":"http:\/\/www.leblogmoto.com\/images\/2008\/06\/01\/mostra.jpg","twitter_misc":{"\u00c9crit par":"gregory boucaud"},"schema":{"@context":"https:\/\/schema.org","@graph":[{"@type":"WebPage","@id":"https:\/\/blogs.thesocialmedia.com\/leblogmoto\/2008\/06\/01\/8-me-motostra-d\/","url":"https:\/\/blogs.thesocialmedia.com\/leblogmoto\/2008\/06\/01\/8-me-motostra-d\/","name":"8\u00e8me Motostra : Direction le Mondial 2009 - leblogmoto.com","isPartOf":{"@id":"https:\/\/blogs.thesocialmedia.com\/leblogmoto\/#website"},"primaryImageOfPage":{"@id":"https:\/\/blogs.thesocialmedia.com\/leblogmoto\/2008\/06\/01\/8-me-motostra-d\/#primaryimage"},"image":{"@id":"https:\/\/blogs.thesocialmedia.com\/leblogmoto\/2008\/06\/01\/8-me-motostra-d\/#primaryimage"},"thumbnailUrl":"http:\/\/www.leblogmoto.com\/images\/2008\/06\/01\/mostra.jpg","datePublished":"2008-06-01T13:57:14+00:00","dateModified":"2012-07-11T15:52:19+00:00","author":{"@id":"https:\/\/blogs.thesocialmedia.com\/leblogmoto\/#\/schema\/person\/769623f89741cc3381675029a37764f8"},"breadcrumb":{"@id":"https:\/\/blogs.thesocialmedia.com\/leblogmoto\/2008\/06\/01\/8-me-motostra-d\/#breadcrumb"},"inLanguage":"fr-FR","potentialAction":[{"@type":"ReadAction","target":["https:\/\/blogs.thesocialmedia.com\/leblogmoto\/2008\/06\/01\/8-me-motostra-d\/"]}]},{"@type":"ImageObject","inLanguage":"fr-FR","@id":"https:\/\/blogs.thesocialmedia.com\/leblogmoto\/2008\/06\/01\/8-me-motostra-d\/#primaryimage","url":"http:\/\/www.leblogmoto.com\/images\/2008\/06\/01\/mostra.jpg","contentUrl":"http:\/\/www.leblogmoto.com\/images\/2008\/06\/01\/mostra.jpg"},{"@type":"BreadcrumbList","@id":"https:\/\/blogs.thesocialmedia.com\/leblogmoto\/2008\/06\/01\/8-me-motostra-d\/#breadcrumb","itemListElement":[{"@type":"ListItem","position":1,"name":"Accueil","item":"https:\/\/blogs.thesocialmedia.com\/leblogmoto\/"},{"@type":"ListItem","position":2,"name":"8\u00e8me Motostra : Direction le Mondial 2009"}]},{"@type":"WebSite","@id":"https:\/\/blogs.thesocialmedia.com\/leblogmoto\/#website","url":"https:\/\/blogs.thesocialmedia.com\/leblogmoto\/","name":"leblogmoto","description":"Toute l&#039;actualit\u00e9 des 2 roues","potentialAction":[{"@type":"SearchAction","target":{"@type":"EntryPoint","urlTemplate":"https:\/\/blogs.thesocialmedia.com\/leblogmoto\/?s={search_term_string}"},"query-input":{"@type":"PropertyValueSpecification","valueRequired":true,"valueName":"search_term_string"}}],"inLanguage":"fr-FR"},{"@type":"Person","@id":"https:\/\/blogs.thesocialmedia.com\/leblogmoto\/#\/schema\/person\/769623f89741cc3381675029a37764f8","name":"gregory boucaud","image":{"@type":"ImageObject","inLanguage":"fr-FR","@id":"https:\/\/blogs.thesocialmedia.com\/leblogmoto\/#\/schema\/person\/image\/","url":"https:\/\/secure.gravatar.com\/avatar\/?s=96&d=mm&r=g","contentUrl":"https:\/\/secure.gravatar.com\/avatar\/?s=96&d=mm&r=g","caption":"gregory boucaud"},"url":"https:\/\/blogs.thesocialmedia.com\/leblogmoto\/author\/gregory-boucaud\/"}]}},"_links":{"self":[{"href":"https:\/\/blogs.thesocialmedia.com\/leblogmoto\/wp-json\/wp\/v2\/posts\/659","targetHints":{"allow":["GET"]}}],"collection":[{"href":"https:\/\/blogs.thesocialmedia.com\/leblogmoto\/wp-json\/wp\/v2\/posts"}],"about":[{"href":"https:\/\/blogs.thesocialmedia.com\/leblogmoto\/wp-json\/wp\/v2\/types\/post"}],"author":[{"embeddable":true,"href":"https:\/\/blogs.thesocialmedia.com\/leblogmoto\/wp-json\/wp\/v2\/users\/329"}],"replies":[{"embeddable":true,"href":"https:\/\/blogs.thesocialmedia.com\/leblogmoto\/wp-json\/wp\/v2\/comments?post=659"}],"version-history":[{"count":2,"href":"https:\/\/blogs.thesocialmedia.com\/leblogmoto\/wp-json\/wp\/v2\/posts\/659\/revisions"}],"predecessor-version":[{"id":10869,"href":"https:\/\/blogs.thesocialmedia.com\/leblogmoto\/wp-json\/wp\/v2\/posts\/659\/revisions\/10869"}],"wp:attachment":[{"href":"https:\/\/blogs.thesocialmedia.com\/leblogmoto\/wp-json\/wp\/v2\/media?parent=659"}],"wp:term":[{"taxonomy":"category","embeddable":true,"href":"https:\/\/blogs.thesocialmedia.com\/leblogmoto\/wp-json\/wp\/v2\/categories?post=659"},{"taxonomy":"post_tag","embeddable":true,"href":"https:\/\/blogs.thesocialmedia.com\/leblogmoto\/wp-json\/wp\/v2\/tags?post=659"}],"curies":[{"name":"wp","href":"https:\/\/api.w.org\/{rel}","templated":true}]}}