{"id":66,"date":"2009-08-14T00:17:35","date_gmt":"2009-08-14T00:17:35","guid":{"rendered":"http:\/\/blogs.thesocialmedia.com\/leblogmoto\/2009\/08\/14\/album-du-vendredi-une-autre-dose-damericana\/"},"modified":"2012-07-11T17:37:24","modified_gmt":"2012-07-11T17:37:24","slug":"album-du-vendredi-une-autre-dose-damericana","status":"publish","type":"post","link":"https:\/\/blogs.thesocialmedia.com\/leblogmoto\/2009\/08\/14\/album-du-vendredi-une-autre-dose-damericana\/","title":{"rendered":"Album du vendredi &#8211; Une autre dose d&rsquo;Americana"},"content":{"rendered":"<p><a href=\"http:\/\/blogs.thesocialmedia.com\/leblogmoto\/files\/2012\/07\/6a00d83451b18369e20120a5486a75970c-popup.png\"><img decoding=\"async\" alt=\"Odell_01\" class=\"at-xid-6a00d83451b18369e20120a5486a75970c \" src=\"http:\/\/blogs.thesocialmedia.com\/leblogmoto\/files\/2012\/07\/6a00d83451b18369e20120a5486a75970c-500wi.jpg\" style=\"width: 470px\" \/><\/a> <\/p>\n<p>Un peu pour faire suite \u00e0 l&#039;Album du vendredi de la semaine derni\u00e8re, une autre s\u00e9rie d&#039;images \u00abcin\u00e9matographiques\u00bb, ou la nostalgie d&#039;une Am\u00e9rique qui n&#039;a jamais exist\u00e9 est <a href=\"http:\/\/www.fxnetworks.com\/shows\/originals\/soa\/\">jou\u00e9e pour la cam\u00e9ra<\/a>.<br \/>J&#039;ai quand m\u00eame vu un bon bout de l&#039;Am\u00e9rique, et un bon nombre des zigotos qui la sillonne, mais pas beaucoup comme ceux-ci. Je n&#039;\u00e9tais peut-\u00eatre pas au bon endroit au bon moment, c&#039;est des choses qui arrivent, je ne les attire peut-\u00eatre pas non plus, \u00eatre un \u00abcool kid\u00bb ne s&quot;improvise pas, et les protagonistes sur ces images sont d\u00e9finitivement, pour ne pas dire d\u00e9sesp\u00e9r\u00e9ment, cool.<\/p>\n<p> Que voit-on alors sur les routes des Am\u00e9riques si ceux-ci n\u2019y sont pas? Et bien, on y voit des couples en Harley, beaucoup de couples, un peu trop gros, un peu trop vieux, comme leurs Harley d&#039;ailleurs, et des jeunes, trop jeunes les jeunes, sur les monstres japonais qu&#039;ils peinent \u00e0 ma\u00eetriser avec une fille derri\u00e8re, encore plus jeune, et qui s&#039;accroche, car \u00e0 chaque instant sa vie en d\u00e9pend, surtout que dans les \u00e9tats ou le casque n&#039;est pas obligatoire, beaucoup ne le porte pas. Dans les villes, le scooter fait une perc\u00e9e remarqu\u00e9e, beaucoup de filles, pour ne pas dire des dames, l&#039;adopte. Il y a l\u00e0 un beau sujet, mais je ne promets pas que je vais le faire, j&#039;aimerais, l&#039;ai-je, dis, c&#039;est un beau sujet. On verra.<\/p>\n<p>Photos <a href=\"http:\/\/jasonodell.com\/\">Jason O&#039;Dell<\/a><\/p>\n<p><a href=\"http:\/\/clabedan.typepad.com\/.a\/6a00d83451b18369e20120a4f12ae2970b-popup\"><img decoding=\"async\" alt=\"Odell_12\" class=\"at-xid-6a00d83451b18369e20120a4f12ae2970b \" src=\"http:\/\/blogs.thesocialmedia.com\/leblogmoto\/files\/2012\/07\/6a00d83451b18369e20120a4f12ae2970b-500wi.jpg\" style=\"width: 470px\" \/><\/a> <\/p>\n<p><a href=\"http:\/\/blogs.thesocialmedia.com\/leblogmoto\/files\/2012\/07\/6a00d83451b18369e20120a4f12abb970b-popup.png\"><img decoding=\"async\" alt=\"Odell_11\" class=\"at-xid-6a00d83451b18369e20120a4f12abb970b \" src=\"http:\/\/blogs.thesocialmedia.com\/leblogmoto\/files\/2012\/07\/6a00d83451b18369e20120a4f12abb970b-500wi.jpg\" style=\"width: 470px\" \/><\/a> <\/p>\n<p><a href=\"http:\/\/blogs.thesocialmedia.com\/leblogmoto\/files\/2012\/07\/6a00d83451b18369e20120a5486d0b970c-popup.png\"><img decoding=\"async\" alt=\"Odell_10\" class=\"at-xid-6a00d83451b18369e20120a5486d0b970c \" src=\"http:\/\/blogs.thesocialmedia.com\/leblogmoto\/files\/2012\/07\/6a00d83451b18369e20120a5486d0b970c-500wi.jpg\" style=\"width: 470px\" \/><\/a> <\/p>\n<p><a href=\"http:\/\/blogs.thesocialmedia.com\/leblogmoto\/files\/2012\/07\/6a00d83451b18369e20120a5486ccc970c-popup.png\"><img decoding=\"async\" alt=\"Odell_09\" class=\"at-xid-6a00d83451b18369e20120a5486ccc970c \" src=\"http:\/\/blogs.thesocialmedia.com\/leblogmoto\/files\/2012\/07\/6a00d83451b18369e20120a5486ccc970c-500wi.jpg\" style=\"width: 470px\" \/><\/a> <\/p>\n<p><a href=\"http:\/\/blogs.thesocialmedia.com\/leblogmoto\/files\/2012\/07\/6a00d83451b18369e20120a4f12a18970b-popup.png\"><img decoding=\"async\" alt=\"Odell_08\" class=\"at-xid-6a00d83451b18369e20120a4f12a18970b \" src=\"http:\/\/blogs.thesocialmedia.com\/leblogmoto\/files\/2012\/07\/6a00d83451b18369e20120a4f12a18970b-500wi.jpg\" style=\"width: 470px\" \/><\/a> <\/p>\n<p><a href=\"http:\/\/blogs.thesocialmedia.com\/leblogmoto\/files\/2012\/07\/6a00d83451b18369e20120a5486c64970c-popup.png\"><img decoding=\"async\" alt=\"Odell_07\" class=\"at-xid-6a00d83451b18369e20120a5486c64970c \" src=\"http:\/\/blogs.thesocialmedia.com\/leblogmoto\/files\/2012\/07\/6a00d83451b18369e20120a5486c64970c-500wi.jpg\" style=\"width: 470px\" \/><\/a> <\/p>\n<p><a href=\"http:\/\/blogs.thesocialmedia.com\/leblogmoto\/files\/2012\/07\/6a00d83451b18369e20120a5486c1e970c-popup.png\"><img decoding=\"async\" alt=\"Odell_06\" class=\"at-xid-6a00d83451b18369e20120a5486c1e970c \" src=\"http:\/\/blogs.thesocialmedia.com\/leblogmoto\/files\/2012\/07\/6a00d83451b18369e20120a5486c1e970c-500wi.jpg\" style=\"width: 470px\" \/><\/a> <\/p>\n<p><a href=\"http:\/\/blogs.thesocialmedia.com\/leblogmoto\/files\/2012\/07\/6a00d83451b18369e20120a4f12924970b-popup.png\"><img decoding=\"async\" alt=\"Odell_05\" class=\"at-xid-6a00d83451b18369e20120a4f12924970b \" src=\"http:\/\/blogs.thesocialmedia.com\/leblogmoto\/files\/2012\/07\/6a00d83451b18369e20120a4f12924970b-500wi.jpg\" style=\"width: 470px\" \/><\/a> <\/p>\n<p><a href=\"http:\/\/blogs.thesocialmedia.com\/leblogmoto\/files\/2012\/07\/6a00d83451b18369e20120a5486b8e970c-popup.png\"><img decoding=\"async\" alt=\"Odell_04\" class=\"at-xid-6a00d83451b18369e20120a5486b8e970c \" src=\"http:\/\/blogs.thesocialmedia.com\/leblogmoto\/files\/2012\/07\/6a00d83451b18369e20120a5486b8e970c-500wi.jpg\" style=\"width: 470px\" \/><\/a> <\/p>\n<p><a href=\"http:\/\/blogs.thesocialmedia.com\/leblogmoto\/files\/2012\/07\/6a00d83451b18369e20120a4f128be970b-popup.png\"><img decoding=\"async\" alt=\"Odell_03\" class=\"at-xid-6a00d83451b18369e20120a4f128be970b \" src=\"http:\/\/blogs.thesocialmedia.com\/leblogmoto\/files\/2012\/07\/6a00d83451b18369e20120a4f128be970b-500wi.jpg\" style=\"width: 470px\" \/><\/a> <\/p>\n<p><a href=\"http:\/\/blogs.thesocialmedia.com\/leblogmoto\/files\/2012\/07\/6a00d83451b18369e20120a4f12892970b-popup.png\"><img decoding=\"async\" alt=\"Odell_02\" class=\"at-xid-6a00d83451b18369e20120a4f12892970b \" src=\"http:\/\/blogs.thesocialmedia.com\/leblogmoto\/files\/2012\/07\/6a00d83451b18369e20120a4f12892970b-500wi.jpg\" style=\"width: 470px\" \/><\/a> <\/p>\n","protected":false},"excerpt":{"rendered":"<p>Un peu pour faire suite \u00e0 l&#039;Album du vendredi de la semaine derni\u00e8re, une autre s\u00e9rie d&#039;images \u00abcin\u00e9matographiques\u00bb, ou la nostalgie d&#039;une Am\u00e9rique qui n&#039;a jamais exist\u00e9 est jou\u00e9e pour la cam\u00e9ra.J&#039;ai quand m\u00eame vu un bon bout de l&#039;Am\u00e9rique, et un bon nombre des zigotos qui la sillonne, mais pas beaucoup comme ceux-ci. Je [&hellip;]<\/p>\n","protected":false},"author":325,"featured_media":14088,"comment_status":"open","ping_status":"open","sticky":false,"template":"","format":"standard","meta":{"footnotes":""},"categories":[8,17,29,21],"tags":[],"class_list":["post-66","post","type-post","status-publish","format-standard","has-post-thumbnail","hentry","category-chaines-et-cuirs","category-divers","category-harley-davidson","category-humeur"],"yoast_head":"<!-- This site is optimized with the Yoast SEO plugin v26.0 - https:\/\/yoast.com\/wordpress\/plugins\/seo\/ -->\n<title>Album du vendredi - Une autre dose d&#039;Americana - leblogmoto.com<\/title>\n<meta name=\"robots\" content=\"index, follow, max-snippet:-1, max-image-preview:large, max-video-preview:-1\" \/>\n<link rel=\"canonical\" href=\"https:\/\/blogs.thesocialmedia.com\/leblogmoto\/2009\/08\/14\/album-du-vendredi-une-autre-dose-damericana\/\" \/>\n<meta name=\"twitter:card\" content=\"summary_large_image\" \/>\n<meta name=\"twitter:title\" content=\"Album du vendredi - Une autre dose d&#039;Americana - leblogmoto.com\" \/>\n<meta name=\"twitter:description\" content=\"Un peu pour faire suite \u00e0 l&#039;Album du vendredi de la semaine derni\u00e8re, une autre s\u00e9rie d&#039;images \u00abcin\u00e9matographiques\u00bb, ou la nostalgie d&#039;une Am\u00e9rique qui n&#039;a jamais exist\u00e9 est jou\u00e9e pour la cam\u00e9ra.J&#039;ai quand m\u00eame vu un bon bout de l&#039;Am\u00e9rique, et un bon nombre des zigotos qui la sillonne, mais pas beaucoup comme ceux-ci. Je [&hellip;]\" \/>\n<meta name=\"twitter:image\" content=\"https:\/\/blogs.thesocialmedia.com\/leblogmoto\/files\/2012\/07\/6a00d83451b18369e20120a5486a75970c-500wi.jpg\" \/>\n<meta name=\"twitter:label1\" content=\"\u00c9crit par\" \/>\n\t<meta name=\"twitter:data1\" content=\"jacques lesage\" \/>\n\t<meta name=\"twitter:label2\" content=\"Dur\u00e9e de lecture estim\u00e9e\" \/>\n\t<meta name=\"twitter:data2\" content=\"1 minute\" \/>\n<script type=\"application\/ld+json\" class=\"yoast-schema-graph\">{\"@context\":\"https:\/\/schema.org\",\"@graph\":[{\"@type\":\"WebPage\",\"@id\":\"https:\/\/blogs.thesocialmedia.com\/leblogmoto\/2009\/08\/14\/album-du-vendredi-une-autre-dose-damericana\/\",\"url\":\"https:\/\/blogs.thesocialmedia.com\/leblogmoto\/2009\/08\/14\/album-du-vendredi-une-autre-dose-damericana\/\",\"name\":\"Album du vendredi - Une autre dose d'Americana - leblogmoto.com\",\"isPartOf\":{\"@id\":\"https:\/\/blogs.thesocialmedia.com\/leblogmoto\/#website\"},\"primaryImageOfPage\":{\"@id\":\"https:\/\/blogs.thesocialmedia.com\/leblogmoto\/2009\/08\/14\/album-du-vendredi-une-autre-dose-damericana\/#primaryimage\"},\"image\":{\"@id\":\"https:\/\/blogs.thesocialmedia.com\/leblogmoto\/2009\/08\/14\/album-du-vendredi-une-autre-dose-damericana\/#primaryimage\"},\"thumbnailUrl\":\"https:\/\/blogs.thesocialmedia.com\/leblogmoto\/files\/2012\/07\/6a00d83451b18369e20120a5486a75970c-500wi.jpg\",\"datePublished\":\"2009-08-14T00:17:35+00:00\",\"dateModified\":\"2012-07-11T17:37:24+00:00\",\"author\":{\"@id\":\"https:\/\/blogs.thesocialmedia.com\/leblogmoto\/#\/schema\/person\/e82a0ca8a9a63d031586097a3ed58526\"},\"breadcrumb\":{\"@id\":\"https:\/\/blogs.thesocialmedia.com\/leblogmoto\/2009\/08\/14\/album-du-vendredi-une-autre-dose-damericana\/#breadcrumb\"},\"inLanguage\":\"fr-FR\",\"potentialAction\":[{\"@type\":\"ReadAction\",\"target\":[\"https:\/\/blogs.thesocialmedia.com\/leblogmoto\/2009\/08\/14\/album-du-vendredi-une-autre-dose-damericana\/\"]}]},{\"@type\":\"ImageObject\",\"inLanguage\":\"fr-FR\",\"@id\":\"https:\/\/blogs.thesocialmedia.com\/leblogmoto\/2009\/08\/14\/album-du-vendredi-une-autre-dose-damericana\/#primaryimage\",\"url\":\"https:\/\/blogs.thesocialmedia.com\/leblogmoto\/files\/2012\/07\/6a00d83451b18369e20120a5486a75970c-500wi.jpg\",\"contentUrl\":\"https:\/\/blogs.thesocialmedia.com\/leblogmoto\/files\/2012\/07\/6a00d83451b18369e20120a5486a75970c-500wi.jpg\",\"width\":\"500\",\"height\":\"345\"},{\"@type\":\"BreadcrumbList\",\"@id\":\"https:\/\/blogs.thesocialmedia.com\/leblogmoto\/2009\/08\/14\/album-du-vendredi-une-autre-dose-damericana\/#breadcrumb\",\"itemListElement\":[{\"@type\":\"ListItem\",\"position\":1,\"name\":\"Accueil\",\"item\":\"https:\/\/blogs.thesocialmedia.com\/leblogmoto\/\"},{\"@type\":\"ListItem\",\"position\":2,\"name\":\"Album du vendredi &#8211; Une autre dose d&rsquo;Americana\"}]},{\"@type\":\"WebSite\",\"@id\":\"https:\/\/blogs.thesocialmedia.com\/leblogmoto\/#website\",\"url\":\"https:\/\/blogs.thesocialmedia.com\/leblogmoto\/\",\"name\":\"leblogmoto\",\"description\":\"Toute l&#039;actualit\u00e9 des 2 roues\",\"potentialAction\":[{\"@type\":\"SearchAction\",\"target\":{\"@type\":\"EntryPoint\",\"urlTemplate\":\"https:\/\/blogs.thesocialmedia.com\/leblogmoto\/?s={search_term_string}\"},\"query-input\":{\"@type\":\"PropertyValueSpecification\",\"valueRequired\":true,\"valueName\":\"search_term_string\"}}],\"inLanguage\":\"fr-FR\"},{\"@type\":\"Person\",\"@id\":\"https:\/\/blogs.thesocialmedia.com\/leblogmoto\/#\/schema\/person\/e82a0ca8a9a63d031586097a3ed58526\",\"name\":\"jacques lesage\",\"image\":{\"@type\":\"ImageObject\",\"inLanguage\":\"fr-FR\",\"@id\":\"https:\/\/blogs.thesocialmedia.com\/leblogmoto\/#\/schema\/person\/image\/\",\"url\":\"https:\/\/secure.gravatar.com\/avatar\/?s=96&d=mm&r=g\",\"contentUrl\":\"https:\/\/secure.gravatar.com\/avatar\/?s=96&d=mm&r=g\",\"caption\":\"jacques lesage\"},\"url\":\"https:\/\/blogs.thesocialmedia.com\/leblogmoto\/author\/jacques-lesage\/\"}]}<\/script>\n<!-- \/ Yoast SEO plugin. -->","yoast_head_json":{"title":"Album du vendredi - Une autre dose d'Americana - leblogmoto.com","robots":{"index":"index","follow":"follow","max-snippet":"max-snippet:-1","max-image-preview":"max-image-preview:large","max-video-preview":"max-video-preview:-1"},"canonical":"https:\/\/blogs.thesocialmedia.com\/leblogmoto\/2009\/08\/14\/album-du-vendredi-une-autre-dose-damericana\/","twitter_card":"summary_large_image","twitter_title":"Album du vendredi - Une autre dose d'Americana - leblogmoto.com","twitter_description":"Un peu pour faire suite \u00e0 l&#039;Album du vendredi de la semaine derni\u00e8re, une autre s\u00e9rie d&#039;images \u00abcin\u00e9matographiques\u00bb, ou la nostalgie d&#039;une Am\u00e9rique qui n&#039;a jamais exist\u00e9 est jou\u00e9e pour la cam\u00e9ra.J&#039;ai quand m\u00eame vu un bon bout de l&#039;Am\u00e9rique, et un bon nombre des zigotos qui la sillonne, mais pas beaucoup comme ceux-ci. Je [&hellip;]","twitter_image":"https:\/\/blogs.thesocialmedia.com\/leblogmoto\/files\/2012\/07\/6a00d83451b18369e20120a5486a75970c-500wi.jpg","twitter_misc":{"\u00c9crit par":"jacques lesage","Dur\u00e9e de lecture estim\u00e9e":"1 minute"},"schema":{"@context":"https:\/\/schema.org","@graph":[{"@type":"WebPage","@id":"https:\/\/blogs.thesocialmedia.com\/leblogmoto\/2009\/08\/14\/album-du-vendredi-une-autre-dose-damericana\/","url":"https:\/\/blogs.thesocialmedia.com\/leblogmoto\/2009\/08\/14\/album-du-vendredi-une-autre-dose-damericana\/","name":"Album du vendredi - Une autre dose d'Americana - leblogmoto.com","isPartOf":{"@id":"https:\/\/blogs.thesocialmedia.com\/leblogmoto\/#website"},"primaryImageOfPage":{"@id":"https:\/\/blogs.thesocialmedia.com\/leblogmoto\/2009\/08\/14\/album-du-vendredi-une-autre-dose-damericana\/#primaryimage"},"image":{"@id":"https:\/\/blogs.thesocialmedia.com\/leblogmoto\/2009\/08\/14\/album-du-vendredi-une-autre-dose-damericana\/#primaryimage"},"thumbnailUrl":"https:\/\/blogs.thesocialmedia.com\/leblogmoto\/files\/2012\/07\/6a00d83451b18369e20120a5486a75970c-500wi.jpg","datePublished":"2009-08-14T00:17:35+00:00","dateModified":"2012-07-11T17:37:24+00:00","author":{"@id":"https:\/\/blogs.thesocialmedia.com\/leblogmoto\/#\/schema\/person\/e82a0ca8a9a63d031586097a3ed58526"},"breadcrumb":{"@id":"https:\/\/blogs.thesocialmedia.com\/leblogmoto\/2009\/08\/14\/album-du-vendredi-une-autre-dose-damericana\/#breadcrumb"},"inLanguage":"fr-FR","potentialAction":[{"@type":"ReadAction","target":["https:\/\/blogs.thesocialmedia.com\/leblogmoto\/2009\/08\/14\/album-du-vendredi-une-autre-dose-damericana\/"]}]},{"@type":"ImageObject","inLanguage":"fr-FR","@id":"https:\/\/blogs.thesocialmedia.com\/leblogmoto\/2009\/08\/14\/album-du-vendredi-une-autre-dose-damericana\/#primaryimage","url":"https:\/\/blogs.thesocialmedia.com\/leblogmoto\/files\/2012\/07\/6a00d83451b18369e20120a5486a75970c-500wi.jpg","contentUrl":"https:\/\/blogs.thesocialmedia.com\/leblogmoto\/files\/2012\/07\/6a00d83451b18369e20120a5486a75970c-500wi.jpg","width":"500","height":"345"},{"@type":"BreadcrumbList","@id":"https:\/\/blogs.thesocialmedia.com\/leblogmoto\/2009\/08\/14\/album-du-vendredi-une-autre-dose-damericana\/#breadcrumb","itemListElement":[{"@type":"ListItem","position":1,"name":"Accueil","item":"https:\/\/blogs.thesocialmedia.com\/leblogmoto\/"},{"@type":"ListItem","position":2,"name":"Album du vendredi &#8211; Une autre dose d&rsquo;Americana"}]},{"@type":"WebSite","@id":"https:\/\/blogs.thesocialmedia.com\/leblogmoto\/#website","url":"https:\/\/blogs.thesocialmedia.com\/leblogmoto\/","name":"leblogmoto","description":"Toute l&#039;actualit\u00e9 des 2 roues","potentialAction":[{"@type":"SearchAction","target":{"@type":"EntryPoint","urlTemplate":"https:\/\/blogs.thesocialmedia.com\/leblogmoto\/?s={search_term_string}"},"query-input":{"@type":"PropertyValueSpecification","valueRequired":true,"valueName":"search_term_string"}}],"inLanguage":"fr-FR"},{"@type":"Person","@id":"https:\/\/blogs.thesocialmedia.com\/leblogmoto\/#\/schema\/person\/e82a0ca8a9a63d031586097a3ed58526","name":"jacques lesage","image":{"@type":"ImageObject","inLanguage":"fr-FR","@id":"https:\/\/blogs.thesocialmedia.com\/leblogmoto\/#\/schema\/person\/image\/","url":"https:\/\/secure.gravatar.com\/avatar\/?s=96&d=mm&r=g","contentUrl":"https:\/\/secure.gravatar.com\/avatar\/?s=96&d=mm&r=g","caption":"jacques lesage"},"url":"https:\/\/blogs.thesocialmedia.com\/leblogmoto\/author\/jacques-lesage\/"}]}},"_links":{"self":[{"href":"https:\/\/blogs.thesocialmedia.com\/leblogmoto\/wp-json\/wp\/v2\/posts\/66","targetHints":{"allow":["GET"]}}],"collection":[{"href":"https:\/\/blogs.thesocialmedia.com\/leblogmoto\/wp-json\/wp\/v2\/posts"}],"about":[{"href":"https:\/\/blogs.thesocialmedia.com\/leblogmoto\/wp-json\/wp\/v2\/types\/post"}],"author":[{"embeddable":true,"href":"https:\/\/blogs.thesocialmedia.com\/leblogmoto\/wp-json\/wp\/v2\/users\/325"}],"replies":[{"embeddable":true,"href":"https:\/\/blogs.thesocialmedia.com\/leblogmoto\/wp-json\/wp\/v2\/comments?post=66"}],"version-history":[{"count":2,"href":"https:\/\/blogs.thesocialmedia.com\/leblogmoto\/wp-json\/wp\/v2\/posts\/66\/revisions"}],"predecessor-version":[{"id":14111,"href":"https:\/\/blogs.thesocialmedia.com\/leblogmoto\/wp-json\/wp\/v2\/posts\/66\/revisions\/14111"}],"wp:featuredmedia":[{"embeddable":true,"href":"https:\/\/blogs.thesocialmedia.com\/leblogmoto\/wp-json\/wp\/v2\/media\/14088"}],"wp:attachment":[{"href":"https:\/\/blogs.thesocialmedia.com\/leblogmoto\/wp-json\/wp\/v2\/media?parent=66"}],"wp:term":[{"taxonomy":"category","embeddable":true,"href":"https:\/\/blogs.thesocialmedia.com\/leblogmoto\/wp-json\/wp\/v2\/categories?post=66"},{"taxonomy":"post_tag","embeddable":true,"href":"https:\/\/blogs.thesocialmedia.com\/leblogmoto\/wp-json\/wp\/v2\/tags?post=66"}],"curies":[{"name":"wp","href":"https:\/\/api.w.org\/{rel}","templated":true}]}}