{"id":660,"date":"2008-06-01T13:21:52","date_gmt":"2008-06-01T13:21:52","guid":{"rendered":"http:\/\/blogs.thesocialmedia.com\/leblogmoto\/2008\/06\/01\/voxan-et-sidam\/"},"modified":"2012-07-11T15:52:18","modified_gmt":"2012-07-11T15:52:18","slug":"voxan-et-sidam","status":"publish","type":"post","link":"https:\/\/blogs.thesocialmedia.com\/leblogmoto\/2008\/06\/01\/voxan-et-sidam\/","title":{"rendered":"Voxan et Sidam, le divorce"},"content":{"rendered":"<p><a href=\"http:\/\/blogs.thesocialmedia.com\/leblogmoto\/files\/2012\/07\/logo_voxan_basse_df2.gif\"><img loading=\"lazy\" decoding=\"async\" width=\"250\" height=\"73\"  alt=\"Logo_voxan_basse_df\" src=\"http:\/\/www.leblogmoto.com\/images\/2008\/06\/01\/logo_voxan_basse_df.gif\" style=\"margin: 0px 5px 5px 0px;float: left\" \/><\/a>Depuis l&rsquo;annonce du pr\u00e9sident de la Sidam le 28 avril dernier, <a href=\"http:\/\/www.voxan.com\/\">Voxan<\/a> et <a href=\"http:\/\/www.sidam-sas.com\/\">Sidam Europe<\/a> ont cess\u00e9 toute collaboration. C&rsquo;est donc encore un coup dur pour la marque fran\u00e7aise<\/p>\n<p>Rappelons que Sidam est un importateur de scooters et de motos de moyenne cylindr\u00e9es fabriqu\u00e9es en Chine. Cette collaboration \u00e9tait donc double, l&rsquo;un voulant faire son entr\u00e9e dans le monde de la grosse cylindr\u00e9e, l&rsquo;autre voulant b\u00e9n\u00e9ficier de plus de 140 points de vente en France. <br \/>N\u00e9anmoins les ventes n&rsquo;\u00e9taient pas au rendez-vous \u00e9tant donn\u00e9 qu&rsquo;elles passent de 118 en 2006 \u00e0 55 en 2007. A c\u00f4t\u00e9 de cela, les concessionnaires se plaignent du manque de communication de la marque et de son manque d&rsquo;investissement dans les \u00e9v\u00e8nements sportifs.<br \/>Bref, esp\u00e9rons que le constructeur fran\u00e7ais reprenne la barre car il serait dommage de le perdre&#8230;<\/p>\n","protected":false},"excerpt":{"rendered":"<p>Depuis l&rsquo;annonce du pr\u00e9sident de la Sidam le 28 avril dernier, Voxan et Sidam Europe ont cess\u00e9 toute collaboration. C&rsquo;est donc encore un coup dur pour la marque fran\u00e7aise Rappelons que Sidam est un importateur de scooters et de motos de moyenne cylindr\u00e9es fabriqu\u00e9es en Chine. Cette collaboration \u00e9tait donc double, l&rsquo;un voulant faire son [&hellip;]<\/p>\n","protected":false},"author":329,"featured_media":0,"comment_status":"open","ping_status":"open","sticky":false,"template":"","format":"standard","meta":{"footnotes":""},"categories":[3],"tags":[],"class_list":["post-660","post","type-post","status-publish","format-standard","hentry","category-actualite"],"yoast_head":"<!-- This site is optimized with the Yoast SEO plugin v26.0 - https:\/\/yoast.com\/wordpress\/plugins\/seo\/ -->\n<title>Voxan et Sidam, le divorce - leblogmoto.com<\/title>\n<meta name=\"robots\" content=\"index, follow, max-snippet:-1, max-image-preview:large, max-video-preview:-1\" \/>\n<link rel=\"canonical\" href=\"https:\/\/blogs.thesocialmedia.com\/leblogmoto\/2008\/06\/01\/voxan-et-sidam\/\" \/>\n<meta name=\"twitter:card\" content=\"summary_large_image\" \/>\n<meta name=\"twitter:title\" content=\"Voxan et Sidam, le divorce - leblogmoto.com\" \/>\n<meta name=\"twitter:description\" content=\"Depuis l&rsquo;annonce du pr\u00e9sident de la Sidam le 28 avril dernier, Voxan et Sidam Europe ont cess\u00e9 toute collaboration. C&rsquo;est donc encore un coup dur pour la marque fran\u00e7aise Rappelons que Sidam est un importateur de scooters et de motos de moyenne cylindr\u00e9es fabriqu\u00e9es en Chine. Cette collaboration \u00e9tait donc double, l&rsquo;un voulant faire son [&hellip;]\" \/>\n<meta name=\"twitter:image\" content=\"http:\/\/www.leblogmoto.com\/images\/2008\/06\/01\/logo_voxan_basse_df.gif\" \/>\n<meta name=\"twitter:label1\" content=\"\u00c9crit par\" \/>\n\t<meta name=\"twitter:data1\" content=\"gregory boucaud\" \/>\n\t<meta name=\"twitter:label2\" content=\"Dur\u00e9e de lecture estim\u00e9e\" \/>\n\t<meta name=\"twitter:data2\" content=\"1 minute\" \/>\n<script type=\"application\/ld+json\" class=\"yoast-schema-graph\">{\"@context\":\"https:\/\/schema.org\",\"@graph\":[{\"@type\":\"WebPage\",\"@id\":\"https:\/\/blogs.thesocialmedia.com\/leblogmoto\/2008\/06\/01\/voxan-et-sidam\/\",\"url\":\"https:\/\/blogs.thesocialmedia.com\/leblogmoto\/2008\/06\/01\/voxan-et-sidam\/\",\"name\":\"Voxan et Sidam, le divorce - leblogmoto.com\",\"isPartOf\":{\"@id\":\"https:\/\/blogs.thesocialmedia.com\/leblogmoto\/#website\"},\"primaryImageOfPage\":{\"@id\":\"https:\/\/blogs.thesocialmedia.com\/leblogmoto\/2008\/06\/01\/voxan-et-sidam\/#primaryimage\"},\"image\":{\"@id\":\"https:\/\/blogs.thesocialmedia.com\/leblogmoto\/2008\/06\/01\/voxan-et-sidam\/#primaryimage\"},\"thumbnailUrl\":\"http:\/\/www.leblogmoto.com\/images\/2008\/06\/01\/logo_voxan_basse_df.gif\",\"datePublished\":\"2008-06-01T13:21:52+00:00\",\"dateModified\":\"2012-07-11T15:52:18+00:00\",\"author\":{\"@id\":\"https:\/\/blogs.thesocialmedia.com\/leblogmoto\/#\/schema\/person\/769623f89741cc3381675029a37764f8\"},\"breadcrumb\":{\"@id\":\"https:\/\/blogs.thesocialmedia.com\/leblogmoto\/2008\/06\/01\/voxan-et-sidam\/#breadcrumb\"},\"inLanguage\":\"fr-FR\",\"potentialAction\":[{\"@type\":\"ReadAction\",\"target\":[\"https:\/\/blogs.thesocialmedia.com\/leblogmoto\/2008\/06\/01\/voxan-et-sidam\/\"]}]},{\"@type\":\"ImageObject\",\"inLanguage\":\"fr-FR\",\"@id\":\"https:\/\/blogs.thesocialmedia.com\/leblogmoto\/2008\/06\/01\/voxan-et-sidam\/#primaryimage\",\"url\":\"http:\/\/www.leblogmoto.com\/images\/2008\/06\/01\/logo_voxan_basse_df.gif\",\"contentUrl\":\"http:\/\/www.leblogmoto.com\/images\/2008\/06\/01\/logo_voxan_basse_df.gif\"},{\"@type\":\"BreadcrumbList\",\"@id\":\"https:\/\/blogs.thesocialmedia.com\/leblogmoto\/2008\/06\/01\/voxan-et-sidam\/#breadcrumb\",\"itemListElement\":[{\"@type\":\"ListItem\",\"position\":1,\"name\":\"Accueil\",\"item\":\"https:\/\/blogs.thesocialmedia.com\/leblogmoto\/\"},{\"@type\":\"ListItem\",\"position\":2,\"name\":\"Voxan et Sidam, le divorce\"}]},{\"@type\":\"WebSite\",\"@id\":\"https:\/\/blogs.thesocialmedia.com\/leblogmoto\/#website\",\"url\":\"https:\/\/blogs.thesocialmedia.com\/leblogmoto\/\",\"name\":\"leblogmoto\",\"description\":\"Toute l&#039;actualit\u00e9 des 2 roues\",\"potentialAction\":[{\"@type\":\"SearchAction\",\"target\":{\"@type\":\"EntryPoint\",\"urlTemplate\":\"https:\/\/blogs.thesocialmedia.com\/leblogmoto\/?s={search_term_string}\"},\"query-input\":{\"@type\":\"PropertyValueSpecification\",\"valueRequired\":true,\"valueName\":\"search_term_string\"}}],\"inLanguage\":\"fr-FR\"},{\"@type\":\"Person\",\"@id\":\"https:\/\/blogs.thesocialmedia.com\/leblogmoto\/#\/schema\/person\/769623f89741cc3381675029a37764f8\",\"name\":\"gregory boucaud\",\"image\":{\"@type\":\"ImageObject\",\"inLanguage\":\"fr-FR\",\"@id\":\"https:\/\/blogs.thesocialmedia.com\/leblogmoto\/#\/schema\/person\/image\/\",\"url\":\"https:\/\/secure.gravatar.com\/avatar\/?s=96&d=mm&r=g\",\"contentUrl\":\"https:\/\/secure.gravatar.com\/avatar\/?s=96&d=mm&r=g\",\"caption\":\"gregory boucaud\"},\"url\":\"https:\/\/blogs.thesocialmedia.com\/leblogmoto\/author\/gregory-boucaud\/\"}]}<\/script>\n<!-- \/ Yoast SEO plugin. -->","yoast_head_json":{"title":"Voxan et Sidam, le divorce - leblogmoto.com","robots":{"index":"index","follow":"follow","max-snippet":"max-snippet:-1","max-image-preview":"max-image-preview:large","max-video-preview":"max-video-preview:-1"},"canonical":"https:\/\/blogs.thesocialmedia.com\/leblogmoto\/2008\/06\/01\/voxan-et-sidam\/","twitter_card":"summary_large_image","twitter_title":"Voxan et Sidam, le divorce - leblogmoto.com","twitter_description":"Depuis l&rsquo;annonce du pr\u00e9sident de la Sidam le 28 avril dernier, Voxan et Sidam Europe ont cess\u00e9 toute collaboration. C&rsquo;est donc encore un coup dur pour la marque fran\u00e7aise Rappelons que Sidam est un importateur de scooters et de motos de moyenne cylindr\u00e9es fabriqu\u00e9es en Chine. Cette collaboration \u00e9tait donc double, l&rsquo;un voulant faire son [&hellip;]","twitter_image":"http:\/\/www.leblogmoto.com\/images\/2008\/06\/01\/logo_voxan_basse_df.gif","twitter_misc":{"\u00c9crit par":"gregory boucaud","Dur\u00e9e de lecture estim\u00e9e":"1 minute"},"schema":{"@context":"https:\/\/schema.org","@graph":[{"@type":"WebPage","@id":"https:\/\/blogs.thesocialmedia.com\/leblogmoto\/2008\/06\/01\/voxan-et-sidam\/","url":"https:\/\/blogs.thesocialmedia.com\/leblogmoto\/2008\/06\/01\/voxan-et-sidam\/","name":"Voxan et Sidam, le divorce - leblogmoto.com","isPartOf":{"@id":"https:\/\/blogs.thesocialmedia.com\/leblogmoto\/#website"},"primaryImageOfPage":{"@id":"https:\/\/blogs.thesocialmedia.com\/leblogmoto\/2008\/06\/01\/voxan-et-sidam\/#primaryimage"},"image":{"@id":"https:\/\/blogs.thesocialmedia.com\/leblogmoto\/2008\/06\/01\/voxan-et-sidam\/#primaryimage"},"thumbnailUrl":"http:\/\/www.leblogmoto.com\/images\/2008\/06\/01\/logo_voxan_basse_df.gif","datePublished":"2008-06-01T13:21:52+00:00","dateModified":"2012-07-11T15:52:18+00:00","author":{"@id":"https:\/\/blogs.thesocialmedia.com\/leblogmoto\/#\/schema\/person\/769623f89741cc3381675029a37764f8"},"breadcrumb":{"@id":"https:\/\/blogs.thesocialmedia.com\/leblogmoto\/2008\/06\/01\/voxan-et-sidam\/#breadcrumb"},"inLanguage":"fr-FR","potentialAction":[{"@type":"ReadAction","target":["https:\/\/blogs.thesocialmedia.com\/leblogmoto\/2008\/06\/01\/voxan-et-sidam\/"]}]},{"@type":"ImageObject","inLanguage":"fr-FR","@id":"https:\/\/blogs.thesocialmedia.com\/leblogmoto\/2008\/06\/01\/voxan-et-sidam\/#primaryimage","url":"http:\/\/www.leblogmoto.com\/images\/2008\/06\/01\/logo_voxan_basse_df.gif","contentUrl":"http:\/\/www.leblogmoto.com\/images\/2008\/06\/01\/logo_voxan_basse_df.gif"},{"@type":"BreadcrumbList","@id":"https:\/\/blogs.thesocialmedia.com\/leblogmoto\/2008\/06\/01\/voxan-et-sidam\/#breadcrumb","itemListElement":[{"@type":"ListItem","position":1,"name":"Accueil","item":"https:\/\/blogs.thesocialmedia.com\/leblogmoto\/"},{"@type":"ListItem","position":2,"name":"Voxan et Sidam, le divorce"}]},{"@type":"WebSite","@id":"https:\/\/blogs.thesocialmedia.com\/leblogmoto\/#website","url":"https:\/\/blogs.thesocialmedia.com\/leblogmoto\/","name":"leblogmoto","description":"Toute l&#039;actualit\u00e9 des 2 roues","potentialAction":[{"@type":"SearchAction","target":{"@type":"EntryPoint","urlTemplate":"https:\/\/blogs.thesocialmedia.com\/leblogmoto\/?s={search_term_string}"},"query-input":{"@type":"PropertyValueSpecification","valueRequired":true,"valueName":"search_term_string"}}],"inLanguage":"fr-FR"},{"@type":"Person","@id":"https:\/\/blogs.thesocialmedia.com\/leblogmoto\/#\/schema\/person\/769623f89741cc3381675029a37764f8","name":"gregory boucaud","image":{"@type":"ImageObject","inLanguage":"fr-FR","@id":"https:\/\/blogs.thesocialmedia.com\/leblogmoto\/#\/schema\/person\/image\/","url":"https:\/\/secure.gravatar.com\/avatar\/?s=96&d=mm&r=g","contentUrl":"https:\/\/secure.gravatar.com\/avatar\/?s=96&d=mm&r=g","caption":"gregory boucaud"},"url":"https:\/\/blogs.thesocialmedia.com\/leblogmoto\/author\/gregory-boucaud\/"}]}},"_links":{"self":[{"href":"https:\/\/blogs.thesocialmedia.com\/leblogmoto\/wp-json\/wp\/v2\/posts\/660","targetHints":{"allow":["GET"]}}],"collection":[{"href":"https:\/\/blogs.thesocialmedia.com\/leblogmoto\/wp-json\/wp\/v2\/posts"}],"about":[{"href":"https:\/\/blogs.thesocialmedia.com\/leblogmoto\/wp-json\/wp\/v2\/types\/post"}],"author":[{"embeddable":true,"href":"https:\/\/blogs.thesocialmedia.com\/leblogmoto\/wp-json\/wp\/v2\/users\/329"}],"replies":[{"embeddable":true,"href":"https:\/\/blogs.thesocialmedia.com\/leblogmoto\/wp-json\/wp\/v2\/comments?post=660"}],"version-history":[{"count":2,"href":"https:\/\/blogs.thesocialmedia.com\/leblogmoto\/wp-json\/wp\/v2\/posts\/660\/revisions"}],"predecessor-version":[{"id":10867,"href":"https:\/\/blogs.thesocialmedia.com\/leblogmoto\/wp-json\/wp\/v2\/posts\/660\/revisions\/10867"}],"wp:attachment":[{"href":"https:\/\/blogs.thesocialmedia.com\/leblogmoto\/wp-json\/wp\/v2\/media?parent=660"}],"wp:term":[{"taxonomy":"category","embeddable":true,"href":"https:\/\/blogs.thesocialmedia.com\/leblogmoto\/wp-json\/wp\/v2\/categories?post=660"},{"taxonomy":"post_tag","embeddable":true,"href":"https:\/\/blogs.thesocialmedia.com\/leblogmoto\/wp-json\/wp\/v2\/tags?post=660"}],"curies":[{"name":"wp","href":"https:\/\/api.w.org\/{rel}","templated":true}]}}