{"id":661,"date":"2008-06-01T09:50:34","date_gmt":"2008-06-01T09:50:34","guid":{"rendered":"http:\/\/blogs.thesocialmedia.com\/leblogmoto\/2008\/06\/01\/petite-mise-en\/"},"modified":"2012-07-11T15:52:17","modified_gmt":"2012-07-11T15:52:17","slug":"petite-mise-en","status":"publish","type":"post","link":"https:\/\/blogs.thesocialmedia.com\/leblogmoto\/2008\/06\/01\/petite-mise-en\/","title":{"rendered":"Petite mise en bouche, autour du Doctor, avant le d\u00e9part du GP d&rsquo;Italie."},"content":{"rendered":"<p><a href=\"http:\/\/blogs.thesocialmedia.com\/leblogmoto\/files\/2012\/07\/rs20062008531211402125917116.jpg\"><img loading=\"lazy\" decoding=\"async\" width=\"470\" height=\"312\"  src=\"http:\/\/www.leblogmoto.com\/images\/2008\/06\/01\/rs20062008531211402125917116.jpg\" alt=\"Rs20062008531211402125917116\" \/><\/a><\/p>\n<p>Un portfolio dans l&rsquo;ordre antichronologique, en attendant le d\u00e9part dans quelques heures du GP au Mugello, o\u00f9 l&rsquo;on revient &#8211; \u00e9videmment &#8211; sur le sujet qui fait jaser, ou sourire: la nouvelle d\u00e9coration de casque de Vale. Nous en profitons aussi pour mettre en ligne sur notre blog les clich\u00e9s de sa victoire au Mans, il y a quelques jours, une \u00e9motion partag\u00e9e avec Angel Nieto dont il <a href=\"http:\/\/blogs.thesocialmedia.com\/leblogmoto\/files\/2012\/07\/victoire-de-val.html_1.png\">\u00e9gale<\/a>, et peut-\u00eatre d\u00e8s cet apr\u00e8s-midi surpasse, le nombre de victoires. Pour mieux (tenter de) se lancer \u00e0 la poursuite de Giacomo Agostini. N&rsquo;oubliez pas de faire un tour sur le site <a href=\"http:\/\/www.rossifumi.it\/default.asp?IdLingua=1\">Rossifumi<\/a>, un des nombreux sobriquets de Valentino, d&rsquo;o\u00f9 sont issues ces superbes images. Et pour terminer, une pens\u00e9e pour <a href=\"http:\/\/www.leblogmoto.com\/2007\/10\/dcs-de-norifumi.html\">le regrett\u00e9 pilote<\/a> japonais.<\/p>\n<p><a href=\"http:\/\/clabedan.typepad.com\/.shared\/image.html?\/photos\/uncategorized\/2008\/06\/01\/rs20062008531218252125917116.jpg\"><img loading=\"lazy\" decoding=\"async\" width=\"470\" height=\"312\"  src=\"http:\/\/www.leblogmoto.com\/images\/2008\/06\/01\/rs20062008531218252125917116.jpg\" alt=\"Rs20062008531218252125917116\" \/><\/a><\/p>\n<p><a href=\"http:\/\/blogs.thesocialmedia.com\/leblogmoto\/files\/2012\/07\/rs20062008531218306125917116.jpg\"><img loading=\"lazy\" decoding=\"async\" width=\"470\" height=\"331\"  src=\"http:\/\/www.leblogmoto.com\/images\/2008\/06\/01\/rs20062008531218306125917116.jpg\" alt=\"Rs20062008531218306125917116\" \/><\/a> <\/p>\n<p><a href=\"http:\/\/blogs.thesocialmedia.com\/leblogmoto\/files\/2012\/07\/rs20062008531218317125917116.jpg\"><img loading=\"lazy\" decoding=\"async\" width=\"399\" height=\"600\"  src=\"http:\/\/www.leblogmoto.com\/images\/2008\/06\/01\/rs20062008531218317125917116.jpg\" alt=\"Rs20062008531218317125917116\" \/><\/a> <\/p>\n<p><a href=\"http:\/\/blogs.thesocialmedia.com\/leblogmoto\/files\/2012\/07\/rs200620085312113591125917116.jpg\"><img loading=\"lazy\" decoding=\"async\" width=\"399\" height=\"600\"  src=\"http:\/\/www.leblogmoto.com\/images\/2008\/06\/01\/rs200620085312113591125917116.jpg\" alt=\"Rs200620085312113591125917116\" \/><\/a> <\/p>\n<p><a href=\"http:\/\/blogs.thesocialmedia.com\/leblogmoto\/files\/2012\/07\/rs20062008531218273125917116.jpg\"><img loading=\"lazy\" decoding=\"async\" width=\"470\" height=\"454\"  src=\"http:\/\/www.leblogmoto.com\/images\/2008\/06\/01\/rs20062008531218273125917116.jpg\" alt=\"Rs20062008531218273125917116\" \/><\/a> <\/p>\n<p><a href=\"http:\/\/blogs.thesocialmedia.com\/leblogmoto\/files\/2012\/07\/rs20062008531218285125917116.jpg\"><img loading=\"lazy\" decoding=\"async\" width=\"470\" height=\"312\"  src=\"http:\/\/www.leblogmoto.com\/images\/2008\/06\/01\/rs20062008531218285125917116.jpg\" alt=\"Rs20062008531218285125917116\" \/><\/a> <\/p>\n<p><a href=\"http:\/\/blogs.thesocialmedia.com\/leblogmoto\/files\/2012\/07\/rs20062008518209491114217276.jpg\"><img loading=\"lazy\" decoding=\"async\" width=\"470\" height=\"320\"  src=\"http:\/\/www.leblogmoto.com\/images\/2008\/06\/01\/rs20062008518209491114217276.jpg\" alt=\"Rs20062008518209491114217276\" \/><\/a> <\/p>\n<p><a href=\"http:\/\/blogs.thesocialmedia.com\/leblogmoto\/files\/2012\/07\/rs20062008518209541414217276_2.jpg\"><img loading=\"lazy\" decoding=\"async\" width=\"399\" height=\"555\"  src=\"http:\/\/www.leblogmoto.com\/images\/2008\/06\/01\/rs20062008518209541414217276_2.jpg\" alt=\"Rs20062008518209541414217276_2\" \/><\/a> <\/p>\n<p><a href=\"http:\/\/blogs.thesocialmedia.com\/leblogmoto\/files\/2012\/07\/rs20062008518209521314217276.jpg\"><img loading=\"lazy\" decoding=\"async\" width=\"399\" height=\"600\"  src=\"http:\/\/www.leblogmoto.com\/images\/2008\/06\/01\/rs20062008518209521314217276.jpg\" alt=\"Rs20062008518209521314217276\" \/><\/a>  <\/p>\n","protected":false},"excerpt":{"rendered":"<p>Un portfolio dans l&rsquo;ordre antichronologique, en attendant le d\u00e9part dans quelques heures du GP au Mugello, o\u00f9 l&rsquo;on revient &#8211; \u00e9videmment &#8211; sur le sujet qui fait jaser, ou sourire: la nouvelle d\u00e9coration de casque de Vale. Nous en profitons aussi pour mettre en ligne sur notre blog les clich\u00e9s de sa victoire au Mans, [&hellip;]<\/p>\n","protected":false},"author":324,"featured_media":0,"comment_status":"open","ping_status":"open","sticky":false,"template":"","format":"standard","meta":{"footnotes":""},"categories":[3,22,44],"tags":[],"class_list":["post-661","post","type-post","status-publish","format-standard","hentry","category-actualite","category-motogp","category-yamaha"],"yoast_head":"<!-- This site is optimized with the Yoast SEO plugin v26.0 - https:\/\/yoast.com\/wordpress\/plugins\/seo\/ -->\n<title>Petite mise en bouche, autour du Doctor, avant le d\u00e9part du GP d&#039;Italie. - leblogmoto.com<\/title>\n<meta name=\"robots\" content=\"index, follow, max-snippet:-1, max-image-preview:large, max-video-preview:-1\" \/>\n<link rel=\"canonical\" href=\"https:\/\/blogs.thesocialmedia.com\/leblogmoto\/2008\/06\/01\/petite-mise-en\/\" \/>\n<meta name=\"twitter:card\" content=\"summary_large_image\" \/>\n<meta name=\"twitter:title\" content=\"Petite mise en bouche, autour du Doctor, avant le d\u00e9part du GP d&#039;Italie. - leblogmoto.com\" \/>\n<meta name=\"twitter:description\" content=\"Un portfolio dans l&rsquo;ordre antichronologique, en attendant le d\u00e9part dans quelques heures du GP au Mugello, o\u00f9 l&rsquo;on revient &#8211; \u00e9videmment &#8211; sur le sujet qui fait jaser, ou sourire: la nouvelle d\u00e9coration de casque de Vale. Nous en profitons aussi pour mettre en ligne sur notre blog les clich\u00e9s de sa victoire au Mans, [&hellip;]\" \/>\n<meta name=\"twitter:image\" content=\"http:\/\/www.leblogmoto.com\/images\/2008\/06\/01\/rs20062008531211402125917116.jpg\" \/>\n<meta name=\"twitter:label1\" content=\"\u00c9crit par\" \/>\n\t<meta name=\"twitter:data1\" content=\"benoit rieu\" \/>\n\t<meta name=\"twitter:label2\" content=\"Dur\u00e9e de lecture estim\u00e9e\" \/>\n\t<meta name=\"twitter:data2\" content=\"1 minute\" \/>\n<script type=\"application\/ld+json\" class=\"yoast-schema-graph\">{\"@context\":\"https:\/\/schema.org\",\"@graph\":[{\"@type\":\"WebPage\",\"@id\":\"https:\/\/blogs.thesocialmedia.com\/leblogmoto\/2008\/06\/01\/petite-mise-en\/\",\"url\":\"https:\/\/blogs.thesocialmedia.com\/leblogmoto\/2008\/06\/01\/petite-mise-en\/\",\"name\":\"Petite mise en bouche, autour du Doctor, avant le d\u00e9part du GP d'Italie. - leblogmoto.com\",\"isPartOf\":{\"@id\":\"https:\/\/blogs.thesocialmedia.com\/leblogmoto\/#website\"},\"primaryImageOfPage\":{\"@id\":\"https:\/\/blogs.thesocialmedia.com\/leblogmoto\/2008\/06\/01\/petite-mise-en\/#primaryimage\"},\"image\":{\"@id\":\"https:\/\/blogs.thesocialmedia.com\/leblogmoto\/2008\/06\/01\/petite-mise-en\/#primaryimage\"},\"thumbnailUrl\":\"http:\/\/www.leblogmoto.com\/images\/2008\/06\/01\/rs20062008531211402125917116.jpg\",\"datePublished\":\"2008-06-01T09:50:34+00:00\",\"dateModified\":\"2012-07-11T15:52:17+00:00\",\"author\":{\"@id\":\"https:\/\/blogs.thesocialmedia.com\/leblogmoto\/#\/schema\/person\/18bfe773e5725ed6d24f743da805362a\"},\"breadcrumb\":{\"@id\":\"https:\/\/blogs.thesocialmedia.com\/leblogmoto\/2008\/06\/01\/petite-mise-en\/#breadcrumb\"},\"inLanguage\":\"fr-FR\",\"potentialAction\":[{\"@type\":\"ReadAction\",\"target\":[\"https:\/\/blogs.thesocialmedia.com\/leblogmoto\/2008\/06\/01\/petite-mise-en\/\"]}]},{\"@type\":\"ImageObject\",\"inLanguage\":\"fr-FR\",\"@id\":\"https:\/\/blogs.thesocialmedia.com\/leblogmoto\/2008\/06\/01\/petite-mise-en\/#primaryimage\",\"url\":\"http:\/\/www.leblogmoto.com\/images\/2008\/06\/01\/rs20062008531211402125917116.jpg\",\"contentUrl\":\"http:\/\/www.leblogmoto.com\/images\/2008\/06\/01\/rs20062008531211402125917116.jpg\"},{\"@type\":\"BreadcrumbList\",\"@id\":\"https:\/\/blogs.thesocialmedia.com\/leblogmoto\/2008\/06\/01\/petite-mise-en\/#breadcrumb\",\"itemListElement\":[{\"@type\":\"ListItem\",\"position\":1,\"name\":\"Accueil\",\"item\":\"https:\/\/blogs.thesocialmedia.com\/leblogmoto\/\"},{\"@type\":\"ListItem\",\"position\":2,\"name\":\"Petite mise en bouche, autour du Doctor, avant le d\u00e9part du GP d&rsquo;Italie.\"}]},{\"@type\":\"WebSite\",\"@id\":\"https:\/\/blogs.thesocialmedia.com\/leblogmoto\/#website\",\"url\":\"https:\/\/blogs.thesocialmedia.com\/leblogmoto\/\",\"name\":\"leblogmoto\",\"description\":\"Toute l&#039;actualit\u00e9 des 2 roues\",\"potentialAction\":[{\"@type\":\"SearchAction\",\"target\":{\"@type\":\"EntryPoint\",\"urlTemplate\":\"https:\/\/blogs.thesocialmedia.com\/leblogmoto\/?s={search_term_string}\"},\"query-input\":{\"@type\":\"PropertyValueSpecification\",\"valueRequired\":true,\"valueName\":\"search_term_string\"}}],\"inLanguage\":\"fr-FR\"},{\"@type\":\"Person\",\"@id\":\"https:\/\/blogs.thesocialmedia.com\/leblogmoto\/#\/schema\/person\/18bfe773e5725ed6d24f743da805362a\",\"name\":\"benoit rieu\",\"image\":{\"@type\":\"ImageObject\",\"inLanguage\":\"fr-FR\",\"@id\":\"https:\/\/blogs.thesocialmedia.com\/leblogmoto\/#\/schema\/person\/image\/\",\"url\":\"https:\/\/secure.gravatar.com\/avatar\/?s=96&d=mm&r=g\",\"contentUrl\":\"https:\/\/secure.gravatar.com\/avatar\/?s=96&d=mm&r=g\",\"caption\":\"benoit rieu\"},\"url\":\"https:\/\/blogs.thesocialmedia.com\/leblogmoto\/author\/benoit-rieu\/\"}]}<\/script>\n<!-- \/ Yoast SEO plugin. -->","yoast_head_json":{"title":"Petite mise en bouche, autour du Doctor, avant le d\u00e9part du GP d'Italie. - leblogmoto.com","robots":{"index":"index","follow":"follow","max-snippet":"max-snippet:-1","max-image-preview":"max-image-preview:large","max-video-preview":"max-video-preview:-1"},"canonical":"https:\/\/blogs.thesocialmedia.com\/leblogmoto\/2008\/06\/01\/petite-mise-en\/","twitter_card":"summary_large_image","twitter_title":"Petite mise en bouche, autour du Doctor, avant le d\u00e9part du GP d'Italie. - leblogmoto.com","twitter_description":"Un portfolio dans l&rsquo;ordre antichronologique, en attendant le d\u00e9part dans quelques heures du GP au Mugello, o\u00f9 l&rsquo;on revient &#8211; \u00e9videmment &#8211; sur le sujet qui fait jaser, ou sourire: la nouvelle d\u00e9coration de casque de Vale. Nous en profitons aussi pour mettre en ligne sur notre blog les clich\u00e9s de sa victoire au Mans, [&hellip;]","twitter_image":"http:\/\/www.leblogmoto.com\/images\/2008\/06\/01\/rs20062008531211402125917116.jpg","twitter_misc":{"\u00c9crit par":"benoit rieu","Dur\u00e9e de lecture estim\u00e9e":"1 minute"},"schema":{"@context":"https:\/\/schema.org","@graph":[{"@type":"WebPage","@id":"https:\/\/blogs.thesocialmedia.com\/leblogmoto\/2008\/06\/01\/petite-mise-en\/","url":"https:\/\/blogs.thesocialmedia.com\/leblogmoto\/2008\/06\/01\/petite-mise-en\/","name":"Petite mise en bouche, autour du Doctor, avant le d\u00e9part du GP d'Italie. - leblogmoto.com","isPartOf":{"@id":"https:\/\/blogs.thesocialmedia.com\/leblogmoto\/#website"},"primaryImageOfPage":{"@id":"https:\/\/blogs.thesocialmedia.com\/leblogmoto\/2008\/06\/01\/petite-mise-en\/#primaryimage"},"image":{"@id":"https:\/\/blogs.thesocialmedia.com\/leblogmoto\/2008\/06\/01\/petite-mise-en\/#primaryimage"},"thumbnailUrl":"http:\/\/www.leblogmoto.com\/images\/2008\/06\/01\/rs20062008531211402125917116.jpg","datePublished":"2008-06-01T09:50:34+00:00","dateModified":"2012-07-11T15:52:17+00:00","author":{"@id":"https:\/\/blogs.thesocialmedia.com\/leblogmoto\/#\/schema\/person\/18bfe773e5725ed6d24f743da805362a"},"breadcrumb":{"@id":"https:\/\/blogs.thesocialmedia.com\/leblogmoto\/2008\/06\/01\/petite-mise-en\/#breadcrumb"},"inLanguage":"fr-FR","potentialAction":[{"@type":"ReadAction","target":["https:\/\/blogs.thesocialmedia.com\/leblogmoto\/2008\/06\/01\/petite-mise-en\/"]}]},{"@type":"ImageObject","inLanguage":"fr-FR","@id":"https:\/\/blogs.thesocialmedia.com\/leblogmoto\/2008\/06\/01\/petite-mise-en\/#primaryimage","url":"http:\/\/www.leblogmoto.com\/images\/2008\/06\/01\/rs20062008531211402125917116.jpg","contentUrl":"http:\/\/www.leblogmoto.com\/images\/2008\/06\/01\/rs20062008531211402125917116.jpg"},{"@type":"BreadcrumbList","@id":"https:\/\/blogs.thesocialmedia.com\/leblogmoto\/2008\/06\/01\/petite-mise-en\/#breadcrumb","itemListElement":[{"@type":"ListItem","position":1,"name":"Accueil","item":"https:\/\/blogs.thesocialmedia.com\/leblogmoto\/"},{"@type":"ListItem","position":2,"name":"Petite mise en bouche, autour du Doctor, avant le d\u00e9part du GP d&rsquo;Italie."}]},{"@type":"WebSite","@id":"https:\/\/blogs.thesocialmedia.com\/leblogmoto\/#website","url":"https:\/\/blogs.thesocialmedia.com\/leblogmoto\/","name":"leblogmoto","description":"Toute l&#039;actualit\u00e9 des 2 roues","potentialAction":[{"@type":"SearchAction","target":{"@type":"EntryPoint","urlTemplate":"https:\/\/blogs.thesocialmedia.com\/leblogmoto\/?s={search_term_string}"},"query-input":{"@type":"PropertyValueSpecification","valueRequired":true,"valueName":"search_term_string"}}],"inLanguage":"fr-FR"},{"@type":"Person","@id":"https:\/\/blogs.thesocialmedia.com\/leblogmoto\/#\/schema\/person\/18bfe773e5725ed6d24f743da805362a","name":"benoit rieu","image":{"@type":"ImageObject","inLanguage":"fr-FR","@id":"https:\/\/blogs.thesocialmedia.com\/leblogmoto\/#\/schema\/person\/image\/","url":"https:\/\/secure.gravatar.com\/avatar\/?s=96&d=mm&r=g","contentUrl":"https:\/\/secure.gravatar.com\/avatar\/?s=96&d=mm&r=g","caption":"benoit rieu"},"url":"https:\/\/blogs.thesocialmedia.com\/leblogmoto\/author\/benoit-rieu\/"}]}},"_links":{"self":[{"href":"https:\/\/blogs.thesocialmedia.com\/leblogmoto\/wp-json\/wp\/v2\/posts\/661","targetHints":{"allow":["GET"]}}],"collection":[{"href":"https:\/\/blogs.thesocialmedia.com\/leblogmoto\/wp-json\/wp\/v2\/posts"}],"about":[{"href":"https:\/\/blogs.thesocialmedia.com\/leblogmoto\/wp-json\/wp\/v2\/types\/post"}],"author":[{"embeddable":true,"href":"https:\/\/blogs.thesocialmedia.com\/leblogmoto\/wp-json\/wp\/v2\/users\/324"}],"replies":[{"embeddable":true,"href":"https:\/\/blogs.thesocialmedia.com\/leblogmoto\/wp-json\/wp\/v2\/comments?post=661"}],"version-history":[{"count":2,"href":"https:\/\/blogs.thesocialmedia.com\/leblogmoto\/wp-json\/wp\/v2\/posts\/661\/revisions"}],"predecessor-version":[{"id":10865,"href":"https:\/\/blogs.thesocialmedia.com\/leblogmoto\/wp-json\/wp\/v2\/posts\/661\/revisions\/10865"}],"wp:attachment":[{"href":"https:\/\/blogs.thesocialmedia.com\/leblogmoto\/wp-json\/wp\/v2\/media?parent=661"}],"wp:term":[{"taxonomy":"category","embeddable":true,"href":"https:\/\/blogs.thesocialmedia.com\/leblogmoto\/wp-json\/wp\/v2\/categories?post=661"},{"taxonomy":"post_tag","embeddable":true,"href":"https:\/\/blogs.thesocialmedia.com\/leblogmoto\/wp-json\/wp\/v2\/tags?post=661"}],"curies":[{"name":"wp","href":"https:\/\/api.w.org\/{rel}","templated":true}]}}