{"id":662,"date":"2008-06-01T00:00:03","date_gmt":"2008-06-01T00:00:03","guid":{"rendered":"http:\/\/blogs.thesocialmedia.com\/leblogmoto\/2008\/06\/01\/valentino-rossi\/"},"modified":"2012-07-11T15:51:51","modified_gmt":"2012-07-11T15:51:51","slug":"valentino-rossi","status":"publish","type":"post","link":"https:\/\/blogs.thesocialmedia.com\/leblogmoto\/2008\/06\/01\/valentino-rossi\/","title":{"rendered":"Valentino Rossi fantasque poleman au Mugello."},"content":{"rendered":"<p><a href=\"http:\/\/blogs.thesocialmedia.com\/leblogmoto\/files\/2012\/07\/motogp_mugello_rossi_pole_2008.jpg\"><img loading=\"lazy\" decoding=\"async\" width=\"470\" height=\"352\"  alt=\"Motogp_mugello_rossi_pole_2008\" src=\"http:\/\/www.leblogmoto.com\/images\/2008\/05\/31\/motogp_mugello_rossi_pole_2008.jpg\" \/><\/a><\/p>\n<p>Nouvelle d\u00e9co de casque et surtout talent de <em>qualifier<\/em> pleinement retrouv\u00e9. Le <a href=\"http:\/\/blogs.thesocialmedia.com\/leblogmoto\/files\/2012\/07\/victoire-de-val.html_.png\">leader actuel <\/a>du championnat a brillamment remport\u00e9 sa premi\u00e8re pole position de l&rsquo;ann\u00e9e devant son public toscan, avec un temps de 1&rsquo;48\u00a0\u00bb130 \u00e0 huit minutes de la fin de la session. Le pilote Fiat Yamaha va essayer demain de d\u00e9crocher sur le circuit du Mugello son septi\u00e8me titre&#8230; de rang. Son compatriote Capirex sur Rizla Suzuki signe sa meilleure place chez les Japonais. Se trouvant dans le sillage du Dottore, il a su profiter du passage et du rythme de Vale pour se r\u00e9gler et signer le second temps de cette s\u00e9ance qualificative, \u00e0 seulement deux dixi\u00e8mes. Avant que le pilote Repsol Honda <a href=\"http:\/\/www.leblogmoto.com\/2008\/05\/pedrosa-en-pole.html\">Dani Pedrosa<\/a> ne batte le v\u00e9t\u00e9ran italien, de seulement 16 milli\u00e8mes.<\/p>\n<p><a href=\"http:\/\/clabedan.typepad.com\/.shared\/image.html?\/photos\/uncategorized\/2008\/05\/31\/motogp_mugello_rossi_pole_2008_b.jpg\"><img loading=\"lazy\" decoding=\"async\" width=\"470\" height=\"352\"  src=\"http:\/\/www.leblogmoto.com\/images\/2008\/05\/31\/motogp_mugello_rossi_pole_2008_b.jpg\" alt=\"Motogp_mugello_rossi_pole_2008_b\" \/><\/a><\/p>\n<p>Mais Titanium ne fut pas le seul comp\u00e9titeur \u00e0 se r\u00e9v\u00e9ler dans les derni\u00e8res minutes des qualifs, puisque le champion en titre m\u00eame s&rsquo;il accusait un retard de 25 centi\u00e8mes sur The Doctor, arrivait \u00e0 subtiliser la quatri\u00e8me place, pla\u00e7ant sa Marlboro Ducati GP08, premi\u00e8re europ\u00e9enne, derri\u00e8re une haie nippone. <\/p>\n<p>&quot;Intercalait&quot;, faudrait-il dire, puisque le double champion du monde de WSBK, la <em>Texas Tornado<\/em> qui mena la danse une grande partie de la s\u00e9ance (tout comme au Mans) finit cinqui\u00e8me. <\/p>\n<p>Alors que Nicky <a href=\"http:\/\/blogs.thesocialmedia.com\/leblogmoto\/files\/2012\/07\/hayden-impressi.html_.png\">Hayden<\/a>, entretient (\u00e0 grand peine) sa flamme de champion du monde MotoGP 2006, en pla\u00e7ant l&rsquo;autre Honda du HRC en sixi\u00e8me position, devant les Yamaha de Jorge Lorenzo &#8211; d\u00e9cevant septi\u00e8me mais que peut-on lui demander de plus \u00e0 l&rsquo;heure actuelle ? &#8211; et James Toseland, le double champion WSBK en titre. <\/p>\n<p>Concernant nos <em>frenchies<\/em>, Randy De Puniet d\u00e9croche la douzi\u00e8me place sur la grille, et Sylvain Guintoli la 17\u00e8me. De quoi alimenter une pol\u00e9mique sur leur <a href=\"http:\/\/www.leblogmoto.com\/2008\/05\/les-pilotes-mot.html\">salaire<\/a> ?&nbsp; <\/p>\n<p><a href=\"http:\/\/clabedan.typepad.com\/.shared\/image.html?\/photos\/uncategorized\/2008\/05\/31\/motogp_dani_pedrosa_2008.jpg\"><img loading=\"lazy\" decoding=\"async\" width=\"470\" height=\"352\"  alt=\"Motogp_dani_pedrosa_2008\" src=\"http:\/\/www.leblogmoto.com\/images\/2008\/05\/31\/motogp_dani_pedrosa_2008.jpg\" \/><\/a> <\/p>\n<p><span class=\"pre\"><\/p>\n<pre><strong>Pos&nbsp; Rider&nbsp; &nbsp;&nbsp; &nbsp;&nbsp; &nbsp;&nbsp; &nbsp; Bike&nbsp; &nbsp;&nbsp; &nbsp;&nbsp; &nbsp;&nbsp; Time<\/strong><br \/> 1.&nbsp; Valentino Rossi&nbsp; &nbsp;Yamaha&nbsp; &nbsp; (B)&nbsp; 1:48.130<br \/> 2.&nbsp; Dani Pedrosa&nbsp; &nbsp;&nbsp; &nbsp;Honda&nbsp; &nbsp;&nbsp; (M)&nbsp; 1:48.297&nbsp; + 0.167<br \/> 3.&nbsp; Loris Capirossi&nbsp; &nbsp;Suzuki&nbsp; &nbsp; (B)&nbsp; 1:48.313&nbsp; + 0.183<br \/> 4.&nbsp; Casey Stoner&nbsp; &nbsp;&nbsp; &nbsp;Ducati&nbsp; &nbsp; (B)&nbsp; 1:48.375&nbsp; + 0.245<br \/> 5.&nbsp; Colin Edwards&nbsp; &nbsp;&nbsp; Yamaha&nbsp; &nbsp; (M)&nbsp; 1:48.383&nbsp; + 0.253<br \/> 6.&nbsp; Nicky Hayden&nbsp; &nbsp;&nbsp; &nbsp;Honda&nbsp; &nbsp;&nbsp; (M)&nbsp; 1:48.666&nbsp; + 0.536<br \/> 7.&nbsp; Jorge Lorenzo&nbsp; &nbsp;&nbsp; Yamaha&nbsp; &nbsp; (M)&nbsp; 1:48.905&nbsp; + 0.775<br \/> 8.&nbsp; James Toseland&nbsp; &nbsp; Yamaha&nbsp; &nbsp; (M)&nbsp; 1:49.025&nbsp; + 0.895<br \/> 9.&nbsp; Shinya Nakano&nbsp; &nbsp;&nbsp; Honda&nbsp; &nbsp;&nbsp; (B)&nbsp; 1:49.095&nbsp; + 0.965<br \/>10.&nbsp; Alex de Angelis&nbsp; &nbsp;Honda&nbsp; &nbsp;&nbsp; (B)&nbsp; 1:49.145&nbsp; + 1.015<br \/>11.&nbsp; Chris Vermeulen&nbsp; &nbsp;Suzuki&nbsp; &nbsp; (B)&nbsp; 1:49.220&nbsp; + 1.090<br \/>12.&nbsp; Randy de Puniet&nbsp; &nbsp;Honda&nbsp; &nbsp;&nbsp; (M)&nbsp; 1:49.246&nbsp; + 1.116<br \/>13.&nbsp; Andrea Dovizioso&nbsp; Honda&nbsp; &nbsp;&nbsp; (M)&nbsp; 1:49.435&nbsp; + 1.435<br \/>14.&nbsp; John Hopkins&nbsp; &nbsp;&nbsp; &nbsp;Kawasaki&nbsp; (B)&nbsp; 1:49.601&nbsp; + 1.471<br \/>15.&nbsp; Tadayuki Okada&nbsp; &nbsp; Honda&nbsp; &nbsp;&nbsp; (M)&nbsp; 1:49.829&nbsp; + 1.699<br \/>16.&nbsp; Toni Elias&nbsp; &nbsp;&nbsp; &nbsp;&nbsp; Ducati&nbsp; &nbsp; (B)&nbsp; 1:49.851&nbsp; + 1.721<br \/>17.&nbsp; Sylvain Guintoli&nbsp; Ducati&nbsp; &nbsp; (B)&nbsp; 1:50.275&nbsp; + 2.145<br \/>18.&nbsp; Marco Melandri&nbsp; &nbsp; Ducati&nbsp; &nbsp; (B)&nbsp; 1:50.465&nbsp; + 2.335<br \/>19.&nbsp; Anthony West&nbsp; &nbsp;&nbsp; &nbsp;Kawasaki&nbsp; (B)&nbsp; 1:50.889&nbsp; + 2.759<br \/><br \/>via Autosport.com<\/pre>\n<p><\/span> <\/p>\n","protected":false},"excerpt":{"rendered":"<p>Nouvelle d\u00e9co de casque et surtout talent de qualifier pleinement retrouv\u00e9. Le leader actuel du championnat a brillamment remport\u00e9 sa premi\u00e8re pole position de l&rsquo;ann\u00e9e devant son public toscan, avec un temps de 1&rsquo;48\u00a0\u00bb130 \u00e0 huit minutes de la fin de la session. Le pilote Fiat Yamaha va essayer demain de d\u00e9crocher sur le circuit [&hellip;]<\/p>\n","protected":false},"author":324,"featured_media":0,"comment_status":"open","ping_status":"open","sticky":false,"template":"","format":"standard","meta":{"footnotes":""},"categories":[3,22,44],"tags":[],"class_list":["post-662","post","type-post","status-publish","format-standard","hentry","category-actualite","category-motogp","category-yamaha"],"yoast_head":"<!-- This site is optimized with the Yoast SEO plugin v26.0 - https:\/\/yoast.com\/wordpress\/plugins\/seo\/ -->\n<title>Valentino Rossi fantasque poleman au Mugello. - leblogmoto.com<\/title>\n<meta name=\"robots\" content=\"index, follow, max-snippet:-1, max-image-preview:large, max-video-preview:-1\" \/>\n<link rel=\"canonical\" href=\"https:\/\/blogs.thesocialmedia.com\/leblogmoto\/2008\/06\/01\/valentino-rossi\/\" \/>\n<meta name=\"twitter:card\" content=\"summary_large_image\" \/>\n<meta name=\"twitter:title\" content=\"Valentino Rossi fantasque poleman au Mugello. - leblogmoto.com\" \/>\n<meta name=\"twitter:description\" content=\"Nouvelle d\u00e9co de casque et surtout talent de qualifier pleinement retrouv\u00e9. Le leader actuel du championnat a brillamment remport\u00e9 sa premi\u00e8re pole position de l&rsquo;ann\u00e9e devant son public toscan, avec un temps de 1&rsquo;48\u00a0\u00bb130 \u00e0 huit minutes de la fin de la session. Le pilote Fiat Yamaha va essayer demain de d\u00e9crocher sur le circuit [&hellip;]\" \/>\n<meta name=\"twitter:image\" content=\"http:\/\/www.leblogmoto.com\/images\/2008\/05\/31\/motogp_mugello_rossi_pole_2008.jpg\" \/>\n<meta name=\"twitter:label1\" content=\"\u00c9crit par\" \/>\n\t<meta name=\"twitter:data1\" content=\"benoit rieu\" \/>\n\t<meta name=\"twitter:label2\" content=\"Dur\u00e9e de lecture estim\u00e9e\" \/>\n\t<meta name=\"twitter:data2\" content=\"3 minutes\" \/>\n<script type=\"application\/ld+json\" class=\"yoast-schema-graph\">{\"@context\":\"https:\/\/schema.org\",\"@graph\":[{\"@type\":\"WebPage\",\"@id\":\"https:\/\/blogs.thesocialmedia.com\/leblogmoto\/2008\/06\/01\/valentino-rossi\/\",\"url\":\"https:\/\/blogs.thesocialmedia.com\/leblogmoto\/2008\/06\/01\/valentino-rossi\/\",\"name\":\"Valentino Rossi fantasque poleman au Mugello. - leblogmoto.com\",\"isPartOf\":{\"@id\":\"https:\/\/blogs.thesocialmedia.com\/leblogmoto\/#website\"},\"primaryImageOfPage\":{\"@id\":\"https:\/\/blogs.thesocialmedia.com\/leblogmoto\/2008\/06\/01\/valentino-rossi\/#primaryimage\"},\"image\":{\"@id\":\"https:\/\/blogs.thesocialmedia.com\/leblogmoto\/2008\/06\/01\/valentino-rossi\/#primaryimage\"},\"thumbnailUrl\":\"http:\/\/www.leblogmoto.com\/images\/2008\/05\/31\/motogp_mugello_rossi_pole_2008.jpg\",\"datePublished\":\"2008-06-01T00:00:03+00:00\",\"dateModified\":\"2012-07-11T15:51:51+00:00\",\"author\":{\"@id\":\"https:\/\/blogs.thesocialmedia.com\/leblogmoto\/#\/schema\/person\/18bfe773e5725ed6d24f743da805362a\"},\"breadcrumb\":{\"@id\":\"https:\/\/blogs.thesocialmedia.com\/leblogmoto\/2008\/06\/01\/valentino-rossi\/#breadcrumb\"},\"inLanguage\":\"fr-FR\",\"potentialAction\":[{\"@type\":\"ReadAction\",\"target\":[\"https:\/\/blogs.thesocialmedia.com\/leblogmoto\/2008\/06\/01\/valentino-rossi\/\"]}]},{\"@type\":\"ImageObject\",\"inLanguage\":\"fr-FR\",\"@id\":\"https:\/\/blogs.thesocialmedia.com\/leblogmoto\/2008\/06\/01\/valentino-rossi\/#primaryimage\",\"url\":\"http:\/\/www.leblogmoto.com\/images\/2008\/05\/31\/motogp_mugello_rossi_pole_2008.jpg\",\"contentUrl\":\"http:\/\/www.leblogmoto.com\/images\/2008\/05\/31\/motogp_mugello_rossi_pole_2008.jpg\"},{\"@type\":\"BreadcrumbList\",\"@id\":\"https:\/\/blogs.thesocialmedia.com\/leblogmoto\/2008\/06\/01\/valentino-rossi\/#breadcrumb\",\"itemListElement\":[{\"@type\":\"ListItem\",\"position\":1,\"name\":\"Accueil\",\"item\":\"https:\/\/blogs.thesocialmedia.com\/leblogmoto\/\"},{\"@type\":\"ListItem\",\"position\":2,\"name\":\"Valentino Rossi fantasque poleman au Mugello.\"}]},{\"@type\":\"WebSite\",\"@id\":\"https:\/\/blogs.thesocialmedia.com\/leblogmoto\/#website\",\"url\":\"https:\/\/blogs.thesocialmedia.com\/leblogmoto\/\",\"name\":\"leblogmoto\",\"description\":\"Toute l&#039;actualit\u00e9 des 2 roues\",\"potentialAction\":[{\"@type\":\"SearchAction\",\"target\":{\"@type\":\"EntryPoint\",\"urlTemplate\":\"https:\/\/blogs.thesocialmedia.com\/leblogmoto\/?s={search_term_string}\"},\"query-input\":{\"@type\":\"PropertyValueSpecification\",\"valueRequired\":true,\"valueName\":\"search_term_string\"}}],\"inLanguage\":\"fr-FR\"},{\"@type\":\"Person\",\"@id\":\"https:\/\/blogs.thesocialmedia.com\/leblogmoto\/#\/schema\/person\/18bfe773e5725ed6d24f743da805362a\",\"name\":\"benoit rieu\",\"image\":{\"@type\":\"ImageObject\",\"inLanguage\":\"fr-FR\",\"@id\":\"https:\/\/blogs.thesocialmedia.com\/leblogmoto\/#\/schema\/person\/image\/\",\"url\":\"https:\/\/secure.gravatar.com\/avatar\/?s=96&d=mm&r=g\",\"contentUrl\":\"https:\/\/secure.gravatar.com\/avatar\/?s=96&d=mm&r=g\",\"caption\":\"benoit rieu\"},\"url\":\"https:\/\/blogs.thesocialmedia.com\/leblogmoto\/author\/benoit-rieu\/\"}]}<\/script>\n<!-- \/ Yoast SEO plugin. -->","yoast_head_json":{"title":"Valentino Rossi fantasque poleman au Mugello. - leblogmoto.com","robots":{"index":"index","follow":"follow","max-snippet":"max-snippet:-1","max-image-preview":"max-image-preview:large","max-video-preview":"max-video-preview:-1"},"canonical":"https:\/\/blogs.thesocialmedia.com\/leblogmoto\/2008\/06\/01\/valentino-rossi\/","twitter_card":"summary_large_image","twitter_title":"Valentino Rossi fantasque poleman au Mugello. - leblogmoto.com","twitter_description":"Nouvelle d\u00e9co de casque et surtout talent de qualifier pleinement retrouv\u00e9. Le leader actuel du championnat a brillamment remport\u00e9 sa premi\u00e8re pole position de l&rsquo;ann\u00e9e devant son public toscan, avec un temps de 1&rsquo;48\u00a0\u00bb130 \u00e0 huit minutes de la fin de la session. Le pilote Fiat Yamaha va essayer demain de d\u00e9crocher sur le circuit [&hellip;]","twitter_image":"http:\/\/www.leblogmoto.com\/images\/2008\/05\/31\/motogp_mugello_rossi_pole_2008.jpg","twitter_misc":{"\u00c9crit par":"benoit rieu","Dur\u00e9e de lecture estim\u00e9e":"3 minutes"},"schema":{"@context":"https:\/\/schema.org","@graph":[{"@type":"WebPage","@id":"https:\/\/blogs.thesocialmedia.com\/leblogmoto\/2008\/06\/01\/valentino-rossi\/","url":"https:\/\/blogs.thesocialmedia.com\/leblogmoto\/2008\/06\/01\/valentino-rossi\/","name":"Valentino Rossi fantasque poleman au Mugello. - leblogmoto.com","isPartOf":{"@id":"https:\/\/blogs.thesocialmedia.com\/leblogmoto\/#website"},"primaryImageOfPage":{"@id":"https:\/\/blogs.thesocialmedia.com\/leblogmoto\/2008\/06\/01\/valentino-rossi\/#primaryimage"},"image":{"@id":"https:\/\/blogs.thesocialmedia.com\/leblogmoto\/2008\/06\/01\/valentino-rossi\/#primaryimage"},"thumbnailUrl":"http:\/\/www.leblogmoto.com\/images\/2008\/05\/31\/motogp_mugello_rossi_pole_2008.jpg","datePublished":"2008-06-01T00:00:03+00:00","dateModified":"2012-07-11T15:51:51+00:00","author":{"@id":"https:\/\/blogs.thesocialmedia.com\/leblogmoto\/#\/schema\/person\/18bfe773e5725ed6d24f743da805362a"},"breadcrumb":{"@id":"https:\/\/blogs.thesocialmedia.com\/leblogmoto\/2008\/06\/01\/valentino-rossi\/#breadcrumb"},"inLanguage":"fr-FR","potentialAction":[{"@type":"ReadAction","target":["https:\/\/blogs.thesocialmedia.com\/leblogmoto\/2008\/06\/01\/valentino-rossi\/"]}]},{"@type":"ImageObject","inLanguage":"fr-FR","@id":"https:\/\/blogs.thesocialmedia.com\/leblogmoto\/2008\/06\/01\/valentino-rossi\/#primaryimage","url":"http:\/\/www.leblogmoto.com\/images\/2008\/05\/31\/motogp_mugello_rossi_pole_2008.jpg","contentUrl":"http:\/\/www.leblogmoto.com\/images\/2008\/05\/31\/motogp_mugello_rossi_pole_2008.jpg"},{"@type":"BreadcrumbList","@id":"https:\/\/blogs.thesocialmedia.com\/leblogmoto\/2008\/06\/01\/valentino-rossi\/#breadcrumb","itemListElement":[{"@type":"ListItem","position":1,"name":"Accueil","item":"https:\/\/blogs.thesocialmedia.com\/leblogmoto\/"},{"@type":"ListItem","position":2,"name":"Valentino Rossi fantasque poleman au Mugello."}]},{"@type":"WebSite","@id":"https:\/\/blogs.thesocialmedia.com\/leblogmoto\/#website","url":"https:\/\/blogs.thesocialmedia.com\/leblogmoto\/","name":"leblogmoto","description":"Toute l&#039;actualit\u00e9 des 2 roues","potentialAction":[{"@type":"SearchAction","target":{"@type":"EntryPoint","urlTemplate":"https:\/\/blogs.thesocialmedia.com\/leblogmoto\/?s={search_term_string}"},"query-input":{"@type":"PropertyValueSpecification","valueRequired":true,"valueName":"search_term_string"}}],"inLanguage":"fr-FR"},{"@type":"Person","@id":"https:\/\/blogs.thesocialmedia.com\/leblogmoto\/#\/schema\/person\/18bfe773e5725ed6d24f743da805362a","name":"benoit rieu","image":{"@type":"ImageObject","inLanguage":"fr-FR","@id":"https:\/\/blogs.thesocialmedia.com\/leblogmoto\/#\/schema\/person\/image\/","url":"https:\/\/secure.gravatar.com\/avatar\/?s=96&d=mm&r=g","contentUrl":"https:\/\/secure.gravatar.com\/avatar\/?s=96&d=mm&r=g","caption":"benoit rieu"},"url":"https:\/\/blogs.thesocialmedia.com\/leblogmoto\/author\/benoit-rieu\/"}]}},"_links":{"self":[{"href":"https:\/\/blogs.thesocialmedia.com\/leblogmoto\/wp-json\/wp\/v2\/posts\/662","targetHints":{"allow":["GET"]}}],"collection":[{"href":"https:\/\/blogs.thesocialmedia.com\/leblogmoto\/wp-json\/wp\/v2\/posts"}],"about":[{"href":"https:\/\/blogs.thesocialmedia.com\/leblogmoto\/wp-json\/wp\/v2\/types\/post"}],"author":[{"embeddable":true,"href":"https:\/\/blogs.thesocialmedia.com\/leblogmoto\/wp-json\/wp\/v2\/users\/324"}],"replies":[{"embeddable":true,"href":"https:\/\/blogs.thesocialmedia.com\/leblogmoto\/wp-json\/wp\/v2\/comments?post=662"}],"version-history":[{"count":2,"href":"https:\/\/blogs.thesocialmedia.com\/leblogmoto\/wp-json\/wp\/v2\/posts\/662\/revisions"}],"predecessor-version":[{"id":10855,"href":"https:\/\/blogs.thesocialmedia.com\/leblogmoto\/wp-json\/wp\/v2\/posts\/662\/revisions\/10855"}],"wp:attachment":[{"href":"https:\/\/blogs.thesocialmedia.com\/leblogmoto\/wp-json\/wp\/v2\/media?parent=662"}],"wp:term":[{"taxonomy":"category","embeddable":true,"href":"https:\/\/blogs.thesocialmedia.com\/leblogmoto\/wp-json\/wp\/v2\/categories?post=662"},{"taxonomy":"post_tag","embeddable":true,"href":"https:\/\/blogs.thesocialmedia.com\/leblogmoto\/wp-json\/wp\/v2\/tags?post=662"}],"curies":[{"name":"wp","href":"https:\/\/api.w.org\/{rel}","templated":true}]}}