{"id":663,"date":"2008-05-31T23:58:52","date_gmt":"2008-05-31T23:58:52","guid":{"rendered":"http:\/\/blogs.thesocialmedia.com\/leblogmoto\/2008\/05\/31\/les-motards-du\/"},"modified":"2012-07-11T13:22:45","modified_gmt":"2012-07-11T13:22:45","slug":"les-motards-du","status":"publish","type":"post","link":"https:\/\/blogs.thesocialmedia.com\/leblogmoto\/2008\/05\/31\/les-motards-du\/","title":{"rendered":"Les motards du Pr\u00e9sident \u00e0 l&rsquo;entra\u00eenement."},"content":{"rendered":"<div><object width=\"420\" height=\"357\"><param name=\"movie\" value=\"http:\/\/www.dailymotion.com\/swf\/x5l02a&amp;related=0\" \/><param name=\"allowFullScreen\" value=\"true\" \/><param name=\"allowScriptAccess\" value=\"always\" \/><embed width=\"420\" height=\"357\" src=\"http:\/\/www.dailymotion.com\/swf\/x5l02a&amp;related=0\" type=\"application\/x-shockwave-flash\"><\/embed><\/object> <\/p>\n<p>Moto Journal a mis en ligne il y a quelques jours sur Dailymotion un court reportage sur les policiers de la section motocycliste d\u2019escorte de la CRS 1 s\u2019entra\u00eenant \u00e0 tirer sur des cibles au guidon de leur FJR 1300, et en bin\u00f4me (j&rsquo;ose m\u00eame plus parler de duo classique pilote-simple passager) sur diverses motos. Vous allez voir que m\u00eame s&rsquo;ils roulent trop \u00e0 un train de s\u00e9nateur, je trouve, on est loin, tr\u00e8s loin, des mauvais souvenirs laiss\u00e9s par les voltigeurs motocyclistes, de sinistre r\u00e9putation pour certains. Je vous conseille \u00e9galement de lire le <a href=\"http:\/\/www.dailymotion.com\/bookmarks\/ooll24\/video\/x5l02a_les-flics-du-president-a-lentrainne_auto\">commentaire<\/a> du magazine accompagnant la vid\u00e9o, sur le site. <\/p>\n<\/div>\n<p><em>&nbsp;<\/em><\/p>\n","protected":false},"excerpt":{"rendered":"<p>Moto Journal a mis en ligne il y a quelques jours sur Dailymotion un court reportage sur les policiers de la section motocycliste d\u2019escorte de la CRS 1 s\u2019entra\u00eenant \u00e0 tirer sur des cibles au guidon de leur FJR 1300, et en bin\u00f4me (j&rsquo;ose m\u00eame plus parler de duo classique pilote-simple passager) sur diverses motos. [&hellip;]<\/p>\n","protected":false},"author":324,"featured_media":0,"comment_status":"open","ping_status":"open","sticky":false,"template":"","format":"standard","meta":{"footnotes":""},"categories":[17,27,12],"tags":[],"class_list":["post-663","post","type-post","status-publish","format-standard","hentry","category-divers","category-securite","category-videos"],"yoast_head":"<!-- This site is optimized with the Yoast SEO plugin v26.0 - https:\/\/yoast.com\/wordpress\/plugins\/seo\/ -->\n<title>Les motards du Pr\u00e9sident \u00e0 l&#039;entra\u00eenement. - leblogmoto.com<\/title>\n<meta name=\"robots\" content=\"index, follow, max-snippet:-1, max-image-preview:large, max-video-preview:-1\" \/>\n<link rel=\"canonical\" href=\"https:\/\/blogs.thesocialmedia.com\/leblogmoto\/2008\/05\/31\/les-motards-du\/\" \/>\n<meta name=\"twitter:card\" content=\"summary_large_image\" \/>\n<meta name=\"twitter:title\" content=\"Les motards du Pr\u00e9sident \u00e0 l&#039;entra\u00eenement. - leblogmoto.com\" \/>\n<meta name=\"twitter:description\" content=\"Moto Journal a mis en ligne il y a quelques jours sur Dailymotion un court reportage sur les policiers de la section motocycliste d\u2019escorte de la CRS 1 s\u2019entra\u00eenant \u00e0 tirer sur des cibles au guidon de leur FJR 1300, et en bin\u00f4me (j&rsquo;ose m\u00eame plus parler de duo classique pilote-simple passager) sur diverses motos. [&hellip;]\" \/>\n<meta name=\"twitter:label1\" content=\"\u00c9crit par\" \/>\n\t<meta name=\"twitter:data1\" content=\"benoit rieu\" \/>\n\t<meta name=\"twitter:label2\" content=\"Dur\u00e9e de lecture estim\u00e9e\" \/>\n\t<meta name=\"twitter:data2\" content=\"1 minute\" \/>\n<script type=\"application\/ld+json\" class=\"yoast-schema-graph\">{\"@context\":\"https:\/\/schema.org\",\"@graph\":[{\"@type\":\"WebPage\",\"@id\":\"https:\/\/blogs.thesocialmedia.com\/leblogmoto\/2008\/05\/31\/les-motards-du\/\",\"url\":\"https:\/\/blogs.thesocialmedia.com\/leblogmoto\/2008\/05\/31\/les-motards-du\/\",\"name\":\"Les motards du Pr\u00e9sident \u00e0 l'entra\u00eenement. - leblogmoto.com\",\"isPartOf\":{\"@id\":\"https:\/\/blogs.thesocialmedia.com\/leblogmoto\/#website\"},\"datePublished\":\"2008-05-31T23:58:52+00:00\",\"dateModified\":\"2012-07-11T13:22:45+00:00\",\"author\":{\"@id\":\"https:\/\/blogs.thesocialmedia.com\/leblogmoto\/#\/schema\/person\/18bfe773e5725ed6d24f743da805362a\"},\"breadcrumb\":{\"@id\":\"https:\/\/blogs.thesocialmedia.com\/leblogmoto\/2008\/05\/31\/les-motards-du\/#breadcrumb\"},\"inLanguage\":\"fr-FR\",\"potentialAction\":[{\"@type\":\"ReadAction\",\"target\":[\"https:\/\/blogs.thesocialmedia.com\/leblogmoto\/2008\/05\/31\/les-motards-du\/\"]}]},{\"@type\":\"BreadcrumbList\",\"@id\":\"https:\/\/blogs.thesocialmedia.com\/leblogmoto\/2008\/05\/31\/les-motards-du\/#breadcrumb\",\"itemListElement\":[{\"@type\":\"ListItem\",\"position\":1,\"name\":\"Accueil\",\"item\":\"https:\/\/blogs.thesocialmedia.com\/leblogmoto\/\"},{\"@type\":\"ListItem\",\"position\":2,\"name\":\"Les motards du Pr\u00e9sident \u00e0 l&rsquo;entra\u00eenement.\"}]},{\"@type\":\"WebSite\",\"@id\":\"https:\/\/blogs.thesocialmedia.com\/leblogmoto\/#website\",\"url\":\"https:\/\/blogs.thesocialmedia.com\/leblogmoto\/\",\"name\":\"leblogmoto\",\"description\":\"Toute l&#039;actualit\u00e9 des 2 roues\",\"potentialAction\":[{\"@type\":\"SearchAction\",\"target\":{\"@type\":\"EntryPoint\",\"urlTemplate\":\"https:\/\/blogs.thesocialmedia.com\/leblogmoto\/?s={search_term_string}\"},\"query-input\":{\"@type\":\"PropertyValueSpecification\",\"valueRequired\":true,\"valueName\":\"search_term_string\"}}],\"inLanguage\":\"fr-FR\"},{\"@type\":\"Person\",\"@id\":\"https:\/\/blogs.thesocialmedia.com\/leblogmoto\/#\/schema\/person\/18bfe773e5725ed6d24f743da805362a\",\"name\":\"benoit rieu\",\"image\":{\"@type\":\"ImageObject\",\"inLanguage\":\"fr-FR\",\"@id\":\"https:\/\/blogs.thesocialmedia.com\/leblogmoto\/#\/schema\/person\/image\/\",\"url\":\"https:\/\/secure.gravatar.com\/avatar\/?s=96&d=mm&r=g\",\"contentUrl\":\"https:\/\/secure.gravatar.com\/avatar\/?s=96&d=mm&r=g\",\"caption\":\"benoit rieu\"},\"url\":\"https:\/\/blogs.thesocialmedia.com\/leblogmoto\/author\/benoit-rieu\/\"}]}<\/script>\n<!-- \/ Yoast SEO plugin. -->","yoast_head_json":{"title":"Les motards du Pr\u00e9sident \u00e0 l'entra\u00eenement. - leblogmoto.com","robots":{"index":"index","follow":"follow","max-snippet":"max-snippet:-1","max-image-preview":"max-image-preview:large","max-video-preview":"max-video-preview:-1"},"canonical":"https:\/\/blogs.thesocialmedia.com\/leblogmoto\/2008\/05\/31\/les-motards-du\/","twitter_card":"summary_large_image","twitter_title":"Les motards du Pr\u00e9sident \u00e0 l'entra\u00eenement. - leblogmoto.com","twitter_description":"Moto Journal a mis en ligne il y a quelques jours sur Dailymotion un court reportage sur les policiers de la section motocycliste d\u2019escorte de la CRS 1 s\u2019entra\u00eenant \u00e0 tirer sur des cibles au guidon de leur FJR 1300, et en bin\u00f4me (j&rsquo;ose m\u00eame plus parler de duo classique pilote-simple passager) sur diverses motos. [&hellip;]","twitter_misc":{"\u00c9crit par":"benoit rieu","Dur\u00e9e de lecture estim\u00e9e":"1 minute"},"schema":{"@context":"https:\/\/schema.org","@graph":[{"@type":"WebPage","@id":"https:\/\/blogs.thesocialmedia.com\/leblogmoto\/2008\/05\/31\/les-motards-du\/","url":"https:\/\/blogs.thesocialmedia.com\/leblogmoto\/2008\/05\/31\/les-motards-du\/","name":"Les motards du Pr\u00e9sident \u00e0 l'entra\u00eenement. - leblogmoto.com","isPartOf":{"@id":"https:\/\/blogs.thesocialmedia.com\/leblogmoto\/#website"},"datePublished":"2008-05-31T23:58:52+00:00","dateModified":"2012-07-11T13:22:45+00:00","author":{"@id":"https:\/\/blogs.thesocialmedia.com\/leblogmoto\/#\/schema\/person\/18bfe773e5725ed6d24f743da805362a"},"breadcrumb":{"@id":"https:\/\/blogs.thesocialmedia.com\/leblogmoto\/2008\/05\/31\/les-motards-du\/#breadcrumb"},"inLanguage":"fr-FR","potentialAction":[{"@type":"ReadAction","target":["https:\/\/blogs.thesocialmedia.com\/leblogmoto\/2008\/05\/31\/les-motards-du\/"]}]},{"@type":"BreadcrumbList","@id":"https:\/\/blogs.thesocialmedia.com\/leblogmoto\/2008\/05\/31\/les-motards-du\/#breadcrumb","itemListElement":[{"@type":"ListItem","position":1,"name":"Accueil","item":"https:\/\/blogs.thesocialmedia.com\/leblogmoto\/"},{"@type":"ListItem","position":2,"name":"Les motards du Pr\u00e9sident \u00e0 l&rsquo;entra\u00eenement."}]},{"@type":"WebSite","@id":"https:\/\/blogs.thesocialmedia.com\/leblogmoto\/#website","url":"https:\/\/blogs.thesocialmedia.com\/leblogmoto\/","name":"leblogmoto","description":"Toute l&#039;actualit\u00e9 des 2 roues","potentialAction":[{"@type":"SearchAction","target":{"@type":"EntryPoint","urlTemplate":"https:\/\/blogs.thesocialmedia.com\/leblogmoto\/?s={search_term_string}"},"query-input":{"@type":"PropertyValueSpecification","valueRequired":true,"valueName":"search_term_string"}}],"inLanguage":"fr-FR"},{"@type":"Person","@id":"https:\/\/blogs.thesocialmedia.com\/leblogmoto\/#\/schema\/person\/18bfe773e5725ed6d24f743da805362a","name":"benoit rieu","image":{"@type":"ImageObject","inLanguage":"fr-FR","@id":"https:\/\/blogs.thesocialmedia.com\/leblogmoto\/#\/schema\/person\/image\/","url":"https:\/\/secure.gravatar.com\/avatar\/?s=96&d=mm&r=g","contentUrl":"https:\/\/secure.gravatar.com\/avatar\/?s=96&d=mm&r=g","caption":"benoit rieu"},"url":"https:\/\/blogs.thesocialmedia.com\/leblogmoto\/author\/benoit-rieu\/"}]}},"_links":{"self":[{"href":"https:\/\/blogs.thesocialmedia.com\/leblogmoto\/wp-json\/wp\/v2\/posts\/663","targetHints":{"allow":["GET"]}}],"collection":[{"href":"https:\/\/blogs.thesocialmedia.com\/leblogmoto\/wp-json\/wp\/v2\/posts"}],"about":[{"href":"https:\/\/blogs.thesocialmedia.com\/leblogmoto\/wp-json\/wp\/v2\/types\/post"}],"author":[{"embeddable":true,"href":"https:\/\/blogs.thesocialmedia.com\/leblogmoto\/wp-json\/wp\/v2\/users\/324"}],"replies":[{"embeddable":true,"href":"https:\/\/blogs.thesocialmedia.com\/leblogmoto\/wp-json\/wp\/v2\/comments?post=663"}],"version-history":[{"count":1,"href":"https:\/\/blogs.thesocialmedia.com\/leblogmoto\/wp-json\/wp\/v2\/posts\/663\/revisions"}],"predecessor-version":[{"id":4557,"href":"https:\/\/blogs.thesocialmedia.com\/leblogmoto\/wp-json\/wp\/v2\/posts\/663\/revisions\/4557"}],"wp:attachment":[{"href":"https:\/\/blogs.thesocialmedia.com\/leblogmoto\/wp-json\/wp\/v2\/media?parent=663"}],"wp:term":[{"taxonomy":"category","embeddable":true,"href":"https:\/\/blogs.thesocialmedia.com\/leblogmoto\/wp-json\/wp\/v2\/categories?post=663"},{"taxonomy":"post_tag","embeddable":true,"href":"https:\/\/blogs.thesocialmedia.com\/leblogmoto\/wp-json\/wp\/v2\/tags?post=663"}],"curies":[{"name":"wp","href":"https:\/\/api.w.org\/{rel}","templated":true}]}}