{"id":664,"date":"2008-05-30T23:59:04","date_gmt":"2008-05-30T23:59:04","guid":{"rendered":"http:\/\/blogs.thesocialmedia.com\/leblogmoto\/2008\/05\/30\/moto-projet-nuc\/"},"modified":"2012-07-11T15:51:49","modified_gmt":"2012-07-11T15:51:49","slug":"moto-projet-nuc","status":"publish","type":"post","link":"https:\/\/blogs.thesocialmedia.com\/leblogmoto\/2008\/05\/30\/moto-projet-nuc\/","title":{"rendered":"Projet Nucleus. Ceci n&rsquo;est pas une brique."},"content":{"rendered":"<p><a href=\"http:\/\/blogs.thesocialmedia.com\/leblogmoto\/files\/2012\/07\/moto_conceptbike_nonobject_nucleus.jpg\"><img loading=\"lazy\" decoding=\"async\" width=\"470\" height=\"195\"  src=\"http:\/\/www.leblogmoto.com\/images\/2008\/05\/30\/moto_conceptbike_nonobject_nucleus.jpg\" alt=\"Moto_conceptbike_nonobject_nucleus\" \/><\/a> <a href=\"http:\/\/clabedan.typepad.com\/.shared\/image.html?\/photos\/uncategorized\/2008\/05\/30\/motonucleus_2.jpg\"><\/a> <\/p>\n<p><object width=\"425\" height=\"355\"><param name=\"movie\" value=\"http:\/\/www.youtube.com\/v\/aCISi1BGzPU&amp;hl=en\" \/><param name=\"wmode\" value=\"transparent\" \/><embed width=\"425\" height=\"355\" src=\"http:\/\/www.youtube.com\/v\/aCISi1BGzPU&amp;hl=en\" type=\"application\/x-shockwave-flash\"><\/embed><\/object> <\/p>\n<p>Le titre de l&rsquo;article est juste un petit clin d&rsquo;\u0153il \u00e0 Magritte, et \u00e0 son c\u00e9l\u00e9brissime tableau &quot;Ceci n&rsquo;est pas une pipe&quot;. Ce n&rsquo;est pas une brique car c&rsquo;est en fait, contre toute attente, une moto. Qui n&rsquo;a pas besoin de b\u00e9quille puisqu&rsquo;elle repose sur son car\u00e9nage, que son <a href=\"http:\/\/www.nonobjectbook.com\/nUCLEUS\/\">concepteur<\/a> appelle fort justement &quot;les lames&quot;. Pour se lever, sa partie-cycle doit certainement abriter des suspensions pneumatiques, un peu comme les scooters japonais mod\u00e9s. Pour \u00eatre dans l&rsquo;air du temps, elle sirote du carburant alternatif. C&rsquo;est certes tr\u00e8s original comme id\u00e9e, mais contrairement au Deus, on esp\u00e8re juste que ce cauchemar \u00e9veill\u00e9, aux allures de parpaing ou de proue de <a href=\"http:\/\/fr.wikipedia.org\/wiki\/Cuirass%C3%A9\">cuirass\u00e9<\/a>, gardera sa d\u00e9nomination de &quot;projet&quot;. D\u00e9finitivement.<\/p>\n<p>via <a href=\"http:\/\/www.w3sh.com\/2008\/05\/12\/concept-moto-futuriste-projet-nucleus\/\">W3sh<\/a><\/p>\n","protected":false},"excerpt":{"rendered":"<p>Le titre de l&rsquo;article est juste un petit clin d&rsquo;\u0153il \u00e0 Magritte, et \u00e0 son c\u00e9l\u00e9brissime tableau &quot;Ceci n&rsquo;est pas une pipe&quot;. Ce n&rsquo;est pas une brique car c&rsquo;est en fait, contre toute attente, une moto. Qui n&rsquo;a pas besoin de b\u00e9quille puisqu&rsquo;elle repose sur son car\u00e9nage, que son concepteur appelle fort justement &quot;les lames&quot;. [&hellip;]<\/p>\n","protected":false},"author":324,"featured_media":0,"comment_status":"open","ping_status":"open","sticky":false,"template":"","format":"standard","meta":{"footnotes":""},"categories":[3,33,58,12],"tags":[],"class_list":["post-664","post","type-post","status-publish","format-standard","hentry","category-actualite","category-concept-bike","category-insolite","category-videos"],"yoast_head":"<!-- This site is optimized with the Yoast SEO plugin v26.0 - https:\/\/yoast.com\/wordpress\/plugins\/seo\/ -->\n<title>Projet Nucleus. Ceci n&#039;est pas une brique. - leblogmoto.com<\/title>\n<meta name=\"robots\" content=\"index, follow, max-snippet:-1, max-image-preview:large, max-video-preview:-1\" \/>\n<link rel=\"canonical\" href=\"https:\/\/blogs.thesocialmedia.com\/leblogmoto\/2008\/05\/30\/moto-projet-nuc\/\" \/>\n<meta name=\"twitter:card\" content=\"summary_large_image\" \/>\n<meta name=\"twitter:title\" content=\"Projet Nucleus. Ceci n&#039;est pas une brique. - leblogmoto.com\" \/>\n<meta name=\"twitter:description\" content=\"Le titre de l&rsquo;article est juste un petit clin d&rsquo;\u0153il \u00e0 Magritte, et \u00e0 son c\u00e9l\u00e9brissime tableau &quot;Ceci n&rsquo;est pas une pipe&quot;. Ce n&rsquo;est pas une brique car c&rsquo;est en fait, contre toute attente, une moto. Qui n&rsquo;a pas besoin de b\u00e9quille puisqu&rsquo;elle repose sur son car\u00e9nage, que son concepteur appelle fort justement &quot;les lames&quot;. [&hellip;]\" \/>\n<meta name=\"twitter:image\" content=\"http:\/\/www.leblogmoto.com\/images\/2008\/05\/30\/moto_conceptbike_nonobject_nucleus.jpg\" \/>\n<meta name=\"twitter:label1\" content=\"\u00c9crit par\" \/>\n\t<meta name=\"twitter:data1\" content=\"benoit rieu\" \/>\n\t<meta name=\"twitter:label2\" content=\"Dur\u00e9e de lecture estim\u00e9e\" \/>\n\t<meta name=\"twitter:data2\" content=\"1 minute\" \/>\n<script type=\"application\/ld+json\" class=\"yoast-schema-graph\">{\"@context\":\"https:\/\/schema.org\",\"@graph\":[{\"@type\":\"WebPage\",\"@id\":\"https:\/\/blogs.thesocialmedia.com\/leblogmoto\/2008\/05\/30\/moto-projet-nuc\/\",\"url\":\"https:\/\/blogs.thesocialmedia.com\/leblogmoto\/2008\/05\/30\/moto-projet-nuc\/\",\"name\":\"Projet Nucleus. Ceci n'est pas une brique. - leblogmoto.com\",\"isPartOf\":{\"@id\":\"https:\/\/blogs.thesocialmedia.com\/leblogmoto\/#website\"},\"primaryImageOfPage\":{\"@id\":\"https:\/\/blogs.thesocialmedia.com\/leblogmoto\/2008\/05\/30\/moto-projet-nuc\/#primaryimage\"},\"image\":{\"@id\":\"https:\/\/blogs.thesocialmedia.com\/leblogmoto\/2008\/05\/30\/moto-projet-nuc\/#primaryimage\"},\"thumbnailUrl\":\"http:\/\/www.leblogmoto.com\/images\/2008\/05\/30\/moto_conceptbike_nonobject_nucleus.jpg\",\"datePublished\":\"2008-05-30T23:59:04+00:00\",\"dateModified\":\"2012-07-11T15:51:49+00:00\",\"author\":{\"@id\":\"https:\/\/blogs.thesocialmedia.com\/leblogmoto\/#\/schema\/person\/18bfe773e5725ed6d24f743da805362a\"},\"breadcrumb\":{\"@id\":\"https:\/\/blogs.thesocialmedia.com\/leblogmoto\/2008\/05\/30\/moto-projet-nuc\/#breadcrumb\"},\"inLanguage\":\"fr-FR\",\"potentialAction\":[{\"@type\":\"ReadAction\",\"target\":[\"https:\/\/blogs.thesocialmedia.com\/leblogmoto\/2008\/05\/30\/moto-projet-nuc\/\"]}]},{\"@type\":\"ImageObject\",\"inLanguage\":\"fr-FR\",\"@id\":\"https:\/\/blogs.thesocialmedia.com\/leblogmoto\/2008\/05\/30\/moto-projet-nuc\/#primaryimage\",\"url\":\"http:\/\/www.leblogmoto.com\/images\/2008\/05\/30\/moto_conceptbike_nonobject_nucleus.jpg\",\"contentUrl\":\"http:\/\/www.leblogmoto.com\/images\/2008\/05\/30\/moto_conceptbike_nonobject_nucleus.jpg\"},{\"@type\":\"BreadcrumbList\",\"@id\":\"https:\/\/blogs.thesocialmedia.com\/leblogmoto\/2008\/05\/30\/moto-projet-nuc\/#breadcrumb\",\"itemListElement\":[{\"@type\":\"ListItem\",\"position\":1,\"name\":\"Accueil\",\"item\":\"https:\/\/blogs.thesocialmedia.com\/leblogmoto\/\"},{\"@type\":\"ListItem\",\"position\":2,\"name\":\"Projet Nucleus. Ceci n&rsquo;est pas une brique.\"}]},{\"@type\":\"WebSite\",\"@id\":\"https:\/\/blogs.thesocialmedia.com\/leblogmoto\/#website\",\"url\":\"https:\/\/blogs.thesocialmedia.com\/leblogmoto\/\",\"name\":\"leblogmoto\",\"description\":\"Toute l&#039;actualit\u00e9 des 2 roues\",\"potentialAction\":[{\"@type\":\"SearchAction\",\"target\":{\"@type\":\"EntryPoint\",\"urlTemplate\":\"https:\/\/blogs.thesocialmedia.com\/leblogmoto\/?s={search_term_string}\"},\"query-input\":{\"@type\":\"PropertyValueSpecification\",\"valueRequired\":true,\"valueName\":\"search_term_string\"}}],\"inLanguage\":\"fr-FR\"},{\"@type\":\"Person\",\"@id\":\"https:\/\/blogs.thesocialmedia.com\/leblogmoto\/#\/schema\/person\/18bfe773e5725ed6d24f743da805362a\",\"name\":\"benoit rieu\",\"image\":{\"@type\":\"ImageObject\",\"inLanguage\":\"fr-FR\",\"@id\":\"https:\/\/blogs.thesocialmedia.com\/leblogmoto\/#\/schema\/person\/image\/\",\"url\":\"https:\/\/secure.gravatar.com\/avatar\/?s=96&d=mm&r=g\",\"contentUrl\":\"https:\/\/secure.gravatar.com\/avatar\/?s=96&d=mm&r=g\",\"caption\":\"benoit rieu\"},\"url\":\"https:\/\/blogs.thesocialmedia.com\/leblogmoto\/author\/benoit-rieu\/\"}]}<\/script>\n<!-- \/ Yoast SEO plugin. -->","yoast_head_json":{"title":"Projet Nucleus. Ceci n'est pas une brique. - leblogmoto.com","robots":{"index":"index","follow":"follow","max-snippet":"max-snippet:-1","max-image-preview":"max-image-preview:large","max-video-preview":"max-video-preview:-1"},"canonical":"https:\/\/blogs.thesocialmedia.com\/leblogmoto\/2008\/05\/30\/moto-projet-nuc\/","twitter_card":"summary_large_image","twitter_title":"Projet Nucleus. Ceci n'est pas une brique. - leblogmoto.com","twitter_description":"Le titre de l&rsquo;article est juste un petit clin d&rsquo;\u0153il \u00e0 Magritte, et \u00e0 son c\u00e9l\u00e9brissime tableau &quot;Ceci n&rsquo;est pas une pipe&quot;. Ce n&rsquo;est pas une brique car c&rsquo;est en fait, contre toute attente, une moto. Qui n&rsquo;a pas besoin de b\u00e9quille puisqu&rsquo;elle repose sur son car\u00e9nage, que son concepteur appelle fort justement &quot;les lames&quot;. [&hellip;]","twitter_image":"http:\/\/www.leblogmoto.com\/images\/2008\/05\/30\/moto_conceptbike_nonobject_nucleus.jpg","twitter_misc":{"\u00c9crit par":"benoit rieu","Dur\u00e9e de lecture estim\u00e9e":"1 minute"},"schema":{"@context":"https:\/\/schema.org","@graph":[{"@type":"WebPage","@id":"https:\/\/blogs.thesocialmedia.com\/leblogmoto\/2008\/05\/30\/moto-projet-nuc\/","url":"https:\/\/blogs.thesocialmedia.com\/leblogmoto\/2008\/05\/30\/moto-projet-nuc\/","name":"Projet Nucleus. Ceci n'est pas une brique. - leblogmoto.com","isPartOf":{"@id":"https:\/\/blogs.thesocialmedia.com\/leblogmoto\/#website"},"primaryImageOfPage":{"@id":"https:\/\/blogs.thesocialmedia.com\/leblogmoto\/2008\/05\/30\/moto-projet-nuc\/#primaryimage"},"image":{"@id":"https:\/\/blogs.thesocialmedia.com\/leblogmoto\/2008\/05\/30\/moto-projet-nuc\/#primaryimage"},"thumbnailUrl":"http:\/\/www.leblogmoto.com\/images\/2008\/05\/30\/moto_conceptbike_nonobject_nucleus.jpg","datePublished":"2008-05-30T23:59:04+00:00","dateModified":"2012-07-11T15:51:49+00:00","author":{"@id":"https:\/\/blogs.thesocialmedia.com\/leblogmoto\/#\/schema\/person\/18bfe773e5725ed6d24f743da805362a"},"breadcrumb":{"@id":"https:\/\/blogs.thesocialmedia.com\/leblogmoto\/2008\/05\/30\/moto-projet-nuc\/#breadcrumb"},"inLanguage":"fr-FR","potentialAction":[{"@type":"ReadAction","target":["https:\/\/blogs.thesocialmedia.com\/leblogmoto\/2008\/05\/30\/moto-projet-nuc\/"]}]},{"@type":"ImageObject","inLanguage":"fr-FR","@id":"https:\/\/blogs.thesocialmedia.com\/leblogmoto\/2008\/05\/30\/moto-projet-nuc\/#primaryimage","url":"http:\/\/www.leblogmoto.com\/images\/2008\/05\/30\/moto_conceptbike_nonobject_nucleus.jpg","contentUrl":"http:\/\/www.leblogmoto.com\/images\/2008\/05\/30\/moto_conceptbike_nonobject_nucleus.jpg"},{"@type":"BreadcrumbList","@id":"https:\/\/blogs.thesocialmedia.com\/leblogmoto\/2008\/05\/30\/moto-projet-nuc\/#breadcrumb","itemListElement":[{"@type":"ListItem","position":1,"name":"Accueil","item":"https:\/\/blogs.thesocialmedia.com\/leblogmoto\/"},{"@type":"ListItem","position":2,"name":"Projet Nucleus. Ceci n&rsquo;est pas une brique."}]},{"@type":"WebSite","@id":"https:\/\/blogs.thesocialmedia.com\/leblogmoto\/#website","url":"https:\/\/blogs.thesocialmedia.com\/leblogmoto\/","name":"leblogmoto","description":"Toute l&#039;actualit\u00e9 des 2 roues","potentialAction":[{"@type":"SearchAction","target":{"@type":"EntryPoint","urlTemplate":"https:\/\/blogs.thesocialmedia.com\/leblogmoto\/?s={search_term_string}"},"query-input":{"@type":"PropertyValueSpecification","valueRequired":true,"valueName":"search_term_string"}}],"inLanguage":"fr-FR"},{"@type":"Person","@id":"https:\/\/blogs.thesocialmedia.com\/leblogmoto\/#\/schema\/person\/18bfe773e5725ed6d24f743da805362a","name":"benoit rieu","image":{"@type":"ImageObject","inLanguage":"fr-FR","@id":"https:\/\/blogs.thesocialmedia.com\/leblogmoto\/#\/schema\/person\/image\/","url":"https:\/\/secure.gravatar.com\/avatar\/?s=96&d=mm&r=g","contentUrl":"https:\/\/secure.gravatar.com\/avatar\/?s=96&d=mm&r=g","caption":"benoit rieu"},"url":"https:\/\/blogs.thesocialmedia.com\/leblogmoto\/author\/benoit-rieu\/"}]}},"_links":{"self":[{"href":"https:\/\/blogs.thesocialmedia.com\/leblogmoto\/wp-json\/wp\/v2\/posts\/664","targetHints":{"allow":["GET"]}}],"collection":[{"href":"https:\/\/blogs.thesocialmedia.com\/leblogmoto\/wp-json\/wp\/v2\/posts"}],"about":[{"href":"https:\/\/blogs.thesocialmedia.com\/leblogmoto\/wp-json\/wp\/v2\/types\/post"}],"author":[{"embeddable":true,"href":"https:\/\/blogs.thesocialmedia.com\/leblogmoto\/wp-json\/wp\/v2\/users\/324"}],"replies":[{"embeddable":true,"href":"https:\/\/blogs.thesocialmedia.com\/leblogmoto\/wp-json\/wp\/v2\/comments?post=664"}],"version-history":[{"count":2,"href":"https:\/\/blogs.thesocialmedia.com\/leblogmoto\/wp-json\/wp\/v2\/posts\/664\/revisions"}],"predecessor-version":[{"id":10853,"href":"https:\/\/blogs.thesocialmedia.com\/leblogmoto\/wp-json\/wp\/v2\/posts\/664\/revisions\/10853"}],"wp:attachment":[{"href":"https:\/\/blogs.thesocialmedia.com\/leblogmoto\/wp-json\/wp\/v2\/media?parent=664"}],"wp:term":[{"taxonomy":"category","embeddable":true,"href":"https:\/\/blogs.thesocialmedia.com\/leblogmoto\/wp-json\/wp\/v2\/categories?post=664"},{"taxonomy":"post_tag","embeddable":true,"href":"https:\/\/blogs.thesocialmedia.com\/leblogmoto\/wp-json\/wp\/v2\/tags?post=664"}],"curies":[{"name":"wp","href":"https:\/\/api.w.org\/{rel}","templated":true}]}}