{"id":665,"date":"2008-05-30T23:56:51","date_gmt":"2008-05-30T23:56:51","guid":{"rendered":"http:\/\/blogs.thesocialmedia.com\/leblogmoto\/2008\/05\/30\/vacances-romain\/"},"modified":"2012-07-11T15:51:47","modified_gmt":"2012-07-11T15:51:47","slug":"vacances-romain","status":"publish","type":"post","link":"https:\/\/blogs.thesocialmedia.com\/leblogmoto\/2008\/05\/30\/vacances-romain\/","title":{"rendered":"Julia Roberts revisite maladroitement Vacances Romaines."},"content":{"rendered":"<p><a href=\"http:\/\/blogs.thesocialmedia.com\/leblogmoto\/files\/2012\/07\/article1023075016cfb2000000578994_4.jpg\"><img loading=\"lazy\" decoding=\"async\" height=\"338\" alt=\"Article1023075016cfb2000000578994_4\" src=\"http:\/\/www.leblogmoto.com\/images\/2008\/05\/30\/article1023075016cfb2000000578994_4.jpg\" width=\"470\"  \/><\/a> <\/p>\n<p>Une petite parenth\u00e8se r\u00e9cr\u00e9ative sur le Blog Moto. Cela fait quelque temps, depuis un article de Jacques sur <a href=\"http:\/\/blogs.thesocialmedia.com\/leblogmoto\/files\/2012\/07\/george-clooney.html_.png\">George Clooney<\/a> je crois, que l&rsquo;on ne vous avait pas entretenu de nos &quot;amis&quot; les <em>people<\/em> (arf). Or, voici que nous tombe sous la main, ou plut\u00f4t le clic de souris, cette <a href=\"http:\/\/www.dailymail.co.uk\/tvshowbiz\/article-1023075\/Julia-Roberts-husband-enjoy-Roman-Holiday-moment.html\">\u00e9dition en ligne<\/a> du journal anglais Daily Mail, avec une paparazzade de l&rsquo;actrice am\u00e9ricaine, passag\u00e8re d&rsquo;un scooter. Alors que Roberts tourne actuellement le thriller <em>Duplicity<\/em> dans la ville \u00e9ternelle (pour lequel son mari la filme), le couple rejoue involontairement le film <a href=\"http:\/\/www.leblogmoto.com\/2007\/11\/potfolio-de-lex.html\">Vacances Romaines<\/a>. En beaucoup moins glamour certes, mais la s\u00e9curit\u00e9 en plus, puisqu&rsquo;ils ne s&rsquo;affichent pas t\u00eate nue. Cependant l&rsquo;honneur est sauf, puisque c&rsquo;est toujours une Vespa qui les porte.<\/p>\n<p><a href=\"http:\/\/clabedan.typepad.com\/.shared\/image.html?\/photos\/uncategorized\/2008\/05\/30\/article0016cf48300000578917_468x375.jpg\"><img loading=\"lazy\" decoding=\"async\" height=\"376\" alt=\"Article0016cf48300000578917_468x375\" src=\"http:\/\/www.leblogmoto.com\/images\/2008\/05\/30\/article0016cf48300000578917_468x375.jpg\" width=\"470\"  \/><\/a><\/p>\n<p><a href=\"http:\/\/blogs.thesocialmedia.com\/leblogmoto\/files\/2012\/07\/article0016cf8db00000578362_224x280.jpg\"><img loading=\"lazy\" decoding=\"async\" height=\"632\" alt=\"Article0016cf8db00000578362_224x280\" src=\"http:\/\/www.leblogmoto.com\/images\/2008\/05\/30\/article0016cf8db00000578362_224x280.jpg\" width=\"470\"  \/><\/a><\/p>\n<p><a href=\"http:\/\/blogs.thesocialmedia.com\/leblogmoto\/files\/2012\/07\/vespa_vacanzeromane.jpg\"><img loading=\"lazy\" decoding=\"async\" height=\"309\" alt=\"Vespa_vacanzeromane\" src=\"http:\/\/www.leblogmoto.com\/images\/2008\/05\/30\/vespa_vacanzeromane.jpg\" width=\"470\"  \/><\/a>  <\/p>\n","protected":false},"excerpt":{"rendered":"<p>Une petite parenth\u00e8se r\u00e9cr\u00e9ative sur le Blog Moto. Cela fait quelque temps, depuis un article de Jacques sur George Clooney je crois, que l&rsquo;on ne vous avait pas entretenu de nos &quot;amis&quot; les people (arf). Or, voici que nous tombe sous la main, ou plut\u00f4t le clic de souris, cette \u00e9dition en ligne du journal [&hellip;]<\/p>\n","protected":false},"author":324,"featured_media":0,"comment_status":"open","ping_status":"open","sticky":false,"template":"","format":"standard","meta":{"footnotes":""},"categories":[3,17,19],"tags":[],"class_list":["post-665","post","type-post","status-publish","format-standard","hentry","category-actualite","category-divers","category-scooter"],"yoast_head":"<!-- This site is optimized with the Yoast SEO plugin v26.0 - https:\/\/yoast.com\/wordpress\/plugins\/seo\/ -->\n<title>Julia Roberts revisite maladroitement Vacances Romaines. - leblogmoto.com<\/title>\n<meta name=\"robots\" content=\"index, follow, max-snippet:-1, max-image-preview:large, max-video-preview:-1\" \/>\n<link rel=\"canonical\" href=\"https:\/\/blogs.thesocialmedia.com\/leblogmoto\/2008\/05\/30\/vacances-romain\/\" \/>\n<meta name=\"twitter:card\" content=\"summary_large_image\" \/>\n<meta name=\"twitter:title\" content=\"Julia Roberts revisite maladroitement Vacances Romaines. - leblogmoto.com\" \/>\n<meta name=\"twitter:description\" content=\"Une petite parenth\u00e8se r\u00e9cr\u00e9ative sur le Blog Moto. Cela fait quelque temps, depuis un article de Jacques sur George Clooney je crois, que l&rsquo;on ne vous avait pas entretenu de nos &quot;amis&quot; les people (arf). Or, voici que nous tombe sous la main, ou plut\u00f4t le clic de souris, cette \u00e9dition en ligne du journal [&hellip;]\" \/>\n<meta name=\"twitter:image\" content=\"http:\/\/www.leblogmoto.com\/images\/2008\/05\/30\/article1023075016cfb2000000578994_4.jpg\" \/>\n<meta name=\"twitter:label1\" content=\"\u00c9crit par\" \/>\n\t<meta name=\"twitter:data1\" content=\"benoit rieu\" \/>\n\t<meta name=\"twitter:label2\" content=\"Dur\u00e9e de lecture estim\u00e9e\" \/>\n\t<meta name=\"twitter:data2\" content=\"1 minute\" \/>\n<script type=\"application\/ld+json\" class=\"yoast-schema-graph\">{\"@context\":\"https:\/\/schema.org\",\"@graph\":[{\"@type\":\"WebPage\",\"@id\":\"https:\/\/blogs.thesocialmedia.com\/leblogmoto\/2008\/05\/30\/vacances-romain\/\",\"url\":\"https:\/\/blogs.thesocialmedia.com\/leblogmoto\/2008\/05\/30\/vacances-romain\/\",\"name\":\"Julia Roberts revisite maladroitement Vacances Romaines. - leblogmoto.com\",\"isPartOf\":{\"@id\":\"https:\/\/blogs.thesocialmedia.com\/leblogmoto\/#website\"},\"primaryImageOfPage\":{\"@id\":\"https:\/\/blogs.thesocialmedia.com\/leblogmoto\/2008\/05\/30\/vacances-romain\/#primaryimage\"},\"image\":{\"@id\":\"https:\/\/blogs.thesocialmedia.com\/leblogmoto\/2008\/05\/30\/vacances-romain\/#primaryimage\"},\"thumbnailUrl\":\"http:\/\/www.leblogmoto.com\/images\/2008\/05\/30\/article1023075016cfb2000000578994_4.jpg\",\"datePublished\":\"2008-05-30T23:56:51+00:00\",\"dateModified\":\"2012-07-11T15:51:47+00:00\",\"author\":{\"@id\":\"https:\/\/blogs.thesocialmedia.com\/leblogmoto\/#\/schema\/person\/18bfe773e5725ed6d24f743da805362a\"},\"breadcrumb\":{\"@id\":\"https:\/\/blogs.thesocialmedia.com\/leblogmoto\/2008\/05\/30\/vacances-romain\/#breadcrumb\"},\"inLanguage\":\"fr-FR\",\"potentialAction\":[{\"@type\":\"ReadAction\",\"target\":[\"https:\/\/blogs.thesocialmedia.com\/leblogmoto\/2008\/05\/30\/vacances-romain\/\"]}]},{\"@type\":\"ImageObject\",\"inLanguage\":\"fr-FR\",\"@id\":\"https:\/\/blogs.thesocialmedia.com\/leblogmoto\/2008\/05\/30\/vacances-romain\/#primaryimage\",\"url\":\"http:\/\/www.leblogmoto.com\/images\/2008\/05\/30\/article1023075016cfb2000000578994_4.jpg\",\"contentUrl\":\"http:\/\/www.leblogmoto.com\/images\/2008\/05\/30\/article1023075016cfb2000000578994_4.jpg\"},{\"@type\":\"BreadcrumbList\",\"@id\":\"https:\/\/blogs.thesocialmedia.com\/leblogmoto\/2008\/05\/30\/vacances-romain\/#breadcrumb\",\"itemListElement\":[{\"@type\":\"ListItem\",\"position\":1,\"name\":\"Accueil\",\"item\":\"https:\/\/blogs.thesocialmedia.com\/leblogmoto\/\"},{\"@type\":\"ListItem\",\"position\":2,\"name\":\"Julia Roberts revisite maladroitement Vacances Romaines.\"}]},{\"@type\":\"WebSite\",\"@id\":\"https:\/\/blogs.thesocialmedia.com\/leblogmoto\/#website\",\"url\":\"https:\/\/blogs.thesocialmedia.com\/leblogmoto\/\",\"name\":\"leblogmoto\",\"description\":\"Toute l&#039;actualit\u00e9 des 2 roues\",\"potentialAction\":[{\"@type\":\"SearchAction\",\"target\":{\"@type\":\"EntryPoint\",\"urlTemplate\":\"https:\/\/blogs.thesocialmedia.com\/leblogmoto\/?s={search_term_string}\"},\"query-input\":{\"@type\":\"PropertyValueSpecification\",\"valueRequired\":true,\"valueName\":\"search_term_string\"}}],\"inLanguage\":\"fr-FR\"},{\"@type\":\"Person\",\"@id\":\"https:\/\/blogs.thesocialmedia.com\/leblogmoto\/#\/schema\/person\/18bfe773e5725ed6d24f743da805362a\",\"name\":\"benoit rieu\",\"image\":{\"@type\":\"ImageObject\",\"inLanguage\":\"fr-FR\",\"@id\":\"https:\/\/blogs.thesocialmedia.com\/leblogmoto\/#\/schema\/person\/image\/\",\"url\":\"https:\/\/secure.gravatar.com\/avatar\/?s=96&d=mm&r=g\",\"contentUrl\":\"https:\/\/secure.gravatar.com\/avatar\/?s=96&d=mm&r=g\",\"caption\":\"benoit rieu\"},\"url\":\"https:\/\/blogs.thesocialmedia.com\/leblogmoto\/author\/benoit-rieu\/\"}]}<\/script>\n<!-- \/ Yoast SEO plugin. -->","yoast_head_json":{"title":"Julia Roberts revisite maladroitement Vacances Romaines. - leblogmoto.com","robots":{"index":"index","follow":"follow","max-snippet":"max-snippet:-1","max-image-preview":"max-image-preview:large","max-video-preview":"max-video-preview:-1"},"canonical":"https:\/\/blogs.thesocialmedia.com\/leblogmoto\/2008\/05\/30\/vacances-romain\/","twitter_card":"summary_large_image","twitter_title":"Julia Roberts revisite maladroitement Vacances Romaines. - leblogmoto.com","twitter_description":"Une petite parenth\u00e8se r\u00e9cr\u00e9ative sur le Blog Moto. Cela fait quelque temps, depuis un article de Jacques sur George Clooney je crois, que l&rsquo;on ne vous avait pas entretenu de nos &quot;amis&quot; les people (arf). Or, voici que nous tombe sous la main, ou plut\u00f4t le clic de souris, cette \u00e9dition en ligne du journal [&hellip;]","twitter_image":"http:\/\/www.leblogmoto.com\/images\/2008\/05\/30\/article1023075016cfb2000000578994_4.jpg","twitter_misc":{"\u00c9crit par":"benoit rieu","Dur\u00e9e de lecture estim\u00e9e":"1 minute"},"schema":{"@context":"https:\/\/schema.org","@graph":[{"@type":"WebPage","@id":"https:\/\/blogs.thesocialmedia.com\/leblogmoto\/2008\/05\/30\/vacances-romain\/","url":"https:\/\/blogs.thesocialmedia.com\/leblogmoto\/2008\/05\/30\/vacances-romain\/","name":"Julia Roberts revisite maladroitement Vacances Romaines. - leblogmoto.com","isPartOf":{"@id":"https:\/\/blogs.thesocialmedia.com\/leblogmoto\/#website"},"primaryImageOfPage":{"@id":"https:\/\/blogs.thesocialmedia.com\/leblogmoto\/2008\/05\/30\/vacances-romain\/#primaryimage"},"image":{"@id":"https:\/\/blogs.thesocialmedia.com\/leblogmoto\/2008\/05\/30\/vacances-romain\/#primaryimage"},"thumbnailUrl":"http:\/\/www.leblogmoto.com\/images\/2008\/05\/30\/article1023075016cfb2000000578994_4.jpg","datePublished":"2008-05-30T23:56:51+00:00","dateModified":"2012-07-11T15:51:47+00:00","author":{"@id":"https:\/\/blogs.thesocialmedia.com\/leblogmoto\/#\/schema\/person\/18bfe773e5725ed6d24f743da805362a"},"breadcrumb":{"@id":"https:\/\/blogs.thesocialmedia.com\/leblogmoto\/2008\/05\/30\/vacances-romain\/#breadcrumb"},"inLanguage":"fr-FR","potentialAction":[{"@type":"ReadAction","target":["https:\/\/blogs.thesocialmedia.com\/leblogmoto\/2008\/05\/30\/vacances-romain\/"]}]},{"@type":"ImageObject","inLanguage":"fr-FR","@id":"https:\/\/blogs.thesocialmedia.com\/leblogmoto\/2008\/05\/30\/vacances-romain\/#primaryimage","url":"http:\/\/www.leblogmoto.com\/images\/2008\/05\/30\/article1023075016cfb2000000578994_4.jpg","contentUrl":"http:\/\/www.leblogmoto.com\/images\/2008\/05\/30\/article1023075016cfb2000000578994_4.jpg"},{"@type":"BreadcrumbList","@id":"https:\/\/blogs.thesocialmedia.com\/leblogmoto\/2008\/05\/30\/vacances-romain\/#breadcrumb","itemListElement":[{"@type":"ListItem","position":1,"name":"Accueil","item":"https:\/\/blogs.thesocialmedia.com\/leblogmoto\/"},{"@type":"ListItem","position":2,"name":"Julia Roberts revisite maladroitement Vacances Romaines."}]},{"@type":"WebSite","@id":"https:\/\/blogs.thesocialmedia.com\/leblogmoto\/#website","url":"https:\/\/blogs.thesocialmedia.com\/leblogmoto\/","name":"leblogmoto","description":"Toute l&#039;actualit\u00e9 des 2 roues","potentialAction":[{"@type":"SearchAction","target":{"@type":"EntryPoint","urlTemplate":"https:\/\/blogs.thesocialmedia.com\/leblogmoto\/?s={search_term_string}"},"query-input":{"@type":"PropertyValueSpecification","valueRequired":true,"valueName":"search_term_string"}}],"inLanguage":"fr-FR"},{"@type":"Person","@id":"https:\/\/blogs.thesocialmedia.com\/leblogmoto\/#\/schema\/person\/18bfe773e5725ed6d24f743da805362a","name":"benoit rieu","image":{"@type":"ImageObject","inLanguage":"fr-FR","@id":"https:\/\/blogs.thesocialmedia.com\/leblogmoto\/#\/schema\/person\/image\/","url":"https:\/\/secure.gravatar.com\/avatar\/?s=96&d=mm&r=g","contentUrl":"https:\/\/secure.gravatar.com\/avatar\/?s=96&d=mm&r=g","caption":"benoit rieu"},"url":"https:\/\/blogs.thesocialmedia.com\/leblogmoto\/author\/benoit-rieu\/"}]}},"_links":{"self":[{"href":"https:\/\/blogs.thesocialmedia.com\/leblogmoto\/wp-json\/wp\/v2\/posts\/665","targetHints":{"allow":["GET"]}}],"collection":[{"href":"https:\/\/blogs.thesocialmedia.com\/leblogmoto\/wp-json\/wp\/v2\/posts"}],"about":[{"href":"https:\/\/blogs.thesocialmedia.com\/leblogmoto\/wp-json\/wp\/v2\/types\/post"}],"author":[{"embeddable":true,"href":"https:\/\/blogs.thesocialmedia.com\/leblogmoto\/wp-json\/wp\/v2\/users\/324"}],"replies":[{"embeddable":true,"href":"https:\/\/blogs.thesocialmedia.com\/leblogmoto\/wp-json\/wp\/v2\/comments?post=665"}],"version-history":[{"count":2,"href":"https:\/\/blogs.thesocialmedia.com\/leblogmoto\/wp-json\/wp\/v2\/posts\/665\/revisions"}],"predecessor-version":[{"id":10851,"href":"https:\/\/blogs.thesocialmedia.com\/leblogmoto\/wp-json\/wp\/v2\/posts\/665\/revisions\/10851"}],"wp:attachment":[{"href":"https:\/\/blogs.thesocialmedia.com\/leblogmoto\/wp-json\/wp\/v2\/media?parent=665"}],"wp:term":[{"taxonomy":"category","embeddable":true,"href":"https:\/\/blogs.thesocialmedia.com\/leblogmoto\/wp-json\/wp\/v2\/categories?post=665"},{"taxonomy":"post_tag","embeddable":true,"href":"https:\/\/blogs.thesocialmedia.com\/leblogmoto\/wp-json\/wp\/v2\/tags?post=665"}],"curies":[{"name":"wp","href":"https:\/\/api.w.org\/{rel}","templated":true}]}}