{"id":667,"date":"2008-05-30T23:52:28","date_gmt":"2008-05-30T23:52:28","guid":{"rendered":"http:\/\/blogs.thesocialmedia.com\/leblogmoto\/2008\/05\/30\/ktm-orange-sole\/"},"modified":"2012-07-11T15:51:40","modified_gmt":"2012-07-11T15:51:40","slug":"ktm-orange-sole","status":"publish","type":"post","link":"https:\/\/blogs.thesocialmedia.com\/leblogmoto\/2008\/05\/30\/ktm-orange-sole\/","title":{"rendered":"L&rsquo;orange soleil de KTM veut aussi rayonner sur vos tenues estivales."},"content":{"rendered":"<p><a href=\"http:\/\/blogs.thesocialmedia.com\/leblogmoto\/files\/2012\/07\/moto_ktm_i_luv_fast_boys.jpg\"><img loading=\"lazy\" decoding=\"async\" width=\"470\" height=\"494\"  src=\"http:\/\/www.leblogmoto.com\/images\/2008\/05\/29\/moto_ktm_i_luv_fast_boys.jpg\" alt=\"Moto_ktm_i_luv_fast_boys\" \/><\/a><\/p>\n<p>Le marketing tentaculaire de KTM envahit votre espace de vie, <a href=\"http:\/\/www.leblogmoto.com\/2006\/03\/orange_days_ktm.html\">\u00e9pisode 2<\/a>. Et encore je vous \u00e9pargne le matelas gonflable aux couleurs de la firme autrichienne du fichier pdf que j&rsquo;ai re\u00e7u dans la bo\u00eete mail. Bref, voici des Tshirt d\u00e9raisonnables pour cette collection qui glisse nonchalamment du printemps vers l&rsquo;\u00e9t\u00e9 dans le plus pur esprit <em>grid girls<\/em> pour les femmes, comme le rappelle d&rsquo;ailleurs l&rsquo;inscription sur le shorty bleu, et <em>racer<\/em> pour leur moiti\u00e9. Selon <a href=\"http:\/\/www.ktm.fr\/\">Katoche<\/a>, &quot;si vous \u00eates l\u2019heureux \u00e9lu de ce message, c\u2019est que les trajectoires n\u2019ont plus de secret pour vous&quot;. Encore du pitch commercial, mais la qualit\u00e9 est visiblement au rendez-vous&#8230; Tout d&rsquo;abord, pour elle donc, un T-shirt taill\u00e9 pr\u00e8s du corps en coton l\u00e9ger et dispo en tailles du S au XL au prix de <span class=\"EC_orange\">30,00 \u20ac TTC<\/span>. <\/p>\n<p> <\/p>\n<p>Pour les motards, ou aspirant <em>bikers<\/em>, un maillot en coton l\u00e9ger avec coutures fantaisie et impression de poitrine multicolore, au m\u00eame prix que le pr\u00e9c\u00e9dent, de la taille M au XXL. <\/p>\n<p><a href=\"http:\/\/clabedan.typepad.com\/.shared\/image.html?\/photos\/uncategorized\/2008\/05\/29\/moto_ktm_racer_4_life.jpg\"><img loading=\"lazy\" decoding=\"async\" width=\"470\" height=\"434\"  src=\"http:\/\/www.leblogmoto.com\/images\/2008\/05\/29\/moto_ktm_racer_4_life.jpg\" alt=\"Moto_ktm_racer_4_life\" \/><\/a> <\/p>\n<p>Umbrella girl, pit babe ou grid girls ou simplement admiratrice de ces jeunes donzelles toujours souriantes et surtout court-v\u00eatues, voici le shorty en qualit\u00e9 sweat tr\u00e8s douce avec petite broderie sur le devant, dispo du XS au L \u00e0 30 \u20ac.<\/p>\n<p><a href=\"http:\/\/blogs.thesocialmedia.com\/leblogmoto\/files\/2012\/07\/moto_ktm_grid_girls.jpg\"><img loading=\"lazy\" decoding=\"async\" width=\"470\" height=\"306\"  src=\"http:\/\/www.leblogmoto.com\/images\/2008\/05\/29\/moto_ktm_grid_girls.jpg\" alt=\"Moto_ktm_grid_girls\" \/><\/a><\/p>\n<p>Selon ce tee, &quot;A deux cent kilom\u00e8tres heures vous n&rsquo;avez pas d&rsquo;amis&quot;: si&#8230; peut-\u00eatre dans les services de traumatologie si vous faites \u00e7a sur (auto)routes ouvertes. On esp\u00e8re que le message est r\u00e9serv\u00e9 aux pistards. A porter sous la combarde avec votre future <a href=\"http:\/\/blogs.thesocialmedia.com\/leblogmoto\/files\/2012\/07\/session-de-ratt.html_3.png\">RC8<\/a> ? <\/p>\n<p><a href=\"http:\/\/clabedan.typepad.com\/.shared\/image.html?\/photos\/uncategorized\/2008\/05\/29\/moto_ktm_you_have_no_friends.jpg\"><img loading=\"lazy\" decoding=\"async\" width=\"470\" height=\"414\"  src=\"http:\/\/www.leblogmoto.com\/images\/2008\/05\/29\/moto_ktm_you_have_no_friends.jpg\" alt=\"Moto_ktm_you_have_no_friends\" \/><\/a><\/p>\n<p>Aaaaaaaah les vraies couleurs de Katoche, celles qu&rsquo;on aime, enfin je parle pour moi. Un d\u00e9bardeur f\u00e9minin, avec impression poitrine et petite broderie au dos, en 95% coton et 5% \u00e9lasthane, taill\u00e9 du S au XL et vendu pour le m\u00eame prix que le Tee en en-t\u00eate.<br \/><a href=\"http:\/\/blogs.thesocialmedia.com\/leblogmoto\/files\/2012\/07\/moto_ktm_girls_corporate.jpg\"><img loading=\"lazy\" decoding=\"async\" width=\"470\" height=\"689\"  src=\"http:\/\/www.leblogmoto.com\/images\/2008\/05\/29\/moto_ktm_girls_corporate.jpg\" alt=\"Moto_ktm_girls_corporate\" \/><\/a><\/p>\n<p>Enfin, le tshirt Tatoo en anthracite chin\u00e9, avec un aigle combattant un dragon (\u00e7a vous rappelle pas le seigneur des anneaux ?) en coton, du M au XXL, toujours et encore \u00e0 30 \u20ac.<\/p>\n<p><a href=\"http:\/\/blogs.thesocialmedia.com\/leblogmoto\/files\/2012\/07\/moto_ktm_tatoo_tee.jpg\"><img loading=\"lazy\" decoding=\"async\" width=\"470\" height=\"408\"  src=\"http:\/\/www.leblogmoto.com\/images\/2008\/05\/29\/moto_ktm_tatoo_tee.jpg\" alt=\"Moto_ktm_tatoo_tee\" \/><\/a> <\/p>\n","protected":false},"excerpt":{"rendered":"<p>Le marketing tentaculaire de KTM envahit votre espace de vie, \u00e9pisode 2. Et encore je vous \u00e9pargne le matelas gonflable aux couleurs de la firme autrichienne du fichier pdf que j&rsquo;ai re\u00e7u dans la bo\u00eete mail. Bref, voici des Tshirt d\u00e9raisonnables pour cette collection qui glisse nonchalamment du printemps vers l&rsquo;\u00e9t\u00e9 dans le plus pur [&hellip;]<\/p>\n","protected":false},"author":324,"featured_media":0,"comment_status":"open","ping_status":"open","sticky":false,"template":"","format":"standard","meta":{"footnotes":""},"categories":[49,39],"tags":[],"class_list":["post-667","post","type-post","status-publish","format-standard","hentry","category-actualites-entreprise","category-ktm"],"yoast_head":"<!-- This site is optimized with the Yoast SEO plugin v26.0 - https:\/\/yoast.com\/wordpress\/plugins\/seo\/ -->\n<title>L&#039;orange soleil de KTM veut aussi rayonner sur vos tenues estivales. - leblogmoto.com<\/title>\n<meta name=\"robots\" content=\"index, follow, max-snippet:-1, max-image-preview:large, max-video-preview:-1\" \/>\n<link rel=\"canonical\" href=\"https:\/\/blogs.thesocialmedia.com\/leblogmoto\/2008\/05\/30\/ktm-orange-sole\/\" \/>\n<meta name=\"twitter:card\" content=\"summary_large_image\" \/>\n<meta name=\"twitter:title\" content=\"L&#039;orange soleil de KTM veut aussi rayonner sur vos tenues estivales. - leblogmoto.com\" \/>\n<meta name=\"twitter:description\" content=\"Le marketing tentaculaire de KTM envahit votre espace de vie, \u00e9pisode 2. Et encore je vous \u00e9pargne le matelas gonflable aux couleurs de la firme autrichienne du fichier pdf que j&rsquo;ai re\u00e7u dans la bo\u00eete mail. Bref, voici des Tshirt d\u00e9raisonnables pour cette collection qui glisse nonchalamment du printemps vers l&rsquo;\u00e9t\u00e9 dans le plus pur [&hellip;]\" \/>\n<meta name=\"twitter:image\" content=\"http:\/\/www.leblogmoto.com\/images\/2008\/05\/29\/moto_ktm_i_luv_fast_boys.jpg\" \/>\n<meta name=\"twitter:label1\" content=\"\u00c9crit par\" \/>\n\t<meta name=\"twitter:data1\" content=\"benoit rieu\" \/>\n\t<meta name=\"twitter:label2\" content=\"Dur\u00e9e de lecture estim\u00e9e\" \/>\n\t<meta name=\"twitter:data2\" content=\"2 minutes\" \/>\n<script type=\"application\/ld+json\" class=\"yoast-schema-graph\">{\"@context\":\"https:\/\/schema.org\",\"@graph\":[{\"@type\":\"WebPage\",\"@id\":\"https:\/\/blogs.thesocialmedia.com\/leblogmoto\/2008\/05\/30\/ktm-orange-sole\/\",\"url\":\"https:\/\/blogs.thesocialmedia.com\/leblogmoto\/2008\/05\/30\/ktm-orange-sole\/\",\"name\":\"L'orange soleil de KTM veut aussi rayonner sur vos tenues estivales. - leblogmoto.com\",\"isPartOf\":{\"@id\":\"https:\/\/blogs.thesocialmedia.com\/leblogmoto\/#website\"},\"primaryImageOfPage\":{\"@id\":\"https:\/\/blogs.thesocialmedia.com\/leblogmoto\/2008\/05\/30\/ktm-orange-sole\/#primaryimage\"},\"image\":{\"@id\":\"https:\/\/blogs.thesocialmedia.com\/leblogmoto\/2008\/05\/30\/ktm-orange-sole\/#primaryimage\"},\"thumbnailUrl\":\"http:\/\/www.leblogmoto.com\/images\/2008\/05\/29\/moto_ktm_i_luv_fast_boys.jpg\",\"datePublished\":\"2008-05-30T23:52:28+00:00\",\"dateModified\":\"2012-07-11T15:51:40+00:00\",\"author\":{\"@id\":\"https:\/\/blogs.thesocialmedia.com\/leblogmoto\/#\/schema\/person\/18bfe773e5725ed6d24f743da805362a\"},\"breadcrumb\":{\"@id\":\"https:\/\/blogs.thesocialmedia.com\/leblogmoto\/2008\/05\/30\/ktm-orange-sole\/#breadcrumb\"},\"inLanguage\":\"fr-FR\",\"potentialAction\":[{\"@type\":\"ReadAction\",\"target\":[\"https:\/\/blogs.thesocialmedia.com\/leblogmoto\/2008\/05\/30\/ktm-orange-sole\/\"]}]},{\"@type\":\"ImageObject\",\"inLanguage\":\"fr-FR\",\"@id\":\"https:\/\/blogs.thesocialmedia.com\/leblogmoto\/2008\/05\/30\/ktm-orange-sole\/#primaryimage\",\"url\":\"http:\/\/www.leblogmoto.com\/images\/2008\/05\/29\/moto_ktm_i_luv_fast_boys.jpg\",\"contentUrl\":\"http:\/\/www.leblogmoto.com\/images\/2008\/05\/29\/moto_ktm_i_luv_fast_boys.jpg\"},{\"@type\":\"BreadcrumbList\",\"@id\":\"https:\/\/blogs.thesocialmedia.com\/leblogmoto\/2008\/05\/30\/ktm-orange-sole\/#breadcrumb\",\"itemListElement\":[{\"@type\":\"ListItem\",\"position\":1,\"name\":\"Accueil\",\"item\":\"https:\/\/blogs.thesocialmedia.com\/leblogmoto\/\"},{\"@type\":\"ListItem\",\"position\":2,\"name\":\"L&rsquo;orange soleil de KTM veut aussi rayonner sur vos tenues estivales.\"}]},{\"@type\":\"WebSite\",\"@id\":\"https:\/\/blogs.thesocialmedia.com\/leblogmoto\/#website\",\"url\":\"https:\/\/blogs.thesocialmedia.com\/leblogmoto\/\",\"name\":\"leblogmoto\",\"description\":\"Toute l&#039;actualit\u00e9 des 2 roues\",\"potentialAction\":[{\"@type\":\"SearchAction\",\"target\":{\"@type\":\"EntryPoint\",\"urlTemplate\":\"https:\/\/blogs.thesocialmedia.com\/leblogmoto\/?s={search_term_string}\"},\"query-input\":{\"@type\":\"PropertyValueSpecification\",\"valueRequired\":true,\"valueName\":\"search_term_string\"}}],\"inLanguage\":\"fr-FR\"},{\"@type\":\"Person\",\"@id\":\"https:\/\/blogs.thesocialmedia.com\/leblogmoto\/#\/schema\/person\/18bfe773e5725ed6d24f743da805362a\",\"name\":\"benoit rieu\",\"image\":{\"@type\":\"ImageObject\",\"inLanguage\":\"fr-FR\",\"@id\":\"https:\/\/blogs.thesocialmedia.com\/leblogmoto\/#\/schema\/person\/image\/\",\"url\":\"https:\/\/secure.gravatar.com\/avatar\/?s=96&d=mm&r=g\",\"contentUrl\":\"https:\/\/secure.gravatar.com\/avatar\/?s=96&d=mm&r=g\",\"caption\":\"benoit rieu\"},\"url\":\"https:\/\/blogs.thesocialmedia.com\/leblogmoto\/author\/benoit-rieu\/\"}]}<\/script>\n<!-- \/ Yoast SEO plugin. -->","yoast_head_json":{"title":"L'orange soleil de KTM veut aussi rayonner sur vos tenues estivales. - leblogmoto.com","robots":{"index":"index","follow":"follow","max-snippet":"max-snippet:-1","max-image-preview":"max-image-preview:large","max-video-preview":"max-video-preview:-1"},"canonical":"https:\/\/blogs.thesocialmedia.com\/leblogmoto\/2008\/05\/30\/ktm-orange-sole\/","twitter_card":"summary_large_image","twitter_title":"L'orange soleil de KTM veut aussi rayonner sur vos tenues estivales. - leblogmoto.com","twitter_description":"Le marketing tentaculaire de KTM envahit votre espace de vie, \u00e9pisode 2. Et encore je vous \u00e9pargne le matelas gonflable aux couleurs de la firme autrichienne du fichier pdf que j&rsquo;ai re\u00e7u dans la bo\u00eete mail. Bref, voici des Tshirt d\u00e9raisonnables pour cette collection qui glisse nonchalamment du printemps vers l&rsquo;\u00e9t\u00e9 dans le plus pur [&hellip;]","twitter_image":"http:\/\/www.leblogmoto.com\/images\/2008\/05\/29\/moto_ktm_i_luv_fast_boys.jpg","twitter_misc":{"\u00c9crit par":"benoit rieu","Dur\u00e9e de lecture estim\u00e9e":"2 minutes"},"schema":{"@context":"https:\/\/schema.org","@graph":[{"@type":"WebPage","@id":"https:\/\/blogs.thesocialmedia.com\/leblogmoto\/2008\/05\/30\/ktm-orange-sole\/","url":"https:\/\/blogs.thesocialmedia.com\/leblogmoto\/2008\/05\/30\/ktm-orange-sole\/","name":"L'orange soleil de KTM veut aussi rayonner sur vos tenues estivales. - leblogmoto.com","isPartOf":{"@id":"https:\/\/blogs.thesocialmedia.com\/leblogmoto\/#website"},"primaryImageOfPage":{"@id":"https:\/\/blogs.thesocialmedia.com\/leblogmoto\/2008\/05\/30\/ktm-orange-sole\/#primaryimage"},"image":{"@id":"https:\/\/blogs.thesocialmedia.com\/leblogmoto\/2008\/05\/30\/ktm-orange-sole\/#primaryimage"},"thumbnailUrl":"http:\/\/www.leblogmoto.com\/images\/2008\/05\/29\/moto_ktm_i_luv_fast_boys.jpg","datePublished":"2008-05-30T23:52:28+00:00","dateModified":"2012-07-11T15:51:40+00:00","author":{"@id":"https:\/\/blogs.thesocialmedia.com\/leblogmoto\/#\/schema\/person\/18bfe773e5725ed6d24f743da805362a"},"breadcrumb":{"@id":"https:\/\/blogs.thesocialmedia.com\/leblogmoto\/2008\/05\/30\/ktm-orange-sole\/#breadcrumb"},"inLanguage":"fr-FR","potentialAction":[{"@type":"ReadAction","target":["https:\/\/blogs.thesocialmedia.com\/leblogmoto\/2008\/05\/30\/ktm-orange-sole\/"]}]},{"@type":"ImageObject","inLanguage":"fr-FR","@id":"https:\/\/blogs.thesocialmedia.com\/leblogmoto\/2008\/05\/30\/ktm-orange-sole\/#primaryimage","url":"http:\/\/www.leblogmoto.com\/images\/2008\/05\/29\/moto_ktm_i_luv_fast_boys.jpg","contentUrl":"http:\/\/www.leblogmoto.com\/images\/2008\/05\/29\/moto_ktm_i_luv_fast_boys.jpg"},{"@type":"BreadcrumbList","@id":"https:\/\/blogs.thesocialmedia.com\/leblogmoto\/2008\/05\/30\/ktm-orange-sole\/#breadcrumb","itemListElement":[{"@type":"ListItem","position":1,"name":"Accueil","item":"https:\/\/blogs.thesocialmedia.com\/leblogmoto\/"},{"@type":"ListItem","position":2,"name":"L&rsquo;orange soleil de KTM veut aussi rayonner sur vos tenues estivales."}]},{"@type":"WebSite","@id":"https:\/\/blogs.thesocialmedia.com\/leblogmoto\/#website","url":"https:\/\/blogs.thesocialmedia.com\/leblogmoto\/","name":"leblogmoto","description":"Toute l&#039;actualit\u00e9 des 2 roues","potentialAction":[{"@type":"SearchAction","target":{"@type":"EntryPoint","urlTemplate":"https:\/\/blogs.thesocialmedia.com\/leblogmoto\/?s={search_term_string}"},"query-input":{"@type":"PropertyValueSpecification","valueRequired":true,"valueName":"search_term_string"}}],"inLanguage":"fr-FR"},{"@type":"Person","@id":"https:\/\/blogs.thesocialmedia.com\/leblogmoto\/#\/schema\/person\/18bfe773e5725ed6d24f743da805362a","name":"benoit rieu","image":{"@type":"ImageObject","inLanguage":"fr-FR","@id":"https:\/\/blogs.thesocialmedia.com\/leblogmoto\/#\/schema\/person\/image\/","url":"https:\/\/secure.gravatar.com\/avatar\/?s=96&d=mm&r=g","contentUrl":"https:\/\/secure.gravatar.com\/avatar\/?s=96&d=mm&r=g","caption":"benoit rieu"},"url":"https:\/\/blogs.thesocialmedia.com\/leblogmoto\/author\/benoit-rieu\/"}]}},"_links":{"self":[{"href":"https:\/\/blogs.thesocialmedia.com\/leblogmoto\/wp-json\/wp\/v2\/posts\/667","targetHints":{"allow":["GET"]}}],"collection":[{"href":"https:\/\/blogs.thesocialmedia.com\/leblogmoto\/wp-json\/wp\/v2\/posts"}],"about":[{"href":"https:\/\/blogs.thesocialmedia.com\/leblogmoto\/wp-json\/wp\/v2\/types\/post"}],"author":[{"embeddable":true,"href":"https:\/\/blogs.thesocialmedia.com\/leblogmoto\/wp-json\/wp\/v2\/users\/324"}],"replies":[{"embeddable":true,"href":"https:\/\/blogs.thesocialmedia.com\/leblogmoto\/wp-json\/wp\/v2\/comments?post=667"}],"version-history":[{"count":2,"href":"https:\/\/blogs.thesocialmedia.com\/leblogmoto\/wp-json\/wp\/v2\/posts\/667\/revisions"}],"predecessor-version":[{"id":10845,"href":"https:\/\/blogs.thesocialmedia.com\/leblogmoto\/wp-json\/wp\/v2\/posts\/667\/revisions\/10845"}],"wp:attachment":[{"href":"https:\/\/blogs.thesocialmedia.com\/leblogmoto\/wp-json\/wp\/v2\/media?parent=667"}],"wp:term":[{"taxonomy":"category","embeddable":true,"href":"https:\/\/blogs.thesocialmedia.com\/leblogmoto\/wp-json\/wp\/v2\/categories?post=667"},{"taxonomy":"post_tag","embeddable":true,"href":"https:\/\/blogs.thesocialmedia.com\/leblogmoto\/wp-json\/wp\/v2\/tags?post=667"}],"curies":[{"name":"wp","href":"https:\/\/api.w.org\/{rel}","templated":true}]}}