{"id":669,"date":"2008-05-29T23:58:40","date_gmt":"2008-05-29T23:58:40","guid":{"rendered":"http:\/\/blogs.thesocialmedia.com\/leblogmoto\/2008\/05\/29\/la-solution-au\/"},"modified":"2012-07-11T15:51:03","modified_gmt":"2012-07-11T15:51:03","slug":"la-solution-au","status":"publish","type":"post","link":"https:\/\/blogs.thesocialmedia.com\/leblogmoto\/2008\/05\/29\/la-solution-au\/","title":{"rendered":"La solution au tr\u00e8s dangereux silence des deux-roues \u00e9lectriques ?"},"content":{"rendered":"<p><a href=\"http:\/\/blogs.thesocialmedia.com\/leblogmoto\/files\/2012\/07\/velomusical011.jpg\"><img loading=\"lazy\" decoding=\"async\" width=\"470\" height=\"470\"  src=\"http:\/\/www.leblogmoto.com\/images\/2008\/05\/29\/velomusical011.jpg\" alt=\"Velomusical011\" \/><\/a><\/p>\n<p>Trouv\u00e9 sur le Blog <a href=\"http:\/\/www.w3sh.com\/2008\/05\/29\/le-velo-cest-du-pipeau\/\">W3sh,<\/a> avec un concept-bike que je vous pr\u00e9senterai d\u00e8s demain, voici un dispositif&nbsp; qui ressemblerait \u00e0 des prises d&rsquo;air de moto (pour ceux qui ont connu la petite sportive <a href=\"http:\/\/www.motoplanete.com\/triumph\/tt600.php\">Triumph TT<\/a>), s&rsquo;il ne s&rsquo;accrochait au guidon d&rsquo;un v\u00e9lo. Cr\u00e9\u00e9 par le designer Cor\u00e9en, Joseph Kim, qui a eu l&rsquo;id\u00e9e d\u2019utiliser le vent lors des d\u00e9placements, il pourrait &#8211; dans son principe &#8211; remplacer le feulement de nos moteurs en tant qu&rsquo;avertisseur sonore des v\u00e9hicules \u00e9lectriques. Un silence que je reprochais d\u00e9j\u00e0 dans <a href=\"http:\/\/www.leblogmoto.com\/2008\/05\/le-concept-bike.html#comments\">ces commentaires<\/a> et que les aveugles (et avec eux tous les pi\u00e9tons et usagers de la route) risquent d&rsquo;apprendre \u00e0 leurs d\u00e9pens dans un futur proche ou non, <a href=\"http:\/\/www.autobloggreen.com\/2006\/09\/21\/electric-vehicles-pose-concerns-for-blind-pedestrians\/\">si ce n&rsquo;est pas d\u00e9j\u00e0 fait<\/a>. <\/p>\n<p><a href=\"http:\/\/clabedan.typepad.com\/.shared\/image.html?\/photos\/uncategorized\/2008\/05\/29\/velomusical031.jpg\"><img loading=\"lazy\" decoding=\"async\" width=\"470\" height=\"470\"  src=\"http:\/\/www.leblogmoto.com\/images\/2008\/05\/29\/velomusical031.jpg\" alt=\"Velomusical031\" \/><\/a><\/p>\n<p>Revenons rapidement sur le concept pr\u00e9sent qui est d&rsquo;une simplicit\u00e9 presque enfantine: le vent fait siffler les deux entr\u00e9es d\u2019air sur le guidon et \u00e0 l&rsquo;aide des poign\u00e9es, le cycliste tourne l\u2019entr\u00e9e d\u2019air, et produit ainsi des notes avec des sons diff\u00e9rents. <\/p>\n<p>Certes il faut certainement une vitesse minimale pour qu&rsquo;un son soit \u00e9mis mais pourquoi ne pas imaginer un tel syst\u00e8me fonctionnant sur les deux-roues \u00e9lectriques ? Le c\u00f4t\u00e9 m\u00e9lodieux en moins, le bruit salvateur (au sens strict) en plus.<\/p>\n<p><a href=\"http:\/\/blogs.thesocialmedia.com\/leblogmoto\/files\/2012\/07\/velomusical041.jpg\"><img loading=\"lazy\" decoding=\"async\" width=\"470\" height=\"470\"  src=\"http:\/\/www.leblogmoto.com\/images\/2008\/05\/29\/velomusical041.jpg\" alt=\"Velomusical041\" \/><\/a><\/p>\n<p>&nbsp;<\/p>\n","protected":false},"excerpt":{"rendered":"<p>Trouv\u00e9 sur le Blog W3sh, avec un concept-bike que je vous pr\u00e9senterai d\u00e8s demain, voici un dispositif&nbsp; qui ressemblerait \u00e0 des prises d&rsquo;air de moto (pour ceux qui ont connu la petite sportive Triumph TT), s&rsquo;il ne s&rsquo;accrochait au guidon d&rsquo;un v\u00e9lo. Cr\u00e9\u00e9 par le designer Cor\u00e9en, Joseph Kim, qui a eu l&rsquo;id\u00e9e d\u2019utiliser le [&hellip;]<\/p>\n","protected":false},"author":324,"featured_media":0,"comment_status":"open","ping_status":"open","sticky":false,"template":"","format":"standard","meta":{"footnotes":""},"categories":[49,30,27],"tags":[],"class_list":["post-669","post","type-post","status-publish","format-standard","hentry","category-actualites-entreprise","category-bio-carburantsvehicules-propres","category-securite"],"yoast_head":"<!-- This site is optimized with the Yoast SEO plugin v26.0 - https:\/\/yoast.com\/wordpress\/plugins\/seo\/ -->\n<title>La solution au tr\u00e8s dangereux silence des deux-roues \u00e9lectriques ? - leblogmoto.com<\/title>\n<meta name=\"robots\" content=\"index, follow, max-snippet:-1, max-image-preview:large, max-video-preview:-1\" \/>\n<link rel=\"canonical\" href=\"https:\/\/blogs.thesocialmedia.com\/leblogmoto\/2008\/05\/29\/la-solution-au\/\" \/>\n<meta name=\"twitter:card\" content=\"summary_large_image\" \/>\n<meta name=\"twitter:title\" content=\"La solution au tr\u00e8s dangereux silence des deux-roues \u00e9lectriques ? - leblogmoto.com\" \/>\n<meta name=\"twitter:description\" content=\"Trouv\u00e9 sur le Blog W3sh, avec un concept-bike que je vous pr\u00e9senterai d\u00e8s demain, voici un dispositif&nbsp; qui ressemblerait \u00e0 des prises d&rsquo;air de moto (pour ceux qui ont connu la petite sportive Triumph TT), s&rsquo;il ne s&rsquo;accrochait au guidon d&rsquo;un v\u00e9lo. Cr\u00e9\u00e9 par le designer Cor\u00e9en, Joseph Kim, qui a eu l&rsquo;id\u00e9e d\u2019utiliser le [&hellip;]\" \/>\n<meta name=\"twitter:image\" content=\"http:\/\/www.leblogmoto.com\/images\/2008\/05\/29\/velomusical011.jpg\" \/>\n<meta name=\"twitter:label1\" content=\"\u00c9crit par\" \/>\n\t<meta name=\"twitter:data1\" content=\"benoit rieu\" \/>\n\t<meta name=\"twitter:label2\" content=\"Dur\u00e9e de lecture estim\u00e9e\" \/>\n\t<meta name=\"twitter:data2\" content=\"1 minute\" \/>\n<script type=\"application\/ld+json\" class=\"yoast-schema-graph\">{\"@context\":\"https:\/\/schema.org\",\"@graph\":[{\"@type\":\"WebPage\",\"@id\":\"https:\/\/blogs.thesocialmedia.com\/leblogmoto\/2008\/05\/29\/la-solution-au\/\",\"url\":\"https:\/\/blogs.thesocialmedia.com\/leblogmoto\/2008\/05\/29\/la-solution-au\/\",\"name\":\"La solution au tr\u00e8s dangereux silence des deux-roues \u00e9lectriques ? - leblogmoto.com\",\"isPartOf\":{\"@id\":\"https:\/\/blogs.thesocialmedia.com\/leblogmoto\/#website\"},\"primaryImageOfPage\":{\"@id\":\"https:\/\/blogs.thesocialmedia.com\/leblogmoto\/2008\/05\/29\/la-solution-au\/#primaryimage\"},\"image\":{\"@id\":\"https:\/\/blogs.thesocialmedia.com\/leblogmoto\/2008\/05\/29\/la-solution-au\/#primaryimage\"},\"thumbnailUrl\":\"http:\/\/www.leblogmoto.com\/images\/2008\/05\/29\/velomusical011.jpg\",\"datePublished\":\"2008-05-29T23:58:40+00:00\",\"dateModified\":\"2012-07-11T15:51:03+00:00\",\"author\":{\"@id\":\"https:\/\/blogs.thesocialmedia.com\/leblogmoto\/#\/schema\/person\/18bfe773e5725ed6d24f743da805362a\"},\"breadcrumb\":{\"@id\":\"https:\/\/blogs.thesocialmedia.com\/leblogmoto\/2008\/05\/29\/la-solution-au\/#breadcrumb\"},\"inLanguage\":\"fr-FR\",\"potentialAction\":[{\"@type\":\"ReadAction\",\"target\":[\"https:\/\/blogs.thesocialmedia.com\/leblogmoto\/2008\/05\/29\/la-solution-au\/\"]}]},{\"@type\":\"ImageObject\",\"inLanguage\":\"fr-FR\",\"@id\":\"https:\/\/blogs.thesocialmedia.com\/leblogmoto\/2008\/05\/29\/la-solution-au\/#primaryimage\",\"url\":\"http:\/\/www.leblogmoto.com\/images\/2008\/05\/29\/velomusical011.jpg\",\"contentUrl\":\"http:\/\/www.leblogmoto.com\/images\/2008\/05\/29\/velomusical011.jpg\"},{\"@type\":\"BreadcrumbList\",\"@id\":\"https:\/\/blogs.thesocialmedia.com\/leblogmoto\/2008\/05\/29\/la-solution-au\/#breadcrumb\",\"itemListElement\":[{\"@type\":\"ListItem\",\"position\":1,\"name\":\"Accueil\",\"item\":\"https:\/\/blogs.thesocialmedia.com\/leblogmoto\/\"},{\"@type\":\"ListItem\",\"position\":2,\"name\":\"La solution au tr\u00e8s dangereux silence des deux-roues \u00e9lectriques ?\"}]},{\"@type\":\"WebSite\",\"@id\":\"https:\/\/blogs.thesocialmedia.com\/leblogmoto\/#website\",\"url\":\"https:\/\/blogs.thesocialmedia.com\/leblogmoto\/\",\"name\":\"leblogmoto\",\"description\":\"Toute l&#039;actualit\u00e9 des 2 roues\",\"potentialAction\":[{\"@type\":\"SearchAction\",\"target\":{\"@type\":\"EntryPoint\",\"urlTemplate\":\"https:\/\/blogs.thesocialmedia.com\/leblogmoto\/?s={search_term_string}\"},\"query-input\":{\"@type\":\"PropertyValueSpecification\",\"valueRequired\":true,\"valueName\":\"search_term_string\"}}],\"inLanguage\":\"fr-FR\"},{\"@type\":\"Person\",\"@id\":\"https:\/\/blogs.thesocialmedia.com\/leblogmoto\/#\/schema\/person\/18bfe773e5725ed6d24f743da805362a\",\"name\":\"benoit rieu\",\"image\":{\"@type\":\"ImageObject\",\"inLanguage\":\"fr-FR\",\"@id\":\"https:\/\/blogs.thesocialmedia.com\/leblogmoto\/#\/schema\/person\/image\/\",\"url\":\"https:\/\/secure.gravatar.com\/avatar\/?s=96&d=mm&r=g\",\"contentUrl\":\"https:\/\/secure.gravatar.com\/avatar\/?s=96&d=mm&r=g\",\"caption\":\"benoit rieu\"},\"url\":\"https:\/\/blogs.thesocialmedia.com\/leblogmoto\/author\/benoit-rieu\/\"}]}<\/script>\n<!-- \/ Yoast SEO plugin. -->","yoast_head_json":{"title":"La solution au tr\u00e8s dangereux silence des deux-roues \u00e9lectriques ? - leblogmoto.com","robots":{"index":"index","follow":"follow","max-snippet":"max-snippet:-1","max-image-preview":"max-image-preview:large","max-video-preview":"max-video-preview:-1"},"canonical":"https:\/\/blogs.thesocialmedia.com\/leblogmoto\/2008\/05\/29\/la-solution-au\/","twitter_card":"summary_large_image","twitter_title":"La solution au tr\u00e8s dangereux silence des deux-roues \u00e9lectriques ? - leblogmoto.com","twitter_description":"Trouv\u00e9 sur le Blog W3sh, avec un concept-bike que je vous pr\u00e9senterai d\u00e8s demain, voici un dispositif&nbsp; qui ressemblerait \u00e0 des prises d&rsquo;air de moto (pour ceux qui ont connu la petite sportive Triumph TT), s&rsquo;il ne s&rsquo;accrochait au guidon d&rsquo;un v\u00e9lo. Cr\u00e9\u00e9 par le designer Cor\u00e9en, Joseph Kim, qui a eu l&rsquo;id\u00e9e d\u2019utiliser le [&hellip;]","twitter_image":"http:\/\/www.leblogmoto.com\/images\/2008\/05\/29\/velomusical011.jpg","twitter_misc":{"\u00c9crit par":"benoit rieu","Dur\u00e9e de lecture estim\u00e9e":"1 minute"},"schema":{"@context":"https:\/\/schema.org","@graph":[{"@type":"WebPage","@id":"https:\/\/blogs.thesocialmedia.com\/leblogmoto\/2008\/05\/29\/la-solution-au\/","url":"https:\/\/blogs.thesocialmedia.com\/leblogmoto\/2008\/05\/29\/la-solution-au\/","name":"La solution au tr\u00e8s dangereux silence des deux-roues \u00e9lectriques ? - leblogmoto.com","isPartOf":{"@id":"https:\/\/blogs.thesocialmedia.com\/leblogmoto\/#website"},"primaryImageOfPage":{"@id":"https:\/\/blogs.thesocialmedia.com\/leblogmoto\/2008\/05\/29\/la-solution-au\/#primaryimage"},"image":{"@id":"https:\/\/blogs.thesocialmedia.com\/leblogmoto\/2008\/05\/29\/la-solution-au\/#primaryimage"},"thumbnailUrl":"http:\/\/www.leblogmoto.com\/images\/2008\/05\/29\/velomusical011.jpg","datePublished":"2008-05-29T23:58:40+00:00","dateModified":"2012-07-11T15:51:03+00:00","author":{"@id":"https:\/\/blogs.thesocialmedia.com\/leblogmoto\/#\/schema\/person\/18bfe773e5725ed6d24f743da805362a"},"breadcrumb":{"@id":"https:\/\/blogs.thesocialmedia.com\/leblogmoto\/2008\/05\/29\/la-solution-au\/#breadcrumb"},"inLanguage":"fr-FR","potentialAction":[{"@type":"ReadAction","target":["https:\/\/blogs.thesocialmedia.com\/leblogmoto\/2008\/05\/29\/la-solution-au\/"]}]},{"@type":"ImageObject","inLanguage":"fr-FR","@id":"https:\/\/blogs.thesocialmedia.com\/leblogmoto\/2008\/05\/29\/la-solution-au\/#primaryimage","url":"http:\/\/www.leblogmoto.com\/images\/2008\/05\/29\/velomusical011.jpg","contentUrl":"http:\/\/www.leblogmoto.com\/images\/2008\/05\/29\/velomusical011.jpg"},{"@type":"BreadcrumbList","@id":"https:\/\/blogs.thesocialmedia.com\/leblogmoto\/2008\/05\/29\/la-solution-au\/#breadcrumb","itemListElement":[{"@type":"ListItem","position":1,"name":"Accueil","item":"https:\/\/blogs.thesocialmedia.com\/leblogmoto\/"},{"@type":"ListItem","position":2,"name":"La solution au tr\u00e8s dangereux silence des deux-roues \u00e9lectriques ?"}]},{"@type":"WebSite","@id":"https:\/\/blogs.thesocialmedia.com\/leblogmoto\/#website","url":"https:\/\/blogs.thesocialmedia.com\/leblogmoto\/","name":"leblogmoto","description":"Toute l&#039;actualit\u00e9 des 2 roues","potentialAction":[{"@type":"SearchAction","target":{"@type":"EntryPoint","urlTemplate":"https:\/\/blogs.thesocialmedia.com\/leblogmoto\/?s={search_term_string}"},"query-input":{"@type":"PropertyValueSpecification","valueRequired":true,"valueName":"search_term_string"}}],"inLanguage":"fr-FR"},{"@type":"Person","@id":"https:\/\/blogs.thesocialmedia.com\/leblogmoto\/#\/schema\/person\/18bfe773e5725ed6d24f743da805362a","name":"benoit rieu","image":{"@type":"ImageObject","inLanguage":"fr-FR","@id":"https:\/\/blogs.thesocialmedia.com\/leblogmoto\/#\/schema\/person\/image\/","url":"https:\/\/secure.gravatar.com\/avatar\/?s=96&d=mm&r=g","contentUrl":"https:\/\/secure.gravatar.com\/avatar\/?s=96&d=mm&r=g","caption":"benoit rieu"},"url":"https:\/\/blogs.thesocialmedia.com\/leblogmoto\/author\/benoit-rieu\/"}]}},"_links":{"self":[{"href":"https:\/\/blogs.thesocialmedia.com\/leblogmoto\/wp-json\/wp\/v2\/posts\/669","targetHints":{"allow":["GET"]}}],"collection":[{"href":"https:\/\/blogs.thesocialmedia.com\/leblogmoto\/wp-json\/wp\/v2\/posts"}],"about":[{"href":"https:\/\/blogs.thesocialmedia.com\/leblogmoto\/wp-json\/wp\/v2\/types\/post"}],"author":[{"embeddable":true,"href":"https:\/\/blogs.thesocialmedia.com\/leblogmoto\/wp-json\/wp\/v2\/users\/324"}],"replies":[{"embeddable":true,"href":"https:\/\/blogs.thesocialmedia.com\/leblogmoto\/wp-json\/wp\/v2\/comments?post=669"}],"version-history":[{"count":2,"href":"https:\/\/blogs.thesocialmedia.com\/leblogmoto\/wp-json\/wp\/v2\/posts\/669\/revisions"}],"predecessor-version":[{"id":10830,"href":"https:\/\/blogs.thesocialmedia.com\/leblogmoto\/wp-json\/wp\/v2\/posts\/669\/revisions\/10830"}],"wp:attachment":[{"href":"https:\/\/blogs.thesocialmedia.com\/leblogmoto\/wp-json\/wp\/v2\/media?parent=669"}],"wp:term":[{"taxonomy":"category","embeddable":true,"href":"https:\/\/blogs.thesocialmedia.com\/leblogmoto\/wp-json\/wp\/v2\/categories?post=669"},{"taxonomy":"post_tag","embeddable":true,"href":"https:\/\/blogs.thesocialmedia.com\/leblogmoto\/wp-json\/wp\/v2\/tags?post=669"}],"curies":[{"name":"wp","href":"https:\/\/api.w.org\/{rel}","templated":true}]}}