{"id":67,"date":"2009-08-07T04:25:14","date_gmt":"2009-08-07T04:25:14","guid":{"rendered":"http:\/\/blogs.thesocialmedia.com\/leblogmoto\/2009\/08\/07\/a\/"},"modified":"2012-07-11T17:36:55","modified_gmt":"2012-07-11T17:36:55","slug":"a","status":"publish","type":"post","link":"https:\/\/blogs.thesocialmedia.com\/leblogmoto\/2009\/08\/07\/a\/","title":{"rendered":"Album du vendredi &#8211; Prendre la pose \u00e0 LA"},"content":{"rendered":"<p><a href=\"http:\/\/blogs.thesocialmedia.com\/leblogmoto\/files\/2012\/07\/6a00d83451b18369e20120a52746cf970c-popup.png\"><img decoding=\"async\" alt=\"Ranker_01\" class=\"at-xid-6a00d83451b18369e20120a52746cf970c \" src=\"http:\/\/blogs.thesocialmedia.com\/leblogmoto\/files\/2012\/07\/6a00d83451b18369e20120a52746cf970c-500wi.jpg\" style=\"width: 470px\" \/><\/a> <\/p>\n<p>Attirer par la plastique (retouch\u00e9e?) de <a href=\"http:\/\/en.wikipedia.org\/wiki\/Helena_Christensen\">Helena Christensen<\/a> en couverture du magazine <a href=\"http:\/\/www.citizen-k.com\/\">Citizen K<\/a>, ce sont plut\u00f4t les Triumph des poseurs de la c\u00f4te ouest-am\u00e9ricaine qui m&#039;ont retenu quelques instants. Mis en sc\u00e8ne par un publicitaire, <a href=\"http:\/\/meansranker.com\/\">Kristian Ranker<\/a> et en mots par un vendeur de musique, <a href=\"http:\/\/www.astralwerks.com\/\">Errol Kolosine<\/a>, ces jeunes gens qui en font trop ne sont pas, imperm\u00e9ables \u00e0 la mode, comme on le mentionne dans l&#039;article, ils en sont plut\u00f4t compl\u00e8tement imbib\u00e9s. Ce n&#039;est pas de l&#039;authenticit\u00e9, c&#039;est de la caricature, on ne vend pas un \u00abway of life\u00bb pour reprendre le fran\u00e7ais du magazine (remarquez que le blog moto est le fils du Social Media Group, tout aussi fran\u00e7ais que l&#039;autre, alors je suis mal plac\u00e9 pour donner des le\u00e7ons), mais des T-shirts.<\/p>\n<p> N&#039;emp\u00eache, on ne leur enl\u00e8vera pas l&#039;efficacit\u00e9 de la chose, et qui n&#039;a pas besoin d&#039;un T-shirt?<\/p>\n<p>Images Kristian Ranker<\/p>\n<p><a href=\"http:\/\/clabedan.typepad.com\/.a\/6a00d83451b18369e20120a527497b970c-popup\"><img decoding=\"async\" alt=\"Ranker_02\" class=\"at-xid-6a00d83451b18369e20120a527497b970c \" src=\"http:\/\/blogs.thesocialmedia.com\/leblogmoto\/files\/2012\/07\/6a00d83451b18369e20120a527497b970c-500wi.jpg\" style=\"width: 470px\" \/><\/a> <\/p>\n<p><a href=\"http:\/\/blogs.thesocialmedia.com\/leblogmoto\/files\/2012\/07\/6a00d83451b18369e20120a4d013a2970b-popup.png\"><img decoding=\"async\" alt=\"Ranker_03\" class=\"at-xid-6a00d83451b18369e20120a4d013a2970b \" src=\"http:\/\/blogs.thesocialmedia.com\/leblogmoto\/files\/2012\/07\/6a00d83451b18369e20120a4d013a2970b-500wi.jpg\" style=\"width: 470px\" \/><\/a> <\/p>\n<p><a href=\"http:\/\/blogs.thesocialmedia.com\/leblogmoto\/files\/2012\/07\/6a00d83451b18369e20120a4d012b2970b-popup.png\"><img decoding=\"async\" alt=\"Ranker_06\" class=\"at-xid-6a00d83451b18369e20120a4d012b2970b \" src=\"http:\/\/blogs.thesocialmedia.com\/leblogmoto\/files\/2012\/07\/6a00d83451b18369e20120a4d012b2970b-500wi.jpg\" style=\"width: 470px\" \/><\/a> <\/p>\n<p><a href=\"http:\/\/blogs.thesocialmedia.com\/leblogmoto\/files\/2012\/07\/6a00d83451b18369e20120a52748de970c-popup.png\"><img decoding=\"async\" alt=\"Ranker_07\" class=\"at-xid-6a00d83451b18369e20120a52748de970c \" src=\"http:\/\/blogs.thesocialmedia.com\/leblogmoto\/files\/2012\/07\/6a00d83451b18369e20120a52748de970c-500wi.jpg\" style=\"width: 470px\" \/><\/a> <\/p>\n<p><a href=\"http:\/\/blogs.thesocialmedia.com\/leblogmoto\/files\/2012\/07\/6a00d83451b18369e20120a4d01264970b-popup.png\"><img decoding=\"async\" alt=\"Ranker_08\" class=\"at-xid-6a00d83451b18369e20120a4d01264970b \" src=\"http:\/\/blogs.thesocialmedia.com\/leblogmoto\/files\/2012\/07\/6a00d83451b18369e20120a4d01264970b-500wi.jpg\" style=\"width: 470px\" \/><\/a> <\/p>\n<p><a href=\"http:\/\/blogs.thesocialmedia.com\/leblogmoto\/files\/2012\/07\/6a00d83451b18369e20120a4d011cb970b-popup.png\"><img decoding=\"async\" alt=\"Ranker_09\" class=\"at-xid-6a00d83451b18369e20120a4d011cb970b \" src=\"http:\/\/blogs.thesocialmedia.com\/leblogmoto\/files\/2012\/07\/6a00d83451b18369e20120a4d011cb970b-500wi.jpg\" style=\"width: 470px\" \/><\/a> <\/p>\n<p><a href=\"http:\/\/blogs.thesocialmedia.com\/leblogmoto\/files\/2012\/07\/6a00d83451b18369e20120a4d0119a970b-popup.png\"><img decoding=\"async\" alt=\"Ranker_10\" class=\"at-xid-6a00d83451b18369e20120a4d0119a970b \" src=\"http:\/\/blogs.thesocialmedia.com\/leblogmoto\/files\/2012\/07\/6a00d83451b18369e20120a4d0119a970b-500wi.jpg\" style=\"width: 470px\" \/><\/a> <\/p>\n<p><a href=\"http:\/\/blogs.thesocialmedia.com\/leblogmoto\/files\/2012\/07\/6a00d83451b18369e20120a5274789970c-popup.png\"><img decoding=\"async\" alt=\"Ranker_11\" class=\"at-xid-6a00d83451b18369e20120a5274789970c \" src=\"http:\/\/blogs.thesocialmedia.com\/leblogmoto\/files\/2012\/07\/6a00d83451b18369e20120a5274789970c-500wi.jpg\" style=\"width: 470px\" \/><\/a> <\/p>\n<p><a href=\"http:\/\/blogs.thesocialmedia.com\/leblogmoto\/files\/2012\/07\/6a00d83451b18369e20120a4d0112e970b-popup.png\"><img decoding=\"async\" alt=\"Ranker_12\" class=\"at-xid-6a00d83451b18369e20120a4d0112e970b \" src=\"http:\/\/blogs.thesocialmedia.com\/leblogmoto\/files\/2012\/07\/6a00d83451b18369e20120a4d0112e970b-500wi.jpg\" style=\"width: 470px\" \/><\/a> <\/p>\n<p><a href=\"http:\/\/blogs.thesocialmedia.com\/leblogmoto\/files\/2012\/07\/6a00d83451b18369e20120a527470c970c-popup.png\"><img decoding=\"async\" alt=\"Ranker_13\" class=\"at-xid-6a00d83451b18369e20120a527470c970c \" src=\"http:\/\/blogs.thesocialmedia.com\/leblogmoto\/files\/2012\/07\/6a00d83451b18369e20120a527470c970c-500wi.jpg\" style=\"width: 470px\" \/><\/a> <\/p>\n","protected":false},"excerpt":{"rendered":"<p>Attirer par la plastique (retouch\u00e9e?) de Helena Christensen en couverture du magazine Citizen K, ce sont plut\u00f4t les Triumph des poseurs de la c\u00f4te ouest-am\u00e9ricaine qui m&#039;ont retenu quelques instants. Mis en sc\u00e8ne par un publicitaire, Kristian Ranker et en mots par un vendeur de musique, Errol Kolosine, ces jeunes gens qui en font trop [&hellip;]<\/p>\n","protected":false},"author":325,"featured_media":14066,"comment_status":"open","ping_status":"open","sticky":false,"template":"","format":"standard","meta":{"footnotes":""},"categories":[13,8,54],"tags":[],"class_list":["post-67","post","type-post","status-publish","format-standard","has-post-thumbnail","hentry","category-aventure","category-chaines-et-cuirs","category-triumph"],"yoast_head":"<!-- This site is optimized with the Yoast SEO plugin v26.0 - https:\/\/yoast.com\/wordpress\/plugins\/seo\/ -->\n<title>Album du vendredi - Prendre la pose \u00e0 LA - leblogmoto.com<\/title>\n<meta name=\"robots\" content=\"index, follow, max-snippet:-1, max-image-preview:large, max-video-preview:-1\" \/>\n<link rel=\"canonical\" href=\"https:\/\/blogs.thesocialmedia.com\/leblogmoto\/2009\/08\/07\/a\/\" \/>\n<meta name=\"twitter:card\" content=\"summary_large_image\" \/>\n<meta name=\"twitter:title\" content=\"Album du vendredi - Prendre la pose \u00e0 LA - leblogmoto.com\" \/>\n<meta name=\"twitter:description\" content=\"Attirer par la plastique (retouch\u00e9e?) de Helena Christensen en couverture du magazine Citizen K, ce sont plut\u00f4t les Triumph des poseurs de la c\u00f4te ouest-am\u00e9ricaine qui m&#039;ont retenu quelques instants. Mis en sc\u00e8ne par un publicitaire, Kristian Ranker et en mots par un vendeur de musique, Errol Kolosine, ces jeunes gens qui en font trop [&hellip;]\" \/>\n<meta name=\"twitter:image\" content=\"https:\/\/blogs.thesocialmedia.com\/leblogmoto\/files\/2012\/07\/6a00d83451b18369e20120a52746cf970c-500wi.jpg\" \/>\n<meta name=\"twitter:label1\" content=\"\u00c9crit par\" \/>\n\t<meta name=\"twitter:data1\" content=\"jacques lesage\" \/>\n\t<meta name=\"twitter:label2\" content=\"Dur\u00e9e de lecture estim\u00e9e\" \/>\n\t<meta name=\"twitter:data2\" content=\"1 minute\" \/>\n<script type=\"application\/ld+json\" class=\"yoast-schema-graph\">{\"@context\":\"https:\/\/schema.org\",\"@graph\":[{\"@type\":\"WebPage\",\"@id\":\"https:\/\/blogs.thesocialmedia.com\/leblogmoto\/2009\/08\/07\/a\/\",\"url\":\"https:\/\/blogs.thesocialmedia.com\/leblogmoto\/2009\/08\/07\/a\/\",\"name\":\"Album du vendredi - Prendre la pose \u00e0 LA - leblogmoto.com\",\"isPartOf\":{\"@id\":\"https:\/\/blogs.thesocialmedia.com\/leblogmoto\/#website\"},\"primaryImageOfPage\":{\"@id\":\"https:\/\/blogs.thesocialmedia.com\/leblogmoto\/2009\/08\/07\/a\/#primaryimage\"},\"image\":{\"@id\":\"https:\/\/blogs.thesocialmedia.com\/leblogmoto\/2009\/08\/07\/a\/#primaryimage\"},\"thumbnailUrl\":\"https:\/\/blogs.thesocialmedia.com\/leblogmoto\/files\/2012\/07\/6a00d83451b18369e20120a52746cf970c-500wi.jpg\",\"datePublished\":\"2009-08-07T04:25:14+00:00\",\"dateModified\":\"2012-07-11T17:36:55+00:00\",\"author\":{\"@id\":\"https:\/\/blogs.thesocialmedia.com\/leblogmoto\/#\/schema\/person\/e82a0ca8a9a63d031586097a3ed58526\"},\"breadcrumb\":{\"@id\":\"https:\/\/blogs.thesocialmedia.com\/leblogmoto\/2009\/08\/07\/a\/#breadcrumb\"},\"inLanguage\":\"fr-FR\",\"potentialAction\":[{\"@type\":\"ReadAction\",\"target\":[\"https:\/\/blogs.thesocialmedia.com\/leblogmoto\/2009\/08\/07\/a\/\"]}]},{\"@type\":\"ImageObject\",\"inLanguage\":\"fr-FR\",\"@id\":\"https:\/\/blogs.thesocialmedia.com\/leblogmoto\/2009\/08\/07\/a\/#primaryimage\",\"url\":\"https:\/\/blogs.thesocialmedia.com\/leblogmoto\/files\/2012\/07\/6a00d83451b18369e20120a52746cf970c-500wi.jpg\",\"contentUrl\":\"https:\/\/blogs.thesocialmedia.com\/leblogmoto\/files\/2012\/07\/6a00d83451b18369e20120a52746cf970c-500wi.jpg\",\"width\":\"500\",\"height\":\"375\"},{\"@type\":\"BreadcrumbList\",\"@id\":\"https:\/\/blogs.thesocialmedia.com\/leblogmoto\/2009\/08\/07\/a\/#breadcrumb\",\"itemListElement\":[{\"@type\":\"ListItem\",\"position\":1,\"name\":\"Accueil\",\"item\":\"https:\/\/blogs.thesocialmedia.com\/leblogmoto\/\"},{\"@type\":\"ListItem\",\"position\":2,\"name\":\"Album du vendredi &#8211; Prendre la pose \u00e0 LA\"}]},{\"@type\":\"WebSite\",\"@id\":\"https:\/\/blogs.thesocialmedia.com\/leblogmoto\/#website\",\"url\":\"https:\/\/blogs.thesocialmedia.com\/leblogmoto\/\",\"name\":\"leblogmoto\",\"description\":\"Toute l&#039;actualit\u00e9 des 2 roues\",\"potentialAction\":[{\"@type\":\"SearchAction\",\"target\":{\"@type\":\"EntryPoint\",\"urlTemplate\":\"https:\/\/blogs.thesocialmedia.com\/leblogmoto\/?s={search_term_string}\"},\"query-input\":{\"@type\":\"PropertyValueSpecification\",\"valueRequired\":true,\"valueName\":\"search_term_string\"}}],\"inLanguage\":\"fr-FR\"},{\"@type\":\"Person\",\"@id\":\"https:\/\/blogs.thesocialmedia.com\/leblogmoto\/#\/schema\/person\/e82a0ca8a9a63d031586097a3ed58526\",\"name\":\"jacques lesage\",\"image\":{\"@type\":\"ImageObject\",\"inLanguage\":\"fr-FR\",\"@id\":\"https:\/\/blogs.thesocialmedia.com\/leblogmoto\/#\/schema\/person\/image\/\",\"url\":\"https:\/\/secure.gravatar.com\/avatar\/?s=96&d=mm&r=g\",\"contentUrl\":\"https:\/\/secure.gravatar.com\/avatar\/?s=96&d=mm&r=g\",\"caption\":\"jacques lesage\"},\"url\":\"https:\/\/blogs.thesocialmedia.com\/leblogmoto\/author\/jacques-lesage\/\"}]}<\/script>\n<!-- \/ Yoast SEO plugin. -->","yoast_head_json":{"title":"Album du vendredi - Prendre la pose \u00e0 LA - leblogmoto.com","robots":{"index":"index","follow":"follow","max-snippet":"max-snippet:-1","max-image-preview":"max-image-preview:large","max-video-preview":"max-video-preview:-1"},"canonical":"https:\/\/blogs.thesocialmedia.com\/leblogmoto\/2009\/08\/07\/a\/","twitter_card":"summary_large_image","twitter_title":"Album du vendredi - Prendre la pose \u00e0 LA - leblogmoto.com","twitter_description":"Attirer par la plastique (retouch\u00e9e?) de Helena Christensen en couverture du magazine Citizen K, ce sont plut\u00f4t les Triumph des poseurs de la c\u00f4te ouest-am\u00e9ricaine qui m&#039;ont retenu quelques instants. Mis en sc\u00e8ne par un publicitaire, Kristian Ranker et en mots par un vendeur de musique, Errol Kolosine, ces jeunes gens qui en font trop [&hellip;]","twitter_image":"https:\/\/blogs.thesocialmedia.com\/leblogmoto\/files\/2012\/07\/6a00d83451b18369e20120a52746cf970c-500wi.jpg","twitter_misc":{"\u00c9crit par":"jacques lesage","Dur\u00e9e de lecture estim\u00e9e":"1 minute"},"schema":{"@context":"https:\/\/schema.org","@graph":[{"@type":"WebPage","@id":"https:\/\/blogs.thesocialmedia.com\/leblogmoto\/2009\/08\/07\/a\/","url":"https:\/\/blogs.thesocialmedia.com\/leblogmoto\/2009\/08\/07\/a\/","name":"Album du vendredi - Prendre la pose \u00e0 LA - leblogmoto.com","isPartOf":{"@id":"https:\/\/blogs.thesocialmedia.com\/leblogmoto\/#website"},"primaryImageOfPage":{"@id":"https:\/\/blogs.thesocialmedia.com\/leblogmoto\/2009\/08\/07\/a\/#primaryimage"},"image":{"@id":"https:\/\/blogs.thesocialmedia.com\/leblogmoto\/2009\/08\/07\/a\/#primaryimage"},"thumbnailUrl":"https:\/\/blogs.thesocialmedia.com\/leblogmoto\/files\/2012\/07\/6a00d83451b18369e20120a52746cf970c-500wi.jpg","datePublished":"2009-08-07T04:25:14+00:00","dateModified":"2012-07-11T17:36:55+00:00","author":{"@id":"https:\/\/blogs.thesocialmedia.com\/leblogmoto\/#\/schema\/person\/e82a0ca8a9a63d031586097a3ed58526"},"breadcrumb":{"@id":"https:\/\/blogs.thesocialmedia.com\/leblogmoto\/2009\/08\/07\/a\/#breadcrumb"},"inLanguage":"fr-FR","potentialAction":[{"@type":"ReadAction","target":["https:\/\/blogs.thesocialmedia.com\/leblogmoto\/2009\/08\/07\/a\/"]}]},{"@type":"ImageObject","inLanguage":"fr-FR","@id":"https:\/\/blogs.thesocialmedia.com\/leblogmoto\/2009\/08\/07\/a\/#primaryimage","url":"https:\/\/blogs.thesocialmedia.com\/leblogmoto\/files\/2012\/07\/6a00d83451b18369e20120a52746cf970c-500wi.jpg","contentUrl":"https:\/\/blogs.thesocialmedia.com\/leblogmoto\/files\/2012\/07\/6a00d83451b18369e20120a52746cf970c-500wi.jpg","width":"500","height":"375"},{"@type":"BreadcrumbList","@id":"https:\/\/blogs.thesocialmedia.com\/leblogmoto\/2009\/08\/07\/a\/#breadcrumb","itemListElement":[{"@type":"ListItem","position":1,"name":"Accueil","item":"https:\/\/blogs.thesocialmedia.com\/leblogmoto\/"},{"@type":"ListItem","position":2,"name":"Album du vendredi &#8211; Prendre la pose \u00e0 LA"}]},{"@type":"WebSite","@id":"https:\/\/blogs.thesocialmedia.com\/leblogmoto\/#website","url":"https:\/\/blogs.thesocialmedia.com\/leblogmoto\/","name":"leblogmoto","description":"Toute l&#039;actualit\u00e9 des 2 roues","potentialAction":[{"@type":"SearchAction","target":{"@type":"EntryPoint","urlTemplate":"https:\/\/blogs.thesocialmedia.com\/leblogmoto\/?s={search_term_string}"},"query-input":{"@type":"PropertyValueSpecification","valueRequired":true,"valueName":"search_term_string"}}],"inLanguage":"fr-FR"},{"@type":"Person","@id":"https:\/\/blogs.thesocialmedia.com\/leblogmoto\/#\/schema\/person\/e82a0ca8a9a63d031586097a3ed58526","name":"jacques lesage","image":{"@type":"ImageObject","inLanguage":"fr-FR","@id":"https:\/\/blogs.thesocialmedia.com\/leblogmoto\/#\/schema\/person\/image\/","url":"https:\/\/secure.gravatar.com\/avatar\/?s=96&d=mm&r=g","contentUrl":"https:\/\/secure.gravatar.com\/avatar\/?s=96&d=mm&r=g","caption":"jacques lesage"},"url":"https:\/\/blogs.thesocialmedia.com\/leblogmoto\/author\/jacques-lesage\/"}]}},"_links":{"self":[{"href":"https:\/\/blogs.thesocialmedia.com\/leblogmoto\/wp-json\/wp\/v2\/posts\/67","targetHints":{"allow":["GET"]}}],"collection":[{"href":"https:\/\/blogs.thesocialmedia.com\/leblogmoto\/wp-json\/wp\/v2\/posts"}],"about":[{"href":"https:\/\/blogs.thesocialmedia.com\/leblogmoto\/wp-json\/wp\/v2\/types\/post"}],"author":[{"embeddable":true,"href":"https:\/\/blogs.thesocialmedia.com\/leblogmoto\/wp-json\/wp\/v2\/users\/325"}],"replies":[{"embeddable":true,"href":"https:\/\/blogs.thesocialmedia.com\/leblogmoto\/wp-json\/wp\/v2\/comments?post=67"}],"version-history":[{"count":2,"href":"https:\/\/blogs.thesocialmedia.com\/leblogmoto\/wp-json\/wp\/v2\/posts\/67\/revisions"}],"predecessor-version":[{"id":14087,"href":"https:\/\/blogs.thesocialmedia.com\/leblogmoto\/wp-json\/wp\/v2\/posts\/67\/revisions\/14087"}],"wp:featuredmedia":[{"embeddable":true,"href":"https:\/\/blogs.thesocialmedia.com\/leblogmoto\/wp-json\/wp\/v2\/media\/14066"}],"wp:attachment":[{"href":"https:\/\/blogs.thesocialmedia.com\/leblogmoto\/wp-json\/wp\/v2\/media?parent=67"}],"wp:term":[{"taxonomy":"category","embeddable":true,"href":"https:\/\/blogs.thesocialmedia.com\/leblogmoto\/wp-json\/wp\/v2\/categories?post=67"},{"taxonomy":"post_tag","embeddable":true,"href":"https:\/\/blogs.thesocialmedia.com\/leblogmoto\/wp-json\/wp\/v2\/tags?post=67"}],"curies":[{"name":"wp","href":"https:\/\/api.w.org\/{rel}","templated":true}]}}