{"id":672,"date":"2008-05-29T08:56:27","date_gmt":"2008-05-29T08:56:27","guid":{"rendered":"http:\/\/blogs.thesocialmedia.com\/leblogmoto\/2008\/05\/29\/concept-yamaha\/"},"modified":"2012-07-11T15:50:45","modified_gmt":"2012-07-11T15:50:45","slug":"concept-yamaha","status":"publish","type":"post","link":"https:\/\/blogs.thesocialmedia.com\/leblogmoto\/2008\/05\/29\/concept-yamaha\/","title":{"rendered":"Le concept Yamaha Deus Ex Machina de Jake Loniak."},"content":{"rendered":"<p><a href=\"http:\/\/blogs.thesocialmedia.com\/leblogmoto\/files\/2012\/07\/wearablecycle4.jpg\"><img loading=\"lazy\" decoding=\"async\" width=\"470\" height=\"270\"  alt=\"Wearablecycle4\" src=\"http:\/\/www.leblogmoto.com\/images\/2008\/05\/28\/wearablecycle4.jpg\" \/><\/a><br \/><a href=\"http:\/\/blogs.thesocialmedia.com\/leblogmoto\/files\/2012\/07\/wearablecycle1_4.jpg\"><img loading=\"lazy\" decoding=\"async\" width=\"470\" height=\"352\"  alt=\"Wearablecycle1_4\" src=\"http:\/\/www.leblogmoto.com\/images\/2008\/05\/28\/wearablecycle1_4.jpg\" \/><\/a> <\/p>\n<p>Un signe (du pied) en remerciement \u00e0 <a href=\"http:\/\/www.gizmodo.fr\/\">Gizmodo<\/a>, blog pour <em>geeks<\/em> o\u00f9 nous sommes tomb\u00e9s sur cette combinaison entre un trike, un Segway, et un <a href=\"http:\/\/fr.wikipedia.org\/wiki\/Exosquelette\">exosquelette<\/a> motoris\u00e9. Cette chim\u00e8re est issue de l&rsquo;imagination fertile de Jake Loniak, \u00e9tudiant au Centre d&rsquo;Art de Pasadena en Californie. Le concept-bike appel\u00e9 Deus Ex Machina est selon nos voisins, m\u00fb par des ultra-capaciteurs et dop\u00e9 par des batteries au nano-phosphate (similaires \u00e0 celles d\u00e9j\u00e0 utilis\u00e9es dans les v\u00e9hicules hybrides) et par 36 muscles pneumatiques, contr\u00f4l\u00e9s par 2 canaux de moelle \u00e9pini\u00e8re parall\u00e8les qui courent le long de sept vert\u00e8bres artificielles. &quot;M\u00eame le casque vient se fixer pneumatiquement.&quot; Bigre, moi qui croyais \u00eatre blas\u00e9 en concept-bike. <\/p>\n<p><a href=\"http:\/\/clabedan.typepad.com\/.shared\/image.html?\/photos\/uncategorized\/2008\/05\/28\/wearablecycle6.jpg\"><img loading=\"lazy\" decoding=\"async\" width=\"470\" height=\"182\"  alt=\"Wearablecycle6\" src=\"http:\/\/www.leblogmoto.com\/images\/2008\/05\/28\/wearablecycle6.jpg\" \/><\/a><\/p>\n<p> On croirait cet hybride directement sorti du manga <a href=\"http:\/\/fr.wikipedia.org\/wiki\/Ghost_in_the_Shell\">Ghost In The Shell<\/a>, ou d&rsquo;un album de Spiderman avec le <a href=\"http:\/\/en.wikipedia.org\/wiki\/Doctor_Octopus\">docteur Octopus<\/a>. Un petit sch\u00e9ma, ci-dessus, pour comprendre l&rsquo;acc\u00e9l\u00e9ration, et ses phases. Je citais en pr\u00e9ambule des v\u00e9hicules bien connus de nos lecteurs, mais il y a dans l&rsquo;attitude du conducteur du Deus, un peu du pilote de deltaplane, notamment dans la position adopt\u00e9e, comme &quot;suspendue&quot;.<\/p>\n<p>Loniak nous promet un 0-60 mph en 3 secondes. On objectera que cela ne lui co\u00fbte rien de chronom\u00e9trer un d\u00e9part-arr\u00eat\u00e9 en r\u00eavant, les yeux ferm\u00e9s, de prendre place aux commandes virtuelles de sa cr\u00e9ation. Sa vitesse maximale serait de 120 km\/h (le papier rose dans le portefeuille vous salue bien bas), et il <a href=\"http:\/\/www.greencardesign.co.uk\/site\/item.php?id=1210936143&amp;category=news&amp;subcat=\">serait dot\u00e9<\/a> d&rsquo;une autonomie d&rsquo;une heure pour 15 minutes de charge. <\/p>\n<p><a href=\"http:\/\/clabedan.typepad.com\/.shared\/image.html?\/photos\/uncategorized\/2008\/05\/28\/wearablecycle5.jpg\"><img loading=\"lazy\" decoding=\"async\" width=\"470\" height=\"587\"  alt=\"Wearablecycle5\" src=\"http:\/\/www.leblogmoto.com\/images\/2008\/05\/28\/wearablecycle5.jpg\" \/><\/a> <\/p>\n","protected":false},"excerpt":{"rendered":"<p>Un signe (du pied) en remerciement \u00e0 Gizmodo, blog pour geeks o\u00f9 nous sommes tomb\u00e9s sur cette combinaison entre un trike, un Segway, et un exosquelette motoris\u00e9. Cette chim\u00e8re est issue de l&rsquo;imagination fertile de Jake Loniak, \u00e9tudiant au Centre d&rsquo;Art de Pasadena en Californie. Le concept-bike appel\u00e9 Deus Ex Machina est selon nos voisins, [&hellip;]<\/p>\n","protected":false},"author":324,"featured_media":0,"comment_status":"open","ping_status":"open","sticky":false,"template":"","format":"standard","meta":{"footnotes":""},"categories":[49,30,33,52,44],"tags":[],"class_list":["post-672","post","type-post","status-publish","format-standard","hentry","category-actualites-entreprise","category-bio-carburantsvehicules-propres","category-concept-bike","category-trike","category-yamaha"],"yoast_head":"<!-- This site is optimized with the Yoast SEO plugin v26.0 - https:\/\/yoast.com\/wordpress\/plugins\/seo\/ -->\n<title>Le concept Yamaha Deus Ex Machina de Jake Loniak. - leblogmoto.com<\/title>\n<meta name=\"robots\" content=\"index, follow, max-snippet:-1, max-image-preview:large, max-video-preview:-1\" \/>\n<link rel=\"canonical\" href=\"https:\/\/blogs.thesocialmedia.com\/leblogmoto\/2008\/05\/29\/concept-yamaha\/\" \/>\n<meta name=\"twitter:card\" content=\"summary_large_image\" \/>\n<meta name=\"twitter:title\" content=\"Le concept Yamaha Deus Ex Machina de Jake Loniak. - leblogmoto.com\" \/>\n<meta name=\"twitter:description\" content=\"Un signe (du pied) en remerciement \u00e0 Gizmodo, blog pour geeks o\u00f9 nous sommes tomb\u00e9s sur cette combinaison entre un trike, un Segway, et un exosquelette motoris\u00e9. Cette chim\u00e8re est issue de l&rsquo;imagination fertile de Jake Loniak, \u00e9tudiant au Centre d&rsquo;Art de Pasadena en Californie. Le concept-bike appel\u00e9 Deus Ex Machina est selon nos voisins, [&hellip;]\" \/>\n<meta name=\"twitter:image\" content=\"http:\/\/www.leblogmoto.com\/images\/2008\/05\/28\/wearablecycle4.jpg\" \/>\n<meta name=\"twitter:label1\" content=\"\u00c9crit par\" \/>\n\t<meta name=\"twitter:data1\" content=\"benoit rieu\" \/>\n\t<meta name=\"twitter:label2\" content=\"Dur\u00e9e de lecture estim\u00e9e\" \/>\n\t<meta name=\"twitter:data2\" content=\"1 minute\" \/>\n<script type=\"application\/ld+json\" class=\"yoast-schema-graph\">{\"@context\":\"https:\/\/schema.org\",\"@graph\":[{\"@type\":\"WebPage\",\"@id\":\"https:\/\/blogs.thesocialmedia.com\/leblogmoto\/2008\/05\/29\/concept-yamaha\/\",\"url\":\"https:\/\/blogs.thesocialmedia.com\/leblogmoto\/2008\/05\/29\/concept-yamaha\/\",\"name\":\"Le concept Yamaha Deus Ex Machina de Jake Loniak. - leblogmoto.com\",\"isPartOf\":{\"@id\":\"https:\/\/blogs.thesocialmedia.com\/leblogmoto\/#website\"},\"primaryImageOfPage\":{\"@id\":\"https:\/\/blogs.thesocialmedia.com\/leblogmoto\/2008\/05\/29\/concept-yamaha\/#primaryimage\"},\"image\":{\"@id\":\"https:\/\/blogs.thesocialmedia.com\/leblogmoto\/2008\/05\/29\/concept-yamaha\/#primaryimage\"},\"thumbnailUrl\":\"http:\/\/www.leblogmoto.com\/images\/2008\/05\/28\/wearablecycle4.jpg\",\"datePublished\":\"2008-05-29T08:56:27+00:00\",\"dateModified\":\"2012-07-11T15:50:45+00:00\",\"author\":{\"@id\":\"https:\/\/blogs.thesocialmedia.com\/leblogmoto\/#\/schema\/person\/18bfe773e5725ed6d24f743da805362a\"},\"breadcrumb\":{\"@id\":\"https:\/\/blogs.thesocialmedia.com\/leblogmoto\/2008\/05\/29\/concept-yamaha\/#breadcrumb\"},\"inLanguage\":\"fr-FR\",\"potentialAction\":[{\"@type\":\"ReadAction\",\"target\":[\"https:\/\/blogs.thesocialmedia.com\/leblogmoto\/2008\/05\/29\/concept-yamaha\/\"]}]},{\"@type\":\"ImageObject\",\"inLanguage\":\"fr-FR\",\"@id\":\"https:\/\/blogs.thesocialmedia.com\/leblogmoto\/2008\/05\/29\/concept-yamaha\/#primaryimage\",\"url\":\"http:\/\/www.leblogmoto.com\/images\/2008\/05\/28\/wearablecycle4.jpg\",\"contentUrl\":\"http:\/\/www.leblogmoto.com\/images\/2008\/05\/28\/wearablecycle4.jpg\"},{\"@type\":\"BreadcrumbList\",\"@id\":\"https:\/\/blogs.thesocialmedia.com\/leblogmoto\/2008\/05\/29\/concept-yamaha\/#breadcrumb\",\"itemListElement\":[{\"@type\":\"ListItem\",\"position\":1,\"name\":\"Accueil\",\"item\":\"https:\/\/blogs.thesocialmedia.com\/leblogmoto\/\"},{\"@type\":\"ListItem\",\"position\":2,\"name\":\"Le concept Yamaha Deus Ex Machina de Jake Loniak.\"}]},{\"@type\":\"WebSite\",\"@id\":\"https:\/\/blogs.thesocialmedia.com\/leblogmoto\/#website\",\"url\":\"https:\/\/blogs.thesocialmedia.com\/leblogmoto\/\",\"name\":\"leblogmoto\",\"description\":\"Toute l&#039;actualit\u00e9 des 2 roues\",\"potentialAction\":[{\"@type\":\"SearchAction\",\"target\":{\"@type\":\"EntryPoint\",\"urlTemplate\":\"https:\/\/blogs.thesocialmedia.com\/leblogmoto\/?s={search_term_string}\"},\"query-input\":{\"@type\":\"PropertyValueSpecification\",\"valueRequired\":true,\"valueName\":\"search_term_string\"}}],\"inLanguage\":\"fr-FR\"},{\"@type\":\"Person\",\"@id\":\"https:\/\/blogs.thesocialmedia.com\/leblogmoto\/#\/schema\/person\/18bfe773e5725ed6d24f743da805362a\",\"name\":\"benoit rieu\",\"image\":{\"@type\":\"ImageObject\",\"inLanguage\":\"fr-FR\",\"@id\":\"https:\/\/blogs.thesocialmedia.com\/leblogmoto\/#\/schema\/person\/image\/\",\"url\":\"https:\/\/secure.gravatar.com\/avatar\/?s=96&d=mm&r=g\",\"contentUrl\":\"https:\/\/secure.gravatar.com\/avatar\/?s=96&d=mm&r=g\",\"caption\":\"benoit rieu\"},\"url\":\"https:\/\/blogs.thesocialmedia.com\/leblogmoto\/author\/benoit-rieu\/\"}]}<\/script>\n<!-- \/ Yoast SEO plugin. -->","yoast_head_json":{"title":"Le concept Yamaha Deus Ex Machina de Jake Loniak. - leblogmoto.com","robots":{"index":"index","follow":"follow","max-snippet":"max-snippet:-1","max-image-preview":"max-image-preview:large","max-video-preview":"max-video-preview:-1"},"canonical":"https:\/\/blogs.thesocialmedia.com\/leblogmoto\/2008\/05\/29\/concept-yamaha\/","twitter_card":"summary_large_image","twitter_title":"Le concept Yamaha Deus Ex Machina de Jake Loniak. - leblogmoto.com","twitter_description":"Un signe (du pied) en remerciement \u00e0 Gizmodo, blog pour geeks o\u00f9 nous sommes tomb\u00e9s sur cette combinaison entre un trike, un Segway, et un exosquelette motoris\u00e9. Cette chim\u00e8re est issue de l&rsquo;imagination fertile de Jake Loniak, \u00e9tudiant au Centre d&rsquo;Art de Pasadena en Californie. Le concept-bike appel\u00e9 Deus Ex Machina est selon nos voisins, [&hellip;]","twitter_image":"http:\/\/www.leblogmoto.com\/images\/2008\/05\/28\/wearablecycle4.jpg","twitter_misc":{"\u00c9crit par":"benoit rieu","Dur\u00e9e de lecture estim\u00e9e":"1 minute"},"schema":{"@context":"https:\/\/schema.org","@graph":[{"@type":"WebPage","@id":"https:\/\/blogs.thesocialmedia.com\/leblogmoto\/2008\/05\/29\/concept-yamaha\/","url":"https:\/\/blogs.thesocialmedia.com\/leblogmoto\/2008\/05\/29\/concept-yamaha\/","name":"Le concept Yamaha Deus Ex Machina de Jake Loniak. - leblogmoto.com","isPartOf":{"@id":"https:\/\/blogs.thesocialmedia.com\/leblogmoto\/#website"},"primaryImageOfPage":{"@id":"https:\/\/blogs.thesocialmedia.com\/leblogmoto\/2008\/05\/29\/concept-yamaha\/#primaryimage"},"image":{"@id":"https:\/\/blogs.thesocialmedia.com\/leblogmoto\/2008\/05\/29\/concept-yamaha\/#primaryimage"},"thumbnailUrl":"http:\/\/www.leblogmoto.com\/images\/2008\/05\/28\/wearablecycle4.jpg","datePublished":"2008-05-29T08:56:27+00:00","dateModified":"2012-07-11T15:50:45+00:00","author":{"@id":"https:\/\/blogs.thesocialmedia.com\/leblogmoto\/#\/schema\/person\/18bfe773e5725ed6d24f743da805362a"},"breadcrumb":{"@id":"https:\/\/blogs.thesocialmedia.com\/leblogmoto\/2008\/05\/29\/concept-yamaha\/#breadcrumb"},"inLanguage":"fr-FR","potentialAction":[{"@type":"ReadAction","target":["https:\/\/blogs.thesocialmedia.com\/leblogmoto\/2008\/05\/29\/concept-yamaha\/"]}]},{"@type":"ImageObject","inLanguage":"fr-FR","@id":"https:\/\/blogs.thesocialmedia.com\/leblogmoto\/2008\/05\/29\/concept-yamaha\/#primaryimage","url":"http:\/\/www.leblogmoto.com\/images\/2008\/05\/28\/wearablecycle4.jpg","contentUrl":"http:\/\/www.leblogmoto.com\/images\/2008\/05\/28\/wearablecycle4.jpg"},{"@type":"BreadcrumbList","@id":"https:\/\/blogs.thesocialmedia.com\/leblogmoto\/2008\/05\/29\/concept-yamaha\/#breadcrumb","itemListElement":[{"@type":"ListItem","position":1,"name":"Accueil","item":"https:\/\/blogs.thesocialmedia.com\/leblogmoto\/"},{"@type":"ListItem","position":2,"name":"Le concept Yamaha Deus Ex Machina de Jake Loniak."}]},{"@type":"WebSite","@id":"https:\/\/blogs.thesocialmedia.com\/leblogmoto\/#website","url":"https:\/\/blogs.thesocialmedia.com\/leblogmoto\/","name":"leblogmoto","description":"Toute l&#039;actualit\u00e9 des 2 roues","potentialAction":[{"@type":"SearchAction","target":{"@type":"EntryPoint","urlTemplate":"https:\/\/blogs.thesocialmedia.com\/leblogmoto\/?s={search_term_string}"},"query-input":{"@type":"PropertyValueSpecification","valueRequired":true,"valueName":"search_term_string"}}],"inLanguage":"fr-FR"},{"@type":"Person","@id":"https:\/\/blogs.thesocialmedia.com\/leblogmoto\/#\/schema\/person\/18bfe773e5725ed6d24f743da805362a","name":"benoit rieu","image":{"@type":"ImageObject","inLanguage":"fr-FR","@id":"https:\/\/blogs.thesocialmedia.com\/leblogmoto\/#\/schema\/person\/image\/","url":"https:\/\/secure.gravatar.com\/avatar\/?s=96&d=mm&r=g","contentUrl":"https:\/\/secure.gravatar.com\/avatar\/?s=96&d=mm&r=g","caption":"benoit rieu"},"url":"https:\/\/blogs.thesocialmedia.com\/leblogmoto\/author\/benoit-rieu\/"}]}},"_links":{"self":[{"href":"https:\/\/blogs.thesocialmedia.com\/leblogmoto\/wp-json\/wp\/v2\/posts\/672","targetHints":{"allow":["GET"]}}],"collection":[{"href":"https:\/\/blogs.thesocialmedia.com\/leblogmoto\/wp-json\/wp\/v2\/posts"}],"about":[{"href":"https:\/\/blogs.thesocialmedia.com\/leblogmoto\/wp-json\/wp\/v2\/types\/post"}],"author":[{"embeddable":true,"href":"https:\/\/blogs.thesocialmedia.com\/leblogmoto\/wp-json\/wp\/v2\/users\/324"}],"replies":[{"embeddable":true,"href":"https:\/\/blogs.thesocialmedia.com\/leblogmoto\/wp-json\/wp\/v2\/comments?post=672"}],"version-history":[{"count":2,"href":"https:\/\/blogs.thesocialmedia.com\/leblogmoto\/wp-json\/wp\/v2\/posts\/672\/revisions"}],"predecessor-version":[{"id":10822,"href":"https:\/\/blogs.thesocialmedia.com\/leblogmoto\/wp-json\/wp\/v2\/posts\/672\/revisions\/10822"}],"wp:attachment":[{"href":"https:\/\/blogs.thesocialmedia.com\/leblogmoto\/wp-json\/wp\/v2\/media?parent=672"}],"wp:term":[{"taxonomy":"category","embeddable":true,"href":"https:\/\/blogs.thesocialmedia.com\/leblogmoto\/wp-json\/wp\/v2\/categories?post=672"},{"taxonomy":"post_tag","embeddable":true,"href":"https:\/\/blogs.thesocialmedia.com\/leblogmoto\/wp-json\/wp\/v2\/tags?post=672"}],"curies":[{"name":"wp","href":"https:\/\/api.w.org\/{rel}","templated":true}]}}