{"id":673,"date":"2008-05-29T07:55:37","date_gmt":"2008-05-29T07:55:37","guid":{"rendered":"http:\/\/blogs.thesocialmedia.com\/leblogmoto\/2008\/05\/29\/loi-mini-moto-l\/"},"modified":"2012-07-11T15:50:37","modified_gmt":"2012-07-11T15:50:37","slug":"loi-mini-moto-l","status":"publish","type":"post","link":"https:\/\/blogs.thesocialmedia.com\/leblogmoto\/2008\/05\/29\/loi-mini-moto-l\/","title":{"rendered":"Loi mini-motos: la FFMC entre approbation et critiques."},"content":{"rendered":"<p><a href=\"http:\/\/blogs.thesocialmedia.com\/leblogmoto\/files\/2012\/07\/moto_pocket_bike_dirt_bike.jpg\"><img loading=\"lazy\" decoding=\"async\" width=\"470\" height=\"470\"  src=\"http:\/\/www.leblogmoto.com\/images\/2008\/05\/28\/moto_pocket_bike_dirt_bike.jpg\" alt=\"Moto_pocket_bike_dirt_bike\" \/><\/a><\/p>\n<p>Selon une d\u00e9p\u00eache AFP dat\u00e9e d&rsquo;hier apr\u00e8s-midi, la F\u00e9d\u00e9ration fran\u00e7aise des Motards en Col\u00e8re consid\u00e8re que le Parlement aurait pu &quot;mieux faire&quot; concernant l&rsquo;adoption de la loi renfor\u00e7ant la l\u00e9gislation sur la vente et l&rsquo;utilisation des mini-motos (en fait la cat\u00e9gorie, comme on l&rsquo;avait <a href=\"http:\/\/www.leblogmoto.com\/2008\/02\/un-avant-got-de.html\">d\u00e9j\u00e0 not\u00e9<\/a>, est vaste et englobe les pocket bikes, les dirt bikes comme sur cette photo, les pit bikes, les mini quads&#8230;). La <a href=\"http:\/\/www.ffmc.asso.fr\/\">FFMC<\/a> reproche &#8211; ce que nous n&rsquo;avions pas relev\u00e9 lors de notre <a href=\"http:\/\/www.leblogmoto.com\/2008\/05\/le-texte-sur-le.html\">pr\u00e9c\u00e9dent commentaire<\/a> plut\u00f4t bienveillant &#8211; le fait que l&rsquo;utilisation de ces deux-roues devienne interdite sur un terrain priv\u00e9, au m\u00e9pris des libert\u00e9s individuelles. <\/p>\n<p>Ce faisant, la F\u00e9d\u00e9ration constate que &quot;Pression gouvernementale oblige, la vente des engins motoris\u00e9s de loisirs semble d\u00e9sormais plus r\u00e9glement\u00e9e que celle de l&rsquo;alcool ou du tabac*, mais c&rsquo;est surtout leur utilisation qui est consid\u00e9rablement restreinte.&quot; <\/p>\n<p>Elle regrette aussi le manque d&rsquo;\u00e9coute de certains intervenants aux d\u00e9bats. Rien d&rsquo;\u00e9tonnant, quand on conna\u00eet le <a href=\"http:\/\/www.leblogmoto.com\/2008\/02\/la-loi-sur-les.html\">climat<\/a> et la <a href=\"http:\/\/www.leblogmoto.com\/2008\/04\/vers-une-adopti.html\">c\u00e9l\u00e9rit\u00e9<\/a> avec lesquels la loi a \u00e9t\u00e9 adopt\u00e9e; on faisait \u00e9galement remarquer l&rsquo;<a href=\"http:\/\/www.leblogmoto.com\/2008\/05\/le-texte-sur-le.html\">incurie<\/a> du l\u00e9gislateur au sujet des motos, \u00e0 part des cas &#8211; exceptionnels &#8211; de parlementaires bien inform\u00e9s, voire motards pratiquants. <\/p>\n<p>La FFMC donc &quot;d\u00e9plore que les amendements qu&rsquo;elle avait formul\u00e9s en concertation avec d&rsquo;autres associations motocyclistes et syndicats de professionnels, afin d&rsquo;am\u00e9liorer cette loi, n&rsquo;aient pas \u00e9t\u00e9 pris en consid\u00e9ration.&quot;<\/p>\n<p><em>*je me permets de vous ressortir la <a href=\"http:\/\/www.leblogmoto.com\/2008\/02\/un-avant-got-de.html\">photo<\/a> pr\u00e9monitoire, il y a quelques mois, fa\u00e7on interdiction sur les paquets de cigarette, en plus soft, <\/em><em>et la question, en titre, que l&rsquo;on se posait d\u00e9j\u00e0.<br \/><\/em><\/p>\n","protected":false},"excerpt":{"rendered":"<p>Selon une d\u00e9p\u00eache AFP dat\u00e9e d&rsquo;hier apr\u00e8s-midi, la F\u00e9d\u00e9ration fran\u00e7aise des Motards en Col\u00e8re consid\u00e8re que le Parlement aurait pu &quot;mieux faire&quot; concernant l&rsquo;adoption de la loi renfor\u00e7ant la l\u00e9gislation sur la vente et l&rsquo;utilisation des mini-motos (en fait la cat\u00e9gorie, comme on l&rsquo;avait d\u00e9j\u00e0 not\u00e9, est vaste et englobe les pocket bikes, les dirt [&hellip;]<\/p>\n","protected":false},"author":324,"featured_media":0,"comment_status":"open","ping_status":"open","sticky":false,"template":"","format":"standard","meta":{"footnotes":""},"categories":[3,79,27],"tags":[],"class_list":["post-673","post","type-post","status-publish","format-standard","hentry","category-actualite","category-pocket-bike","category-securite"],"yoast_head":"<!-- This site is optimized with the Yoast SEO plugin v26.0 - https:\/\/yoast.com\/wordpress\/plugins\/seo\/ -->\n<title>Loi mini-motos: la FFMC entre approbation et critiques. - leblogmoto.com<\/title>\n<meta name=\"robots\" content=\"index, follow, max-snippet:-1, max-image-preview:large, max-video-preview:-1\" \/>\n<link rel=\"canonical\" href=\"https:\/\/blogs.thesocialmedia.com\/leblogmoto\/2008\/05\/29\/loi-mini-moto-l\/\" \/>\n<meta name=\"twitter:card\" content=\"summary_large_image\" \/>\n<meta name=\"twitter:title\" content=\"Loi mini-motos: la FFMC entre approbation et critiques. - leblogmoto.com\" \/>\n<meta name=\"twitter:description\" content=\"Selon une d\u00e9p\u00eache AFP dat\u00e9e d&rsquo;hier apr\u00e8s-midi, la F\u00e9d\u00e9ration fran\u00e7aise des Motards en Col\u00e8re consid\u00e8re que le Parlement aurait pu &quot;mieux faire&quot; concernant l&rsquo;adoption de la loi renfor\u00e7ant la l\u00e9gislation sur la vente et l&rsquo;utilisation des mini-motos (en fait la cat\u00e9gorie, comme on l&rsquo;avait d\u00e9j\u00e0 not\u00e9, est vaste et englobe les pocket bikes, les dirt [&hellip;]\" \/>\n<meta name=\"twitter:image\" content=\"http:\/\/www.leblogmoto.com\/images\/2008\/05\/28\/moto_pocket_bike_dirt_bike.jpg\" \/>\n<meta name=\"twitter:label1\" content=\"\u00c9crit par\" \/>\n\t<meta name=\"twitter:data1\" content=\"benoit rieu\" \/>\n\t<meta name=\"twitter:label2\" content=\"Dur\u00e9e de lecture estim\u00e9e\" \/>\n\t<meta name=\"twitter:data2\" content=\"2 minutes\" \/>\n<script type=\"application\/ld+json\" class=\"yoast-schema-graph\">{\"@context\":\"https:\/\/schema.org\",\"@graph\":[{\"@type\":\"WebPage\",\"@id\":\"https:\/\/blogs.thesocialmedia.com\/leblogmoto\/2008\/05\/29\/loi-mini-moto-l\/\",\"url\":\"https:\/\/blogs.thesocialmedia.com\/leblogmoto\/2008\/05\/29\/loi-mini-moto-l\/\",\"name\":\"Loi mini-motos: la FFMC entre approbation et critiques. - leblogmoto.com\",\"isPartOf\":{\"@id\":\"https:\/\/blogs.thesocialmedia.com\/leblogmoto\/#website\"},\"primaryImageOfPage\":{\"@id\":\"https:\/\/blogs.thesocialmedia.com\/leblogmoto\/2008\/05\/29\/loi-mini-moto-l\/#primaryimage\"},\"image\":{\"@id\":\"https:\/\/blogs.thesocialmedia.com\/leblogmoto\/2008\/05\/29\/loi-mini-moto-l\/#primaryimage\"},\"thumbnailUrl\":\"http:\/\/www.leblogmoto.com\/images\/2008\/05\/28\/moto_pocket_bike_dirt_bike.jpg\",\"datePublished\":\"2008-05-29T07:55:37+00:00\",\"dateModified\":\"2012-07-11T15:50:37+00:00\",\"author\":{\"@id\":\"https:\/\/blogs.thesocialmedia.com\/leblogmoto\/#\/schema\/person\/18bfe773e5725ed6d24f743da805362a\"},\"breadcrumb\":{\"@id\":\"https:\/\/blogs.thesocialmedia.com\/leblogmoto\/2008\/05\/29\/loi-mini-moto-l\/#breadcrumb\"},\"inLanguage\":\"fr-FR\",\"potentialAction\":[{\"@type\":\"ReadAction\",\"target\":[\"https:\/\/blogs.thesocialmedia.com\/leblogmoto\/2008\/05\/29\/loi-mini-moto-l\/\"]}]},{\"@type\":\"ImageObject\",\"inLanguage\":\"fr-FR\",\"@id\":\"https:\/\/blogs.thesocialmedia.com\/leblogmoto\/2008\/05\/29\/loi-mini-moto-l\/#primaryimage\",\"url\":\"http:\/\/www.leblogmoto.com\/images\/2008\/05\/28\/moto_pocket_bike_dirt_bike.jpg\",\"contentUrl\":\"http:\/\/www.leblogmoto.com\/images\/2008\/05\/28\/moto_pocket_bike_dirt_bike.jpg\"},{\"@type\":\"BreadcrumbList\",\"@id\":\"https:\/\/blogs.thesocialmedia.com\/leblogmoto\/2008\/05\/29\/loi-mini-moto-l\/#breadcrumb\",\"itemListElement\":[{\"@type\":\"ListItem\",\"position\":1,\"name\":\"Accueil\",\"item\":\"https:\/\/blogs.thesocialmedia.com\/leblogmoto\/\"},{\"@type\":\"ListItem\",\"position\":2,\"name\":\"Loi mini-motos: la FFMC entre approbation et critiques.\"}]},{\"@type\":\"WebSite\",\"@id\":\"https:\/\/blogs.thesocialmedia.com\/leblogmoto\/#website\",\"url\":\"https:\/\/blogs.thesocialmedia.com\/leblogmoto\/\",\"name\":\"leblogmoto\",\"description\":\"Toute l&#039;actualit\u00e9 des 2 roues\",\"potentialAction\":[{\"@type\":\"SearchAction\",\"target\":{\"@type\":\"EntryPoint\",\"urlTemplate\":\"https:\/\/blogs.thesocialmedia.com\/leblogmoto\/?s={search_term_string}\"},\"query-input\":{\"@type\":\"PropertyValueSpecification\",\"valueRequired\":true,\"valueName\":\"search_term_string\"}}],\"inLanguage\":\"fr-FR\"},{\"@type\":\"Person\",\"@id\":\"https:\/\/blogs.thesocialmedia.com\/leblogmoto\/#\/schema\/person\/18bfe773e5725ed6d24f743da805362a\",\"name\":\"benoit rieu\",\"image\":{\"@type\":\"ImageObject\",\"inLanguage\":\"fr-FR\",\"@id\":\"https:\/\/blogs.thesocialmedia.com\/leblogmoto\/#\/schema\/person\/image\/\",\"url\":\"https:\/\/secure.gravatar.com\/avatar\/?s=96&d=mm&r=g\",\"contentUrl\":\"https:\/\/secure.gravatar.com\/avatar\/?s=96&d=mm&r=g\",\"caption\":\"benoit rieu\"},\"url\":\"https:\/\/blogs.thesocialmedia.com\/leblogmoto\/author\/benoit-rieu\/\"}]}<\/script>\n<!-- \/ Yoast SEO plugin. -->","yoast_head_json":{"title":"Loi mini-motos: la FFMC entre approbation et critiques. - leblogmoto.com","robots":{"index":"index","follow":"follow","max-snippet":"max-snippet:-1","max-image-preview":"max-image-preview:large","max-video-preview":"max-video-preview:-1"},"canonical":"https:\/\/blogs.thesocialmedia.com\/leblogmoto\/2008\/05\/29\/loi-mini-moto-l\/","twitter_card":"summary_large_image","twitter_title":"Loi mini-motos: la FFMC entre approbation et critiques. - leblogmoto.com","twitter_description":"Selon une d\u00e9p\u00eache AFP dat\u00e9e d&rsquo;hier apr\u00e8s-midi, la F\u00e9d\u00e9ration fran\u00e7aise des Motards en Col\u00e8re consid\u00e8re que le Parlement aurait pu &quot;mieux faire&quot; concernant l&rsquo;adoption de la loi renfor\u00e7ant la l\u00e9gislation sur la vente et l&rsquo;utilisation des mini-motos (en fait la cat\u00e9gorie, comme on l&rsquo;avait d\u00e9j\u00e0 not\u00e9, est vaste et englobe les pocket bikes, les dirt [&hellip;]","twitter_image":"http:\/\/www.leblogmoto.com\/images\/2008\/05\/28\/moto_pocket_bike_dirt_bike.jpg","twitter_misc":{"\u00c9crit par":"benoit rieu","Dur\u00e9e de lecture estim\u00e9e":"2 minutes"},"schema":{"@context":"https:\/\/schema.org","@graph":[{"@type":"WebPage","@id":"https:\/\/blogs.thesocialmedia.com\/leblogmoto\/2008\/05\/29\/loi-mini-moto-l\/","url":"https:\/\/blogs.thesocialmedia.com\/leblogmoto\/2008\/05\/29\/loi-mini-moto-l\/","name":"Loi mini-motos: la FFMC entre approbation et critiques. - leblogmoto.com","isPartOf":{"@id":"https:\/\/blogs.thesocialmedia.com\/leblogmoto\/#website"},"primaryImageOfPage":{"@id":"https:\/\/blogs.thesocialmedia.com\/leblogmoto\/2008\/05\/29\/loi-mini-moto-l\/#primaryimage"},"image":{"@id":"https:\/\/blogs.thesocialmedia.com\/leblogmoto\/2008\/05\/29\/loi-mini-moto-l\/#primaryimage"},"thumbnailUrl":"http:\/\/www.leblogmoto.com\/images\/2008\/05\/28\/moto_pocket_bike_dirt_bike.jpg","datePublished":"2008-05-29T07:55:37+00:00","dateModified":"2012-07-11T15:50:37+00:00","author":{"@id":"https:\/\/blogs.thesocialmedia.com\/leblogmoto\/#\/schema\/person\/18bfe773e5725ed6d24f743da805362a"},"breadcrumb":{"@id":"https:\/\/blogs.thesocialmedia.com\/leblogmoto\/2008\/05\/29\/loi-mini-moto-l\/#breadcrumb"},"inLanguage":"fr-FR","potentialAction":[{"@type":"ReadAction","target":["https:\/\/blogs.thesocialmedia.com\/leblogmoto\/2008\/05\/29\/loi-mini-moto-l\/"]}]},{"@type":"ImageObject","inLanguage":"fr-FR","@id":"https:\/\/blogs.thesocialmedia.com\/leblogmoto\/2008\/05\/29\/loi-mini-moto-l\/#primaryimage","url":"http:\/\/www.leblogmoto.com\/images\/2008\/05\/28\/moto_pocket_bike_dirt_bike.jpg","contentUrl":"http:\/\/www.leblogmoto.com\/images\/2008\/05\/28\/moto_pocket_bike_dirt_bike.jpg"},{"@type":"BreadcrumbList","@id":"https:\/\/blogs.thesocialmedia.com\/leblogmoto\/2008\/05\/29\/loi-mini-moto-l\/#breadcrumb","itemListElement":[{"@type":"ListItem","position":1,"name":"Accueil","item":"https:\/\/blogs.thesocialmedia.com\/leblogmoto\/"},{"@type":"ListItem","position":2,"name":"Loi mini-motos: la FFMC entre approbation et critiques."}]},{"@type":"WebSite","@id":"https:\/\/blogs.thesocialmedia.com\/leblogmoto\/#website","url":"https:\/\/blogs.thesocialmedia.com\/leblogmoto\/","name":"leblogmoto","description":"Toute l&#039;actualit\u00e9 des 2 roues","potentialAction":[{"@type":"SearchAction","target":{"@type":"EntryPoint","urlTemplate":"https:\/\/blogs.thesocialmedia.com\/leblogmoto\/?s={search_term_string}"},"query-input":{"@type":"PropertyValueSpecification","valueRequired":true,"valueName":"search_term_string"}}],"inLanguage":"fr-FR"},{"@type":"Person","@id":"https:\/\/blogs.thesocialmedia.com\/leblogmoto\/#\/schema\/person\/18bfe773e5725ed6d24f743da805362a","name":"benoit rieu","image":{"@type":"ImageObject","inLanguage":"fr-FR","@id":"https:\/\/blogs.thesocialmedia.com\/leblogmoto\/#\/schema\/person\/image\/","url":"https:\/\/secure.gravatar.com\/avatar\/?s=96&d=mm&r=g","contentUrl":"https:\/\/secure.gravatar.com\/avatar\/?s=96&d=mm&r=g","caption":"benoit rieu"},"url":"https:\/\/blogs.thesocialmedia.com\/leblogmoto\/author\/benoit-rieu\/"}]}},"_links":{"self":[{"href":"https:\/\/blogs.thesocialmedia.com\/leblogmoto\/wp-json\/wp\/v2\/posts\/673","targetHints":{"allow":["GET"]}}],"collection":[{"href":"https:\/\/blogs.thesocialmedia.com\/leblogmoto\/wp-json\/wp\/v2\/posts"}],"about":[{"href":"https:\/\/blogs.thesocialmedia.com\/leblogmoto\/wp-json\/wp\/v2\/types\/post"}],"author":[{"embeddable":true,"href":"https:\/\/blogs.thesocialmedia.com\/leblogmoto\/wp-json\/wp\/v2\/users\/324"}],"replies":[{"embeddable":true,"href":"https:\/\/blogs.thesocialmedia.com\/leblogmoto\/wp-json\/wp\/v2\/comments?post=673"}],"version-history":[{"count":2,"href":"https:\/\/blogs.thesocialmedia.com\/leblogmoto\/wp-json\/wp\/v2\/posts\/673\/revisions"}],"predecessor-version":[{"id":10819,"href":"https:\/\/blogs.thesocialmedia.com\/leblogmoto\/wp-json\/wp\/v2\/posts\/673\/revisions\/10819"}],"wp:attachment":[{"href":"https:\/\/blogs.thesocialmedia.com\/leblogmoto\/wp-json\/wp\/v2\/media?parent=673"}],"wp:term":[{"taxonomy":"category","embeddable":true,"href":"https:\/\/blogs.thesocialmedia.com\/leblogmoto\/wp-json\/wp\/v2\/categories?post=673"},{"taxonomy":"post_tag","embeddable":true,"href":"https:\/\/blogs.thesocialmedia.com\/leblogmoto\/wp-json\/wp\/v2\/tags?post=673"}],"curies":[{"name":"wp","href":"https:\/\/api.w.org\/{rel}","templated":true}]}}