{"id":674,"date":"2008-05-29T00:09:19","date_gmt":"2008-05-29T00:09:19","guid":{"rendered":"http:\/\/blogs.thesocialmedia.com\/leblogmoto\/2008\/05\/29\/qui-pour-le-mug\/"},"modified":"2012-07-11T15:50:35","modified_gmt":"2012-07-11T15:50:35","slug":"qui-pour-le-mug","status":"publish","type":"post","link":"https:\/\/blogs.thesocialmedia.com\/leblogmoto\/2008\/05\/29\/qui-pour-le-mug\/","title":{"rendered":"Qui pour le Mugello, Rossi ou Ducati?"},"content":{"rendered":"<p><a href=\"http:\/\/blogs.thesocialmedia.com\/leblogmoto\/files\/2012\/07\/rossi6.jpg\"><img loading=\"lazy\" decoding=\"async\" width=\"470\" height=\"300\"  src=\"http:\/\/www.leblogmoto.com\/images\/2008\/05\/28\/rossi.jpg\" alt=\"Rossi\" \/><\/a> <\/p>\n<p>Le c\u0153ur des Italiens doit battre de travers en pr\u00e9vision de ce week-end de course sur le circuit de <a href=\"http:\/\/www.mugellocircuit.it\/\">Mugello<\/a>!<br \/>Qui choisir entre <a href=\"http:\/\/www.yamaha-racing.com\/Racing\/motogp\/rider_team\/rossi.jsp\">Valentino Rossi<\/a>, 8 fois vainqueur toute cat\u00e9gorie confondue dont six (6) en Moto GP, et Ducati, l\u2019\u00e9quipe Championne du monde, mais toujours sans victoires aucunes malgr\u00e9 des p\u00f4les sur ce circuit rapide et technique?<\/p>\n<p>Vu d\u2019ici, Rossi sur sa Fiat Yamaha M1 semble avoir une bonne longueur d\u2019avance. Il est gonfl\u00e9 \u00e0 bloc, il gagne de nouveau et m\u00e8ne le championnat.<br \/>Par ailleurs, l\u2019\u00e9quipe Marlboro Ducati semble parfois \u00e0 la peine malgr\u00e9 la victoire en ouverture de la campagne 2008.<br \/>L\u2019occasion serait pourtant belle pour <a href=\"http:\/\/www.caseystoner.com.au\/\">Casey Stoner<\/a> et Ducati de se remettre en selle, et d\u2019envoyer un message clair au cabinet du m\u00e9decin, comme quoi la sant\u00e9 va mieux.<\/p>\n<p>Et vous, qui voyez-vous sur le podium en Italie ce dimanche?<\/p>\n<p><a href=\"http:\/\/clabedan.typepad.com\/.shared\/image.html?\/photos\/uncategorized\/2008\/05\/28\/stoner.jpg\"><img loading=\"lazy\" decoding=\"async\" width=\"470\" height=\"298\"  src=\"http:\/\/www.leblogmoto.com\/images\/2008\/05\/28\/stoner.jpg\" alt=\"Stoner\" \/><\/a> <\/p>\n","protected":false},"excerpt":{"rendered":"<p>Le c\u0153ur des Italiens doit battre de travers en pr\u00e9vision de ce week-end de course sur le circuit de Mugello!Qui choisir entre Valentino Rossi, 8 fois vainqueur toute cat\u00e9gorie confondue dont six (6) en Moto GP, et Ducati, l\u2019\u00e9quipe Championne du monde, mais toujours sans victoires aucunes malgr\u00e9 des p\u00f4les sur ce circuit rapide et [&hellip;]<\/p>\n","protected":false},"author":325,"featured_media":0,"comment_status":"open","ping_status":"open","sticky":false,"template":"","format":"standard","meta":{"footnotes":""},"categories":[41,22,44],"tags":[],"class_list":["post-674","post","type-post","status-publish","format-standard","hentry","category-ducati","category-motogp","category-yamaha"],"yoast_head":"<!-- This site is optimized with the Yoast SEO plugin v26.0 - https:\/\/yoast.com\/wordpress\/plugins\/seo\/ -->\n<title>Qui pour le Mugello, Rossi ou Ducati? - leblogmoto.com<\/title>\n<meta name=\"robots\" content=\"index, follow, max-snippet:-1, max-image-preview:large, max-video-preview:-1\" \/>\n<link rel=\"canonical\" href=\"https:\/\/blogs.thesocialmedia.com\/leblogmoto\/2008\/05\/29\/qui-pour-le-mug\/\" \/>\n<meta name=\"twitter:card\" content=\"summary_large_image\" \/>\n<meta name=\"twitter:title\" content=\"Qui pour le Mugello, Rossi ou Ducati? - leblogmoto.com\" \/>\n<meta name=\"twitter:description\" content=\"Le c\u0153ur des Italiens doit battre de travers en pr\u00e9vision de ce week-end de course sur le circuit de Mugello!Qui choisir entre Valentino Rossi, 8 fois vainqueur toute cat\u00e9gorie confondue dont six (6) en Moto GP, et Ducati, l\u2019\u00e9quipe Championne du monde, mais toujours sans victoires aucunes malgr\u00e9 des p\u00f4les sur ce circuit rapide et [&hellip;]\" \/>\n<meta name=\"twitter:image\" content=\"http:\/\/www.leblogmoto.com\/images\/2008\/05\/28\/rossi.jpg\" \/>\n<meta name=\"twitter:label1\" content=\"\u00c9crit par\" \/>\n\t<meta name=\"twitter:data1\" content=\"jacques lesage\" \/>\n\t<meta name=\"twitter:label2\" content=\"Dur\u00e9e de lecture estim\u00e9e\" \/>\n\t<meta name=\"twitter:data2\" content=\"1 minute\" \/>\n<script type=\"application\/ld+json\" class=\"yoast-schema-graph\">{\"@context\":\"https:\/\/schema.org\",\"@graph\":[{\"@type\":\"WebPage\",\"@id\":\"https:\/\/blogs.thesocialmedia.com\/leblogmoto\/2008\/05\/29\/qui-pour-le-mug\/\",\"url\":\"https:\/\/blogs.thesocialmedia.com\/leblogmoto\/2008\/05\/29\/qui-pour-le-mug\/\",\"name\":\"Qui pour le Mugello, Rossi ou Ducati? - leblogmoto.com\",\"isPartOf\":{\"@id\":\"https:\/\/blogs.thesocialmedia.com\/leblogmoto\/#website\"},\"primaryImageOfPage\":{\"@id\":\"https:\/\/blogs.thesocialmedia.com\/leblogmoto\/2008\/05\/29\/qui-pour-le-mug\/#primaryimage\"},\"image\":{\"@id\":\"https:\/\/blogs.thesocialmedia.com\/leblogmoto\/2008\/05\/29\/qui-pour-le-mug\/#primaryimage\"},\"thumbnailUrl\":\"http:\/\/www.leblogmoto.com\/images\/2008\/05\/28\/rossi.jpg\",\"datePublished\":\"2008-05-29T00:09:19+00:00\",\"dateModified\":\"2012-07-11T15:50:35+00:00\",\"author\":{\"@id\":\"https:\/\/blogs.thesocialmedia.com\/leblogmoto\/#\/schema\/person\/e82a0ca8a9a63d031586097a3ed58526\"},\"breadcrumb\":{\"@id\":\"https:\/\/blogs.thesocialmedia.com\/leblogmoto\/2008\/05\/29\/qui-pour-le-mug\/#breadcrumb\"},\"inLanguage\":\"fr-FR\",\"potentialAction\":[{\"@type\":\"ReadAction\",\"target\":[\"https:\/\/blogs.thesocialmedia.com\/leblogmoto\/2008\/05\/29\/qui-pour-le-mug\/\"]}]},{\"@type\":\"ImageObject\",\"inLanguage\":\"fr-FR\",\"@id\":\"https:\/\/blogs.thesocialmedia.com\/leblogmoto\/2008\/05\/29\/qui-pour-le-mug\/#primaryimage\",\"url\":\"http:\/\/www.leblogmoto.com\/images\/2008\/05\/28\/rossi.jpg\",\"contentUrl\":\"http:\/\/www.leblogmoto.com\/images\/2008\/05\/28\/rossi.jpg\"},{\"@type\":\"BreadcrumbList\",\"@id\":\"https:\/\/blogs.thesocialmedia.com\/leblogmoto\/2008\/05\/29\/qui-pour-le-mug\/#breadcrumb\",\"itemListElement\":[{\"@type\":\"ListItem\",\"position\":1,\"name\":\"Accueil\",\"item\":\"https:\/\/blogs.thesocialmedia.com\/leblogmoto\/\"},{\"@type\":\"ListItem\",\"position\":2,\"name\":\"Qui pour le Mugello, Rossi ou Ducati?\"}]},{\"@type\":\"WebSite\",\"@id\":\"https:\/\/blogs.thesocialmedia.com\/leblogmoto\/#website\",\"url\":\"https:\/\/blogs.thesocialmedia.com\/leblogmoto\/\",\"name\":\"leblogmoto\",\"description\":\"Toute l&#039;actualit\u00e9 des 2 roues\",\"potentialAction\":[{\"@type\":\"SearchAction\",\"target\":{\"@type\":\"EntryPoint\",\"urlTemplate\":\"https:\/\/blogs.thesocialmedia.com\/leblogmoto\/?s={search_term_string}\"},\"query-input\":{\"@type\":\"PropertyValueSpecification\",\"valueRequired\":true,\"valueName\":\"search_term_string\"}}],\"inLanguage\":\"fr-FR\"},{\"@type\":\"Person\",\"@id\":\"https:\/\/blogs.thesocialmedia.com\/leblogmoto\/#\/schema\/person\/e82a0ca8a9a63d031586097a3ed58526\",\"name\":\"jacques lesage\",\"image\":{\"@type\":\"ImageObject\",\"inLanguage\":\"fr-FR\",\"@id\":\"https:\/\/blogs.thesocialmedia.com\/leblogmoto\/#\/schema\/person\/image\/\",\"url\":\"https:\/\/secure.gravatar.com\/avatar\/?s=96&d=mm&r=g\",\"contentUrl\":\"https:\/\/secure.gravatar.com\/avatar\/?s=96&d=mm&r=g\",\"caption\":\"jacques lesage\"},\"url\":\"https:\/\/blogs.thesocialmedia.com\/leblogmoto\/author\/jacques-lesage\/\"}]}<\/script>\n<!-- \/ Yoast SEO plugin. -->","yoast_head_json":{"title":"Qui pour le Mugello, Rossi ou Ducati? - leblogmoto.com","robots":{"index":"index","follow":"follow","max-snippet":"max-snippet:-1","max-image-preview":"max-image-preview:large","max-video-preview":"max-video-preview:-1"},"canonical":"https:\/\/blogs.thesocialmedia.com\/leblogmoto\/2008\/05\/29\/qui-pour-le-mug\/","twitter_card":"summary_large_image","twitter_title":"Qui pour le Mugello, Rossi ou Ducati? - leblogmoto.com","twitter_description":"Le c\u0153ur des Italiens doit battre de travers en pr\u00e9vision de ce week-end de course sur le circuit de Mugello!Qui choisir entre Valentino Rossi, 8 fois vainqueur toute cat\u00e9gorie confondue dont six (6) en Moto GP, et Ducati, l\u2019\u00e9quipe Championne du monde, mais toujours sans victoires aucunes malgr\u00e9 des p\u00f4les sur ce circuit rapide et [&hellip;]","twitter_image":"http:\/\/www.leblogmoto.com\/images\/2008\/05\/28\/rossi.jpg","twitter_misc":{"\u00c9crit par":"jacques lesage","Dur\u00e9e de lecture estim\u00e9e":"1 minute"},"schema":{"@context":"https:\/\/schema.org","@graph":[{"@type":"WebPage","@id":"https:\/\/blogs.thesocialmedia.com\/leblogmoto\/2008\/05\/29\/qui-pour-le-mug\/","url":"https:\/\/blogs.thesocialmedia.com\/leblogmoto\/2008\/05\/29\/qui-pour-le-mug\/","name":"Qui pour le Mugello, Rossi ou Ducati? - leblogmoto.com","isPartOf":{"@id":"https:\/\/blogs.thesocialmedia.com\/leblogmoto\/#website"},"primaryImageOfPage":{"@id":"https:\/\/blogs.thesocialmedia.com\/leblogmoto\/2008\/05\/29\/qui-pour-le-mug\/#primaryimage"},"image":{"@id":"https:\/\/blogs.thesocialmedia.com\/leblogmoto\/2008\/05\/29\/qui-pour-le-mug\/#primaryimage"},"thumbnailUrl":"http:\/\/www.leblogmoto.com\/images\/2008\/05\/28\/rossi.jpg","datePublished":"2008-05-29T00:09:19+00:00","dateModified":"2012-07-11T15:50:35+00:00","author":{"@id":"https:\/\/blogs.thesocialmedia.com\/leblogmoto\/#\/schema\/person\/e82a0ca8a9a63d031586097a3ed58526"},"breadcrumb":{"@id":"https:\/\/blogs.thesocialmedia.com\/leblogmoto\/2008\/05\/29\/qui-pour-le-mug\/#breadcrumb"},"inLanguage":"fr-FR","potentialAction":[{"@type":"ReadAction","target":["https:\/\/blogs.thesocialmedia.com\/leblogmoto\/2008\/05\/29\/qui-pour-le-mug\/"]}]},{"@type":"ImageObject","inLanguage":"fr-FR","@id":"https:\/\/blogs.thesocialmedia.com\/leblogmoto\/2008\/05\/29\/qui-pour-le-mug\/#primaryimage","url":"http:\/\/www.leblogmoto.com\/images\/2008\/05\/28\/rossi.jpg","contentUrl":"http:\/\/www.leblogmoto.com\/images\/2008\/05\/28\/rossi.jpg"},{"@type":"BreadcrumbList","@id":"https:\/\/blogs.thesocialmedia.com\/leblogmoto\/2008\/05\/29\/qui-pour-le-mug\/#breadcrumb","itemListElement":[{"@type":"ListItem","position":1,"name":"Accueil","item":"https:\/\/blogs.thesocialmedia.com\/leblogmoto\/"},{"@type":"ListItem","position":2,"name":"Qui pour le Mugello, Rossi ou Ducati?"}]},{"@type":"WebSite","@id":"https:\/\/blogs.thesocialmedia.com\/leblogmoto\/#website","url":"https:\/\/blogs.thesocialmedia.com\/leblogmoto\/","name":"leblogmoto","description":"Toute l&#039;actualit\u00e9 des 2 roues","potentialAction":[{"@type":"SearchAction","target":{"@type":"EntryPoint","urlTemplate":"https:\/\/blogs.thesocialmedia.com\/leblogmoto\/?s={search_term_string}"},"query-input":{"@type":"PropertyValueSpecification","valueRequired":true,"valueName":"search_term_string"}}],"inLanguage":"fr-FR"},{"@type":"Person","@id":"https:\/\/blogs.thesocialmedia.com\/leblogmoto\/#\/schema\/person\/e82a0ca8a9a63d031586097a3ed58526","name":"jacques lesage","image":{"@type":"ImageObject","inLanguage":"fr-FR","@id":"https:\/\/blogs.thesocialmedia.com\/leblogmoto\/#\/schema\/person\/image\/","url":"https:\/\/secure.gravatar.com\/avatar\/?s=96&d=mm&r=g","contentUrl":"https:\/\/secure.gravatar.com\/avatar\/?s=96&d=mm&r=g","caption":"jacques lesage"},"url":"https:\/\/blogs.thesocialmedia.com\/leblogmoto\/author\/jacques-lesage\/"}]}},"_links":{"self":[{"href":"https:\/\/blogs.thesocialmedia.com\/leblogmoto\/wp-json\/wp\/v2\/posts\/674","targetHints":{"allow":["GET"]}}],"collection":[{"href":"https:\/\/blogs.thesocialmedia.com\/leblogmoto\/wp-json\/wp\/v2\/posts"}],"about":[{"href":"https:\/\/blogs.thesocialmedia.com\/leblogmoto\/wp-json\/wp\/v2\/types\/post"}],"author":[{"embeddable":true,"href":"https:\/\/blogs.thesocialmedia.com\/leblogmoto\/wp-json\/wp\/v2\/users\/325"}],"replies":[{"embeddable":true,"href":"https:\/\/blogs.thesocialmedia.com\/leblogmoto\/wp-json\/wp\/v2\/comments?post=674"}],"version-history":[{"count":2,"href":"https:\/\/blogs.thesocialmedia.com\/leblogmoto\/wp-json\/wp\/v2\/posts\/674\/revisions"}],"predecessor-version":[{"id":10817,"href":"https:\/\/blogs.thesocialmedia.com\/leblogmoto\/wp-json\/wp\/v2\/posts\/674\/revisions\/10817"}],"wp:attachment":[{"href":"https:\/\/blogs.thesocialmedia.com\/leblogmoto\/wp-json\/wp\/v2\/media?parent=674"}],"wp:term":[{"taxonomy":"category","embeddable":true,"href":"https:\/\/blogs.thesocialmedia.com\/leblogmoto\/wp-json\/wp\/v2\/categories?post=674"},{"taxonomy":"post_tag","embeddable":true,"href":"https:\/\/blogs.thesocialmedia.com\/leblogmoto\/wp-json\/wp\/v2\/tags?post=674"}],"curies":[{"name":"wp","href":"https:\/\/api.w.org\/{rel}","templated":true}]}}