{"id":675,"date":"2008-05-28T23:54:19","date_gmt":"2008-05-28T23:54:19","guid":{"rendered":"http:\/\/blogs.thesocialmedia.com\/leblogmoto\/2008\/05\/28\/le-casque-race\/"},"modified":"2012-07-11T15:50:33","modified_gmt":"2012-07-11T15:50:33","slug":"le-casque-race","status":"publish","type":"post","link":"https:\/\/blogs.thesocialmedia.com\/leblogmoto\/2008\/05\/28\/le-casque-race\/","title":{"rendered":"Le Casque Race issu du partenariat Schumi-Schuberth."},"content":{"rendered":"<p><a href=\"http:\/\/blogs.thesocialmedia.com\/leblogmoto\/files\/2012\/07\/schumacher_helmet_1_large.jpg\"><img loading=\"lazy\" decoding=\"async\" width=\"470\" height=\"312\"  src=\"http:\/\/www.leblogmoto.com\/images\/2008\/05\/26\/schumacher_helmet_1_large.jpg\" alt=\"Schumacher_helmet_1_large\" \/><\/a><\/p>\n<p>D\u00e9j\u00e0 sponsor et fournisseur du septuple champion du monde en Formule 1, la firme allemande continue l&rsquo;exp\u00e9rience avec son compatriote dans sa nouvelle carri\u00e8re. Ou occupation, loisir, hobby, violon d&rsquo;Ingres, comme Fabien Barthez au volant mais en plus abouti, h\u00e9 h\u00e9. A l&rsquo;heure actuelle, <a href=\"http:\/\/www.schuberth.com\/\">Schuberth<\/a> \u00e9quipe d&rsquo;ailleurs ses cadets dans la discipline reine de la vitesse (souveraine, du moins hors USA): Nick Heidfeld, Felipe Massa, Kimi R\u00e4ikk\u00f6nen et Mark Webber, ainsi que Monsieur Fr\u00e8re (surnom justifi\u00e9 de <a href=\"http:\/\/www.leblogauto.com\/2008\/05\/bords-de-piste-ressort-des-stands.html\">Lionel Froissart<\/a> pour Ralf Schumacher, retrait\u00e9 de la F1). <\/p>\n<p><a href=\"http:\/\/clabedan.typepad.com\/.shared\/image.html?\/photos\/uncategorized\/2008\/05\/26\/schumacher_helmet_2_large.jpg\"><img loading=\"lazy\" decoding=\"async\" width=\"470\" height=\"311\"  src=\"http:\/\/www.leblogmoto.com\/images\/2008\/05\/26\/schumacher_helmet_2_large.jpg\" alt=\"Schumacher_helmet_2_large\" \/><\/a><\/p>\n<p>Schubert assure que son casque aux couleurs tr\u00e8s Katoche est tr\u00e8s l\u00e9ger, a\u00e9rodynamique (non, sans blague ?) et qu&rsquo;il comporte de nombreuses innovations techniques (itou) mais ne communique pas son prix. Si je me souviens bien les Schub&rsquo; sont d&rsquo;excellents casques (ce ne sont pas les seuls), mais quand m\u00eame vraiment pas donn\u00e9s. Je vous invite \u00e0 consulter le site de l&rsquo;<a href=\"http:\/\/www.autoblog.com\/2008\/05\/12\/michael-schumacher-making-motorcycle-helmets-now\/\">autoblog<\/a> pour d\u00e9couvrir le communiqu\u00e9 de presse &#8211; tr\u00e8s consensuel et soporifique, je vous pr\u00e9viens &#8211; en Anglais du fabricant.<\/p>\n<p><a href=\"http:\/\/clabedan.typepad.com\/.shared\/image.html?\/photos\/uncategorized\/2008\/05\/26\/schumacher_helmet_4_large.jpg\"><img loading=\"lazy\" decoding=\"async\" width=\"470\" height=\"434\"  src=\"http:\/\/www.leblogmoto.com\/images\/2008\/05\/26\/schumacher_helmet_4_large.jpg\" alt=\"Schumacher_helmet_4_large\" \/><\/a><\/p>\n<p><a href=\"http:\/\/blogs.thesocialmedia.com\/leblogmoto\/files\/2012\/07\/schumacher_helmet_3_large.jpg\"><img loading=\"lazy\" decoding=\"async\" width=\"470\" height=\"311\"  src=\"http:\/\/www.leblogmoto.com\/images\/2008\/05\/26\/schumacher_helmet_3_large.jpg\" alt=\"Schumacher_helmet_3_large\" \/><\/a> <\/p>\n","protected":false},"excerpt":{"rendered":"<p>D\u00e9j\u00e0 sponsor et fournisseur du septuple champion du monde en Formule 1, la firme allemande continue l&rsquo;exp\u00e9rience avec son compatriote dans sa nouvelle carri\u00e8re. Ou occupation, loisir, hobby, violon d&rsquo;Ingres, comme Fabien Barthez au volant mais en plus abouti, h\u00e9 h\u00e9. A l&rsquo;heure actuelle, Schuberth \u00e9quipe d&rsquo;ailleurs ses cadets dans la discipline reine de la [&hellip;]<\/p>\n","protected":false},"author":324,"featured_media":0,"comment_status":"open","ping_status":"open","sticky":false,"template":"","format":"standard","meta":{"footnotes":""},"categories":[49,56,32],"tags":[],"class_list":["post-675","post","type-post","status-publish","format-standard","hentry","category-actualites-entreprise","category-protections","category-sport-moto"],"yoast_head":"<!-- This site is optimized with the Yoast SEO plugin v26.0 - https:\/\/yoast.com\/wordpress\/plugins\/seo\/ -->\n<title>Le Casque Race issu du partenariat Schumi-Schuberth. - leblogmoto.com<\/title>\n<meta name=\"robots\" content=\"index, follow, max-snippet:-1, max-image-preview:large, max-video-preview:-1\" \/>\n<link rel=\"canonical\" href=\"https:\/\/blogs.thesocialmedia.com\/leblogmoto\/2008\/05\/28\/le-casque-race\/\" \/>\n<meta name=\"twitter:card\" content=\"summary_large_image\" \/>\n<meta name=\"twitter:title\" content=\"Le Casque Race issu du partenariat Schumi-Schuberth. - leblogmoto.com\" \/>\n<meta name=\"twitter:description\" content=\"D\u00e9j\u00e0 sponsor et fournisseur du septuple champion du monde en Formule 1, la firme allemande continue l&rsquo;exp\u00e9rience avec son compatriote dans sa nouvelle carri\u00e8re. Ou occupation, loisir, hobby, violon d&rsquo;Ingres, comme Fabien Barthez au volant mais en plus abouti, h\u00e9 h\u00e9. A l&rsquo;heure actuelle, Schuberth \u00e9quipe d&rsquo;ailleurs ses cadets dans la discipline reine de la [&hellip;]\" \/>\n<meta name=\"twitter:image\" content=\"http:\/\/www.leblogmoto.com\/images\/2008\/05\/26\/schumacher_helmet_1_large.jpg\" \/>\n<meta name=\"twitter:label1\" content=\"\u00c9crit par\" \/>\n\t<meta name=\"twitter:data1\" content=\"benoit rieu\" \/>\n\t<meta name=\"twitter:label2\" content=\"Dur\u00e9e de lecture estim\u00e9e\" \/>\n\t<meta name=\"twitter:data2\" content=\"1 minute\" \/>\n<script type=\"application\/ld+json\" class=\"yoast-schema-graph\">{\"@context\":\"https:\/\/schema.org\",\"@graph\":[{\"@type\":\"WebPage\",\"@id\":\"https:\/\/blogs.thesocialmedia.com\/leblogmoto\/2008\/05\/28\/le-casque-race\/\",\"url\":\"https:\/\/blogs.thesocialmedia.com\/leblogmoto\/2008\/05\/28\/le-casque-race\/\",\"name\":\"Le Casque Race issu du partenariat Schumi-Schuberth. - leblogmoto.com\",\"isPartOf\":{\"@id\":\"https:\/\/blogs.thesocialmedia.com\/leblogmoto\/#website\"},\"primaryImageOfPage\":{\"@id\":\"https:\/\/blogs.thesocialmedia.com\/leblogmoto\/2008\/05\/28\/le-casque-race\/#primaryimage\"},\"image\":{\"@id\":\"https:\/\/blogs.thesocialmedia.com\/leblogmoto\/2008\/05\/28\/le-casque-race\/#primaryimage\"},\"thumbnailUrl\":\"http:\/\/www.leblogmoto.com\/images\/2008\/05\/26\/schumacher_helmet_1_large.jpg\",\"datePublished\":\"2008-05-28T23:54:19+00:00\",\"dateModified\":\"2012-07-11T15:50:33+00:00\",\"author\":{\"@id\":\"https:\/\/blogs.thesocialmedia.com\/leblogmoto\/#\/schema\/person\/18bfe773e5725ed6d24f743da805362a\"},\"breadcrumb\":{\"@id\":\"https:\/\/blogs.thesocialmedia.com\/leblogmoto\/2008\/05\/28\/le-casque-race\/#breadcrumb\"},\"inLanguage\":\"fr-FR\",\"potentialAction\":[{\"@type\":\"ReadAction\",\"target\":[\"https:\/\/blogs.thesocialmedia.com\/leblogmoto\/2008\/05\/28\/le-casque-race\/\"]}]},{\"@type\":\"ImageObject\",\"inLanguage\":\"fr-FR\",\"@id\":\"https:\/\/blogs.thesocialmedia.com\/leblogmoto\/2008\/05\/28\/le-casque-race\/#primaryimage\",\"url\":\"http:\/\/www.leblogmoto.com\/images\/2008\/05\/26\/schumacher_helmet_1_large.jpg\",\"contentUrl\":\"http:\/\/www.leblogmoto.com\/images\/2008\/05\/26\/schumacher_helmet_1_large.jpg\"},{\"@type\":\"BreadcrumbList\",\"@id\":\"https:\/\/blogs.thesocialmedia.com\/leblogmoto\/2008\/05\/28\/le-casque-race\/#breadcrumb\",\"itemListElement\":[{\"@type\":\"ListItem\",\"position\":1,\"name\":\"Accueil\",\"item\":\"https:\/\/blogs.thesocialmedia.com\/leblogmoto\/\"},{\"@type\":\"ListItem\",\"position\":2,\"name\":\"Le Casque Race issu du partenariat Schumi-Schuberth.\"}]},{\"@type\":\"WebSite\",\"@id\":\"https:\/\/blogs.thesocialmedia.com\/leblogmoto\/#website\",\"url\":\"https:\/\/blogs.thesocialmedia.com\/leblogmoto\/\",\"name\":\"leblogmoto\",\"description\":\"Toute l&#039;actualit\u00e9 des 2 roues\",\"potentialAction\":[{\"@type\":\"SearchAction\",\"target\":{\"@type\":\"EntryPoint\",\"urlTemplate\":\"https:\/\/blogs.thesocialmedia.com\/leblogmoto\/?s={search_term_string}\"},\"query-input\":{\"@type\":\"PropertyValueSpecification\",\"valueRequired\":true,\"valueName\":\"search_term_string\"}}],\"inLanguage\":\"fr-FR\"},{\"@type\":\"Person\",\"@id\":\"https:\/\/blogs.thesocialmedia.com\/leblogmoto\/#\/schema\/person\/18bfe773e5725ed6d24f743da805362a\",\"name\":\"benoit rieu\",\"image\":{\"@type\":\"ImageObject\",\"inLanguage\":\"fr-FR\",\"@id\":\"https:\/\/blogs.thesocialmedia.com\/leblogmoto\/#\/schema\/person\/image\/\",\"url\":\"https:\/\/secure.gravatar.com\/avatar\/?s=96&d=mm&r=g\",\"contentUrl\":\"https:\/\/secure.gravatar.com\/avatar\/?s=96&d=mm&r=g\",\"caption\":\"benoit rieu\"},\"url\":\"https:\/\/blogs.thesocialmedia.com\/leblogmoto\/author\/benoit-rieu\/\"}]}<\/script>\n<!-- \/ Yoast SEO plugin. -->","yoast_head_json":{"title":"Le Casque Race issu du partenariat Schumi-Schuberth. - leblogmoto.com","robots":{"index":"index","follow":"follow","max-snippet":"max-snippet:-1","max-image-preview":"max-image-preview:large","max-video-preview":"max-video-preview:-1"},"canonical":"https:\/\/blogs.thesocialmedia.com\/leblogmoto\/2008\/05\/28\/le-casque-race\/","twitter_card":"summary_large_image","twitter_title":"Le Casque Race issu du partenariat Schumi-Schuberth. - leblogmoto.com","twitter_description":"D\u00e9j\u00e0 sponsor et fournisseur du septuple champion du monde en Formule 1, la firme allemande continue l&rsquo;exp\u00e9rience avec son compatriote dans sa nouvelle carri\u00e8re. Ou occupation, loisir, hobby, violon d&rsquo;Ingres, comme Fabien Barthez au volant mais en plus abouti, h\u00e9 h\u00e9. A l&rsquo;heure actuelle, Schuberth \u00e9quipe d&rsquo;ailleurs ses cadets dans la discipline reine de la [&hellip;]","twitter_image":"http:\/\/www.leblogmoto.com\/images\/2008\/05\/26\/schumacher_helmet_1_large.jpg","twitter_misc":{"\u00c9crit par":"benoit rieu","Dur\u00e9e de lecture estim\u00e9e":"1 minute"},"schema":{"@context":"https:\/\/schema.org","@graph":[{"@type":"WebPage","@id":"https:\/\/blogs.thesocialmedia.com\/leblogmoto\/2008\/05\/28\/le-casque-race\/","url":"https:\/\/blogs.thesocialmedia.com\/leblogmoto\/2008\/05\/28\/le-casque-race\/","name":"Le Casque Race issu du partenariat Schumi-Schuberth. - leblogmoto.com","isPartOf":{"@id":"https:\/\/blogs.thesocialmedia.com\/leblogmoto\/#website"},"primaryImageOfPage":{"@id":"https:\/\/blogs.thesocialmedia.com\/leblogmoto\/2008\/05\/28\/le-casque-race\/#primaryimage"},"image":{"@id":"https:\/\/blogs.thesocialmedia.com\/leblogmoto\/2008\/05\/28\/le-casque-race\/#primaryimage"},"thumbnailUrl":"http:\/\/www.leblogmoto.com\/images\/2008\/05\/26\/schumacher_helmet_1_large.jpg","datePublished":"2008-05-28T23:54:19+00:00","dateModified":"2012-07-11T15:50:33+00:00","author":{"@id":"https:\/\/blogs.thesocialmedia.com\/leblogmoto\/#\/schema\/person\/18bfe773e5725ed6d24f743da805362a"},"breadcrumb":{"@id":"https:\/\/blogs.thesocialmedia.com\/leblogmoto\/2008\/05\/28\/le-casque-race\/#breadcrumb"},"inLanguage":"fr-FR","potentialAction":[{"@type":"ReadAction","target":["https:\/\/blogs.thesocialmedia.com\/leblogmoto\/2008\/05\/28\/le-casque-race\/"]}]},{"@type":"ImageObject","inLanguage":"fr-FR","@id":"https:\/\/blogs.thesocialmedia.com\/leblogmoto\/2008\/05\/28\/le-casque-race\/#primaryimage","url":"http:\/\/www.leblogmoto.com\/images\/2008\/05\/26\/schumacher_helmet_1_large.jpg","contentUrl":"http:\/\/www.leblogmoto.com\/images\/2008\/05\/26\/schumacher_helmet_1_large.jpg"},{"@type":"BreadcrumbList","@id":"https:\/\/blogs.thesocialmedia.com\/leblogmoto\/2008\/05\/28\/le-casque-race\/#breadcrumb","itemListElement":[{"@type":"ListItem","position":1,"name":"Accueil","item":"https:\/\/blogs.thesocialmedia.com\/leblogmoto\/"},{"@type":"ListItem","position":2,"name":"Le Casque Race issu du partenariat Schumi-Schuberth."}]},{"@type":"WebSite","@id":"https:\/\/blogs.thesocialmedia.com\/leblogmoto\/#website","url":"https:\/\/blogs.thesocialmedia.com\/leblogmoto\/","name":"leblogmoto","description":"Toute l&#039;actualit\u00e9 des 2 roues","potentialAction":[{"@type":"SearchAction","target":{"@type":"EntryPoint","urlTemplate":"https:\/\/blogs.thesocialmedia.com\/leblogmoto\/?s={search_term_string}"},"query-input":{"@type":"PropertyValueSpecification","valueRequired":true,"valueName":"search_term_string"}}],"inLanguage":"fr-FR"},{"@type":"Person","@id":"https:\/\/blogs.thesocialmedia.com\/leblogmoto\/#\/schema\/person\/18bfe773e5725ed6d24f743da805362a","name":"benoit rieu","image":{"@type":"ImageObject","inLanguage":"fr-FR","@id":"https:\/\/blogs.thesocialmedia.com\/leblogmoto\/#\/schema\/person\/image\/","url":"https:\/\/secure.gravatar.com\/avatar\/?s=96&d=mm&r=g","contentUrl":"https:\/\/secure.gravatar.com\/avatar\/?s=96&d=mm&r=g","caption":"benoit rieu"},"url":"https:\/\/blogs.thesocialmedia.com\/leblogmoto\/author\/benoit-rieu\/"}]}},"_links":{"self":[{"href":"https:\/\/blogs.thesocialmedia.com\/leblogmoto\/wp-json\/wp\/v2\/posts\/675","targetHints":{"allow":["GET"]}}],"collection":[{"href":"https:\/\/blogs.thesocialmedia.com\/leblogmoto\/wp-json\/wp\/v2\/posts"}],"about":[{"href":"https:\/\/blogs.thesocialmedia.com\/leblogmoto\/wp-json\/wp\/v2\/types\/post"}],"author":[{"embeddable":true,"href":"https:\/\/blogs.thesocialmedia.com\/leblogmoto\/wp-json\/wp\/v2\/users\/324"}],"replies":[{"embeddable":true,"href":"https:\/\/blogs.thesocialmedia.com\/leblogmoto\/wp-json\/wp\/v2\/comments?post=675"}],"version-history":[{"count":2,"href":"https:\/\/blogs.thesocialmedia.com\/leblogmoto\/wp-json\/wp\/v2\/posts\/675\/revisions"}],"predecessor-version":[{"id":10815,"href":"https:\/\/blogs.thesocialmedia.com\/leblogmoto\/wp-json\/wp\/v2\/posts\/675\/revisions\/10815"}],"wp:attachment":[{"href":"https:\/\/blogs.thesocialmedia.com\/leblogmoto\/wp-json\/wp\/v2\/media?parent=675"}],"wp:term":[{"taxonomy":"category","embeddable":true,"href":"https:\/\/blogs.thesocialmedia.com\/leblogmoto\/wp-json\/wp\/v2\/categories?post=675"},{"taxonomy":"post_tag","embeddable":true,"href":"https:\/\/blogs.thesocialmedia.com\/leblogmoto\/wp-json\/wp\/v2\/tags?post=675"}],"curies":[{"name":"wp","href":"https:\/\/api.w.org\/{rel}","templated":true}]}}